{"id":431429,"date":"2026-04-03T08:17:19","date_gmt":"2026-04-03T11:17:19","guid":{"rendered":"https:\/\/portaltela.pt\/noticias\/2026\/04\/03\/picos-da-europa-o-que-ver-e-fazer-no-destino-mais-bonito-do-mundo\/"},"modified":"2026-04-03T08:17:19","modified_gmt":"2026-04-03T11:17:19","slug":"picos-da-europa-o-que-ver-e-fazer-no-destino-mais-bonito-do-mundo","status":"publish","type":"post","link":"https:\/\/portaltela.pt\/lazer\/2026\/04\/03\/picos-da-europa-o-que-ver-e-fazer-no-destino-mais-bonito-do-mundo\/","title":{"rendered":"Picos da Europa: o que ver e fazer no destino mais bonito do mundo"},"content":{"rendered":"<p>O Parque Nacional dos Picos da Europa foi eleito o lugar mais bonito do mundo pela Time Out, numa lista que re\u00fane destinos de v\u00e1rias zonas do planeta. A elei\u00e7\u00e3o baseou-se nos votos de especialistas e jornalistas de viagens. Localizado no norte de Espanha, estende-se por Ast\u00farias, Cant\u00e1bria e Castela e Le\u00e3o.<\/p>\n<p>A classifica\u00e7\u00e3o real\u00e7a a geografia acidentada do parque: picos calc\u00e1rios, gargantas profundas e lagos de montanha. O conjunto forma tr\u00eas maci\u00e7os separados pelos rios, oferecendo paisagens vastas mas acess\u00edveis aos visitantes.<\/p>\n<p>Para al\u00e9m da paisagem, a Time Out destaca a Ruta del Cares, um trilho a crescer na Garganta do Cares, com desfiladeiros verticais e vistas amplas. O percurso \u00e9, segundo a publica\u00e7\u00e3o, um dos mais espetaculares de Espanha.<\/p>\n<h3>Principais atrativos e acessibilidades<\/h3>\n<p>Alguns visitantes preferem op\u00e7\u00f5es menos exigentes, como os Lagos de Covadonga, lagos glaciais situados em plena alta montanha e entre os locais mais fotografados do norte.<\/p>\n<p>O telef\u00e9rico de Fuente D\u00e9 permite alcan\u00e7ar mais de 750 metros de altitude em poucos minutos, oferecendo vistas panor\u00e2micas sem subida longa.<\/p>\n<p>Potes, uma vila nas cotas inferiores, serve como base para explorar a regi\u00e3o, com ruas de pedra, restaurantes locais e lojas de produtos regionais.<\/p>\n<p>A gastronomia regional destaca-se, com pratos de montanha e queijos fortes, como Cabrales, curados em grutas pr\u00f3ximas.<\/p>\n<h3>Vida selvagem e melhor \u00e9poca para visitar<\/h3>\n<p>O parque mant\u00e9m espa\u00e7os de tranquilidade, onde \u00e9 poss\u00edvel avistar camur\u00e7as e aves de rapina em zonas menos frequentadas. Em per\u00edodos menos concorridos, h\u00e1 trilhos mais calmos.<\/p>\n<p>Os acessos s\u00e3o vi\u00e1veis a partir de Santander e Oviedo, com op\u00e7\u00f5es de transporte p\u00fablico, embora conduzir permita chegar a zonas remotas com maior facilidade. A primavera e o in\u00edcio do outono s\u00e3o apontados como ideais.<\/p>\n","protected":false},"excerpt":{"rendered":"<ul>\n<li>O Parque Nacional dos Picos da Europa, que se estende por Ast\u00farias, Cant\u00e1bria e Castela e Le\u00e3o, foi eleito o lugar mais bonito do mundo pela Time Out.<\/li>\n<li>A paisagem combina picos calc\u00e1rios, gargantas profundas e lagos de montanha, com trilhos emblem\u00e1ticos como a Ruta del Cares.<\/li>\n<li>Os Lagos de Covadonga, situados em plena alta montanha, s\u00e3o uma forma mais acess\u00edvel de apreciar o cen\u00e1rio.<\/li>\n<li>O telef\u00e9rico de Fuente D\u00e9 leva os visitantes a mais de 750 metros de altitude, enquanto Potes serve de base para explorar a regi\u00e3o.<\/li>\n<li>A gastronomia local destaca-se por pratos de montanha e queijos como o Cabrales; a melhor \u00e9poca para visitar \u00e9 a primavera ou o in\u00edcio do outono, com o ver\u00e3o a atrair mais turistas.<\/li>\n<\/ul>\n","protected":false},"author":2,"featured_media":431430,"comment_status":"closed","ping_status":"closed","sticky":false,"template":"","format":"standard","meta":{"footnotes":""},"categories":[7381],"tags":[2189,219,3568,4399,169,71],"class_list":["post-431429","post","type-post","status-publish","format-standard","has-post-thumbnail","hentry","category-lazer","tag-espana","tag-gastronomia","tag-natureza","tag-paisagens","tag-turismo","tag-viagens"],"yoast_head":"<!-- This site is optimized with the Yoast SEO plugin v27.2 - https:\/\/yoast.com\/product\/yoast-seo-wordpress\/ -->\n<title>Picos da Europa: o que ver e fazer no destino mais bonito do mundo - Portal Tela Portugal<\/title>\n<meta name=\"robots\" content=\"index, follow, max-snippet:-1, max-image-preview:large, max-video-preview:-1\" \/>\n<meta property=\"og:locale\" content=\"pt_PT\" \/>\n<meta property=\"og:type\" content=\"article\" \/>\n<meta property=\"og:title\" content=\"Picos da Europa: o que ver e fazer no destino mais bonito do mundo - Portal Tela Portugal\" \/>\n<meta property=\"og:description\" content=\"O Parque Nacional dos Picos da Europa, que se estende por Ast\u00farias, Cant\u00e1bria e Castela e Le\u00e3o, foi eleito o lugar mais bonito do mundo pela Time Out. A paisagem combina picos calc\u00e1rios, gargantas profundas e lagos de montanha, com trilhos emblem\u00e1ticos como a Ruta del Cares. Os Lagos de Covadonga, situados em plena alta montanha, s\u00e3o uma forma mais acess\u00edvel de apreciar o cen\u00e1rio. O telef\u00e9rico de Fuente D\u00e9 leva os visitantes a mais de 750 metros de altitude, enquanto Potes serve de base para explorar a regi\u00e3o. A gastronomia local destaca-se por pratos de montanha e queijos como o Cabrales; a melhor \u00e9poca para visitar \u00e9 a primavera ou o in\u00edcio do outono, com o ver\u00e3o a atrair mais turistas.\" \/>\n<meta property=\"og:url\" content=\"https:\/\/portaltela.pt\/noticias\/2026\/04\/03\/picos-da-europa-o-que-ver-e-fazer-no-destino-mais-bonito-do-mundo\/\" \/>\n<meta property=\"og:site_name\" content=\"Portal Tela Portugal\" \/>\n<meta property=\"article:published_time\" content=\"2026-04-03T11:17:19+00:00\" \/>\n<meta name=\"author\" content=\"Telinha\" \/>\n<meta name=\"twitter:card\" content=\"summary_large_image\" \/>\n<meta name=\"twitter:label1\" content=\"Escrito por\" \/>\n\t<meta name=\"twitter:data1\" content=\"Telinha\" \/>\n\t<meta name=\"twitter:label2\" content=\"Tempo estimado de leitura\" \/>\n\t<meta name=\"twitter:data2\" content=\"2 minutos\" \/>\n<script type=\"application\/ld+json\" class=\"yoast-schema-graph\">{\"@context\":\"https:\/\/schema.org\",\"@graph\":[{\"@type\":\"Article\",\"@id\":\"https:\/\/portaltela.pt\/noticias\/2026\/04\/03\/picos-da-europa-o-que-ver-e-fazer-no-destino-mais-bonito-do-mundo\/#article\",\"isPartOf\":{\"@id\":\"https:\/\/portaltela.pt\/noticias\/2026\/04\/03\/picos-da-europa-o-que-ver-e-fazer-no-destino-mais-bonito-do-mundo\/\"},\"author\":{\"name\":\"Telinha\",\"@id\":\"https:\/\/portaltela.pt\/#\/schema\/person\/c4278d4a6028830caff9ee44b42d32ed\"},\"headline\":\"Picos da Europa: o que ver e fazer no destino mais bonito do mundo\",\"datePublished\":\"2026-04-03T11:17:19+00:00\",\"mainEntityOfPage\":{\"@id\":\"https:\/\/portaltela.pt\/noticias\/2026\/04\/03\/picos-da-europa-o-que-ver-e-fazer-no-destino-mais-bonito-do-mundo\/\"},\"wordCount\":326,\"image\":{\"@id\":\"https:\/\/portaltela.pt\/noticias\/2026\/04\/03\/picos-da-europa-o-que-ver-e-fazer-no-destino-mais-bonito-do-mundo\/#primaryimage\"},\"thumbnailUrl\":\"https:\/\/portaltela.pt\/s.01k8rhncp4jt1\/2026\/04\/1536x864_cmsv2_fa832b5a-347f-5ff0-852e-7d00f4423e20-9709039.jpg\",\"keywords\":[\"Espa\u00f1a\",\"gastronomia\",\"natureza\",\"Paisagens\",\"turismo\",\"viagens\"],\"articleSection\":[\"Lazer\"],\"inLanguage\":\"pt-PT\"},{\"@type\":\"WebPage\",\"@id\":\"https:\/\/portaltela.pt\/noticias\/2026\/04\/03\/picos-da-europa-o-que-ver-e-fazer-no-destino-mais-bonito-do-mundo\/\",\"url\":\"https:\/\/portaltela.pt\/noticias\/2026\/04\/03\/picos-da-europa-o-que-ver-e-fazer-no-destino-mais-bonito-do-mundo\/\",\"name\":\"Picos da Europa: o que ver e fazer no destino mais bonito do mundo - Portal Tela Portugal\",\"isPartOf\":{\"@id\":\"https:\/\/portaltela.pt\/#website\"},\"primaryImageOfPage\":{\"@id\":\"https:\/\/portaltela.pt\/noticias\/2026\/04\/03\/picos-da-europa-o-que-ver-e-fazer-no-destino-mais-bonito-do-mundo\/#primaryimage\"},\"image\":{\"@id\":\"https:\/\/portaltela.pt\/noticias\/2026\/04\/03\/picos-da-europa-o-que-ver-e-fazer-no-destino-mais-bonito-do-mundo\/#primaryimage\"},\"thumbnailUrl\":\"https:\/\/portaltela.pt\/s.01k8rhncp4jt1\/2026\/04\/1536x864_cmsv2_fa832b5a-347f-5ff0-852e-7d00f4423e20-9709039.jpg\",\"datePublished\":\"2026-04-03T11:17:19+00:00\",\"author\":{\"@id\":\"https:\/\/portaltela.pt\/#\/schema\/person\/c4278d4a6028830caff9ee44b42d32ed\"},\"breadcrumb\":{\"@id\":\"https:\/\/portaltela.pt\/noticias\/2026\/04\/03\/picos-da-europa-o-que-ver-e-fazer-no-destino-mais-bonito-do-mundo\/#breadcrumb\"},\"inLanguage\":\"pt-PT\",\"potentialAction\":[{\"@type\":\"ReadAction\",\"target\":[\"https:\/\/portaltela.pt\/noticias\/2026\/04\/03\/picos-da-europa-o-que-ver-e-fazer-no-destino-mais-bonito-do-mundo\/\"]}]},{\"@type\":\"ImageObject\",\"inLanguage\":\"pt-PT\",\"@id\":\"https:\/\/portaltela.pt\/noticias\/2026\/04\/03\/picos-da-europa-o-que-ver-e-fazer-no-destino-mais-bonito-do-mundo\/#primaryimage\",\"url\":\"https:\/\/portaltela.pt\/s.01k8rhncp4jt1\/2026\/04\/1536x864_cmsv2_fa832b5a-347f-5ff0-852e-7d00f4423e20-9709039.jpg\",\"contentUrl\":\"https:\/\/portaltela.pt\/s.01k8rhncp4jt1\/2026\/04\/1536x864_cmsv2_fa832b5a-347f-5ff0-852e-7d00f4423e20-9709039.jpg\",\"width\":796,\"height\":448,\"caption\":\"Lagos de Covadonga, nos Picos da Europa\"},{\"@type\":\"BreadcrumbList\",\"@id\":\"https:\/\/portaltela.pt\/noticias\/2026\/04\/03\/picos-da-europa-o-que-ver-e-fazer-no-destino-mais-bonito-do-mundo\/#breadcrumb\",\"itemListElement\":[{\"@type\":\"ListItem\",\"position\":1,\"name\":\"In\u00edcio\",\"item\":\"https:\/\/portaltela.pt\/\"},{\"@type\":\"ListItem\",\"position\":2,\"name\":\"Picos da Europa: o que ver e fazer no destino mais bonito do mundo\"}]},{\"@type\":\"WebSite\",\"@id\":\"https:\/\/portaltela.pt\/#website\",\"url\":\"https:\/\/portaltela.pt\/\",\"name\":\"Portal Tela Portugal\",\"description\":\"\",\"potentialAction\":[{\"@type\":\"SearchAction\",\"target\":{\"@type\":\"EntryPoint\",\"urlTemplate\":\"https:\/\/portaltela.pt\/?s={search_term_string}\"},\"query-input\":{\"@type\":\"PropertyValueSpecification\",\"valueRequired\":true,\"valueName\":\"search_term_string\"}}],\"inLanguage\":\"pt-PT\"},{\"@type\":\"Person\",\"@id\":\"https:\/\/portaltela.pt\/#\/schema\/person\/c4278d4a6028830caff9ee44b42d32ed\",\"name\":\"Telinha\",\"image\":{\"@type\":\"ImageObject\",\"inLanguage\":\"pt-PT\",\"@id\":\"https:\/\/portaltela.pt\/s.01k8rhncp4jt1\/2025\/11\/talking-bot-125x125.png\",\"url\":\"https:\/\/portaltela.pt\/s.01k8rhncp4jt1\/2025\/11\/talking-bot-125x125.png\",\"contentUrl\":\"https:\/\/portaltela.pt\/s.01k8rhncp4jt1\/2025\/11\/talking-bot-125x125.png\",\"caption\":\"Telinha\"},\"sameAs\":[\"https:\/\/portaltela.pt\/\"],\"url\":\"https:\/\/portaltela.pt\/por\/367410592786\/\"}]}<\/script>\n<!-- \/ Yoast SEO plugin. -->","yoast_head_json":{"title":"Picos da Europa: o que ver e fazer no destino mais bonito do mundo - Portal Tela Portugal","robots":{"index":"index","follow":"follow","max-snippet":"max-snippet:-1","max-image-preview":"max-image-preview:large","max-video-preview":"max-video-preview:-1"},"og_locale":"pt_PT","og_type":"article","og_title":"Picos da Europa: o que ver e fazer no destino mais bonito do mundo - Portal Tela Portugal","og_description":"O Parque Nacional dos Picos da Europa, que se estende por Ast\u00farias, Cant\u00e1bria e Castela e Le\u00e3o, foi eleito o lugar mais bonito do mundo pela Time Out. A paisagem combina picos calc\u00e1rios, gargantas profundas e lagos de montanha, com trilhos emblem\u00e1ticos como a Ruta del Cares. Os Lagos de Covadonga, situados em plena alta montanha, s\u00e3o uma forma mais acess\u00edvel de apreciar o cen\u00e1rio. O telef\u00e9rico de Fuente D\u00e9 leva os visitantes a mais de 750 metros de altitude, enquanto Potes serve de base para explorar a regi\u00e3o. A gastronomia local destaca-se por pratos de montanha e queijos como o Cabrales; a melhor \u00e9poca para visitar \u00e9 a primavera ou o in\u00edcio do outono, com o ver\u00e3o a atrair mais turistas.","og_url":"https:\/\/portaltela.pt\/noticias\/2026\/04\/03\/picos-da-europa-o-que-ver-e-fazer-no-destino-mais-bonito-do-mundo\/","og_site_name":"Portal Tela Portugal","article_published_time":"2026-04-03T11:17:19+00:00","author":"Telinha","twitter_card":"summary_large_image","twitter_misc":{"Escrito por":"Telinha","Tempo estimado de leitura":"2 minutos"},"schema":{"@context":"https:\/\/schema.org","@graph":[{"@type":"Article","@id":"https:\/\/portaltela.pt\/noticias\/2026\/04\/03\/picos-da-europa-o-que-ver-e-fazer-no-destino-mais-bonito-do-mundo\/#article","isPartOf":{"@id":"https:\/\/portaltela.pt\/noticias\/2026\/04\/03\/picos-da-europa-o-que-ver-e-fazer-no-destino-mais-bonito-do-mundo\/"},"author":{"name":"Telinha","@id":"https:\/\/portaltela.pt\/#\/schema\/person\/c4278d4a6028830caff9ee44b42d32ed"},"headline":"Picos da Europa: o que ver e fazer no destino mais bonito do mundo","datePublished":"2026-04-03T11:17:19+00:00","mainEntityOfPage":{"@id":"https:\/\/portaltela.pt\/noticias\/2026\/04\/03\/picos-da-europa-o-que-ver-e-fazer-no-destino-mais-bonito-do-mundo\/"},"wordCount":326,"image":{"@id":"https:\/\/portaltela.pt\/noticias\/2026\/04\/03\/picos-da-europa-o-que-ver-e-fazer-no-destino-mais-bonito-do-mundo\/#primaryimage"},"thumbnailUrl":"https:\/\/portaltela.pt\/s.01k8rhncp4jt1\/2026\/04\/1536x864_cmsv2_fa832b5a-347f-5ff0-852e-7d00f4423e20-9709039.jpg","keywords":["Espa\u00f1a","gastronomia","natureza","Paisagens","turismo","viagens"],"articleSection":["Lazer"],"inLanguage":"pt-PT"},{"@type":"WebPage","@id":"https:\/\/portaltela.pt\/noticias\/2026\/04\/03\/picos-da-europa-o-que-ver-e-fazer-no-destino-mais-bonito-do-mundo\/","url":"https:\/\/portaltela.pt\/noticias\/2026\/04\/03\/picos-da-europa-o-que-ver-e-fazer-no-destino-mais-bonito-do-mundo\/","name":"Picos da Europa: o que ver e fazer no destino mais bonito do mundo - Portal Tela Portugal","isPartOf":{"@id":"https:\/\/portaltela.pt\/#website"},"primaryImageOfPage":{"@id":"https:\/\/portaltela.pt\/noticias\/2026\/04\/03\/picos-da-europa-o-que-ver-e-fazer-no-destino-mais-bonito-do-mundo\/#primaryimage"},"image":{"@id":"https:\/\/portaltela.pt\/noticias\/2026\/04\/03\/picos-da-europa-o-que-ver-e-fazer-no-destino-mais-bonito-do-mundo\/#primaryimage"},"thumbnailUrl":"https:\/\/portaltela.pt\/s.01k8rhncp4jt1\/2026\/04\/1536x864_cmsv2_fa832b5a-347f-5ff0-852e-7d00f4423e20-9709039.jpg","datePublished":"2026-04-03T11:17:19+00:00","author":{"@id":"https:\/\/portaltela.pt\/#\/schema\/person\/c4278d4a6028830caff9ee44b42d32ed"},"breadcrumb":{"@id":"https:\/\/portaltela.pt\/noticias\/2026\/04\/03\/picos-da-europa-o-que-ver-e-fazer-no-destino-mais-bonito-do-mundo\/#breadcrumb"},"inLanguage":"pt-PT","potentialAction":[{"@type":"ReadAction","target":["https:\/\/portaltela.pt\/noticias\/2026\/04\/03\/picos-da-europa-o-que-ver-e-fazer-no-destino-mais-bonito-do-mundo\/"]}]},{"@type":"ImageObject","inLanguage":"pt-PT","@id":"https:\/\/portaltela.pt\/noticias\/2026\/04\/03\/picos-da-europa-o-que-ver-e-fazer-no-destino-mais-bonito-do-mundo\/#primaryimage","url":"https:\/\/portaltela.pt\/s.01k8rhncp4jt1\/2026\/04\/1536x864_cmsv2_fa832b5a-347f-5ff0-852e-7d00f4423e20-9709039.jpg","contentUrl":"https:\/\/portaltela.pt\/s.01k8rhncp4jt1\/2026\/04\/1536x864_cmsv2_fa832b5a-347f-5ff0-852e-7d00f4423e20-9709039.jpg","width":796,"height":448,"caption":"Lagos de Covadonga, nos Picos da Europa"},{"@type":"BreadcrumbList","@id":"https:\/\/portaltela.pt\/noticias\/2026\/04\/03\/picos-da-europa-o-que-ver-e-fazer-no-destino-mais-bonito-do-mundo\/#breadcrumb","itemListElement":[{"@type":"ListItem","position":1,"name":"In\u00edcio","item":"https:\/\/portaltela.pt\/"},{"@type":"ListItem","position":2,"name":"Picos da Europa: o que ver e fazer no destino mais bonito do mundo"}]},{"@type":"WebSite","@id":"https:\/\/portaltela.pt\/#website","url":"https:\/\/portaltela.pt\/","name":"Portal Tela Portugal","description":"","potentialAction":[{"@type":"SearchAction","target":{"@type":"EntryPoint","urlTemplate":"https:\/\/portaltela.pt\/?s={search_term_string}"},"query-input":{"@type":"PropertyValueSpecification","valueRequired":true,"valueName":"search_term_string"}}],"inLanguage":"pt-PT"},{"@type":"Person","@id":"https:\/\/portaltela.pt\/#\/schema\/person\/c4278d4a6028830caff9ee44b42d32ed","name":"Telinha","image":{"@type":"ImageObject","inLanguage":"pt-PT","@id":"https:\/\/portaltela.pt\/s.01k8rhncp4jt1\/2025\/11\/talking-bot-125x125.png","url":"https:\/\/portaltela.pt\/s.01k8rhncp4jt1\/2025\/11\/talking-bot-125x125.png","contentUrl":"https:\/\/portaltela.pt\/s.01k8rhncp4jt1\/2025\/11\/talking-bot-125x125.png","caption":"Telinha"},"sameAs":["https:\/\/portaltela.pt\/"],"url":"https:\/\/portaltela.pt\/por\/367410592786\/"}]}},"_links":{"self":[{"href":"https:\/\/portaltela.pt\/api\/wp\/v2\/posts\/431429","targetHints":{"allow":["GET"]}}],"collection":[{"href":"https:\/\/portaltela.pt\/api\/wp\/v2\/posts"}],"about":[{"href":"https:\/\/portaltela.pt\/api\/wp\/v2\/types\/post"}],"author":[{"embeddable":true,"href":"https:\/\/portaltela.pt\/api\/wp\/v2\/users\/2"}],"replies":[{"embeddable":true,"href":"https:\/\/portaltela.pt\/api\/wp\/v2\/comments?post=431429"}],"version-history":[{"count":0,"href":"https:\/\/portaltela.pt\/api\/wp\/v2\/posts\/431429\/revisions"}],"wp:featuredmedia":[{"embeddable":true,"href":"https:\/\/portaltela.pt\/api\/wp\/v2\/media\/431430"}],"wp:attachment":[{"href":"https:\/\/portaltela.pt\/api\/wp\/v2\/media?parent=431429"}],"wp:term":[{"taxonomy":"category","embeddable":true,"href":"https:\/\/portaltela.pt\/api\/wp\/v2\/categories?post=431429"},{"taxonomy":"post_tag","embeddable":true,"href":"https:\/\/portaltela.pt\/api\/wp\/v2\/tags?post=431429"}],"curies":[{"name":"wp","href":"https:\/\/api.w.org\/{rel}","templated":true}]}}