{"id":431427,"date":"2026-04-03T08:16:57","date_gmt":"2026-04-03T11:16:57","guid":{"rendered":"https:\/\/portaltela.pt\/noticias\/2026\/04\/03\/mulher-ferida-em-queda-e-resgatada-na-berlenga\/"},"modified":"2026-04-03T08:16:57","modified_gmt":"2026-04-03T11:16:57","slug":"mulher-ferida-em-queda-e-resgatada-na-berlenga","status":"publish","type":"post","link":"https:\/\/portaltela.pt\/acidentes\/2026\/04\/03\/mulher-ferida-em-queda-e-resgatada-na-berlenga\/","title":{"rendered":"Mulher ferida em queda \u00e9 resgatada na Berlenga"},"content":{"rendered":"<p>Uma mulher espanhola de 50 anos sofreu uma queda na manh\u00e3 desta sexta-feira na ilha da Berlenga, ao largo de Peniche, enquanto visitava o local. A v\u00edtima partiu o bra\u00e7o e foi resgatada por uma lancha da esta\u00e7\u00e3o salva-vidas.<\/p>\n<p>A interven\u00e7\u00e3o ocorreu no local, com a embarca\u00e7\u00e3o de resgate a transportar a viajante at\u00e9 Peniche.<\/p>\n<p>\u00c0 chegada aos bombeiros, a mulher foi entregue para receber atendimento m\u00e9dico no hospital da regi\u00e3o.<\/p>\n<p>O incidente ocorreu num destino tur\u00edstico popular para visitas de dia, preservando o car\u00e1ter informativo da ocorr\u00eancia e o tratamento da paciente.<\/p>\n","protected":false},"excerpt":{"rendered":"<ul>\n<li>Mulher espanhola, de 50 anos, sofreu uma queda na ilha da Berlenga, perto de Peniche, na manh\u00e3 de sexta-feira.<\/li>\n<li>A v\u00edtimapartiu um bra\u00e7o e foi resgatada por uma lancha da esta\u00e7\u00e3o de salva-vidas local.<\/li>\n<li>O socorro ocorreu na Berlenga e a mulher foi retirada para Peniche.<\/li>\n<li>Os bombeiros receberam-na e a seguir foi transportada para o hospital.<\/li>\n<\/ul>\n","protected":false},"author":2,"featured_media":431428,"comment_status":"closed","ping_status":"closed","sticky":false,"template":"","format":"standard","meta":{"footnotes":""},"categories":[6849],"tags":[5487,971,4747,1007,5974,169],"class_list":["post-431427","post","type-post","status-publish","format-standard","has-post-thumbnail","hentry","category-acidentes","tag-acidente","tag-bombeiros","tag-peniche","tag-resgate-maritimo","tag-salvamento-maritimo","tag-turismo"],"yoast_head":"<!-- This site is optimized with the Yoast SEO plugin v27.2 - https:\/\/yoast.com\/product\/yoast-seo-wordpress\/ -->\n<title>Mulher ferida em queda \u00e9 resgatada na Berlenga - Portal Tela Portugal<\/title>\n<meta name=\"robots\" content=\"index, follow, max-snippet:-1, max-image-preview:large, max-video-preview:-1\" \/>\n<meta property=\"og:locale\" content=\"pt_PT\" \/>\n<meta property=\"og:type\" content=\"article\" \/>\n<meta property=\"og:title\" content=\"Mulher ferida em queda \u00e9 resgatada na Berlenga - Portal Tela Portugal\" \/>\n<meta property=\"og:description\" content=\"Mulher espanhola, de 50 anos, sofreu uma queda na ilha da Berlenga, perto de Peniche, na manh\u00e3 de sexta-feira. A v\u00edtimapartiu um bra\u00e7o e foi resgatada por uma lancha da esta\u00e7\u00e3o de salva-vidas local. O socorro ocorreu na Berlenga e a mulher foi retirada para Peniche. Os bombeiros receberam-na e a seguir foi transportada para o hospital.\" \/>\n<meta property=\"og:url\" content=\"https:\/\/portaltela.pt\/noticias\/2026\/04\/03\/mulher-ferida-em-queda-e-resgatada-na-berlenga\/\" \/>\n<meta property=\"og:site_name\" content=\"Portal Tela Portugal\" \/>\n<meta property=\"article:published_time\" content=\"2026-04-03T11:16:57+00:00\" \/>\n<meta name=\"author\" content=\"Telinha\" \/>\n<meta name=\"twitter:card\" content=\"summary_large_image\" \/>\n<meta name=\"twitter:label1\" content=\"Escrito por\" \/>\n\t<meta name=\"twitter:data1\" content=\"Telinha\" \/>\n\t<meta name=\"twitter:label2\" content=\"Tempo estimado de leitura\" \/>\n\t<meta name=\"twitter:data2\" content=\"1 minuto\" \/>\n<script type=\"application\/ld+json\" class=\"yoast-schema-graph\">{\"@context\":\"https:\/\/schema.org\",\"@graph\":[{\"@type\":\"Article\",\"@id\":\"https:\/\/portaltela.pt\/noticias\/2026\/04\/03\/mulher-ferida-em-queda-e-resgatada-na-berlenga\/#article\",\"isPartOf\":{\"@id\":\"https:\/\/portaltela.pt\/noticias\/2026\/04\/03\/mulher-ferida-em-queda-e-resgatada-na-berlenga\/\"},\"author\":{\"name\":\"Telinha\",\"@id\":\"https:\/\/portaltela.pt\/#\/schema\/person\/c4278d4a6028830caff9ee44b42d32ed\"},\"headline\":\"Mulher ferida em queda \u00e9 resgatada na Berlenga\",\"datePublished\":\"2026-04-03T11:16:57+00:00\",\"mainEntityOfPage\":{\"@id\":\"https:\/\/portaltela.pt\/noticias\/2026\/04\/03\/mulher-ferida-em-queda-e-resgatada-na-berlenga\/\"},\"wordCount\":108,\"image\":{\"@id\":\"https:\/\/portaltela.pt\/noticias\/2026\/04\/03\/mulher-ferida-em-queda-e-resgatada-na-berlenga\/#primaryimage\"},\"thumbnailUrl\":\"https:\/\/portaltela.pt\/s.01k8rhncp4jt1\/2026\/04\/img_1500x1000uu2023-09-02-19-24-53-1433649-im-639108147848265676.jpg\",\"keywords\":[\"acidente\",\"bombeiros\",\"Peniche\",\"Resgate Mar\u00edtimo\",\"Salvamento Mar\u00edtimo\",\"turismo\"],\"articleSection\":[\"Acidentes\"],\"inLanguage\":\"pt-PT\"},{\"@type\":\"WebPage\",\"@id\":\"https:\/\/portaltela.pt\/noticias\/2026\/04\/03\/mulher-ferida-em-queda-e-resgatada-na-berlenga\/\",\"url\":\"https:\/\/portaltela.pt\/noticias\/2026\/04\/03\/mulher-ferida-em-queda-e-resgatada-na-berlenga\/\",\"name\":\"Mulher ferida em queda \u00e9 resgatada na Berlenga - Portal Tela Portugal\",\"isPartOf\":{\"@id\":\"https:\/\/portaltela.pt\/#website\"},\"primaryImageOfPage\":{\"@id\":\"https:\/\/portaltela.pt\/noticias\/2026\/04\/03\/mulher-ferida-em-queda-e-resgatada-na-berlenga\/#primaryimage\"},\"image\":{\"@id\":\"https:\/\/portaltela.pt\/noticias\/2026\/04\/03\/mulher-ferida-em-queda-e-resgatada-na-berlenga\/#primaryimage\"},\"thumbnailUrl\":\"https:\/\/portaltela.pt\/s.01k8rhncp4jt1\/2026\/04\/img_1500x1000uu2023-09-02-19-24-53-1433649-im-639108147848265676.jpg\",\"datePublished\":\"2026-04-03T11:16:57+00:00\",\"author\":{\"@id\":\"https:\/\/portaltela.pt\/#\/schema\/person\/c4278d4a6028830caff9ee44b42d32ed\"},\"breadcrumb\":{\"@id\":\"https:\/\/portaltela.pt\/noticias\/2026\/04\/03\/mulher-ferida-em-queda-e-resgatada-na-berlenga\/#breadcrumb\"},\"inLanguage\":\"pt-PT\",\"potentialAction\":[{\"@type\":\"ReadAction\",\"target\":[\"https:\/\/portaltela.pt\/noticias\/2026\/04\/03\/mulher-ferida-em-queda-e-resgatada-na-berlenga\/\"]}]},{\"@type\":\"ImageObject\",\"inLanguage\":\"pt-PT\",\"@id\":\"https:\/\/portaltela.pt\/noticias\/2026\/04\/03\/mulher-ferida-em-queda-e-resgatada-na-berlenga\/#primaryimage\",\"url\":\"https:\/\/portaltela.pt\/s.01k8rhncp4jt1\/2026\/04\/img_1500x1000uu2023-09-02-19-24-53-1433649-im-639108147848265676.jpg\",\"contentUrl\":\"https:\/\/portaltela.pt\/s.01k8rhncp4jt1\/2026\/04\/img_1500x1000uu2023-09-02-19-24-53-1433649-im-639108147848265676.jpg\",\"width\":796,\"height\":448,\"caption\":\"Lancha salva-vidas resgatou a v\u00edtima\"},{\"@type\":\"BreadcrumbList\",\"@id\":\"https:\/\/portaltela.pt\/noticias\/2026\/04\/03\/mulher-ferida-em-queda-e-resgatada-na-berlenga\/#breadcrumb\",\"itemListElement\":[{\"@type\":\"ListItem\",\"position\":1,\"name\":\"In\u00edcio\",\"item\":\"https:\/\/portaltela.pt\/\"},{\"@type\":\"ListItem\",\"position\":2,\"name\":\"Mulher ferida em queda \u00e9 resgatada na Berlenga\"}]},{\"@type\":\"WebSite\",\"@id\":\"https:\/\/portaltela.pt\/#website\",\"url\":\"https:\/\/portaltela.pt\/\",\"name\":\"Portal Tela Portugal\",\"description\":\"\",\"potentialAction\":[{\"@type\":\"SearchAction\",\"target\":{\"@type\":\"EntryPoint\",\"urlTemplate\":\"https:\/\/portaltela.pt\/?s={search_term_string}\"},\"query-input\":{\"@type\":\"PropertyValueSpecification\",\"valueRequired\":true,\"valueName\":\"search_term_string\"}}],\"inLanguage\":\"pt-PT\"},{\"@type\":\"Person\",\"@id\":\"https:\/\/portaltela.pt\/#\/schema\/person\/c4278d4a6028830caff9ee44b42d32ed\",\"name\":\"Telinha\",\"image\":{\"@type\":\"ImageObject\",\"inLanguage\":\"pt-PT\",\"@id\":\"https:\/\/portaltela.pt\/s.01k8rhncp4jt1\/2025\/11\/talking-bot-125x125.png\",\"url\":\"https:\/\/portaltela.pt\/s.01k8rhncp4jt1\/2025\/11\/talking-bot-125x125.png\",\"contentUrl\":\"https:\/\/portaltela.pt\/s.01k8rhncp4jt1\/2025\/11\/talking-bot-125x125.png\",\"caption\":\"Telinha\"},\"sameAs\":[\"https:\/\/portaltela.pt\/\"],\"url\":\"https:\/\/portaltela.pt\/por\/367410592786\/\"}]}<\/script>\n<!-- \/ Yoast SEO plugin. -->","yoast_head_json":{"title":"Mulher ferida em queda \u00e9 resgatada na Berlenga - Portal Tela Portugal","robots":{"index":"index","follow":"follow","max-snippet":"max-snippet:-1","max-image-preview":"max-image-preview:large","max-video-preview":"max-video-preview:-1"},"og_locale":"pt_PT","og_type":"article","og_title":"Mulher ferida em queda \u00e9 resgatada na Berlenga - Portal Tela Portugal","og_description":"Mulher espanhola, de 50 anos, sofreu uma queda na ilha da Berlenga, perto de Peniche, na manh\u00e3 de sexta-feira. A v\u00edtimapartiu um bra\u00e7o e foi resgatada por uma lancha da esta\u00e7\u00e3o de salva-vidas local. O socorro ocorreu na Berlenga e a mulher foi retirada para Peniche. Os bombeiros receberam-na e a seguir foi transportada para o hospital.","og_url":"https:\/\/portaltela.pt\/noticias\/2026\/04\/03\/mulher-ferida-em-queda-e-resgatada-na-berlenga\/","og_site_name":"Portal Tela Portugal","article_published_time":"2026-04-03T11:16:57+00:00","author":"Telinha","twitter_card":"summary_large_image","twitter_misc":{"Escrito por":"Telinha","Tempo estimado de leitura":"1 minuto"},"schema":{"@context":"https:\/\/schema.org","@graph":[{"@type":"Article","@id":"https:\/\/portaltela.pt\/noticias\/2026\/04\/03\/mulher-ferida-em-queda-e-resgatada-na-berlenga\/#article","isPartOf":{"@id":"https:\/\/portaltela.pt\/noticias\/2026\/04\/03\/mulher-ferida-em-queda-e-resgatada-na-berlenga\/"},"author":{"name":"Telinha","@id":"https:\/\/portaltela.pt\/#\/schema\/person\/c4278d4a6028830caff9ee44b42d32ed"},"headline":"Mulher ferida em queda \u00e9 resgatada na Berlenga","datePublished":"2026-04-03T11:16:57+00:00","mainEntityOfPage":{"@id":"https:\/\/portaltela.pt\/noticias\/2026\/04\/03\/mulher-ferida-em-queda-e-resgatada-na-berlenga\/"},"wordCount":108,"image":{"@id":"https:\/\/portaltela.pt\/noticias\/2026\/04\/03\/mulher-ferida-em-queda-e-resgatada-na-berlenga\/#primaryimage"},"thumbnailUrl":"https:\/\/portaltela.pt\/s.01k8rhncp4jt1\/2026\/04\/img_1500x1000uu2023-09-02-19-24-53-1433649-im-639108147848265676.jpg","keywords":["acidente","bombeiros","Peniche","Resgate Mar\u00edtimo","Salvamento Mar\u00edtimo","turismo"],"articleSection":["Acidentes"],"inLanguage":"pt-PT"},{"@type":"WebPage","@id":"https:\/\/portaltela.pt\/noticias\/2026\/04\/03\/mulher-ferida-em-queda-e-resgatada-na-berlenga\/","url":"https:\/\/portaltela.pt\/noticias\/2026\/04\/03\/mulher-ferida-em-queda-e-resgatada-na-berlenga\/","name":"Mulher ferida em queda \u00e9 resgatada na Berlenga - Portal Tela Portugal","isPartOf":{"@id":"https:\/\/portaltela.pt\/#website"},"primaryImageOfPage":{"@id":"https:\/\/portaltela.pt\/noticias\/2026\/04\/03\/mulher-ferida-em-queda-e-resgatada-na-berlenga\/#primaryimage"},"image":{"@id":"https:\/\/portaltela.pt\/noticias\/2026\/04\/03\/mulher-ferida-em-queda-e-resgatada-na-berlenga\/#primaryimage"},"thumbnailUrl":"https:\/\/portaltela.pt\/s.01k8rhncp4jt1\/2026\/04\/img_1500x1000uu2023-09-02-19-24-53-1433649-im-639108147848265676.jpg","datePublished":"2026-04-03T11:16:57+00:00","author":{"@id":"https:\/\/portaltela.pt\/#\/schema\/person\/c4278d4a6028830caff9ee44b42d32ed"},"breadcrumb":{"@id":"https:\/\/portaltela.pt\/noticias\/2026\/04\/03\/mulher-ferida-em-queda-e-resgatada-na-berlenga\/#breadcrumb"},"inLanguage":"pt-PT","potentialAction":[{"@type":"ReadAction","target":["https:\/\/portaltela.pt\/noticias\/2026\/04\/03\/mulher-ferida-em-queda-e-resgatada-na-berlenga\/"]}]},{"@type":"ImageObject","inLanguage":"pt-PT","@id":"https:\/\/portaltela.pt\/noticias\/2026\/04\/03\/mulher-ferida-em-queda-e-resgatada-na-berlenga\/#primaryimage","url":"https:\/\/portaltela.pt\/s.01k8rhncp4jt1\/2026\/04\/img_1500x1000uu2023-09-02-19-24-53-1433649-im-639108147848265676.jpg","contentUrl":"https:\/\/portaltela.pt\/s.01k8rhncp4jt1\/2026\/04\/img_1500x1000uu2023-09-02-19-24-53-1433649-im-639108147848265676.jpg","width":796,"height":448,"caption":"Lancha salva-vidas resgatou a v\u00edtima"},{"@type":"BreadcrumbList","@id":"https:\/\/portaltela.pt\/noticias\/2026\/04\/03\/mulher-ferida-em-queda-e-resgatada-na-berlenga\/#breadcrumb","itemListElement":[{"@type":"ListItem","position":1,"name":"In\u00edcio","item":"https:\/\/portaltela.pt\/"},{"@type":"ListItem","position":2,"name":"Mulher ferida em queda \u00e9 resgatada na Berlenga"}]},{"@type":"WebSite","@id":"https:\/\/portaltela.pt\/#website","url":"https:\/\/portaltela.pt\/","name":"Portal Tela Portugal","description":"","potentialAction":[{"@type":"SearchAction","target":{"@type":"EntryPoint","urlTemplate":"https:\/\/portaltela.pt\/?s={search_term_string}"},"query-input":{"@type":"PropertyValueSpecification","valueRequired":true,"valueName":"search_term_string"}}],"inLanguage":"pt-PT"},{"@type":"Person","@id":"https:\/\/portaltela.pt\/#\/schema\/person\/c4278d4a6028830caff9ee44b42d32ed","name":"Telinha","image":{"@type":"ImageObject","inLanguage":"pt-PT","@id":"https:\/\/portaltela.pt\/s.01k8rhncp4jt1\/2025\/11\/talking-bot-125x125.png","url":"https:\/\/portaltela.pt\/s.01k8rhncp4jt1\/2025\/11\/talking-bot-125x125.png","contentUrl":"https:\/\/portaltela.pt\/s.01k8rhncp4jt1\/2025\/11\/talking-bot-125x125.png","caption":"Telinha"},"sameAs":["https:\/\/portaltela.pt\/"],"url":"https:\/\/portaltela.pt\/por\/367410592786\/"}]}},"_links":{"self":[{"href":"https:\/\/portaltela.pt\/api\/wp\/v2\/posts\/431427","targetHints":{"allow":["GET"]}}],"collection":[{"href":"https:\/\/portaltela.pt\/api\/wp\/v2\/posts"}],"about":[{"href":"https:\/\/portaltela.pt\/api\/wp\/v2\/types\/post"}],"author":[{"embeddable":true,"href":"https:\/\/portaltela.pt\/api\/wp\/v2\/users\/2"}],"replies":[{"embeddable":true,"href":"https:\/\/portaltela.pt\/api\/wp\/v2\/comments?post=431427"}],"version-history":[{"count":0,"href":"https:\/\/portaltela.pt\/api\/wp\/v2\/posts\/431427\/revisions"}],"wp:featuredmedia":[{"embeddable":true,"href":"https:\/\/portaltela.pt\/api\/wp\/v2\/media\/431428"}],"wp:attachment":[{"href":"https:\/\/portaltela.pt\/api\/wp\/v2\/media?parent=431427"}],"wp:term":[{"taxonomy":"category","embeddable":true,"href":"https:\/\/portaltela.pt\/api\/wp\/v2\/categories?post=431427"},{"taxonomy":"post_tag","embeddable":true,"href":"https:\/\/portaltela.pt\/api\/wp\/v2\/tags?post=431427"}],"curies":[{"name":"wp","href":"https:\/\/api.w.org\/{rel}","templated":true}]}}