{"id":431305,"date":"2026-04-03T06:02:13","date_gmt":"2026-04-03T09:02:13","guid":{"rendered":"https:\/\/portaltela.pt\/noticias\/2026\/04\/03\/daniel-nascimento-analisa-tres-espetaculos-de-joana-marques-no-funchal\/"},"modified":"2026-04-03T06:02:13","modified_gmt":"2026-04-03T09:02:13","slug":"daniel-nascimento-analisa-tres-espetaculos-de-joana-marques-no-funchal","status":"publish","type":"post","link":"https:\/\/portaltela.pt\/entretenimento\/2026\/04\/03\/daniel-nascimento-analisa-tres-espetaculos-de-joana-marques-no-funchal\/","title":{"rendered":"Daniel Nascimento analisa tr\u00eas espet\u00e1culos de Joana Marques no Funchal"},"content":{"rendered":"<p>Joana Marques, humorista e apresentadora, sobe ao palco do Funchal para tr\u00eas espet\u00e1culos que prometem divertir com humor irreverente e criativo. A artista \u00e9 apresentada como uma das humoristas mais talentosas do pa\u00eds, conquistando f\u00e3s com o estilo \u00fanico.<\/p>\n<p>Daniel Nascimento, comentador do Noite das Estrelas, destaca a criatividade de Joana Marques e a capacidade de surpreender o p\u00fablico a cada apresenta\u00e7\u00e3o, com novas ideias e abordagens.<\/p>\n<p>A artista deixou j\u00e1 anunciada a apresenta\u00e7\u00e3o de novas piadas e experi\u00eancias no Funchal, prometendo uma noite de muita energia e risos. O p\u00fablico pode esperar humor inteligente e uma liga\u00e7\u00e3o especial com os espectadores.<\/p>\n<h3>Sobre o evento<\/h3>\n<p>O concerto faz parte da programa\u00e7\u00e3o cultural do Funchal, com o objetivo de promover cultura e humor na regi\u00e3o. A expectativa \u00e9 de elevada ades\u00e3o do p\u00fablico, para uma noite de entretenimento.<\/p>\n<p>As informa\u00e7\u00f5es relativas aos espet\u00e1culos est\u00e3o dispon\u00edveis junto da organiza\u00e7\u00e3o, atrav\u00e9s do site oficial e das redes sociais do evento. Os ingressos j\u00e1 se encontram \u00e0 venda.<\/p>\n<h3>Sobre Joana Marques<\/h3>\n<p>Joana Marques \u00e9 uma humorista, atriz e apresentadora portuguesa reconhecida pelo talento e pela criatividade. A carreira alia televis\u00e3o, teatro e palcos, com uma constante aposta na inova\u00e7\u00e3o do humor.<\/p>\n<h3>Sobre Daniel Nascimento<\/h3>\n<p>Daniel Nascimento \u00e9 comentador e humorista portugu\u00eas, conhecido pela participa\u00e7\u00e3o em programas de televis\u00e3o e eventos culturais. A sua opini\u00e3o real\u00e7a a relev\u00e2ncia de Joana Marques no humor nacional.<\/p>\n","protected":false},"excerpt":{"rendered":"<ul>\n<li>Joana Marques vai apresentar tr\u00eas espet\u00e1culos no Funchal, prometendo humor irreverente e criativo.<\/li>\n<li>O comentador Daniel Nascimento destaca a criatividade da artista e a capacidade de surpreender o p\u00fablico.<\/li>\n<li>A artista j\u00e1 anunciou que os shows no Funchal v\u00e3o apresentar novas piadas e experi\u00eancias, com muita energia e humor inteligente.<\/li>\n<li>Os espet\u00e1culos fazem parte da programa\u00e7\u00e3o cultural do Funchal e j\u00e1 h\u00e1 ingressos \u00e0 venda.<\/li>\n<\/ul>\n","protected":false},"author":2,"featured_media":431310,"comment_status":"closed","ping_status":"closed","sticky":false,"template":"","format":"standard","meta":{"footnotes":""},"categories":[6675,12],"tags":[145,2116,1120,6529,859,119],"class_list":["post-431305","post","type-post","status-publish","format-standard","has-post-thumbnail","hentry","category-celebridades","category-entretenimento","tag-cultura","tag-espetaculos","tag-funchal","tag-humoristas","tag-madeira","tag-teatro"],"yoast_head":"<!-- This site is optimized with the Yoast SEO plugin v27.2 - https:\/\/yoast.com\/product\/yoast-seo-wordpress\/ -->\n<title>Daniel Nascimento analisa tr\u00eas espet\u00e1culos de Joana Marques no Funchal - Portal Tela Portugal<\/title>\n<meta name=\"robots\" content=\"index, follow, max-snippet:-1, max-image-preview:large, max-video-preview:-1\" \/>\n<meta property=\"og:locale\" content=\"pt_PT\" \/>\n<meta property=\"og:type\" content=\"article\" \/>\n<meta property=\"og:title\" content=\"Daniel Nascimento analisa tr\u00eas espet\u00e1culos de Joana Marques no Funchal - Portal Tela Portugal\" \/>\n<meta property=\"og:description\" content=\"Joana Marques vai apresentar tr\u00eas espet\u00e1culos no Funchal, prometendo humor irreverente e criativo. O comentador Daniel Nascimento destaca a criatividade da artista e a capacidade de surpreender o p\u00fablico. A artista j\u00e1 anunciou que os shows no Funchal v\u00e3o apresentar novas piadas e experi\u00eancias, com muita energia e humor inteligente. Os espet\u00e1culos fazem parte da programa\u00e7\u00e3o cultural do Funchal e j\u00e1 h\u00e1 ingressos \u00e0 venda.\" \/>\n<meta property=\"og:url\" content=\"https:\/\/portaltela.pt\/noticias\/2026\/04\/03\/daniel-nascimento-analisa-tres-espetaculos-de-joana-marques-no-funchal\/\" \/>\n<meta property=\"og:site_name\" content=\"Portal Tela Portugal\" \/>\n<meta property=\"article:published_time\" content=\"2026-04-03T09:02:13+00:00\" \/>\n<meta name=\"author\" content=\"Telinha\" \/>\n<meta name=\"twitter:card\" content=\"summary_large_image\" \/>\n<meta name=\"twitter:label1\" content=\"Escrito por\" \/>\n\t<meta name=\"twitter:data1\" content=\"Telinha\" \/>\n\t<meta name=\"twitter:label2\" content=\"Tempo estimado de leitura\" \/>\n\t<meta name=\"twitter:data2\" content=\"1 minuto\" \/>\n<script type=\"application\/ld+json\" class=\"yoast-schema-graph\">{\"@context\":\"https:\/\/schema.org\",\"@graph\":[{\"@type\":\"Article\",\"@id\":\"https:\/\/portaltela.pt\/noticias\/2026\/04\/03\/daniel-nascimento-analisa-tres-espetaculos-de-joana-marques-no-funchal\/#article\",\"isPartOf\":{\"@id\":\"https:\/\/portaltela.pt\/noticias\/2026\/04\/03\/daniel-nascimento-analisa-tres-espetaculos-de-joana-marques-no-funchal\/\"},\"author\":{\"name\":\"Telinha\",\"@id\":\"https:\/\/portaltela.pt\/#\/schema\/person\/c4278d4a6028830caff9ee44b42d32ed\"},\"headline\":\"Daniel Nascimento analisa tr\u00eas espet\u00e1culos de Joana Marques no Funchal\",\"datePublished\":\"2026-04-03T09:02:13+00:00\",\"mainEntityOfPage\":{\"@id\":\"https:\/\/portaltela.pt\/noticias\/2026\/04\/03\/daniel-nascimento-analisa-tres-espetaculos-de-joana-marques-no-funchal\/\"},\"wordCount\":264,\"image\":{\"@id\":\"https:\/\/portaltela.pt\/noticias\/2026\/04\/03\/daniel-nascimento-analisa-tres-espetaculos-de-joana-marques-no-funchal\/#primaryimage\"},\"thumbnailUrl\":\"https:\/\/portaltela.pt\/s.01k8rhncp4jt1\/2026\/04\/img_1280x722uu2026-04-03-08-47-41-2276385.jpg\",\"keywords\":[\"cultura\",\"espet\u00e1culos\",\"Funchal\",\"humoristas\",\"Madeira\",\"teatro\"],\"articleSection\":[\"Celebridades\",\"Entretenimento\"],\"inLanguage\":\"pt-PT\"},{\"@type\":\"WebPage\",\"@id\":\"https:\/\/portaltela.pt\/noticias\/2026\/04\/03\/daniel-nascimento-analisa-tres-espetaculos-de-joana-marques-no-funchal\/\",\"url\":\"https:\/\/portaltela.pt\/noticias\/2026\/04\/03\/daniel-nascimento-analisa-tres-espetaculos-de-joana-marques-no-funchal\/\",\"name\":\"Daniel Nascimento analisa tr\u00eas espet\u00e1culos de Joana Marques no Funchal - Portal Tela Portugal\",\"isPartOf\":{\"@id\":\"https:\/\/portaltela.pt\/#website\"},\"primaryImageOfPage\":{\"@id\":\"https:\/\/portaltela.pt\/noticias\/2026\/04\/03\/daniel-nascimento-analisa-tres-espetaculos-de-joana-marques-no-funchal\/#primaryimage\"},\"image\":{\"@id\":\"https:\/\/portaltela.pt\/noticias\/2026\/04\/03\/daniel-nascimento-analisa-tres-espetaculos-de-joana-marques-no-funchal\/#primaryimage\"},\"thumbnailUrl\":\"https:\/\/portaltela.pt\/s.01k8rhncp4jt1\/2026\/04\/img_1280x722uu2026-04-03-08-47-41-2276385.jpg\",\"datePublished\":\"2026-04-03T09:02:13+00:00\",\"author\":{\"@id\":\"https:\/\/portaltela.pt\/#\/schema\/person\/c4278d4a6028830caff9ee44b42d32ed\"},\"breadcrumb\":{\"@id\":\"https:\/\/portaltela.pt\/noticias\/2026\/04\/03\/daniel-nascimento-analisa-tres-espetaculos-de-joana-marques-no-funchal\/#breadcrumb\"},\"inLanguage\":\"pt-PT\",\"potentialAction\":[{\"@type\":\"ReadAction\",\"target\":[\"https:\/\/portaltela.pt\/noticias\/2026\/04\/03\/daniel-nascimento-analisa-tres-espetaculos-de-joana-marques-no-funchal\/\"]}]},{\"@type\":\"ImageObject\",\"inLanguage\":\"pt-PT\",\"@id\":\"https:\/\/portaltela.pt\/noticias\/2026\/04\/03\/daniel-nascimento-analisa-tres-espetaculos-de-joana-marques-no-funchal\/#primaryimage\",\"url\":\"https:\/\/portaltela.pt\/s.01k8rhncp4jt1\/2026\/04\/img_1280x722uu2026-04-03-08-47-41-2276385.jpg\",\"contentUrl\":\"https:\/\/portaltela.pt\/s.01k8rhncp4jt1\/2026\/04\/img_1280x722uu2026-04-03-08-47-41-2276385.jpg\",\"width\":796,\"height\":448,\"caption\":\"Joana Marques\"},{\"@type\":\"BreadcrumbList\",\"@id\":\"https:\/\/portaltela.pt\/noticias\/2026\/04\/03\/daniel-nascimento-analisa-tres-espetaculos-de-joana-marques-no-funchal\/#breadcrumb\",\"itemListElement\":[{\"@type\":\"ListItem\",\"position\":1,\"name\":\"In\u00edcio\",\"item\":\"https:\/\/portaltela.pt\/\"},{\"@type\":\"ListItem\",\"position\":2,\"name\":\"Daniel Nascimento analisa tr\u00eas espet\u00e1culos de Joana Marques no Funchal\"}]},{\"@type\":\"WebSite\",\"@id\":\"https:\/\/portaltela.pt\/#website\",\"url\":\"https:\/\/portaltela.pt\/\",\"name\":\"Portal Tela Portugal\",\"description\":\"\",\"potentialAction\":[{\"@type\":\"SearchAction\",\"target\":{\"@type\":\"EntryPoint\",\"urlTemplate\":\"https:\/\/portaltela.pt\/?s={search_term_string}\"},\"query-input\":{\"@type\":\"PropertyValueSpecification\",\"valueRequired\":true,\"valueName\":\"search_term_string\"}}],\"inLanguage\":\"pt-PT\"},{\"@type\":\"Person\",\"@id\":\"https:\/\/portaltela.pt\/#\/schema\/person\/c4278d4a6028830caff9ee44b42d32ed\",\"name\":\"Telinha\",\"image\":{\"@type\":\"ImageObject\",\"inLanguage\":\"pt-PT\",\"@id\":\"https:\/\/portaltela.pt\/s.01k8rhncp4jt1\/2025\/11\/talking-bot-125x125.png\",\"url\":\"https:\/\/portaltela.pt\/s.01k8rhncp4jt1\/2025\/11\/talking-bot-125x125.png\",\"contentUrl\":\"https:\/\/portaltela.pt\/s.01k8rhncp4jt1\/2025\/11\/talking-bot-125x125.png\",\"caption\":\"Telinha\"},\"sameAs\":[\"https:\/\/portaltela.pt\/\"],\"url\":\"https:\/\/portaltela.pt\/por\/367410592786\/\"}]}<\/script>\n<!-- \/ Yoast SEO plugin. -->","yoast_head_json":{"title":"Daniel Nascimento analisa tr\u00eas espet\u00e1culos de Joana Marques no Funchal - Portal Tela Portugal","robots":{"index":"index","follow":"follow","max-snippet":"max-snippet:-1","max-image-preview":"max-image-preview:large","max-video-preview":"max-video-preview:-1"},"og_locale":"pt_PT","og_type":"article","og_title":"Daniel Nascimento analisa tr\u00eas espet\u00e1culos de Joana Marques no Funchal - Portal Tela Portugal","og_description":"Joana Marques vai apresentar tr\u00eas espet\u00e1culos no Funchal, prometendo humor irreverente e criativo. O comentador Daniel Nascimento destaca a criatividade da artista e a capacidade de surpreender o p\u00fablico. A artista j\u00e1 anunciou que os shows no Funchal v\u00e3o apresentar novas piadas e experi\u00eancias, com muita energia e humor inteligente. Os espet\u00e1culos fazem parte da programa\u00e7\u00e3o cultural do Funchal e j\u00e1 h\u00e1 ingressos \u00e0 venda.","og_url":"https:\/\/portaltela.pt\/noticias\/2026\/04\/03\/daniel-nascimento-analisa-tres-espetaculos-de-joana-marques-no-funchal\/","og_site_name":"Portal Tela Portugal","article_published_time":"2026-04-03T09:02:13+00:00","author":"Telinha","twitter_card":"summary_large_image","twitter_misc":{"Escrito por":"Telinha","Tempo estimado de leitura":"1 minuto"},"schema":{"@context":"https:\/\/schema.org","@graph":[{"@type":"Article","@id":"https:\/\/portaltela.pt\/noticias\/2026\/04\/03\/daniel-nascimento-analisa-tres-espetaculos-de-joana-marques-no-funchal\/#article","isPartOf":{"@id":"https:\/\/portaltela.pt\/noticias\/2026\/04\/03\/daniel-nascimento-analisa-tres-espetaculos-de-joana-marques-no-funchal\/"},"author":{"name":"Telinha","@id":"https:\/\/portaltela.pt\/#\/schema\/person\/c4278d4a6028830caff9ee44b42d32ed"},"headline":"Daniel Nascimento analisa tr\u00eas espet\u00e1culos de Joana Marques no Funchal","datePublished":"2026-04-03T09:02:13+00:00","mainEntityOfPage":{"@id":"https:\/\/portaltela.pt\/noticias\/2026\/04\/03\/daniel-nascimento-analisa-tres-espetaculos-de-joana-marques-no-funchal\/"},"wordCount":264,"image":{"@id":"https:\/\/portaltela.pt\/noticias\/2026\/04\/03\/daniel-nascimento-analisa-tres-espetaculos-de-joana-marques-no-funchal\/#primaryimage"},"thumbnailUrl":"https:\/\/portaltela.pt\/s.01k8rhncp4jt1\/2026\/04\/img_1280x722uu2026-04-03-08-47-41-2276385.jpg","keywords":["cultura","espet\u00e1culos","Funchal","humoristas","Madeira","teatro"],"articleSection":["Celebridades","Entretenimento"],"inLanguage":"pt-PT"},{"@type":"WebPage","@id":"https:\/\/portaltela.pt\/noticias\/2026\/04\/03\/daniel-nascimento-analisa-tres-espetaculos-de-joana-marques-no-funchal\/","url":"https:\/\/portaltela.pt\/noticias\/2026\/04\/03\/daniel-nascimento-analisa-tres-espetaculos-de-joana-marques-no-funchal\/","name":"Daniel Nascimento analisa tr\u00eas espet\u00e1culos de Joana Marques no Funchal - Portal Tela Portugal","isPartOf":{"@id":"https:\/\/portaltela.pt\/#website"},"primaryImageOfPage":{"@id":"https:\/\/portaltela.pt\/noticias\/2026\/04\/03\/daniel-nascimento-analisa-tres-espetaculos-de-joana-marques-no-funchal\/#primaryimage"},"image":{"@id":"https:\/\/portaltela.pt\/noticias\/2026\/04\/03\/daniel-nascimento-analisa-tres-espetaculos-de-joana-marques-no-funchal\/#primaryimage"},"thumbnailUrl":"https:\/\/portaltela.pt\/s.01k8rhncp4jt1\/2026\/04\/img_1280x722uu2026-04-03-08-47-41-2276385.jpg","datePublished":"2026-04-03T09:02:13+00:00","author":{"@id":"https:\/\/portaltela.pt\/#\/schema\/person\/c4278d4a6028830caff9ee44b42d32ed"},"breadcrumb":{"@id":"https:\/\/portaltela.pt\/noticias\/2026\/04\/03\/daniel-nascimento-analisa-tres-espetaculos-de-joana-marques-no-funchal\/#breadcrumb"},"inLanguage":"pt-PT","potentialAction":[{"@type":"ReadAction","target":["https:\/\/portaltela.pt\/noticias\/2026\/04\/03\/daniel-nascimento-analisa-tres-espetaculos-de-joana-marques-no-funchal\/"]}]},{"@type":"ImageObject","inLanguage":"pt-PT","@id":"https:\/\/portaltela.pt\/noticias\/2026\/04\/03\/daniel-nascimento-analisa-tres-espetaculos-de-joana-marques-no-funchal\/#primaryimage","url":"https:\/\/portaltela.pt\/s.01k8rhncp4jt1\/2026\/04\/img_1280x722uu2026-04-03-08-47-41-2276385.jpg","contentUrl":"https:\/\/portaltela.pt\/s.01k8rhncp4jt1\/2026\/04\/img_1280x722uu2026-04-03-08-47-41-2276385.jpg","width":796,"height":448,"caption":"Joana Marques"},{"@type":"BreadcrumbList","@id":"https:\/\/portaltela.pt\/noticias\/2026\/04\/03\/daniel-nascimento-analisa-tres-espetaculos-de-joana-marques-no-funchal\/#breadcrumb","itemListElement":[{"@type":"ListItem","position":1,"name":"In\u00edcio","item":"https:\/\/portaltela.pt\/"},{"@type":"ListItem","position":2,"name":"Daniel Nascimento analisa tr\u00eas espet\u00e1culos de Joana Marques no Funchal"}]},{"@type":"WebSite","@id":"https:\/\/portaltela.pt\/#website","url":"https:\/\/portaltela.pt\/","name":"Portal Tela Portugal","description":"","potentialAction":[{"@type":"SearchAction","target":{"@type":"EntryPoint","urlTemplate":"https:\/\/portaltela.pt\/?s={search_term_string}"},"query-input":{"@type":"PropertyValueSpecification","valueRequired":true,"valueName":"search_term_string"}}],"inLanguage":"pt-PT"},{"@type":"Person","@id":"https:\/\/portaltela.pt\/#\/schema\/person\/c4278d4a6028830caff9ee44b42d32ed","name":"Telinha","image":{"@type":"ImageObject","inLanguage":"pt-PT","@id":"https:\/\/portaltela.pt\/s.01k8rhncp4jt1\/2025\/11\/talking-bot-125x125.png","url":"https:\/\/portaltela.pt\/s.01k8rhncp4jt1\/2025\/11\/talking-bot-125x125.png","contentUrl":"https:\/\/portaltela.pt\/s.01k8rhncp4jt1\/2025\/11\/talking-bot-125x125.png","caption":"Telinha"},"sameAs":["https:\/\/portaltela.pt\/"],"url":"https:\/\/portaltela.pt\/por\/367410592786\/"}]}},"_links":{"self":[{"href":"https:\/\/portaltela.pt\/api\/wp\/v2\/posts\/431305","targetHints":{"allow":["GET"]}}],"collection":[{"href":"https:\/\/portaltela.pt\/api\/wp\/v2\/posts"}],"about":[{"href":"https:\/\/portaltela.pt\/api\/wp\/v2\/types\/post"}],"author":[{"embeddable":true,"href":"https:\/\/portaltela.pt\/api\/wp\/v2\/users\/2"}],"replies":[{"embeddable":true,"href":"https:\/\/portaltela.pt\/api\/wp\/v2\/comments?post=431305"}],"version-history":[{"count":0,"href":"https:\/\/portaltela.pt\/api\/wp\/v2\/posts\/431305\/revisions"}],"wp:featuredmedia":[{"embeddable":true,"href":"https:\/\/portaltela.pt\/api\/wp\/v2\/media\/431310"}],"wp:attachment":[{"href":"https:\/\/portaltela.pt\/api\/wp\/v2\/media?parent=431305"}],"wp:term":[{"taxonomy":"category","embeddable":true,"href":"https:\/\/portaltela.pt\/api\/wp\/v2\/categories?post=431305"},{"taxonomy":"post_tag","embeddable":true,"href":"https:\/\/portaltela.pt\/api\/wp\/v2\/tags?post=431305"}],"curies":[{"name":"wp","href":"https:\/\/api.w.org\/{rel}","templated":true}]}}