{"id":431275,"date":"2026-04-03T05:17:07","date_gmt":"2026-04-03T08:17:07","guid":{"rendered":"https:\/\/portaltela.pt\/noticias\/2026\/04\/03\/guine-socialmente-caotico-afirma-karyna-gomes-e-kantigas-di-liberdadi\/"},"modified":"2026-04-03T05:17:07","modified_gmt":"2026-04-03T08:17:07","slug":"guine-socialmente-caotico-afirma-karyna-gomes-e-kantigas-di-liberdadi","status":"publish","type":"post","link":"https:\/\/portaltela.pt\/musica\/2026\/04\/03\/guine-socialmente-caotico-afirma-karyna-gomes-e-kantigas-di-liberdadi\/","title":{"rendered":"Guin\u00e9: socialmente ca\u00f3tico, afirma Karyna Gomes e Kantigas di Liberdadi"},"content":{"rendered":"<p>Karyna Gomes lan\u00e7a o terceiro \u00e1lbum Kantigas di Liberdadi, que aborda a liberdade conquistada pela Guin\u00e9-Bissau e as feridas do passado. A estreia ao vivo est\u00e1 marcada para 24 de Julho, no B.Leza, em Lisboa. O concerto contar\u00e1 com os m\u00fasicos do disco e convidados.<\/p>\n<p>O quarteto que acompanha Karyna inclui Jerry Bidan na guitarra e dire\u00e7\u00e3o musical, JP Miller no baixo, ambos guineenses, Edv\u00e2nio Vunge nos teclados e D\u00edlson Groove na bateria, ambos angolanos. A forma\u00e7\u00e3o junta m\u00fasicos de origem lus\u00f3fona para uma sonoridade plural.<\/p>\n<p>Entre os convidados est\u00e3o Alana Sink\u00eby (Guin\u00e9) e Mikas Cabral (Tabanka Djaz), al\u00e9m de Dara Haniel, filha de Karyna. A artista explica que o \u00e1lbum celebra a liberdade, sem esquecer as feridas hist\u00f3ricas que moldaram a trajet\u00f3ria do pa\u00eds.<\/p>\n<p>Kantigas di Liberdadi sucede Mindjer (2014) e N\u2019Na (2021). A apresenta\u00e7\u00e3o em Lisboa visa levar ao vivo as sugest\u00f5es musicais do disco, com interpreta\u00e7\u00f5es que reflectem a vis\u00e3o de Karyna Gomes sobre a atual realidade social.<\/p>\n","protected":false},"excerpt":{"rendered":"<ul>\n<li>Karyna Gomes lan\u00e7a o terceiro \u00e1lbum Kantigas di Liberdadi, que celebra a liberdade conquistada, sem esquecer as feridas.<\/li>\n<li>A estreia ao vivo est\u00e1 marcada para 24 de Julho, no B.Leza, em Lisboa, com os m\u00fasicos do disco e alguns convidados.<\/li>\n<li>Kantigas di Liberdadi sucede Mindjer (2014) e N\u2019Na (2021).<\/li>\n<li>O quarteto do \u00e1lbum inclui dois guineenses \u2014 Jerry Bidan (guitarra e direc\u00e7\u00e3o musical) e JP Miller (baixo) \u2014 e dois angolanos \u2014 Edv\u00e2nio Vunge (teclas) e D\u00edlson Groove (bateria).<\/li>\n<li>Convidados especiais: Alana Sink\u00eby e Mikas Cabral (Tabanka Djaz), al\u00e9m de Dara Haniel, filha de Karyna.<\/li>\n<\/ul>\n","protected":false},"author":2,"featured_media":431276,"comment_status":"closed","ping_status":"closed","sticky":false,"template":"","format":"standard","meta":{"footnotes":""},"categories":[6676],"tags":[6163,145,4601,981,122,7667],"class_list":["post-431275","post","type-post","status-publish","format-standard","has-post-thumbnail","hentry","category-musica","tag-cantores","tag-cultura","tag-guine-bissau","tag-lisboa","tag-musica","tag-musica-ao-vivo"],"yoast_head":"<!-- This site is optimized with the Yoast SEO plugin v27.2 - https:\/\/yoast.com\/product\/yoast-seo-wordpress\/ -->\n<title>Guin\u00e9: socialmente ca\u00f3tico, afirma Karyna Gomes e Kantigas di Liberdadi - Portal Tela Portugal<\/title>\n<meta name=\"robots\" content=\"index, follow, max-snippet:-1, max-image-preview:large, max-video-preview:-1\" \/>\n<meta property=\"og:locale\" content=\"pt_PT\" \/>\n<meta property=\"og:type\" content=\"article\" \/>\n<meta property=\"og:title\" content=\"Guin\u00e9: socialmente ca\u00f3tico, afirma Karyna Gomes e Kantigas di Liberdadi - Portal Tela Portugal\" \/>\n<meta property=\"og:description\" content=\"Karyna Gomes lan\u00e7a o terceiro \u00e1lbum Kantigas di Liberdadi, que celebra a liberdade conquistada, sem esquecer as feridas. A estreia ao vivo est\u00e1 marcada para 24 de Julho, no B.Leza, em Lisboa, com os m\u00fasicos do disco e alguns convidados. Kantigas di Liberdadi sucede Mindjer (2014) e N\u2019Na (2021). O quarteto do \u00e1lbum inclui dois guineenses \u2014 Jerry Bidan (guitarra e direc\u00e7\u00e3o musical) e JP Miller (baixo) \u2014 e dois angolanos \u2014 Edv\u00e2nio Vunge (teclas) e D\u00edlson Groove (bateria). Convidados especiais: Alana Sink\u00eby e Mikas Cabral (Tabanka Djaz), al\u00e9m de Dara Haniel, filha de Karyna.\" \/>\n<meta property=\"og:url\" content=\"https:\/\/portaltela.pt\/noticias\/2026\/04\/03\/guine-socialmente-caotico-afirma-karyna-gomes-e-kantigas-di-liberdadi\/\" \/>\n<meta property=\"og:site_name\" content=\"Portal Tela Portugal\" \/>\n<meta property=\"article:published_time\" content=\"2026-04-03T08:17:07+00:00\" \/>\n<meta name=\"author\" content=\"Telinha\" \/>\n<meta name=\"twitter:card\" content=\"summary_large_image\" \/>\n<meta name=\"twitter:label1\" content=\"Escrito por\" \/>\n\t<meta name=\"twitter:data1\" content=\"Telinha\" \/>\n\t<meta name=\"twitter:label2\" content=\"Tempo estimado de leitura\" \/>\n\t<meta name=\"twitter:data2\" content=\"1 minuto\" \/>\n<script type=\"application\/ld+json\" class=\"yoast-schema-graph\">{\"@context\":\"https:\/\/schema.org\",\"@graph\":[{\"@type\":\"Article\",\"@id\":\"https:\/\/portaltela.pt\/noticias\/2026\/04\/03\/guine-socialmente-caotico-afirma-karyna-gomes-e-kantigas-di-liberdadi\/#article\",\"isPartOf\":{\"@id\":\"https:\/\/portaltela.pt\/noticias\/2026\/04\/03\/guine-socialmente-caotico-afirma-karyna-gomes-e-kantigas-di-liberdadi\/\"},\"author\":{\"name\":\"Telinha\",\"@id\":\"https:\/\/portaltela.pt\/#\/schema\/person\/c4278d4a6028830caff9ee44b42d32ed\"},\"headline\":\"Guin\u00e9: socialmente ca\u00f3tico, afirma Karyna Gomes e Kantigas di Liberdadi\",\"datePublished\":\"2026-04-03T08:17:07+00:00\",\"mainEntityOfPage\":{\"@id\":\"https:\/\/portaltela.pt\/noticias\/2026\/04\/03\/guine-socialmente-caotico-afirma-karyna-gomes-e-kantigas-di-liberdadi\/\"},\"wordCount\":190,\"image\":{\"@id\":\"https:\/\/portaltela.pt\/noticias\/2026\/04\/03\/guine-socialmente-caotico-afirma-karyna-gomes-e-kantigas-di-liberdadi\/#primaryimage\"},\"thumbnailUrl\":\"https:\/\/portaltela.pt\/s.01k8rhncp4jt1\/2026\/04\/tpUHdbIMAGENStypeJPGshare1oBarraFacebook_Ipsilon-2.jpg\",\"keywords\":[\"cantores\",\"cultura\",\"Guin\u00e9-Bissau\",\"Lisboa\",\"m\u00fasica\",\"m\u00fasica ao vivo\"],\"articleSection\":[\"M\u00fasica\"],\"inLanguage\":\"pt-PT\"},{\"@type\":\"WebPage\",\"@id\":\"https:\/\/portaltela.pt\/noticias\/2026\/04\/03\/guine-socialmente-caotico-afirma-karyna-gomes-e-kantigas-di-liberdadi\/\",\"url\":\"https:\/\/portaltela.pt\/noticias\/2026\/04\/03\/guine-socialmente-caotico-afirma-karyna-gomes-e-kantigas-di-liberdadi\/\",\"name\":\"Guin\u00e9: socialmente ca\u00f3tico, afirma Karyna Gomes e Kantigas di Liberdadi - Portal Tela Portugal\",\"isPartOf\":{\"@id\":\"https:\/\/portaltela.pt\/#website\"},\"primaryImageOfPage\":{\"@id\":\"https:\/\/portaltela.pt\/noticias\/2026\/04\/03\/guine-socialmente-caotico-afirma-karyna-gomes-e-kantigas-di-liberdadi\/#primaryimage\"},\"image\":{\"@id\":\"https:\/\/portaltela.pt\/noticias\/2026\/04\/03\/guine-socialmente-caotico-afirma-karyna-gomes-e-kantigas-di-liberdadi\/#primaryimage\"},\"thumbnailUrl\":\"https:\/\/portaltela.pt\/s.01k8rhncp4jt1\/2026\/04\/tpUHdbIMAGENStypeJPGshare1oBarraFacebook_Ipsilon-2.jpg\",\"datePublished\":\"2026-04-03T08:17:07+00:00\",\"author\":{\"@id\":\"https:\/\/portaltela.pt\/#\/schema\/person\/c4278d4a6028830caff9ee44b42d32ed\"},\"breadcrumb\":{\"@id\":\"https:\/\/portaltela.pt\/noticias\/2026\/04\/03\/guine-socialmente-caotico-afirma-karyna-gomes-e-kantigas-di-liberdadi\/#breadcrumb\"},\"inLanguage\":\"pt-PT\",\"potentialAction\":[{\"@type\":\"ReadAction\",\"target\":[\"https:\/\/portaltela.pt\/noticias\/2026\/04\/03\/guine-socialmente-caotico-afirma-karyna-gomes-e-kantigas-di-liberdadi\/\"]}]},{\"@type\":\"ImageObject\",\"inLanguage\":\"pt-PT\",\"@id\":\"https:\/\/portaltela.pt\/noticias\/2026\/04\/03\/guine-socialmente-caotico-afirma-karyna-gomes-e-kantigas-di-liberdadi\/#primaryimage\",\"url\":\"https:\/\/portaltela.pt\/s.01k8rhncp4jt1\/2026\/04\/tpUHdbIMAGENStypeJPGshare1oBarraFacebook_Ipsilon-2.jpg\",\"contentUrl\":\"https:\/\/portaltela.pt\/s.01k8rhncp4jt1\/2026\/04\/tpUHdbIMAGENStypeJPGshare1oBarraFacebook_Ipsilon-2.jpg\",\"width\":1200,\"height\":630,\"caption\":\"Karyna Gomes fotografada para a capa do disco\"},{\"@type\":\"BreadcrumbList\",\"@id\":\"https:\/\/portaltela.pt\/noticias\/2026\/04\/03\/guine-socialmente-caotico-afirma-karyna-gomes-e-kantigas-di-liberdadi\/#breadcrumb\",\"itemListElement\":[{\"@type\":\"ListItem\",\"position\":1,\"name\":\"In\u00edcio\",\"item\":\"https:\/\/portaltela.pt\/\"},{\"@type\":\"ListItem\",\"position\":2,\"name\":\"Guin\u00e9: socialmente ca\u00f3tico, afirma Karyna Gomes e Kantigas di Liberdadi\"}]},{\"@type\":\"WebSite\",\"@id\":\"https:\/\/portaltela.pt\/#website\",\"url\":\"https:\/\/portaltela.pt\/\",\"name\":\"Portal Tela Portugal\",\"description\":\"\",\"potentialAction\":[{\"@type\":\"SearchAction\",\"target\":{\"@type\":\"EntryPoint\",\"urlTemplate\":\"https:\/\/portaltela.pt\/?s={search_term_string}\"},\"query-input\":{\"@type\":\"PropertyValueSpecification\",\"valueRequired\":true,\"valueName\":\"search_term_string\"}}],\"inLanguage\":\"pt-PT\"},{\"@type\":\"Person\",\"@id\":\"https:\/\/portaltela.pt\/#\/schema\/person\/c4278d4a6028830caff9ee44b42d32ed\",\"name\":\"Telinha\",\"image\":{\"@type\":\"ImageObject\",\"inLanguage\":\"pt-PT\",\"@id\":\"https:\/\/portaltela.pt\/s.01k8rhncp4jt1\/2025\/11\/talking-bot-125x125.png\",\"url\":\"https:\/\/portaltela.pt\/s.01k8rhncp4jt1\/2025\/11\/talking-bot-125x125.png\",\"contentUrl\":\"https:\/\/portaltela.pt\/s.01k8rhncp4jt1\/2025\/11\/talking-bot-125x125.png\",\"caption\":\"Telinha\"},\"sameAs\":[\"https:\/\/portaltela.pt\/\"],\"url\":\"https:\/\/portaltela.pt\/por\/367410592786\/\"}]}<\/script>\n<!-- \/ Yoast SEO plugin. -->","yoast_head_json":{"title":"Guin\u00e9: socialmente ca\u00f3tico, afirma Karyna Gomes e Kantigas di Liberdadi - Portal Tela Portugal","robots":{"index":"index","follow":"follow","max-snippet":"max-snippet:-1","max-image-preview":"max-image-preview:large","max-video-preview":"max-video-preview:-1"},"og_locale":"pt_PT","og_type":"article","og_title":"Guin\u00e9: socialmente ca\u00f3tico, afirma Karyna Gomes e Kantigas di Liberdadi - Portal Tela Portugal","og_description":"Karyna Gomes lan\u00e7a o terceiro \u00e1lbum Kantigas di Liberdadi, que celebra a liberdade conquistada, sem esquecer as feridas. A estreia ao vivo est\u00e1 marcada para 24 de Julho, no B.Leza, em Lisboa, com os m\u00fasicos do disco e alguns convidados. Kantigas di Liberdadi sucede Mindjer (2014) e N\u2019Na (2021). O quarteto do \u00e1lbum inclui dois guineenses \u2014 Jerry Bidan (guitarra e direc\u00e7\u00e3o musical) e JP Miller (baixo) \u2014 e dois angolanos \u2014 Edv\u00e2nio Vunge (teclas) e D\u00edlson Groove (bateria). Convidados especiais: Alana Sink\u00eby e Mikas Cabral (Tabanka Djaz), al\u00e9m de Dara Haniel, filha de Karyna.","og_url":"https:\/\/portaltela.pt\/noticias\/2026\/04\/03\/guine-socialmente-caotico-afirma-karyna-gomes-e-kantigas-di-liberdadi\/","og_site_name":"Portal Tela Portugal","article_published_time":"2026-04-03T08:17:07+00:00","author":"Telinha","twitter_card":"summary_large_image","twitter_misc":{"Escrito por":"Telinha","Tempo estimado de leitura":"1 minuto"},"schema":{"@context":"https:\/\/schema.org","@graph":[{"@type":"Article","@id":"https:\/\/portaltela.pt\/noticias\/2026\/04\/03\/guine-socialmente-caotico-afirma-karyna-gomes-e-kantigas-di-liberdadi\/#article","isPartOf":{"@id":"https:\/\/portaltela.pt\/noticias\/2026\/04\/03\/guine-socialmente-caotico-afirma-karyna-gomes-e-kantigas-di-liberdadi\/"},"author":{"name":"Telinha","@id":"https:\/\/portaltela.pt\/#\/schema\/person\/c4278d4a6028830caff9ee44b42d32ed"},"headline":"Guin\u00e9: socialmente ca\u00f3tico, afirma Karyna Gomes e Kantigas di Liberdadi","datePublished":"2026-04-03T08:17:07+00:00","mainEntityOfPage":{"@id":"https:\/\/portaltela.pt\/noticias\/2026\/04\/03\/guine-socialmente-caotico-afirma-karyna-gomes-e-kantigas-di-liberdadi\/"},"wordCount":190,"image":{"@id":"https:\/\/portaltela.pt\/noticias\/2026\/04\/03\/guine-socialmente-caotico-afirma-karyna-gomes-e-kantigas-di-liberdadi\/#primaryimage"},"thumbnailUrl":"https:\/\/portaltela.pt\/s.01k8rhncp4jt1\/2026\/04\/tpUHdbIMAGENStypeJPGshare1oBarraFacebook_Ipsilon-2.jpg","keywords":["cantores","cultura","Guin\u00e9-Bissau","Lisboa","m\u00fasica","m\u00fasica ao vivo"],"articleSection":["M\u00fasica"],"inLanguage":"pt-PT"},{"@type":"WebPage","@id":"https:\/\/portaltela.pt\/noticias\/2026\/04\/03\/guine-socialmente-caotico-afirma-karyna-gomes-e-kantigas-di-liberdadi\/","url":"https:\/\/portaltela.pt\/noticias\/2026\/04\/03\/guine-socialmente-caotico-afirma-karyna-gomes-e-kantigas-di-liberdadi\/","name":"Guin\u00e9: socialmente ca\u00f3tico, afirma Karyna Gomes e Kantigas di Liberdadi - Portal Tela Portugal","isPartOf":{"@id":"https:\/\/portaltela.pt\/#website"},"primaryImageOfPage":{"@id":"https:\/\/portaltela.pt\/noticias\/2026\/04\/03\/guine-socialmente-caotico-afirma-karyna-gomes-e-kantigas-di-liberdadi\/#primaryimage"},"image":{"@id":"https:\/\/portaltela.pt\/noticias\/2026\/04\/03\/guine-socialmente-caotico-afirma-karyna-gomes-e-kantigas-di-liberdadi\/#primaryimage"},"thumbnailUrl":"https:\/\/portaltela.pt\/s.01k8rhncp4jt1\/2026\/04\/tpUHdbIMAGENStypeJPGshare1oBarraFacebook_Ipsilon-2.jpg","datePublished":"2026-04-03T08:17:07+00:00","author":{"@id":"https:\/\/portaltela.pt\/#\/schema\/person\/c4278d4a6028830caff9ee44b42d32ed"},"breadcrumb":{"@id":"https:\/\/portaltela.pt\/noticias\/2026\/04\/03\/guine-socialmente-caotico-afirma-karyna-gomes-e-kantigas-di-liberdadi\/#breadcrumb"},"inLanguage":"pt-PT","potentialAction":[{"@type":"ReadAction","target":["https:\/\/portaltela.pt\/noticias\/2026\/04\/03\/guine-socialmente-caotico-afirma-karyna-gomes-e-kantigas-di-liberdadi\/"]}]},{"@type":"ImageObject","inLanguage":"pt-PT","@id":"https:\/\/portaltela.pt\/noticias\/2026\/04\/03\/guine-socialmente-caotico-afirma-karyna-gomes-e-kantigas-di-liberdadi\/#primaryimage","url":"https:\/\/portaltela.pt\/s.01k8rhncp4jt1\/2026\/04\/tpUHdbIMAGENStypeJPGshare1oBarraFacebook_Ipsilon-2.jpg","contentUrl":"https:\/\/portaltela.pt\/s.01k8rhncp4jt1\/2026\/04\/tpUHdbIMAGENStypeJPGshare1oBarraFacebook_Ipsilon-2.jpg","width":1200,"height":630,"caption":"Karyna Gomes fotografada para a capa do disco"},{"@type":"BreadcrumbList","@id":"https:\/\/portaltela.pt\/noticias\/2026\/04\/03\/guine-socialmente-caotico-afirma-karyna-gomes-e-kantigas-di-liberdadi\/#breadcrumb","itemListElement":[{"@type":"ListItem","position":1,"name":"In\u00edcio","item":"https:\/\/portaltela.pt\/"},{"@type":"ListItem","position":2,"name":"Guin\u00e9: socialmente ca\u00f3tico, afirma Karyna Gomes e Kantigas di Liberdadi"}]},{"@type":"WebSite","@id":"https:\/\/portaltela.pt\/#website","url":"https:\/\/portaltela.pt\/","name":"Portal Tela Portugal","description":"","potentialAction":[{"@type":"SearchAction","target":{"@type":"EntryPoint","urlTemplate":"https:\/\/portaltela.pt\/?s={search_term_string}"},"query-input":{"@type":"PropertyValueSpecification","valueRequired":true,"valueName":"search_term_string"}}],"inLanguage":"pt-PT"},{"@type":"Person","@id":"https:\/\/portaltela.pt\/#\/schema\/person\/c4278d4a6028830caff9ee44b42d32ed","name":"Telinha","image":{"@type":"ImageObject","inLanguage":"pt-PT","@id":"https:\/\/portaltela.pt\/s.01k8rhncp4jt1\/2025\/11\/talking-bot-125x125.png","url":"https:\/\/portaltela.pt\/s.01k8rhncp4jt1\/2025\/11\/talking-bot-125x125.png","contentUrl":"https:\/\/portaltela.pt\/s.01k8rhncp4jt1\/2025\/11\/talking-bot-125x125.png","caption":"Telinha"},"sameAs":["https:\/\/portaltela.pt\/"],"url":"https:\/\/portaltela.pt\/por\/367410592786\/"}]}},"_links":{"self":[{"href":"https:\/\/portaltela.pt\/api\/wp\/v2\/posts\/431275","targetHints":{"allow":["GET"]}}],"collection":[{"href":"https:\/\/portaltela.pt\/api\/wp\/v2\/posts"}],"about":[{"href":"https:\/\/portaltela.pt\/api\/wp\/v2\/types\/post"}],"author":[{"embeddable":true,"href":"https:\/\/portaltela.pt\/api\/wp\/v2\/users\/2"}],"replies":[{"embeddable":true,"href":"https:\/\/portaltela.pt\/api\/wp\/v2\/comments?post=431275"}],"version-history":[{"count":0,"href":"https:\/\/portaltela.pt\/api\/wp\/v2\/posts\/431275\/revisions"}],"wp:featuredmedia":[{"embeddable":true,"href":"https:\/\/portaltela.pt\/api\/wp\/v2\/media\/431276"}],"wp:attachment":[{"href":"https:\/\/portaltela.pt\/api\/wp\/v2\/media?parent=431275"}],"wp:term":[{"taxonomy":"category","embeddable":true,"href":"https:\/\/portaltela.pt\/api\/wp\/v2\/categories?post=431275"},{"taxonomy":"post_tag","embeddable":true,"href":"https:\/\/portaltela.pt\/api\/wp\/v2\/tags?post=431275"}],"curies":[{"name":"wp","href":"https:\/\/api.w.org\/{rel}","templated":true}]}}