{"id":431273,"date":"2026-04-03T05:17:03","date_gmt":"2026-04-03T08:17:03","guid":{"rendered":"https:\/\/portaltela.pt\/noticias\/2026\/04\/03\/ida-a-lua-radiacao-pulseiras-e-o-corpo-humano\/"},"modified":"2026-04-03T05:17:03","modified_gmt":"2026-04-03T08:17:03","slug":"ida-a-lua-radiacao-pulseiras-e-o-corpo-humano","status":"publish","type":"post","link":"https:\/\/portaltela.pt\/tecnologia\/2026\/04\/03\/ida-a-lua-radiacao-pulseiras-e-o-corpo-humano\/","title":{"rendered":"Ida \u00e0 Lua: radia\u00e7\u00e3o, pulseiras e o corpo humano"},"content":{"rendered":"<p>A miss\u00e3o \u00c1rtemis II prepara o regresso dos humanos \u00e0 vizinhan\u00e7a da Lua e envolve um conjunto de experi\u00eancias para observar como o corpo reage a viagens espaciais. No cub\u00edculo da c\u00e1psula Orion, quatro astronautas v\u00e3o ficar em apenas dez dias, enquanto testes biol\u00f3gicos acompanham o desempenho humano.<\/p>\n<p>Um dos focos \u00e9 a experi\u00eancia \u201cAvatar\u201d, com dispositivos didados de apenas alguns cent\u00edmetros. Cada astronauta fornece uma amostra de medula \u00f3ssea para estudar a produ\u00e7\u00e3o de c\u00e9lulas sangu\u00edneas face \u00e0 radia\u00e7\u00e3o no espa\u00e7o.<\/p>\n<p>Paralelamente, o estudo utiliza pulseiras que registam dados como frequ\u00eancia card\u00edaca e sono, proporcionando um quadro comparativo com registos feitos em solo. O objetivo \u00e9 mapear respostas fisiol\u00f3gicas durante a trajet\u00f3ria para a Lua.<\/p>\n<h3>Experi\u00eancia Avatar<\/h3>\n<p>Os quatro dispositivos cont\u00eam tecidos da medula \u00f3ssea para avaliar a resist\u00eancia a ambientes de alta radia\u00e7\u00e3o. A medula \u00f3ssea \u00e9 crucial para a produ\u00e7\u00e3o de gl\u00f3bulos e plaquetas, indicando potenciais riscos para miss\u00f5es de longa dura\u00e7\u00e3o.<\/p>\n<p>A radia\u00e7\u00e3o no espa\u00e7o, diferente da Esta\u00e7\u00e3o Espacial Internacional (ISS), carece de prote\u00e7\u00e3o magn\u00e9tica da Terra. Por isso, resultados da experi\u00eancia podem orientar futuras bases lunares e miss\u00f5es mais longas, incluindo eventual regresso a Marte.<\/p>\n<h3>Perspetivas e impactos<\/h3>\n<p>As pulseiras permitem comparar o comportamento humano entre confinamento de dez dias e condi\u00e7\u00f5es terrestres. Este dado ajuda a entender psicologia, ritmo circadiano e adapta\u00e7\u00f5es ao ambiente de microgravidade.<\/p>\n<p>A ISS opera a uma altitude onde o campo magn\u00e9tico oferece alguma prote\u00e7\u00e3o, ao passo que viajar para a Lua envolve maiores exposi\u00e7\u00f5es. A iniciativa integra a estrat\u00e9gia da NASA para aferir limites do corpo humano antes de futuras jornadas interplanet\u00e1rias.<\/p>\n","protected":false},"excerpt":{"rendered":"<ul>\n<li>A miss\u00e3o Artemis II envolve a c\u00e1psula \u00d3rion com quatro astronautas e inclui testes para estudar os efeitos da viagem \u00e0 Lua no corpo humano, como dispositivos com c\u00e9lulas da medula \u00f3ssea.<\/li>\n<li>O conjunto de dispositivos, designado \u201cAvatar\u201d, cont\u00e9m amostras de medula \u00f3ssea para observar a produ\u00e7\u00e3o de c\u00e9lulas sangu\u00edneas e identificar riscos \u00e0 sa\u00fade em futuras viagens lunares.<\/li>\n<li>Em paralelo, os astronautas usar\u00e3o pulseiras que monitorizam ritmo card\u00edaco e qualidade do sono, durante dez dias de confina\u00e7\u00e3o no espa\u00e7o, para comparar com registos anteriores.<\/li>\n<li>A radia\u00e7\u00e3o espacial \u00e9 um foco central, visto que a Lua e o caminho at\u00e9 l\u00e1 carecem da prote\u00e7\u00e3o do campo magn\u00e9tico da Terra, ao contr\u00e1rio da Esta\u00e7\u00e3o Espacial Internacional.<\/li>\n<li>A miss\u00e3o tamb\u00e9m serve para investigar aspetos psicol\u00f3gicos da aus\u00eancia de contacto prolongado e de espa\u00e7os confinados, contribuindo para preparativos de miss\u00f5es a Marte e para o estudo da vida na Terra atrav\u00e9s da Lua.<\/li>\n<\/ul>\n","protected":false},"author":2,"featured_media":431274,"comment_status":"closed","ping_status":"closed","sticky":false,"template":"","format":"standard","meta":{"footnotes":""},"categories":[6716],"tags":[2625,2982,7186,1992,108,215],"class_list":["post-431273","post","type-post","status-publish","format-standard","has-post-thumbnail","hentry","category-tecnologia","tag-aeronautica","tag-agencia-espacial-portuguesa","tag-astronomia","tag-ciencia","tag-corpo","tag-investigacao"],"yoast_head":"<!-- This site is optimized with the Yoast SEO plugin v27.2 - https:\/\/yoast.com\/product\/yoast-seo-wordpress\/ -->\n<title>Ida \u00e0 Lua: radia\u00e7\u00e3o, pulseiras e o corpo humano - Portal Tela Portugal<\/title>\n<meta name=\"robots\" content=\"index, follow, max-snippet:-1, max-image-preview:large, max-video-preview:-1\" \/>\n<meta property=\"og:locale\" content=\"pt_PT\" \/>\n<meta property=\"og:type\" content=\"article\" \/>\n<meta property=\"og:title\" content=\"Ida \u00e0 Lua: radia\u00e7\u00e3o, pulseiras e o corpo humano - Portal Tela Portugal\" \/>\n<meta property=\"og:description\" content=\"A miss\u00e3o Artemis II envolve a c\u00e1psula \u00d3rion com quatro astronautas e inclui testes para estudar os efeitos da viagem \u00e0 Lua no corpo humano, como dispositivos com c\u00e9lulas da medula \u00f3ssea. O conjunto de dispositivos, designado \u201cAvatar\u201d, cont\u00e9m amostras de medula \u00f3ssea para observar a produ\u00e7\u00e3o de c\u00e9lulas sangu\u00edneas e identificar riscos \u00e0 sa\u00fade em futuras viagens lunares. Em paralelo, os astronautas usar\u00e3o pulseiras que monitorizam ritmo card\u00edaco e qualidade do sono, durante dez dias de confina\u00e7\u00e3o no espa\u00e7o, para comparar com registos anteriores. A radia\u00e7\u00e3o espacial \u00e9 um foco central, visto que a Lua e o caminho at\u00e9 l\u00e1 carecem da prote\u00e7\u00e3o do campo magn\u00e9tico da Terra, ao contr\u00e1rio da Esta\u00e7\u00e3o Espacial Internacional. A miss\u00e3o tamb\u00e9m serve para investigar aspetos psicol\u00f3gicos da aus\u00eancia de contacto prolongado e de espa\u00e7os confinados, contribuindo para preparativos de miss\u00f5es a Marte e para o estudo da vida na Terra atrav\u00e9s da Lua.\" \/>\n<meta property=\"og:url\" content=\"https:\/\/portaltela.pt\/noticias\/2026\/04\/03\/ida-a-lua-radiacao-pulseiras-e-o-corpo-humano\/\" \/>\n<meta property=\"og:site_name\" content=\"Portal Tela Portugal\" \/>\n<meta property=\"article:published_time\" content=\"2026-04-03T08:17:03+00:00\" \/>\n<meta name=\"author\" content=\"Telinha\" \/>\n<meta name=\"twitter:card\" content=\"summary_large_image\" \/>\n<meta name=\"twitter:label1\" content=\"Escrito por\" \/>\n\t<meta name=\"twitter:data1\" content=\"Telinha\" \/>\n\t<meta name=\"twitter:label2\" content=\"Tempo estimado de leitura\" \/>\n\t<meta name=\"twitter:data2\" content=\"1 minuto\" \/>\n<script type=\"application\/ld+json\" class=\"yoast-schema-graph\">{\"@context\":\"https:\/\/schema.org\",\"@graph\":[{\"@type\":\"Article\",\"@id\":\"https:\/\/portaltela.pt\/noticias\/2026\/04\/03\/ida-a-lua-radiacao-pulseiras-e-o-corpo-humano\/#article\",\"isPartOf\":{\"@id\":\"https:\/\/portaltela.pt\/noticias\/2026\/04\/03\/ida-a-lua-radiacao-pulseiras-e-o-corpo-humano\/\"},\"author\":{\"name\":\"Telinha\",\"@id\":\"https:\/\/portaltela.pt\/#\/schema\/person\/c4278d4a6028830caff9ee44b42d32ed\"},\"headline\":\"Ida \u00e0 Lua: radia\u00e7\u00e3o, pulseiras e o corpo humano\",\"datePublished\":\"2026-04-03T08:17:03+00:00\",\"mainEntityOfPage\":{\"@id\":\"https:\/\/portaltela.pt\/noticias\/2026\/04\/03\/ida-a-lua-radiacao-pulseiras-e-o-corpo-humano\/\"},\"wordCount\":307,\"image\":{\"@id\":\"https:\/\/portaltela.pt\/noticias\/2026\/04\/03\/ida-a-lua-radiacao-pulseiras-e-o-corpo-humano\/#primaryimage\"},\"thumbnailUrl\":\"https:\/\/portaltela.pt\/s.01k8rhncp4jt1\/2026\/04\/tpUHdbIMAGENStypeJPGx858y252share1oBarraFacebook_Publico.jpg\",\"keywords\":[\"aeron\u00e1utica\",\"Ag\u00eancia Espacial Portuguesa\",\"astronomia\",\"ci\u00eancia\",\"corpo\",\"investiga\u00e7\u00e3o\"],\"articleSection\":[\"Tecnologia\"],\"inLanguage\":\"pt-PT\"},{\"@type\":\"WebPage\",\"@id\":\"https:\/\/portaltela.pt\/noticias\/2026\/04\/03\/ida-a-lua-radiacao-pulseiras-e-o-corpo-humano\/\",\"url\":\"https:\/\/portaltela.pt\/noticias\/2026\/04\/03\/ida-a-lua-radiacao-pulseiras-e-o-corpo-humano\/\",\"name\":\"Ida \u00e0 Lua: radia\u00e7\u00e3o, pulseiras e o corpo humano - Portal Tela Portugal\",\"isPartOf\":{\"@id\":\"https:\/\/portaltela.pt\/#website\"},\"primaryImageOfPage\":{\"@id\":\"https:\/\/portaltela.pt\/noticias\/2026\/04\/03\/ida-a-lua-radiacao-pulseiras-e-o-corpo-humano\/#primaryimage\"},\"image\":{\"@id\":\"https:\/\/portaltela.pt\/noticias\/2026\/04\/03\/ida-a-lua-radiacao-pulseiras-e-o-corpo-humano\/#primaryimage\"},\"thumbnailUrl\":\"https:\/\/portaltela.pt\/s.01k8rhncp4jt1\/2026\/04\/tpUHdbIMAGENStypeJPGx858y252share1oBarraFacebook_Publico.jpg\",\"datePublished\":\"2026-04-03T08:17:03+00:00\",\"author\":{\"@id\":\"https:\/\/portaltela.pt\/#\/schema\/person\/c4278d4a6028830caff9ee44b42d32ed\"},\"breadcrumb\":{\"@id\":\"https:\/\/portaltela.pt\/noticias\/2026\/04\/03\/ida-a-lua-radiacao-pulseiras-e-o-corpo-humano\/#breadcrumb\"},\"inLanguage\":\"pt-PT\",\"potentialAction\":[{\"@type\":\"ReadAction\",\"target\":[\"https:\/\/portaltela.pt\/noticias\/2026\/04\/03\/ida-a-lua-radiacao-pulseiras-e-o-corpo-humano\/\"]}]},{\"@type\":\"ImageObject\",\"inLanguage\":\"pt-PT\",\"@id\":\"https:\/\/portaltela.pt\/noticias\/2026\/04\/03\/ida-a-lua-radiacao-pulseiras-e-o-corpo-humano\/#primaryimage\",\"url\":\"https:\/\/portaltela.pt\/s.01k8rhncp4jt1\/2026\/04\/tpUHdbIMAGENStypeJPGx858y252share1oBarraFacebook_Publico.jpg\",\"contentUrl\":\"https:\/\/portaltela.pt\/s.01k8rhncp4jt1\/2026\/04\/tpUHdbIMAGENStypeJPGx858y252share1oBarraFacebook_Publico.jpg\",\"width\":1200,\"height\":630,\"caption\":\"A experi\u00eancia *Avatar*, que ter\u00e1 c\u00e9lulas dos astronautas nestes pequenos dispositivos, vai a bordo da miss\u00e3o \u00c1rtemis II\"},{\"@type\":\"BreadcrumbList\",\"@id\":\"https:\/\/portaltela.pt\/noticias\/2026\/04\/03\/ida-a-lua-radiacao-pulseiras-e-o-corpo-humano\/#breadcrumb\",\"itemListElement\":[{\"@type\":\"ListItem\",\"position\":1,\"name\":\"In\u00edcio\",\"item\":\"https:\/\/portaltela.pt\/\"},{\"@type\":\"ListItem\",\"position\":2,\"name\":\"Ida \u00e0 Lua: radia\u00e7\u00e3o, pulseiras e o corpo humano\"}]},{\"@type\":\"WebSite\",\"@id\":\"https:\/\/portaltela.pt\/#website\",\"url\":\"https:\/\/portaltela.pt\/\",\"name\":\"Portal Tela Portugal\",\"description\":\"\",\"potentialAction\":[{\"@type\":\"SearchAction\",\"target\":{\"@type\":\"EntryPoint\",\"urlTemplate\":\"https:\/\/portaltela.pt\/?s={search_term_string}\"},\"query-input\":{\"@type\":\"PropertyValueSpecification\",\"valueRequired\":true,\"valueName\":\"search_term_string\"}}],\"inLanguage\":\"pt-PT\"},{\"@type\":\"Person\",\"@id\":\"https:\/\/portaltela.pt\/#\/schema\/person\/c4278d4a6028830caff9ee44b42d32ed\",\"name\":\"Telinha\",\"image\":{\"@type\":\"ImageObject\",\"inLanguage\":\"pt-PT\",\"@id\":\"https:\/\/portaltela.pt\/s.01k8rhncp4jt1\/2025\/11\/talking-bot-125x125.png\",\"url\":\"https:\/\/portaltela.pt\/s.01k8rhncp4jt1\/2025\/11\/talking-bot-125x125.png\",\"contentUrl\":\"https:\/\/portaltela.pt\/s.01k8rhncp4jt1\/2025\/11\/talking-bot-125x125.png\",\"caption\":\"Telinha\"},\"sameAs\":[\"https:\/\/portaltela.pt\/\"],\"url\":\"https:\/\/portaltela.pt\/por\/367410592786\/\"}]}<\/script>\n<!-- \/ Yoast SEO plugin. -->","yoast_head_json":{"title":"Ida \u00e0 Lua: radia\u00e7\u00e3o, pulseiras e o corpo humano - Portal Tela Portugal","robots":{"index":"index","follow":"follow","max-snippet":"max-snippet:-1","max-image-preview":"max-image-preview:large","max-video-preview":"max-video-preview:-1"},"og_locale":"pt_PT","og_type":"article","og_title":"Ida \u00e0 Lua: radia\u00e7\u00e3o, pulseiras e o corpo humano - Portal Tela Portugal","og_description":"A miss\u00e3o Artemis II envolve a c\u00e1psula \u00d3rion com quatro astronautas e inclui testes para estudar os efeitos da viagem \u00e0 Lua no corpo humano, como dispositivos com c\u00e9lulas da medula \u00f3ssea. O conjunto de dispositivos, designado \u201cAvatar\u201d, cont\u00e9m amostras de medula \u00f3ssea para observar a produ\u00e7\u00e3o de c\u00e9lulas sangu\u00edneas e identificar riscos \u00e0 sa\u00fade em futuras viagens lunares. Em paralelo, os astronautas usar\u00e3o pulseiras que monitorizam ritmo card\u00edaco e qualidade do sono, durante dez dias de confina\u00e7\u00e3o no espa\u00e7o, para comparar com registos anteriores. A radia\u00e7\u00e3o espacial \u00e9 um foco central, visto que a Lua e o caminho at\u00e9 l\u00e1 carecem da prote\u00e7\u00e3o do campo magn\u00e9tico da Terra, ao contr\u00e1rio da Esta\u00e7\u00e3o Espacial Internacional. A miss\u00e3o tamb\u00e9m serve para investigar aspetos psicol\u00f3gicos da aus\u00eancia de contacto prolongado e de espa\u00e7os confinados, contribuindo para preparativos de miss\u00f5es a Marte e para o estudo da vida na Terra atrav\u00e9s da Lua.","og_url":"https:\/\/portaltela.pt\/noticias\/2026\/04\/03\/ida-a-lua-radiacao-pulseiras-e-o-corpo-humano\/","og_site_name":"Portal Tela Portugal","article_published_time":"2026-04-03T08:17:03+00:00","author":"Telinha","twitter_card":"summary_large_image","twitter_misc":{"Escrito por":"Telinha","Tempo estimado de leitura":"1 minuto"},"schema":{"@context":"https:\/\/schema.org","@graph":[{"@type":"Article","@id":"https:\/\/portaltela.pt\/noticias\/2026\/04\/03\/ida-a-lua-radiacao-pulseiras-e-o-corpo-humano\/#article","isPartOf":{"@id":"https:\/\/portaltela.pt\/noticias\/2026\/04\/03\/ida-a-lua-radiacao-pulseiras-e-o-corpo-humano\/"},"author":{"name":"Telinha","@id":"https:\/\/portaltela.pt\/#\/schema\/person\/c4278d4a6028830caff9ee44b42d32ed"},"headline":"Ida \u00e0 Lua: radia\u00e7\u00e3o, pulseiras e o corpo humano","datePublished":"2026-04-03T08:17:03+00:00","mainEntityOfPage":{"@id":"https:\/\/portaltela.pt\/noticias\/2026\/04\/03\/ida-a-lua-radiacao-pulseiras-e-o-corpo-humano\/"},"wordCount":307,"image":{"@id":"https:\/\/portaltela.pt\/noticias\/2026\/04\/03\/ida-a-lua-radiacao-pulseiras-e-o-corpo-humano\/#primaryimage"},"thumbnailUrl":"https:\/\/portaltela.pt\/s.01k8rhncp4jt1\/2026\/04\/tpUHdbIMAGENStypeJPGx858y252share1oBarraFacebook_Publico.jpg","keywords":["aeron\u00e1utica","Ag\u00eancia Espacial Portuguesa","astronomia","ci\u00eancia","corpo","investiga\u00e7\u00e3o"],"articleSection":["Tecnologia"],"inLanguage":"pt-PT"},{"@type":"WebPage","@id":"https:\/\/portaltela.pt\/noticias\/2026\/04\/03\/ida-a-lua-radiacao-pulseiras-e-o-corpo-humano\/","url":"https:\/\/portaltela.pt\/noticias\/2026\/04\/03\/ida-a-lua-radiacao-pulseiras-e-o-corpo-humano\/","name":"Ida \u00e0 Lua: radia\u00e7\u00e3o, pulseiras e o corpo humano - Portal Tela Portugal","isPartOf":{"@id":"https:\/\/portaltela.pt\/#website"},"primaryImageOfPage":{"@id":"https:\/\/portaltela.pt\/noticias\/2026\/04\/03\/ida-a-lua-radiacao-pulseiras-e-o-corpo-humano\/#primaryimage"},"image":{"@id":"https:\/\/portaltela.pt\/noticias\/2026\/04\/03\/ida-a-lua-radiacao-pulseiras-e-o-corpo-humano\/#primaryimage"},"thumbnailUrl":"https:\/\/portaltela.pt\/s.01k8rhncp4jt1\/2026\/04\/tpUHdbIMAGENStypeJPGx858y252share1oBarraFacebook_Publico.jpg","datePublished":"2026-04-03T08:17:03+00:00","author":{"@id":"https:\/\/portaltela.pt\/#\/schema\/person\/c4278d4a6028830caff9ee44b42d32ed"},"breadcrumb":{"@id":"https:\/\/portaltela.pt\/noticias\/2026\/04\/03\/ida-a-lua-radiacao-pulseiras-e-o-corpo-humano\/#breadcrumb"},"inLanguage":"pt-PT","potentialAction":[{"@type":"ReadAction","target":["https:\/\/portaltela.pt\/noticias\/2026\/04\/03\/ida-a-lua-radiacao-pulseiras-e-o-corpo-humano\/"]}]},{"@type":"ImageObject","inLanguage":"pt-PT","@id":"https:\/\/portaltela.pt\/noticias\/2026\/04\/03\/ida-a-lua-radiacao-pulseiras-e-o-corpo-humano\/#primaryimage","url":"https:\/\/portaltela.pt\/s.01k8rhncp4jt1\/2026\/04\/tpUHdbIMAGENStypeJPGx858y252share1oBarraFacebook_Publico.jpg","contentUrl":"https:\/\/portaltela.pt\/s.01k8rhncp4jt1\/2026\/04\/tpUHdbIMAGENStypeJPGx858y252share1oBarraFacebook_Publico.jpg","width":1200,"height":630,"caption":"A experi\u00eancia *Avatar*, que ter\u00e1 c\u00e9lulas dos astronautas nestes pequenos dispositivos, vai a bordo da miss\u00e3o \u00c1rtemis II"},{"@type":"BreadcrumbList","@id":"https:\/\/portaltela.pt\/noticias\/2026\/04\/03\/ida-a-lua-radiacao-pulseiras-e-o-corpo-humano\/#breadcrumb","itemListElement":[{"@type":"ListItem","position":1,"name":"In\u00edcio","item":"https:\/\/portaltela.pt\/"},{"@type":"ListItem","position":2,"name":"Ida \u00e0 Lua: radia\u00e7\u00e3o, pulseiras e o corpo humano"}]},{"@type":"WebSite","@id":"https:\/\/portaltela.pt\/#website","url":"https:\/\/portaltela.pt\/","name":"Portal Tela Portugal","description":"","potentialAction":[{"@type":"SearchAction","target":{"@type":"EntryPoint","urlTemplate":"https:\/\/portaltela.pt\/?s={search_term_string}"},"query-input":{"@type":"PropertyValueSpecification","valueRequired":true,"valueName":"search_term_string"}}],"inLanguage":"pt-PT"},{"@type":"Person","@id":"https:\/\/portaltela.pt\/#\/schema\/person\/c4278d4a6028830caff9ee44b42d32ed","name":"Telinha","image":{"@type":"ImageObject","inLanguage":"pt-PT","@id":"https:\/\/portaltela.pt\/s.01k8rhncp4jt1\/2025\/11\/talking-bot-125x125.png","url":"https:\/\/portaltela.pt\/s.01k8rhncp4jt1\/2025\/11\/talking-bot-125x125.png","contentUrl":"https:\/\/portaltela.pt\/s.01k8rhncp4jt1\/2025\/11\/talking-bot-125x125.png","caption":"Telinha"},"sameAs":["https:\/\/portaltela.pt\/"],"url":"https:\/\/portaltela.pt\/por\/367410592786\/"}]}},"_links":{"self":[{"href":"https:\/\/portaltela.pt\/api\/wp\/v2\/posts\/431273","targetHints":{"allow":["GET"]}}],"collection":[{"href":"https:\/\/portaltela.pt\/api\/wp\/v2\/posts"}],"about":[{"href":"https:\/\/portaltela.pt\/api\/wp\/v2\/types\/post"}],"author":[{"embeddable":true,"href":"https:\/\/portaltela.pt\/api\/wp\/v2\/users\/2"}],"replies":[{"embeddable":true,"href":"https:\/\/portaltela.pt\/api\/wp\/v2\/comments?post=431273"}],"version-history":[{"count":0,"href":"https:\/\/portaltela.pt\/api\/wp\/v2\/posts\/431273\/revisions"}],"wp:featuredmedia":[{"embeddable":true,"href":"https:\/\/portaltela.pt\/api\/wp\/v2\/media\/431274"}],"wp:attachment":[{"href":"https:\/\/portaltela.pt\/api\/wp\/v2\/media?parent=431273"}],"wp:term":[{"taxonomy":"category","embeddable":true,"href":"https:\/\/portaltela.pt\/api\/wp\/v2\/categories?post=431273"},{"taxonomy":"post_tag","embeddable":true,"href":"https:\/\/portaltela.pt\/api\/wp\/v2\/tags?post=431273"}],"curies":[{"name":"wp","href":"https:\/\/api.w.org\/{rel}","templated":true}]}}