{"id":431267,"date":"2026-04-03T05:16:56","date_gmt":"2026-04-03T08:16:56","guid":{"rendered":"https:\/\/portaltela.pt\/noticias\/2026\/04\/03\/palmeiras-de-abel-ferreira-vence-gremio-e-lidera-o-brasileirao\/"},"modified":"2026-04-03T05:16:56","modified_gmt":"2026-04-03T08:16:56","slug":"palmeiras-de-abel-ferreira-vence-gremio-e-lidera-o-brasileirao","status":"publish","type":"post","link":"https:\/\/portaltela.pt\/desporto\/futebol\/2026\/04\/03\/palmeiras-de-abel-ferreira-vence-gremio-e-lidera-o-brasileirao\/","title":{"rendered":"Palmeiras de Abel Ferreira vence Gr\u00eamio e lidera o Brasileir\u00e3o"},"content":{"rendered":"<p>O Palmeiras, orientado interinamente por Jo\u00e3o Martins devido \u00e0 suspens\u00e3o de Abel Ferreira, derrotou o Gr\u00eamio por 2-1, na jornada 9 do Brasileir\u00e3o, num jogo disputado em casa. O clube paulista segue na lideran\u00e7a isolada.<\/p>\n<p>Marlon Freitas foi decisivo, ao marcar os dois golos do Palmeiras, aos 44 e 72 minutos. Carlos Vin\u00edcius, ex-Benfica, reduziu para o Gr\u00eamio e mant\u00e9m-se como o melhor marcador da competi\u00e7\u00e3o, com 7 golos.<\/p>\n<p>Com o triunfo, o Palmeiras soma 22 pontos, mais 3 que o Fluminense (2.\u00ba) e mais 5 que o Bahia (3.\u00ba), este com menos um jogo. O Gr\u00eamio ocupa a 10.\u00aa posi\u00e7\u00e3o, com 11 pontos.<\/p>\n","protected":false},"excerpt":{"rendered":"<ul>\n<li>O Palmeiras, orientado por Abel Ferreira, venceu o Gr\u00e9mio por 2-1 no Brasileir\u00e3o, mantendo a lideran\u00e7a isolada (Abel estava suspenso; Jo\u00e3o Martins substituiu-o no banco).<\/li>\n<li>Marlon Freitas marcou os dois golos do Palmeiras, aos 44 e aos 72 minutos.<\/li>\n<li>Carlos Vin\u00edcius, ex-jogador do Benfica, anotou o golo do Gr\u00e9mio e segue como o melhor marcador da competi\u00e7\u00e3o, com sete tentos.<\/li>\n<li>O Palmeiras soma 22 pontos, seguido pelo Fluminense com 19 e pelo Bahia com 17, este \u00faltimo com menos um jogo disputado.<\/li>\n<li>O Gr\u00e9mio \u00e9 10.\u00ba colocado, com 11 pontos.<\/li>\n<\/ul>\n","protected":false},"author":2,"featured_media":431269,"comment_status":"closed","ping_status":"closed","sticky":false,"template":"","format":"standard","meta":{"footnotes":""},"categories":[21,24],"tags":[89,7738,32,242,6802,7737],"class_list":["post-431267","post","type-post","status-publish","format-standard","has-post-thumbnail","hentry","category-desporto","category-futebol","tag-brasileirao","tag-carlos-vinicius","tag-futebol","tag-jogadores","tag-lideranca","tag-marlon-freitas"],"yoast_head":"<!-- This site is optimized with the Yoast SEO plugin v27.2 - https:\/\/yoast.com\/product\/yoast-seo-wordpress\/ -->\n<title>Palmeiras de Abel Ferreira vence Gr\u00eamio e lidera o Brasileir\u00e3o - Portal Tela Portugal<\/title>\n<meta name=\"robots\" content=\"index, follow, max-snippet:-1, max-image-preview:large, max-video-preview:-1\" \/>\n<meta property=\"og:locale\" content=\"pt_PT\" \/>\n<meta property=\"og:type\" content=\"article\" \/>\n<meta property=\"og:title\" content=\"Palmeiras de Abel Ferreira vence Gr\u00eamio e lidera o Brasileir\u00e3o - Portal Tela Portugal\" \/>\n<meta property=\"og:description\" content=\"O Palmeiras, orientado por Abel Ferreira, venceu o Gr\u00e9mio por 2-1 no Brasileir\u00e3o, mantendo a lideran\u00e7a isolada (Abel estava suspenso; Jo\u00e3o Martins substituiu-o no banco). Marlon Freitas marcou os dois golos do Palmeiras, aos 44 e aos 72 minutos. Carlos Vin\u00edcius, ex-jogador do Benfica, anotou o golo do Gr\u00e9mio e segue como o melhor marcador da competi\u00e7\u00e3o, com sete tentos. O Palmeiras soma 22 pontos, seguido pelo Fluminense com 19 e pelo Bahia com 17, este \u00faltimo com menos um jogo disputado. O Gr\u00e9mio \u00e9 10.\u00ba colocado, com 11 pontos.\" \/>\n<meta property=\"og:url\" content=\"https:\/\/portaltela.pt\/noticias\/2026\/04\/03\/palmeiras-de-abel-ferreira-vence-gremio-e-lidera-o-brasileirao\/\" \/>\n<meta property=\"og:site_name\" content=\"Portal Tela Portugal\" \/>\n<meta property=\"article:published_time\" content=\"2026-04-03T08:16:56+00:00\" \/>\n<meta name=\"author\" content=\"Telinha\" \/>\n<meta name=\"twitter:card\" content=\"summary_large_image\" \/>\n<meta name=\"twitter:label1\" content=\"Escrito por\" \/>\n\t<meta name=\"twitter:data1\" content=\"Telinha\" \/>\n\t<meta name=\"twitter:label2\" content=\"Tempo estimado de leitura\" \/>\n\t<meta name=\"twitter:data2\" content=\"1 minuto\" \/>\n<script type=\"application\/ld+json\" class=\"yoast-schema-graph\">{\"@context\":\"https:\/\/schema.org\",\"@graph\":[{\"@type\":\"Article\",\"@id\":\"https:\/\/portaltela.pt\/noticias\/2026\/04\/03\/palmeiras-de-abel-ferreira-vence-gremio-e-lidera-o-brasileirao\/#article\",\"isPartOf\":{\"@id\":\"https:\/\/portaltela.pt\/noticias\/2026\/04\/03\/palmeiras-de-abel-ferreira-vence-gremio-e-lidera-o-brasileirao\/\"},\"author\":{\"name\":\"Telinha\",\"@id\":\"https:\/\/portaltela.pt\/#\/schema\/person\/c4278d4a6028830caff9ee44b42d32ed\"},\"headline\":\"Palmeiras de Abel Ferreira vence Gr\u00eamio e lidera o Brasileir\u00e3o\",\"datePublished\":\"2026-04-03T08:16:56+00:00\",\"mainEntityOfPage\":{\"@id\":\"https:\/\/portaltela.pt\/noticias\/2026\/04\/03\/palmeiras-de-abel-ferreira-vence-gremio-e-lidera-o-brasileirao\/\"},\"wordCount\":115,\"image\":{\"@id\":\"https:\/\/portaltela.pt\/noticias\/2026\/04\/03\/palmeiras-de-abel-ferreira-vence-gremio-e-lidera-o-brasileirao\/#primaryimage\"},\"thumbnailUrl\":\"https:\/\/portaltela.pt\/s.01k8rhncp4jt1\/2026\/04\/img_920x518uu2026-04-03-09-04-57-2430840.jpg\",\"keywords\":[\"brasileir\u00e3o\",\"Carlos Vin\u00edcius\",\"futebol\",\"jogadores\",\"lideran\u00e7a\",\"Marlon Freitas\"],\"articleSection\":[\"Desporto\",\"Futebol\"],\"inLanguage\":\"pt-PT\"},{\"@type\":\"WebPage\",\"@id\":\"https:\/\/portaltela.pt\/noticias\/2026\/04\/03\/palmeiras-de-abel-ferreira-vence-gremio-e-lidera-o-brasileirao\/\",\"url\":\"https:\/\/portaltela.pt\/noticias\/2026\/04\/03\/palmeiras-de-abel-ferreira-vence-gremio-e-lidera-o-brasileirao\/\",\"name\":\"Palmeiras de Abel Ferreira vence Gr\u00eamio e lidera o Brasileir\u00e3o - Portal Tela Portugal\",\"isPartOf\":{\"@id\":\"https:\/\/portaltela.pt\/#website\"},\"primaryImageOfPage\":{\"@id\":\"https:\/\/portaltela.pt\/noticias\/2026\/04\/03\/palmeiras-de-abel-ferreira-vence-gremio-e-lidera-o-brasileirao\/#primaryimage\"},\"image\":{\"@id\":\"https:\/\/portaltela.pt\/noticias\/2026\/04\/03\/palmeiras-de-abel-ferreira-vence-gremio-e-lidera-o-brasileirao\/#primaryimage\"},\"thumbnailUrl\":\"https:\/\/portaltela.pt\/s.01k8rhncp4jt1\/2026\/04\/img_920x518uu2026-04-03-09-04-57-2430840.jpg\",\"datePublished\":\"2026-04-03T08:16:56+00:00\",\"author\":{\"@id\":\"https:\/\/portaltela.pt\/#\/schema\/person\/c4278d4a6028830caff9ee44b42d32ed\"},\"breadcrumb\":{\"@id\":\"https:\/\/portaltela.pt\/noticias\/2026\/04\/03\/palmeiras-de-abel-ferreira-vence-gremio-e-lidera-o-brasileirao\/#breadcrumb\"},\"inLanguage\":\"pt-PT\",\"potentialAction\":[{\"@type\":\"ReadAction\",\"target\":[\"https:\/\/portaltela.pt\/noticias\/2026\/04\/03\/palmeiras-de-abel-ferreira-vence-gremio-e-lidera-o-brasileirao\/\"]}]},{\"@type\":\"ImageObject\",\"inLanguage\":\"pt-PT\",\"@id\":\"https:\/\/portaltela.pt\/noticias\/2026\/04\/03\/palmeiras-de-abel-ferreira-vence-gremio-e-lidera-o-brasileirao\/#primaryimage\",\"url\":\"https:\/\/portaltela.pt\/s.01k8rhncp4jt1\/2026\/04\/img_920x518uu2026-04-03-09-04-57-2430840.jpg\",\"contentUrl\":\"https:\/\/portaltela.pt\/s.01k8rhncp4jt1\/2026\/04\/img_920x518uu2026-04-03-09-04-57-2430840.jpg\",\"width\":796,\"height\":448,\"caption\":\"Marlon Freitas marcou dois golos contra o Gr\u00e9mio\"},{\"@type\":\"BreadcrumbList\",\"@id\":\"https:\/\/portaltela.pt\/noticias\/2026\/04\/03\/palmeiras-de-abel-ferreira-vence-gremio-e-lidera-o-brasileirao\/#breadcrumb\",\"itemListElement\":[{\"@type\":\"ListItem\",\"position\":1,\"name\":\"In\u00edcio\",\"item\":\"https:\/\/portaltela.pt\/\"},{\"@type\":\"ListItem\",\"position\":2,\"name\":\"Palmeiras de Abel Ferreira vence Gr\u00eamio e lidera o Brasileir\u00e3o\"}]},{\"@type\":\"WebSite\",\"@id\":\"https:\/\/portaltela.pt\/#website\",\"url\":\"https:\/\/portaltela.pt\/\",\"name\":\"Portal Tela Portugal\",\"description\":\"\",\"potentialAction\":[{\"@type\":\"SearchAction\",\"target\":{\"@type\":\"EntryPoint\",\"urlTemplate\":\"https:\/\/portaltela.pt\/?s={search_term_string}\"},\"query-input\":{\"@type\":\"PropertyValueSpecification\",\"valueRequired\":true,\"valueName\":\"search_term_string\"}}],\"inLanguage\":\"pt-PT\"},{\"@type\":\"Person\",\"@id\":\"https:\/\/portaltela.pt\/#\/schema\/person\/c4278d4a6028830caff9ee44b42d32ed\",\"name\":\"Telinha\",\"image\":{\"@type\":\"ImageObject\",\"inLanguage\":\"pt-PT\",\"@id\":\"https:\/\/portaltela.pt\/s.01k8rhncp4jt1\/2025\/11\/talking-bot-125x125.png\",\"url\":\"https:\/\/portaltela.pt\/s.01k8rhncp4jt1\/2025\/11\/talking-bot-125x125.png\",\"contentUrl\":\"https:\/\/portaltela.pt\/s.01k8rhncp4jt1\/2025\/11\/talking-bot-125x125.png\",\"caption\":\"Telinha\"},\"sameAs\":[\"https:\/\/portaltela.pt\/\"],\"url\":\"https:\/\/portaltela.pt\/por\/367410592786\/\"}]}<\/script>\n<!-- \/ Yoast SEO plugin. -->","yoast_head_json":{"title":"Palmeiras de Abel Ferreira vence Gr\u00eamio e lidera o Brasileir\u00e3o - Portal Tela Portugal","robots":{"index":"index","follow":"follow","max-snippet":"max-snippet:-1","max-image-preview":"max-image-preview:large","max-video-preview":"max-video-preview:-1"},"og_locale":"pt_PT","og_type":"article","og_title":"Palmeiras de Abel Ferreira vence Gr\u00eamio e lidera o Brasileir\u00e3o - Portal Tela Portugal","og_description":"O Palmeiras, orientado por Abel Ferreira, venceu o Gr\u00e9mio por 2-1 no Brasileir\u00e3o, mantendo a lideran\u00e7a isolada (Abel estava suspenso; Jo\u00e3o Martins substituiu-o no banco). Marlon Freitas marcou os dois golos do Palmeiras, aos 44 e aos 72 minutos. Carlos Vin\u00edcius, ex-jogador do Benfica, anotou o golo do Gr\u00e9mio e segue como o melhor marcador da competi\u00e7\u00e3o, com sete tentos. O Palmeiras soma 22 pontos, seguido pelo Fluminense com 19 e pelo Bahia com 17, este \u00faltimo com menos um jogo disputado. O Gr\u00e9mio \u00e9 10.\u00ba colocado, com 11 pontos.","og_url":"https:\/\/portaltela.pt\/noticias\/2026\/04\/03\/palmeiras-de-abel-ferreira-vence-gremio-e-lidera-o-brasileirao\/","og_site_name":"Portal Tela Portugal","article_published_time":"2026-04-03T08:16:56+00:00","author":"Telinha","twitter_card":"summary_large_image","twitter_misc":{"Escrito por":"Telinha","Tempo estimado de leitura":"1 minuto"},"schema":{"@context":"https:\/\/schema.org","@graph":[{"@type":"Article","@id":"https:\/\/portaltela.pt\/noticias\/2026\/04\/03\/palmeiras-de-abel-ferreira-vence-gremio-e-lidera-o-brasileirao\/#article","isPartOf":{"@id":"https:\/\/portaltela.pt\/noticias\/2026\/04\/03\/palmeiras-de-abel-ferreira-vence-gremio-e-lidera-o-brasileirao\/"},"author":{"name":"Telinha","@id":"https:\/\/portaltela.pt\/#\/schema\/person\/c4278d4a6028830caff9ee44b42d32ed"},"headline":"Palmeiras de Abel Ferreira vence Gr\u00eamio e lidera o Brasileir\u00e3o","datePublished":"2026-04-03T08:16:56+00:00","mainEntityOfPage":{"@id":"https:\/\/portaltela.pt\/noticias\/2026\/04\/03\/palmeiras-de-abel-ferreira-vence-gremio-e-lidera-o-brasileirao\/"},"wordCount":115,"image":{"@id":"https:\/\/portaltela.pt\/noticias\/2026\/04\/03\/palmeiras-de-abel-ferreira-vence-gremio-e-lidera-o-brasileirao\/#primaryimage"},"thumbnailUrl":"https:\/\/portaltela.pt\/s.01k8rhncp4jt1\/2026\/04\/img_920x518uu2026-04-03-09-04-57-2430840.jpg","keywords":["brasileir\u00e3o","Carlos Vin\u00edcius","futebol","jogadores","lideran\u00e7a","Marlon Freitas"],"articleSection":["Desporto","Futebol"],"inLanguage":"pt-PT"},{"@type":"WebPage","@id":"https:\/\/portaltela.pt\/noticias\/2026\/04\/03\/palmeiras-de-abel-ferreira-vence-gremio-e-lidera-o-brasileirao\/","url":"https:\/\/portaltela.pt\/noticias\/2026\/04\/03\/palmeiras-de-abel-ferreira-vence-gremio-e-lidera-o-brasileirao\/","name":"Palmeiras de Abel Ferreira vence Gr\u00eamio e lidera o Brasileir\u00e3o - Portal Tela Portugal","isPartOf":{"@id":"https:\/\/portaltela.pt\/#website"},"primaryImageOfPage":{"@id":"https:\/\/portaltela.pt\/noticias\/2026\/04\/03\/palmeiras-de-abel-ferreira-vence-gremio-e-lidera-o-brasileirao\/#primaryimage"},"image":{"@id":"https:\/\/portaltela.pt\/noticias\/2026\/04\/03\/palmeiras-de-abel-ferreira-vence-gremio-e-lidera-o-brasileirao\/#primaryimage"},"thumbnailUrl":"https:\/\/portaltela.pt\/s.01k8rhncp4jt1\/2026\/04\/img_920x518uu2026-04-03-09-04-57-2430840.jpg","datePublished":"2026-04-03T08:16:56+00:00","author":{"@id":"https:\/\/portaltela.pt\/#\/schema\/person\/c4278d4a6028830caff9ee44b42d32ed"},"breadcrumb":{"@id":"https:\/\/portaltela.pt\/noticias\/2026\/04\/03\/palmeiras-de-abel-ferreira-vence-gremio-e-lidera-o-brasileirao\/#breadcrumb"},"inLanguage":"pt-PT","potentialAction":[{"@type":"ReadAction","target":["https:\/\/portaltela.pt\/noticias\/2026\/04\/03\/palmeiras-de-abel-ferreira-vence-gremio-e-lidera-o-brasileirao\/"]}]},{"@type":"ImageObject","inLanguage":"pt-PT","@id":"https:\/\/portaltela.pt\/noticias\/2026\/04\/03\/palmeiras-de-abel-ferreira-vence-gremio-e-lidera-o-brasileirao\/#primaryimage","url":"https:\/\/portaltela.pt\/s.01k8rhncp4jt1\/2026\/04\/img_920x518uu2026-04-03-09-04-57-2430840.jpg","contentUrl":"https:\/\/portaltela.pt\/s.01k8rhncp4jt1\/2026\/04\/img_920x518uu2026-04-03-09-04-57-2430840.jpg","width":796,"height":448,"caption":"Marlon Freitas marcou dois golos contra o Gr\u00e9mio"},{"@type":"BreadcrumbList","@id":"https:\/\/portaltela.pt\/noticias\/2026\/04\/03\/palmeiras-de-abel-ferreira-vence-gremio-e-lidera-o-brasileirao\/#breadcrumb","itemListElement":[{"@type":"ListItem","position":1,"name":"In\u00edcio","item":"https:\/\/portaltela.pt\/"},{"@type":"ListItem","position":2,"name":"Palmeiras de Abel Ferreira vence Gr\u00eamio e lidera o Brasileir\u00e3o"}]},{"@type":"WebSite","@id":"https:\/\/portaltela.pt\/#website","url":"https:\/\/portaltela.pt\/","name":"Portal Tela Portugal","description":"","potentialAction":[{"@type":"SearchAction","target":{"@type":"EntryPoint","urlTemplate":"https:\/\/portaltela.pt\/?s={search_term_string}"},"query-input":{"@type":"PropertyValueSpecification","valueRequired":true,"valueName":"search_term_string"}}],"inLanguage":"pt-PT"},{"@type":"Person","@id":"https:\/\/portaltela.pt\/#\/schema\/person\/c4278d4a6028830caff9ee44b42d32ed","name":"Telinha","image":{"@type":"ImageObject","inLanguage":"pt-PT","@id":"https:\/\/portaltela.pt\/s.01k8rhncp4jt1\/2025\/11\/talking-bot-125x125.png","url":"https:\/\/portaltela.pt\/s.01k8rhncp4jt1\/2025\/11\/talking-bot-125x125.png","contentUrl":"https:\/\/portaltela.pt\/s.01k8rhncp4jt1\/2025\/11\/talking-bot-125x125.png","caption":"Telinha"},"sameAs":["https:\/\/portaltela.pt\/"],"url":"https:\/\/portaltela.pt\/por\/367410592786\/"}]}},"_links":{"self":[{"href":"https:\/\/portaltela.pt\/api\/wp\/v2\/posts\/431267","targetHints":{"allow":["GET"]}}],"collection":[{"href":"https:\/\/portaltela.pt\/api\/wp\/v2\/posts"}],"about":[{"href":"https:\/\/portaltela.pt\/api\/wp\/v2\/types\/post"}],"author":[{"embeddable":true,"href":"https:\/\/portaltela.pt\/api\/wp\/v2\/users\/2"}],"replies":[{"embeddable":true,"href":"https:\/\/portaltela.pt\/api\/wp\/v2\/comments?post=431267"}],"version-history":[{"count":0,"href":"https:\/\/portaltela.pt\/api\/wp\/v2\/posts\/431267\/revisions"}],"wp:featuredmedia":[{"embeddable":true,"href":"https:\/\/portaltela.pt\/api\/wp\/v2\/media\/431269"}],"wp:attachment":[{"href":"https:\/\/portaltela.pt\/api\/wp\/v2\/media?parent=431267"}],"wp:term":[{"taxonomy":"category","embeddable":true,"href":"https:\/\/portaltela.pt\/api\/wp\/v2\/categories?post=431267"},{"taxonomy":"post_tag","embeddable":true,"href":"https:\/\/portaltela.pt\/api\/wp\/v2\/tags?post=431267"}],"curies":[{"name":"wp","href":"https:\/\/api.w.org\/{rel}","templated":true}]}}