{"id":431224,"date":"2026-04-03T04:02:28","date_gmt":"2026-04-03T07:02:28","guid":{"rendered":"https:\/\/portaltela.pt\/noticias\/2026\/04\/03\/agricultura-lidera-vistos-na-via-verde-da-imigracao-em-portugal\/"},"modified":"2026-04-03T04:02:28","modified_gmt":"2026-04-03T07:02:28","slug":"agricultura-lidera-vistos-na-via-verde-da-imigracao-em-portugal","status":"publish","type":"post","link":"https:\/\/portaltela.pt\/sociedade\/2026\/04\/03\/agricultura-lidera-vistos-na-via-verde-da-imigracao-em-portugal\/","title":{"rendered":"Agricultura lidera vistos na via verde da imigra\u00e7\u00e3o em Portugal"},"content":{"rendered":"<p>O Governo apresenta ao Jornal de Not\u00edcias um balan\u00e7o positivo, um ano depois de entrar em vigor o mecanismo da via verde para imigra\u00e7\u00e3o, com foco na agricultura em Portugal. O objetivo \u00e9 acelerar os processos de visto e facilitar a contrata\u00e7\u00e3o de trabalhadores estrangeiros.<\/p>\n<p>Segundo o executivo, os procedimentos tornaram-se mais c\u00e9leres e a ades\u00e3o por parte das empresas do setor agr\u00edcola aumentou, contribuindo para satisfazer a procura sazonal de m\u00e3o de obra. As autoridades destacam a melhoria de tempos de resposta.<\/p>\n<p>A iniciativa visa responder \u00e0s necessidades do setor agr\u00edcola, que depende de m\u00e3o de obra externa em per\u00edodos cr\u00edticos. O balan\u00e7o destaca impactos no funcionamento das explora\u00e7\u00f5es, com ades\u00f5es consistentes por parte de empresas do ramo.<\/p>\n","protected":false},"excerpt":{"rendered":"<ul>\n<li>Passou um ano desde a entrada em vigor do mecanismo da \u201cvia verde\u201d da imigra\u00e7\u00e3o em Portugal.<\/li>\n<li>A agricultura lidera a concess\u00e3o de vistos no programa, com maior ades\u00e3o de empresas.<\/li>\n<li>O Governo destaca a rapidez dos processos como um dos ganhos do mecanismo.<\/li>\n<li>Regista-se um aumento da ades\u00e3o por parte de empresas interessadas em trabalhadores estrangeiros para a agricultura.<\/li>\n<li>O balan\u00e7o foi apresentado ao Jornal de Not\u00edcias pelo Governo.<\/li>\n<\/ul>\n","protected":false},"author":2,"featured_media":431227,"comment_status":"closed","ping_status":"closed","sticky":false,"template":"","format":"standard","meta":{"footnotes":""},"categories":[7384,6871],"tags":[6416,179,712,6612,1014,2841],"class_list":["post-431224","post","type-post","status-publish","format-standard","has-post-thumbnail","hentry","category-curiosidades","category-sociedade","tag-agricultores","tag-agricultura","tag-imigracao","tag-imigracao-internacional","tag-portugal","tag-trabalhadores"],"yoast_head":"<!-- This site is optimized with the Yoast SEO plugin v27.2 - https:\/\/yoast.com\/product\/yoast-seo-wordpress\/ -->\n<title>Agricultura lidera vistos na via verde da imigra\u00e7\u00e3o em Portugal - Portal Tela Portugal<\/title>\n<meta name=\"robots\" content=\"index, follow, max-snippet:-1, max-image-preview:large, max-video-preview:-1\" \/>\n<meta property=\"og:locale\" content=\"pt_PT\" \/>\n<meta property=\"og:type\" content=\"article\" \/>\n<meta property=\"og:title\" content=\"Agricultura lidera vistos na via verde da imigra\u00e7\u00e3o em Portugal - Portal Tela Portugal\" \/>\n<meta property=\"og:description\" content=\"Passou um ano desde a entrada em vigor do mecanismo da \u201cvia verde\u201d da imigra\u00e7\u00e3o em Portugal. A agricultura lidera a concess\u00e3o de vistos no programa, com maior ades\u00e3o de empresas. O Governo destaca a rapidez dos processos como um dos ganhos do mecanismo. Regista-se um aumento da ades\u00e3o por parte de empresas interessadas em trabalhadores estrangeiros para a agricultura. O balan\u00e7o foi apresentado ao Jornal de Not\u00edcias pelo Governo.\" \/>\n<meta property=\"og:url\" content=\"https:\/\/portaltela.pt\/noticias\/2026\/04\/03\/agricultura-lidera-vistos-na-via-verde-da-imigracao-em-portugal\/\" \/>\n<meta property=\"og:site_name\" content=\"Portal Tela Portugal\" \/>\n<meta property=\"article:published_time\" content=\"2026-04-03T07:02:28+00:00\" \/>\n<meta name=\"author\" content=\"Telinha\" \/>\n<meta name=\"twitter:card\" content=\"summary_large_image\" \/>\n<meta name=\"twitter:label1\" content=\"Escrito por\" \/>\n\t<meta name=\"twitter:data1\" content=\"Telinha\" \/>\n\t<meta name=\"twitter:label2\" content=\"Tempo estimado de leitura\" \/>\n\t<meta name=\"twitter:data2\" content=\"1 minuto\" \/>\n<script type=\"application\/ld+json\" class=\"yoast-schema-graph\">{\"@context\":\"https:\/\/schema.org\",\"@graph\":[{\"@type\":\"Article\",\"@id\":\"https:\/\/portaltela.pt\/noticias\/2026\/04\/03\/agricultura-lidera-vistos-na-via-verde-da-imigracao-em-portugal\/#article\",\"isPartOf\":{\"@id\":\"https:\/\/portaltela.pt\/noticias\/2026\/04\/03\/agricultura-lidera-vistos-na-via-verde-da-imigracao-em-portugal\/\"},\"author\":{\"name\":\"Telinha\",\"@id\":\"https:\/\/portaltela.pt\/#\/schema\/person\/c4278d4a6028830caff9ee44b42d32ed\"},\"headline\":\"Agricultura lidera vistos na via verde da imigra\u00e7\u00e3o em Portugal\",\"datePublished\":\"2026-04-03T07:02:28+00:00\",\"mainEntityOfPage\":{\"@id\":\"https:\/\/portaltela.pt\/noticias\/2026\/04\/03\/agricultura-lidera-vistos-na-via-verde-da-imigracao-em-portugal\/\"},\"wordCount\":144,\"image\":{\"@id\":\"https:\/\/portaltela.pt\/noticias\/2026\/04\/03\/agricultura-lidera-vistos-na-via-verde-da-imigracao-em-portugal\/#primaryimage\"},\"thumbnailUrl\":\"https:\/\/portaltela.pt\/s.01k8rhncp4jt1\/2026\/04\/image-144.jpg\",\"keywords\":[\"agricultores\",\"agricultura\",\"imigra\u00e7\u00e3o\",\"imigra\u00e7\u00e3o internacional\",\"Portugal\",\"trabalhadores\"],\"articleSection\":[\"Curiosidades\",\"Sociedade\"],\"inLanguage\":\"pt-PT\"},{\"@type\":\"WebPage\",\"@id\":\"https:\/\/portaltela.pt\/noticias\/2026\/04\/03\/agricultura-lidera-vistos-na-via-verde-da-imigracao-em-portugal\/\",\"url\":\"https:\/\/portaltela.pt\/noticias\/2026\/04\/03\/agricultura-lidera-vistos-na-via-verde-da-imigracao-em-portugal\/\",\"name\":\"Agricultura lidera vistos na via verde da imigra\u00e7\u00e3o em Portugal - Portal Tela Portugal\",\"isPartOf\":{\"@id\":\"https:\/\/portaltela.pt\/#website\"},\"primaryImageOfPage\":{\"@id\":\"https:\/\/portaltela.pt\/noticias\/2026\/04\/03\/agricultura-lidera-vistos-na-via-verde-da-imigracao-em-portugal\/#primaryimage\"},\"image\":{\"@id\":\"https:\/\/portaltela.pt\/noticias\/2026\/04\/03\/agricultura-lidera-vistos-na-via-verde-da-imigracao-em-portugal\/#primaryimage\"},\"thumbnailUrl\":\"https:\/\/portaltela.pt\/s.01k8rhncp4jt1\/2026\/04\/image-144.jpg\",\"datePublished\":\"2026-04-03T07:02:28+00:00\",\"author\":{\"@id\":\"https:\/\/portaltela.pt\/#\/schema\/person\/c4278d4a6028830caff9ee44b42d32ed\"},\"breadcrumb\":{\"@id\":\"https:\/\/portaltela.pt\/noticias\/2026\/04\/03\/agricultura-lidera-vistos-na-via-verde-da-imigracao-em-portugal\/#breadcrumb\"},\"inLanguage\":\"pt-PT\",\"potentialAction\":[{\"@type\":\"ReadAction\",\"target\":[\"https:\/\/portaltela.pt\/noticias\/2026\/04\/03\/agricultura-lidera-vistos-na-via-verde-da-imigracao-em-portugal\/\"]}]},{\"@type\":\"ImageObject\",\"inLanguage\":\"pt-PT\",\"@id\":\"https:\/\/portaltela.pt\/noticias\/2026\/04\/03\/agricultura-lidera-vistos-na-via-verde-da-imigracao-em-portugal\/#primaryimage\",\"url\":\"https:\/\/portaltela.pt\/s.01k8rhncp4jt1\/2026\/04\/image-144.jpg\",\"contentUrl\":\"https:\/\/portaltela.pt\/s.01k8rhncp4jt1\/2026\/04\/image-144.jpg\",\"width\":796,\"height\":448,\"caption\":\"Imigrantes chegam a Portugal maioiritariamente para trabalhar na agricultura\"},{\"@type\":\"BreadcrumbList\",\"@id\":\"https:\/\/portaltela.pt\/noticias\/2026\/04\/03\/agricultura-lidera-vistos-na-via-verde-da-imigracao-em-portugal\/#breadcrumb\",\"itemListElement\":[{\"@type\":\"ListItem\",\"position\":1,\"name\":\"In\u00edcio\",\"item\":\"https:\/\/portaltela.pt\/\"},{\"@type\":\"ListItem\",\"position\":2,\"name\":\"Agricultura lidera vistos na via verde da imigra\u00e7\u00e3o em Portugal\"}]},{\"@type\":\"WebSite\",\"@id\":\"https:\/\/portaltela.pt\/#website\",\"url\":\"https:\/\/portaltela.pt\/\",\"name\":\"Portal Tela Portugal\",\"description\":\"\",\"potentialAction\":[{\"@type\":\"SearchAction\",\"target\":{\"@type\":\"EntryPoint\",\"urlTemplate\":\"https:\/\/portaltela.pt\/?s={search_term_string}\"},\"query-input\":{\"@type\":\"PropertyValueSpecification\",\"valueRequired\":true,\"valueName\":\"search_term_string\"}}],\"inLanguage\":\"pt-PT\"},{\"@type\":\"Person\",\"@id\":\"https:\/\/portaltela.pt\/#\/schema\/person\/c4278d4a6028830caff9ee44b42d32ed\",\"name\":\"Telinha\",\"image\":{\"@type\":\"ImageObject\",\"inLanguage\":\"pt-PT\",\"@id\":\"https:\/\/portaltela.pt\/s.01k8rhncp4jt1\/2025\/11\/talking-bot-125x125.png\",\"url\":\"https:\/\/portaltela.pt\/s.01k8rhncp4jt1\/2025\/11\/talking-bot-125x125.png\",\"contentUrl\":\"https:\/\/portaltela.pt\/s.01k8rhncp4jt1\/2025\/11\/talking-bot-125x125.png\",\"caption\":\"Telinha\"},\"sameAs\":[\"https:\/\/portaltela.pt\/\"],\"url\":\"https:\/\/portaltela.pt\/por\/367410592786\/\"}]}<\/script>\n<!-- \/ Yoast SEO plugin. -->","yoast_head_json":{"title":"Agricultura lidera vistos na via verde da imigra\u00e7\u00e3o em Portugal - Portal Tela Portugal","robots":{"index":"index","follow":"follow","max-snippet":"max-snippet:-1","max-image-preview":"max-image-preview:large","max-video-preview":"max-video-preview:-1"},"og_locale":"pt_PT","og_type":"article","og_title":"Agricultura lidera vistos na via verde da imigra\u00e7\u00e3o em Portugal - Portal Tela Portugal","og_description":"Passou um ano desde a entrada em vigor do mecanismo da \u201cvia verde\u201d da imigra\u00e7\u00e3o em Portugal. A agricultura lidera a concess\u00e3o de vistos no programa, com maior ades\u00e3o de empresas. O Governo destaca a rapidez dos processos como um dos ganhos do mecanismo. Regista-se um aumento da ades\u00e3o por parte de empresas interessadas em trabalhadores estrangeiros para a agricultura. O balan\u00e7o foi apresentado ao Jornal de Not\u00edcias pelo Governo.","og_url":"https:\/\/portaltela.pt\/noticias\/2026\/04\/03\/agricultura-lidera-vistos-na-via-verde-da-imigracao-em-portugal\/","og_site_name":"Portal Tela Portugal","article_published_time":"2026-04-03T07:02:28+00:00","author":"Telinha","twitter_card":"summary_large_image","twitter_misc":{"Escrito por":"Telinha","Tempo estimado de leitura":"1 minuto"},"schema":{"@context":"https:\/\/schema.org","@graph":[{"@type":"Article","@id":"https:\/\/portaltela.pt\/noticias\/2026\/04\/03\/agricultura-lidera-vistos-na-via-verde-da-imigracao-em-portugal\/#article","isPartOf":{"@id":"https:\/\/portaltela.pt\/noticias\/2026\/04\/03\/agricultura-lidera-vistos-na-via-verde-da-imigracao-em-portugal\/"},"author":{"name":"Telinha","@id":"https:\/\/portaltela.pt\/#\/schema\/person\/c4278d4a6028830caff9ee44b42d32ed"},"headline":"Agricultura lidera vistos na via verde da imigra\u00e7\u00e3o em Portugal","datePublished":"2026-04-03T07:02:28+00:00","mainEntityOfPage":{"@id":"https:\/\/portaltela.pt\/noticias\/2026\/04\/03\/agricultura-lidera-vistos-na-via-verde-da-imigracao-em-portugal\/"},"wordCount":144,"image":{"@id":"https:\/\/portaltela.pt\/noticias\/2026\/04\/03\/agricultura-lidera-vistos-na-via-verde-da-imigracao-em-portugal\/#primaryimage"},"thumbnailUrl":"https:\/\/portaltela.pt\/s.01k8rhncp4jt1\/2026\/04\/image-144.jpg","keywords":["agricultores","agricultura","imigra\u00e7\u00e3o","imigra\u00e7\u00e3o internacional","Portugal","trabalhadores"],"articleSection":["Curiosidades","Sociedade"],"inLanguage":"pt-PT"},{"@type":"WebPage","@id":"https:\/\/portaltela.pt\/noticias\/2026\/04\/03\/agricultura-lidera-vistos-na-via-verde-da-imigracao-em-portugal\/","url":"https:\/\/portaltela.pt\/noticias\/2026\/04\/03\/agricultura-lidera-vistos-na-via-verde-da-imigracao-em-portugal\/","name":"Agricultura lidera vistos na via verde da imigra\u00e7\u00e3o em Portugal - Portal Tela Portugal","isPartOf":{"@id":"https:\/\/portaltela.pt\/#website"},"primaryImageOfPage":{"@id":"https:\/\/portaltela.pt\/noticias\/2026\/04\/03\/agricultura-lidera-vistos-na-via-verde-da-imigracao-em-portugal\/#primaryimage"},"image":{"@id":"https:\/\/portaltela.pt\/noticias\/2026\/04\/03\/agricultura-lidera-vistos-na-via-verde-da-imigracao-em-portugal\/#primaryimage"},"thumbnailUrl":"https:\/\/portaltela.pt\/s.01k8rhncp4jt1\/2026\/04\/image-144.jpg","datePublished":"2026-04-03T07:02:28+00:00","author":{"@id":"https:\/\/portaltela.pt\/#\/schema\/person\/c4278d4a6028830caff9ee44b42d32ed"},"breadcrumb":{"@id":"https:\/\/portaltela.pt\/noticias\/2026\/04\/03\/agricultura-lidera-vistos-na-via-verde-da-imigracao-em-portugal\/#breadcrumb"},"inLanguage":"pt-PT","potentialAction":[{"@type":"ReadAction","target":["https:\/\/portaltela.pt\/noticias\/2026\/04\/03\/agricultura-lidera-vistos-na-via-verde-da-imigracao-em-portugal\/"]}]},{"@type":"ImageObject","inLanguage":"pt-PT","@id":"https:\/\/portaltela.pt\/noticias\/2026\/04\/03\/agricultura-lidera-vistos-na-via-verde-da-imigracao-em-portugal\/#primaryimage","url":"https:\/\/portaltela.pt\/s.01k8rhncp4jt1\/2026\/04\/image-144.jpg","contentUrl":"https:\/\/portaltela.pt\/s.01k8rhncp4jt1\/2026\/04\/image-144.jpg","width":796,"height":448,"caption":"Imigrantes chegam a Portugal maioiritariamente para trabalhar na agricultura"},{"@type":"BreadcrumbList","@id":"https:\/\/portaltela.pt\/noticias\/2026\/04\/03\/agricultura-lidera-vistos-na-via-verde-da-imigracao-em-portugal\/#breadcrumb","itemListElement":[{"@type":"ListItem","position":1,"name":"In\u00edcio","item":"https:\/\/portaltela.pt\/"},{"@type":"ListItem","position":2,"name":"Agricultura lidera vistos na via verde da imigra\u00e7\u00e3o em Portugal"}]},{"@type":"WebSite","@id":"https:\/\/portaltela.pt\/#website","url":"https:\/\/portaltela.pt\/","name":"Portal Tela Portugal","description":"","potentialAction":[{"@type":"SearchAction","target":{"@type":"EntryPoint","urlTemplate":"https:\/\/portaltela.pt\/?s={search_term_string}"},"query-input":{"@type":"PropertyValueSpecification","valueRequired":true,"valueName":"search_term_string"}}],"inLanguage":"pt-PT"},{"@type":"Person","@id":"https:\/\/portaltela.pt\/#\/schema\/person\/c4278d4a6028830caff9ee44b42d32ed","name":"Telinha","image":{"@type":"ImageObject","inLanguage":"pt-PT","@id":"https:\/\/portaltela.pt\/s.01k8rhncp4jt1\/2025\/11\/talking-bot-125x125.png","url":"https:\/\/portaltela.pt\/s.01k8rhncp4jt1\/2025\/11\/talking-bot-125x125.png","contentUrl":"https:\/\/portaltela.pt\/s.01k8rhncp4jt1\/2025\/11\/talking-bot-125x125.png","caption":"Telinha"},"sameAs":["https:\/\/portaltela.pt\/"],"url":"https:\/\/portaltela.pt\/por\/367410592786\/"}]}},"_links":{"self":[{"href":"https:\/\/portaltela.pt\/api\/wp\/v2\/posts\/431224","targetHints":{"allow":["GET"]}}],"collection":[{"href":"https:\/\/portaltela.pt\/api\/wp\/v2\/posts"}],"about":[{"href":"https:\/\/portaltela.pt\/api\/wp\/v2\/types\/post"}],"author":[{"embeddable":true,"href":"https:\/\/portaltela.pt\/api\/wp\/v2\/users\/2"}],"replies":[{"embeddable":true,"href":"https:\/\/portaltela.pt\/api\/wp\/v2\/comments?post=431224"}],"version-history":[{"count":0,"href":"https:\/\/portaltela.pt\/api\/wp\/v2\/posts\/431224\/revisions"}],"wp:featuredmedia":[{"embeddable":true,"href":"https:\/\/portaltela.pt\/api\/wp\/v2\/media\/431227"}],"wp:attachment":[{"href":"https:\/\/portaltela.pt\/api\/wp\/v2\/media?parent=431224"}],"wp:term":[{"taxonomy":"category","embeddable":true,"href":"https:\/\/portaltela.pt\/api\/wp\/v2\/categories?post=431224"},{"taxonomy":"post_tag","embeddable":true,"href":"https:\/\/portaltela.pt\/api\/wp\/v2\/tags?post=431224"}],"curies":[{"name":"wp","href":"https:\/\/api.w.org\/{rel}","templated":true}]}}