{"id":431206,"date":"2026-04-03T03:52:14","date_gmt":"2026-04-03T06:52:14","guid":{"rendered":"https:\/\/portaltela.pt\/noticias\/2026\/04\/03\/termina-hoje-o-regime-europeu-de-detecao-de-abuso-sexual-de-menores-online\/"},"modified":"2026-04-03T03:52:14","modified_gmt":"2026-04-03T06:52:14","slug":"termina-hoje-o-regime-europeu-de-detecao-de-abuso-sexual-de-menores-online","status":"publish","type":"post","link":"https:\/\/portaltela.pt\/justica\/2026\/04\/03\/termina-hoje-o-regime-europeu-de-detecao-de-abuso-sexual-de-menores-online\/","title":{"rendered":"Termina hoje o regime europeu de dete\u00e7\u00e3o de abuso sexual de menores online"},"content":{"rendered":"<p>O regime europeu que permite detetar abuso sexual de crian\u00e7as online termina hoje, deixando as plataformas tecnol\u00f3gicas sob regime provis\u00f3rio. A suspens\u00e3o ocorre no \u00e2mbito de um acordo entre o Parlamento Europeu e o Conselho da UE, que n\u00e3o chegou a um entendimento sobre o mecanismo legal necess\u00e1rio para detectar e denunciar conte\u00fados de abuso infantil.<\/p>\n<p>As regras tempor\u00e1rias, em vigor desde 2021, salvaguardavam a possibilidade de detetar conte\u00fados com abuso sexual de menores sem ficarem automaticamente enquadradas pela diretiva de privacidade nas comunica\u00e7\u00f5es eletr\u00f3nicas (eprivacy). Com o fim desta exce\u00e7\u00e3o, as plataformas passam a ter de cumprir a norma geral de prote\u00e7\u00e3o de dados, at\u00e9 que exista um quadro legislativo permanente.<\/p>\n<p>Segundo Tito Morais, fundador do projeto MiudosSegurosNa.Net, o fim do regime representa uma viragem grave para os direitos da crian\u00e7a a n\u00edvel europeu. Morais assegura que se verifica uma forte quebra nas den\u00fancias de material de abuso, estimando uma redu\u00e7\u00e3o entre 80% e 90%, o que, afirma, pode aumentar a circula\u00e7\u00e3o desse conte\u00fado nas plataformas.<\/p>\n<p>A elimina\u00e7\u00e3o do mecanismo de dete\u00e7\u00e3o ocorre num contexto de desacordo entre as institui\u00e7\u00f5es da UE. A Comiss\u00e3o Europeia defendia manter salvaguardas e limites \u00e0 privacidade, enquanto o Parlamento Europeu pretendia introduzir altera\u00e7\u00f5es ao regime existente, o que levou a uma diferen\u00e7a de posi\u00e7\u00f5es com o Conselho de Ministros.<\/p>\n<p>Morais afirma que a privacidade n\u00e3o \u00e9 afetada pela detec\u00e7\u00e3o de material de abuso e critica a narrativa de que h\u00e1 conflito entre direitos. O respons\u00e1vel aponta que, tal como as plataformas rastreiam comunica\u00e7\u00f5es para eliminar v\u00edrus e spyware, tamb\u00e9m poderiam detectar conte\u00fados de explora\u00e7\u00e3o infantil sem violar princ\u00edpios b\u00e1sicos de privacidade.<\/p>\n<p>Relativamente ao que vem a seguir, o respons\u00e1vel indica que permanece em discuss\u00e3o um regulamento espec\u00edfico para o abuso sexual de crian\u00e7as, incluindo o mundo online, mas reconhece o atraso no processo legislativo. ONG e organiza\u00e7\u00f5es internacionais t\u00eam apelado a uma solu\u00e7\u00e3o, com uma declara\u00e7\u00e3o conjunta subscrita por centenas de entidades.<\/p>\n<p>Mesmo com o regime tempor\u00e1rio, Morais aponta para um aumento no volume de imagens de abuso exploradas pela Intelig\u00eancia Artificial. O respons\u00e1vel antecipa que, com o fim do regime, esse crescimento poder\u00e1 intensificar-se, refor\u00e7ando o alerta de que h\u00e1 menos trav\u00f5es legais para a circula\u00e7\u00e3o desse material.<\/p>\n<p>A aus\u00eancia de um quadro permanente deixa um vazio legislativo, alertam plataformas e organiza\u00e7\u00f5es de prote\u00e7\u00e3o de crian\u00e7as. Mant\u00eam-se press\u00f5es para obter uma solu\u00e7\u00e3o r\u00e1pida que permita a detec\u00e7\u00e3o e den\u00fancia de conte\u00fados impr\u00f3prios, de forma coordenada entre autoridades, plataformas e entidades da sociedade civil.<\/p>\n","protected":false},"excerpt":{"rendered":"<ul>\n<li>O regime europeu que permitia detetar abuso sexual de crian\u00e7as online termina hoje, com as plataformas proibidas de rastrear e denunciar esse material at\u00e9 existir um quadro legislativo permanente acordado entre o Parlamento Europeu e o Conselho da UE.<\/li>\n<li>As regras provis\u00f3rias estavam em vigor desde 2021 e expiravam nesta sexta-feira, aliviando temporariamente a aplica\u00e7\u00e3o da diretiva de privacidade nas comunica\u00e7\u00f5es eletr\u00f3nicas (ePrivacy) em casos de dete\u00e7\u00e3o de conte\u00fados de abuso infantil.<\/li>\n<li>O fundador do projeto MiudosSegurosNa.Net, Tito Morais, afirma que o encerramento representa uma \u201cp\u00e1gina negra\u201d nos direitos da crian\u00e7a a n\u00edvel europeu, esperando um decr\u00e9scimo de 80 a 90 por cento nas den\u00fancias de conte\u00fado abusivo.<\/li>\n<li>Morais alerta que, sem regulamenta\u00e7\u00e3o, pode haver maior circula\u00e7\u00e3o e partilha deste conte\u00fado nas plataformas, aumentando a vitimiza\u00e7\u00e3o de crian\u00e7as e jovens.<\/li>\n<li>Tamb\u00e9m afirma que o regresso a um vazio legislativo persiste, apesar de haver discuss\u00e3o sobre um regulamento espec\u00edfico para o abuso sexual de crian\u00e7as online, com organiza\u00e7\u00f5es internacionais a apelarem para uma solu\u00e7\u00e3o.<\/li>\n<\/ul>\n","protected":false},"author":2,"featured_media":431208,"comment_status":"closed","ping_status":"closed","sticky":false,"template":"","format":"standard","meta":{"footnotes":""},"categories":[7374,6815],"tags":[7076,5194,1318,3562,6641,2377],"class_list":["post-431206","post","type-post","status-publish","format-standard","has-post-thumbnail","hentry","category-criminalidade","category-justica","tag-abuso-de-menores","tag-exploracao-de-menores","tag-exploracao-sexual-de-menor-dependente-ou-em-situacao-vulneravel","tag-privacidade","tag-protecao-de-dados","tag-regulacao-internacional"],"yoast_head":"<!-- This site is optimized with the Yoast SEO plugin v27.2 - https:\/\/yoast.com\/product\/yoast-seo-wordpress\/ -->\n<title>Termina hoje o regime europeu de dete\u00e7\u00e3o de abuso sexual de menores online - Portal Tela Portugal<\/title>\n<meta name=\"robots\" content=\"index, follow, max-snippet:-1, max-image-preview:large, max-video-preview:-1\" \/>\n<meta property=\"og:locale\" content=\"pt_PT\" \/>\n<meta property=\"og:type\" content=\"article\" \/>\n<meta property=\"og:title\" content=\"Termina hoje o regime europeu de dete\u00e7\u00e3o de abuso sexual de menores online - Portal Tela Portugal\" \/>\n<meta property=\"og:description\" content=\"O regime europeu que permitia detetar abuso sexual de crian\u00e7as online termina hoje, com as plataformas proibidas de rastrear e denunciar esse material at\u00e9 existir um quadro legislativo permanente acordado entre o Parlamento Europeu e o Conselho da UE. As regras provis\u00f3rias estavam em vigor desde 2021 e expiravam nesta sexta-feira, aliviando temporariamente a aplica\u00e7\u00e3o da diretiva de privacidade nas comunica\u00e7\u00f5es eletr\u00f3nicas (ePrivacy) em casos de dete\u00e7\u00e3o de conte\u00fados de abuso infantil. O fundador do projeto MiudosSegurosNa.Net, Tito Morais, afirma que o encerramento representa uma \u201cp\u00e1gina negra\u201d nos direitos da crian\u00e7a a n\u00edvel europeu, esperando um decr\u00e9scimo de 80 a 90 por cento nas den\u00fancias de conte\u00fado abusivo. Morais alerta que, sem regulamenta\u00e7\u00e3o, pode haver maior circula\u00e7\u00e3o e partilha deste conte\u00fado nas plataformas, aumentando a vitimiza\u00e7\u00e3o de crian\u00e7as e jovens. Tamb\u00e9m afirma que o regresso a um vazio legislativo persiste, apesar de haver discuss\u00e3o sobre um regulamento espec\u00edfico para o abuso sexual de crian\u00e7as online, com organiza\u00e7\u00f5es internacionais a apelarem para uma solu\u00e7\u00e3o.\" \/>\n<meta property=\"og:url\" content=\"https:\/\/portaltela.pt\/noticias\/2026\/04\/03\/termina-hoje-o-regime-europeu-de-detecao-de-abuso-sexual-de-menores-online\/\" \/>\n<meta property=\"og:site_name\" content=\"Portal Tela Portugal\" \/>\n<meta property=\"article:published_time\" content=\"2026-04-03T06:52:14+00:00\" \/>\n<meta name=\"author\" content=\"Telinha\" \/>\n<meta name=\"twitter:card\" content=\"summary_large_image\" \/>\n<meta name=\"twitter:label1\" content=\"Escrito por\" \/>\n\t<meta name=\"twitter:data1\" content=\"Telinha\" \/>\n\t<meta name=\"twitter:label2\" content=\"Tempo estimado de leitura\" \/>\n\t<meta name=\"twitter:data2\" content=\"2 minutos\" \/>\n<script type=\"application\/ld+json\" class=\"yoast-schema-graph\">{\"@context\":\"https:\/\/schema.org\",\"@graph\":[{\"@type\":\"Article\",\"@id\":\"https:\/\/portaltela.pt\/noticias\/2026\/04\/03\/termina-hoje-o-regime-europeu-de-detecao-de-abuso-sexual-de-menores-online\/#article\",\"isPartOf\":{\"@id\":\"https:\/\/portaltela.pt\/noticias\/2026\/04\/03\/termina-hoje-o-regime-europeu-de-detecao-de-abuso-sexual-de-menores-online\/\"},\"author\":{\"name\":\"Telinha\",\"@id\":\"https:\/\/portaltela.pt\/#\/schema\/person\/c4278d4a6028830caff9ee44b42d32ed\"},\"headline\":\"Termina hoje o regime europeu de dete\u00e7\u00e3o de abuso sexual de menores online\",\"datePublished\":\"2026-04-03T06:52:14+00:00\",\"mainEntityOfPage\":{\"@id\":\"https:\/\/portaltela.pt\/noticias\/2026\/04\/03\/termina-hoje-o-regime-europeu-de-detecao-de-abuso-sexual-de-menores-online\/\"},\"wordCount\":483,\"image\":{\"@id\":\"https:\/\/portaltela.pt\/noticias\/2026\/04\/03\/termina-hoje-o-regime-europeu-de-detecao-de-abuso-sexual-de-menores-online\/#primaryimage\"},\"thumbnailUrl\":\"https:\/\/portaltela.pt\/s.01k8rhncp4jt1\/2026\/04\/img_1500x1000uu2024-07-18-12-00-02-1705705.jpg\",\"keywords\":[\"abuso de menores\",\"explora\u00e7\u00e3o de menores\",\"explora\u00e7\u00e3o sexual de menor dependente ou em situa\u00e7\u00e3o vulner\u00e1vel\",\"privacidade\",\"prote\u00e7\u00e3o de dados\",\"regula\u00e7\u00e3o internacional\"],\"articleSection\":[\"Criminalidade\",\"Justi\u00e7a\"],\"inLanguage\":\"pt-PT\"},{\"@type\":\"WebPage\",\"@id\":\"https:\/\/portaltela.pt\/noticias\/2026\/04\/03\/termina-hoje-o-regime-europeu-de-detecao-de-abuso-sexual-de-menores-online\/\",\"url\":\"https:\/\/portaltela.pt\/noticias\/2026\/04\/03\/termina-hoje-o-regime-europeu-de-detecao-de-abuso-sexual-de-menores-online\/\",\"name\":\"Termina hoje o regime europeu de dete\u00e7\u00e3o de abuso sexual de menores online - Portal Tela Portugal\",\"isPartOf\":{\"@id\":\"https:\/\/portaltela.pt\/#website\"},\"primaryImageOfPage\":{\"@id\":\"https:\/\/portaltela.pt\/noticias\/2026\/04\/03\/termina-hoje-o-regime-europeu-de-detecao-de-abuso-sexual-de-menores-online\/#primaryimage\"},\"image\":{\"@id\":\"https:\/\/portaltela.pt\/noticias\/2026\/04\/03\/termina-hoje-o-regime-europeu-de-detecao-de-abuso-sexual-de-menores-online\/#primaryimage\"},\"thumbnailUrl\":\"https:\/\/portaltela.pt\/s.01k8rhncp4jt1\/2026\/04\/img_1500x1000uu2024-07-18-12-00-02-1705705.jpg\",\"datePublished\":\"2026-04-03T06:52:14+00:00\",\"author\":{\"@id\":\"https:\/\/portaltela.pt\/#\/schema\/person\/c4278d4a6028830caff9ee44b42d32ed\"},\"breadcrumb\":{\"@id\":\"https:\/\/portaltela.pt\/noticias\/2026\/04\/03\/termina-hoje-o-regime-europeu-de-detecao-de-abuso-sexual-de-menores-online\/#breadcrumb\"},\"inLanguage\":\"pt-PT\",\"potentialAction\":[{\"@type\":\"ReadAction\",\"target\":[\"https:\/\/portaltela.pt\/noticias\/2026\/04\/03\/termina-hoje-o-regime-europeu-de-detecao-de-abuso-sexual-de-menores-online\/\"]}]},{\"@type\":\"ImageObject\",\"inLanguage\":\"pt-PT\",\"@id\":\"https:\/\/portaltela.pt\/noticias\/2026\/04\/03\/termina-hoje-o-regime-europeu-de-detecao-de-abuso-sexual-de-menores-online\/#primaryimage\",\"url\":\"https:\/\/portaltela.pt\/s.01k8rhncp4jt1\/2026\/04\/img_1500x1000uu2024-07-18-12-00-02-1705705.jpg\",\"contentUrl\":\"https:\/\/portaltela.pt\/s.01k8rhncp4jt1\/2026\/04\/img_1500x1000uu2024-07-18-12-00-02-1705705.jpg\",\"width\":796,\"height\":448,\"caption\":\"Termina hoje regime europeu para detetar abuso sexual de crian\u00e7as online\"},{\"@type\":\"BreadcrumbList\",\"@id\":\"https:\/\/portaltela.pt\/noticias\/2026\/04\/03\/termina-hoje-o-regime-europeu-de-detecao-de-abuso-sexual-de-menores-online\/#breadcrumb\",\"itemListElement\":[{\"@type\":\"ListItem\",\"position\":1,\"name\":\"In\u00edcio\",\"item\":\"https:\/\/portaltela.pt\/\"},{\"@type\":\"ListItem\",\"position\":2,\"name\":\"Termina hoje o regime europeu de dete\u00e7\u00e3o de abuso sexual de menores online\"}]},{\"@type\":\"WebSite\",\"@id\":\"https:\/\/portaltela.pt\/#website\",\"url\":\"https:\/\/portaltela.pt\/\",\"name\":\"Portal Tela Portugal\",\"description\":\"\",\"potentialAction\":[{\"@type\":\"SearchAction\",\"target\":{\"@type\":\"EntryPoint\",\"urlTemplate\":\"https:\/\/portaltela.pt\/?s={search_term_string}\"},\"query-input\":{\"@type\":\"PropertyValueSpecification\",\"valueRequired\":true,\"valueName\":\"search_term_string\"}}],\"inLanguage\":\"pt-PT\"},{\"@type\":\"Person\",\"@id\":\"https:\/\/portaltela.pt\/#\/schema\/person\/c4278d4a6028830caff9ee44b42d32ed\",\"name\":\"Telinha\",\"image\":{\"@type\":\"ImageObject\",\"inLanguage\":\"pt-PT\",\"@id\":\"https:\/\/portaltela.pt\/s.01k8rhncp4jt1\/2025\/11\/talking-bot-125x125.png\",\"url\":\"https:\/\/portaltela.pt\/s.01k8rhncp4jt1\/2025\/11\/talking-bot-125x125.png\",\"contentUrl\":\"https:\/\/portaltela.pt\/s.01k8rhncp4jt1\/2025\/11\/talking-bot-125x125.png\",\"caption\":\"Telinha\"},\"sameAs\":[\"https:\/\/portaltela.pt\/\"],\"url\":\"https:\/\/portaltela.pt\/por\/367410592786\/\"}]}<\/script>\n<!-- \/ Yoast SEO plugin. -->","yoast_head_json":{"title":"Termina hoje o regime europeu de dete\u00e7\u00e3o de abuso sexual de menores online - Portal Tela Portugal","robots":{"index":"index","follow":"follow","max-snippet":"max-snippet:-1","max-image-preview":"max-image-preview:large","max-video-preview":"max-video-preview:-1"},"og_locale":"pt_PT","og_type":"article","og_title":"Termina hoje o regime europeu de dete\u00e7\u00e3o de abuso sexual de menores online - Portal Tela Portugal","og_description":"O regime europeu que permitia detetar abuso sexual de crian\u00e7as online termina hoje, com as plataformas proibidas de rastrear e denunciar esse material at\u00e9 existir um quadro legislativo permanente acordado entre o Parlamento Europeu e o Conselho da UE. As regras provis\u00f3rias estavam em vigor desde 2021 e expiravam nesta sexta-feira, aliviando temporariamente a aplica\u00e7\u00e3o da diretiva de privacidade nas comunica\u00e7\u00f5es eletr\u00f3nicas (ePrivacy) em casos de dete\u00e7\u00e3o de conte\u00fados de abuso infantil. O fundador do projeto MiudosSegurosNa.Net, Tito Morais, afirma que o encerramento representa uma \u201cp\u00e1gina negra\u201d nos direitos da crian\u00e7a a n\u00edvel europeu, esperando um decr\u00e9scimo de 80 a 90 por cento nas den\u00fancias de conte\u00fado abusivo. Morais alerta que, sem regulamenta\u00e7\u00e3o, pode haver maior circula\u00e7\u00e3o e partilha deste conte\u00fado nas plataformas, aumentando a vitimiza\u00e7\u00e3o de crian\u00e7as e jovens. Tamb\u00e9m afirma que o regresso a um vazio legislativo persiste, apesar de haver discuss\u00e3o sobre um regulamento espec\u00edfico para o abuso sexual de crian\u00e7as online, com organiza\u00e7\u00f5es internacionais a apelarem para uma solu\u00e7\u00e3o.","og_url":"https:\/\/portaltela.pt\/noticias\/2026\/04\/03\/termina-hoje-o-regime-europeu-de-detecao-de-abuso-sexual-de-menores-online\/","og_site_name":"Portal Tela Portugal","article_published_time":"2026-04-03T06:52:14+00:00","author":"Telinha","twitter_card":"summary_large_image","twitter_misc":{"Escrito por":"Telinha","Tempo estimado de leitura":"2 minutos"},"schema":{"@context":"https:\/\/schema.org","@graph":[{"@type":"Article","@id":"https:\/\/portaltela.pt\/noticias\/2026\/04\/03\/termina-hoje-o-regime-europeu-de-detecao-de-abuso-sexual-de-menores-online\/#article","isPartOf":{"@id":"https:\/\/portaltela.pt\/noticias\/2026\/04\/03\/termina-hoje-o-regime-europeu-de-detecao-de-abuso-sexual-de-menores-online\/"},"author":{"name":"Telinha","@id":"https:\/\/portaltela.pt\/#\/schema\/person\/c4278d4a6028830caff9ee44b42d32ed"},"headline":"Termina hoje o regime europeu de dete\u00e7\u00e3o de abuso sexual de menores online","datePublished":"2026-04-03T06:52:14+00:00","mainEntityOfPage":{"@id":"https:\/\/portaltela.pt\/noticias\/2026\/04\/03\/termina-hoje-o-regime-europeu-de-detecao-de-abuso-sexual-de-menores-online\/"},"wordCount":483,"image":{"@id":"https:\/\/portaltela.pt\/noticias\/2026\/04\/03\/termina-hoje-o-regime-europeu-de-detecao-de-abuso-sexual-de-menores-online\/#primaryimage"},"thumbnailUrl":"https:\/\/portaltela.pt\/s.01k8rhncp4jt1\/2026\/04\/img_1500x1000uu2024-07-18-12-00-02-1705705.jpg","keywords":["abuso de menores","explora\u00e7\u00e3o de menores","explora\u00e7\u00e3o sexual de menor dependente ou em situa\u00e7\u00e3o vulner\u00e1vel","privacidade","prote\u00e7\u00e3o de dados","regula\u00e7\u00e3o internacional"],"articleSection":["Criminalidade","Justi\u00e7a"],"inLanguage":"pt-PT"},{"@type":"WebPage","@id":"https:\/\/portaltela.pt\/noticias\/2026\/04\/03\/termina-hoje-o-regime-europeu-de-detecao-de-abuso-sexual-de-menores-online\/","url":"https:\/\/portaltela.pt\/noticias\/2026\/04\/03\/termina-hoje-o-regime-europeu-de-detecao-de-abuso-sexual-de-menores-online\/","name":"Termina hoje o regime europeu de dete\u00e7\u00e3o de abuso sexual de menores online - Portal Tela Portugal","isPartOf":{"@id":"https:\/\/portaltela.pt\/#website"},"primaryImageOfPage":{"@id":"https:\/\/portaltela.pt\/noticias\/2026\/04\/03\/termina-hoje-o-regime-europeu-de-detecao-de-abuso-sexual-de-menores-online\/#primaryimage"},"image":{"@id":"https:\/\/portaltela.pt\/noticias\/2026\/04\/03\/termina-hoje-o-regime-europeu-de-detecao-de-abuso-sexual-de-menores-online\/#primaryimage"},"thumbnailUrl":"https:\/\/portaltela.pt\/s.01k8rhncp4jt1\/2026\/04\/img_1500x1000uu2024-07-18-12-00-02-1705705.jpg","datePublished":"2026-04-03T06:52:14+00:00","author":{"@id":"https:\/\/portaltela.pt\/#\/schema\/person\/c4278d4a6028830caff9ee44b42d32ed"},"breadcrumb":{"@id":"https:\/\/portaltela.pt\/noticias\/2026\/04\/03\/termina-hoje-o-regime-europeu-de-detecao-de-abuso-sexual-de-menores-online\/#breadcrumb"},"inLanguage":"pt-PT","potentialAction":[{"@type":"ReadAction","target":["https:\/\/portaltela.pt\/noticias\/2026\/04\/03\/termina-hoje-o-regime-europeu-de-detecao-de-abuso-sexual-de-menores-online\/"]}]},{"@type":"ImageObject","inLanguage":"pt-PT","@id":"https:\/\/portaltela.pt\/noticias\/2026\/04\/03\/termina-hoje-o-regime-europeu-de-detecao-de-abuso-sexual-de-menores-online\/#primaryimage","url":"https:\/\/portaltela.pt\/s.01k8rhncp4jt1\/2026\/04\/img_1500x1000uu2024-07-18-12-00-02-1705705.jpg","contentUrl":"https:\/\/portaltela.pt\/s.01k8rhncp4jt1\/2026\/04\/img_1500x1000uu2024-07-18-12-00-02-1705705.jpg","width":796,"height":448,"caption":"Termina hoje regime europeu para detetar abuso sexual de crian\u00e7as online"},{"@type":"BreadcrumbList","@id":"https:\/\/portaltela.pt\/noticias\/2026\/04\/03\/termina-hoje-o-regime-europeu-de-detecao-de-abuso-sexual-de-menores-online\/#breadcrumb","itemListElement":[{"@type":"ListItem","position":1,"name":"In\u00edcio","item":"https:\/\/portaltela.pt\/"},{"@type":"ListItem","position":2,"name":"Termina hoje o regime europeu de dete\u00e7\u00e3o de abuso sexual de menores online"}]},{"@type":"WebSite","@id":"https:\/\/portaltela.pt\/#website","url":"https:\/\/portaltela.pt\/","name":"Portal Tela Portugal","description":"","potentialAction":[{"@type":"SearchAction","target":{"@type":"EntryPoint","urlTemplate":"https:\/\/portaltela.pt\/?s={search_term_string}"},"query-input":{"@type":"PropertyValueSpecification","valueRequired":true,"valueName":"search_term_string"}}],"inLanguage":"pt-PT"},{"@type":"Person","@id":"https:\/\/portaltela.pt\/#\/schema\/person\/c4278d4a6028830caff9ee44b42d32ed","name":"Telinha","image":{"@type":"ImageObject","inLanguage":"pt-PT","@id":"https:\/\/portaltela.pt\/s.01k8rhncp4jt1\/2025\/11\/talking-bot-125x125.png","url":"https:\/\/portaltela.pt\/s.01k8rhncp4jt1\/2025\/11\/talking-bot-125x125.png","contentUrl":"https:\/\/portaltela.pt\/s.01k8rhncp4jt1\/2025\/11\/talking-bot-125x125.png","caption":"Telinha"},"sameAs":["https:\/\/portaltela.pt\/"],"url":"https:\/\/portaltela.pt\/por\/367410592786\/"}]}},"_links":{"self":[{"href":"https:\/\/portaltela.pt\/api\/wp\/v2\/posts\/431206","targetHints":{"allow":["GET"]}}],"collection":[{"href":"https:\/\/portaltela.pt\/api\/wp\/v2\/posts"}],"about":[{"href":"https:\/\/portaltela.pt\/api\/wp\/v2\/types\/post"}],"author":[{"embeddable":true,"href":"https:\/\/portaltela.pt\/api\/wp\/v2\/users\/2"}],"replies":[{"embeddable":true,"href":"https:\/\/portaltela.pt\/api\/wp\/v2\/comments?post=431206"}],"version-history":[{"count":0,"href":"https:\/\/portaltela.pt\/api\/wp\/v2\/posts\/431206\/revisions"}],"wp:featuredmedia":[{"embeddable":true,"href":"https:\/\/portaltela.pt\/api\/wp\/v2\/media\/431208"}],"wp:attachment":[{"href":"https:\/\/portaltela.pt\/api\/wp\/v2\/media?parent=431206"}],"wp:term":[{"taxonomy":"category","embeddable":true,"href":"https:\/\/portaltela.pt\/api\/wp\/v2\/categories?post=431206"},{"taxonomy":"post_tag","embeddable":true,"href":"https:\/\/portaltela.pt\/api\/wp\/v2\/tags?post=431206"}],"curies":[{"name":"wp","href":"https:\/\/api.w.org\/{rel}","templated":true}]}}