{"id":431199,"date":"2026-04-03T03:52:10","date_gmt":"2026-04-03T06:52:10","guid":{"rendered":"https:\/\/portaltela.pt\/noticias\/2026\/04\/03\/associacao-zero-considera-plano-de-accao-contra-ruido-no-aeroporto-de-lisboa-ineficaz\/"},"modified":"2026-04-03T03:52:10","modified_gmt":"2026-04-03T06:52:10","slug":"associacao-zero-considera-plano-de-accao-contra-ruido-no-aeroporto-de-lisboa-ineficaz","status":"publish","type":"post","link":"https:\/\/portaltela.pt\/meio-ambiente\/2026\/04\/03\/associacao-zero-considera-plano-de-accao-contra-ruido-no-aeroporto-de-lisboa-ineficaz\/","title":{"rendered":"Associa\u00e7\u00e3o Zero considera plano de ac\u00e7\u00e3o contra ru\u00eddo no aeroporto de Lisboa ineficaz"},"content":{"rendered":"<p>A Zero, associa\u00e7\u00e3o ambientalista, considera o Plano de A\u00e7\u00e3o de Ru\u00eddo 2024-2029 do Aeroporto de Lisboa ineficaz. A organiza\u00e7\u00e3o acusa impacto cont\u00ednuo do ru\u00eddo aeron\u00e1utico na sa\u00fade de mais de 370 mil pessoas, com 60 mil expostas a n\u00edveis noturnos acima do permitido. O documento est\u00e1 em consulta p\u00fablica at\u00e9 ao pr\u00f3ximo domingo, ap\u00f3s ter sido apresentado em mar\u00e7o.<\/p>\n<p>A Zero aponta falhas no financiamento destinado ao isolamento ac\u00fastico de edif\u00edcios, com apenas 7,5 milh\u00f5es de euros previstos para medidas de mitiga\u00e7\u00e3o. Al\u00e9m disso, sustenta que as limita\u00e7\u00f5es de tr\u00e1fego a\u00e9reo noturno n\u00e3o s\u00e3o operacionais, o que compromete a redu\u00e7\u00e3o do ru\u00eddo.<\/p>\n<p>A associa\u00e7\u00e3o compara os dados de Lisboa com Madrid e afirma que o plano lisboeta \u00e9 inadequado. A an\u00e1lise cita diferen\u00e7as: o Aeroporto de Madrid j\u00e1 implementa um programa cont\u00ednuo desde 2000, com 12.924 habita\u00e7\u00f5es intervencionadas e investimento superior a 155 milh\u00f5es de euros. Em Lisboa, a exposi\u00e7\u00e3o \u00e9 muito maior.<\/p>\n<p>A Zero descreve o impacto como estruturalmente insustent\u00e1vel na \u00c1rea Metropolitana de Lisboa. O estudo de 2022 a 2024 aponta lucros da ANA de 1,267 mil milh\u00f5es de euros, segundo a associa\u00e7\u00e3o, enquanto os custos sociais do ru\u00eddo permanecem sem compensa\u00e7\u00f5es diretas aos cidad\u00e3os.<\/p>\n<h3>Ponto-chave do documento<\/h3>\n<p>O parecer da Zero sustenta que o Plano de A\u00e7\u00e3o n\u00e3o inclui mecanismos de compensa\u00e7\u00e3o \u00e0 sa\u00fade e bem-estar, nem relat\u00f3rios de avalia\u00e7\u00e3o de impacto das medidas propostas. A associa\u00e7\u00e3o tamb\u00e9m defende a obriga\u00e7\u00e3o de isolar todas as habita\u00e7\u00f5es expostas a ru\u00eddo noturno acima de 55 dB(A).<\/p>\n<p>A organiza\u00e7\u00e3o acrescenta que o texto n\u00e3o especifica uma poss\u00edvel taxa de ru\u00eddo, semelhante \u00e0 existente em Fran\u00e7a, embora fa\u00e7a refer\u00eancia a um mecanismo desse tipo. Conforme a Zero, esse \u00e9 um elemento essencial para mitigar os custos sociais.<\/p>\n<h3>Contexto e pr\u00f3ximos passos<\/h3>\n<p>Em 2022, um grupo de trabalho estimou danos na \u00c1rea Metropolitana de Lisboa em 206 milh\u00f5es de euros por ano devido ao ru\u00eddo noturno. A Zero estima que a taxa por passageiro poderia rondar os 5,7 euros, com base nos seus c\u00e1lculos. A consulta p\u00fablica do Plano termina no domingo, e a associa\u00e7\u00e3o solicita revis\u00e3o completa do documento.<\/p>\n","protected":false},"excerpt":{"rendered":"<ul>\n<li>A Zero v\u00ea o Plano de A\u00e7\u00e3o de Ru\u00eddo 2024-2029 do Aeroporto de Lisboa como ineficaz, afirmando que a sa\u00fade de mais de 370 mil pessoas continua a ser afetada pelo ru\u00eddo.<\/li>\n<li>A consulta p\u00fablica decorre at\u00e9 domingo, 5 de mar\u00e7o, e a associa\u00e7\u00e3o aponta falhas no financiamento para isolamento ac\u00fastico, com apenas 7 milh\u00f5es de euros previstos.<\/li>\n<li>Critica ainda a n\u00e3o operacionalidade das limita\u00e7\u00f5es de tr\u00e1fego a\u00e9reo nocturno e a falta de compensa\u00e7\u00f5es diretas aos afetados.<\/li>\n<li>Em compara\u00e7\u00e3o com Madrid, o aeroporto de Lisboa afeta 35 vezes mais pessoas; Madrid j\u00e1 intervencionou 12.924 habita\u00e7\u00f5es com mais de 155 milh\u00f5es de euros desde 2000.<\/li>\n<li>A Zero defende revis\u00e3o do plano, implementa\u00e7\u00e3o de uma taxa de ru\u00eddo e recorda que, entre 2022 e 2024, a ANA teve lucros de 1,267 milh\u00f5es de euros, com danos estimados de 206 milh\u00f5es de euros por ano.<\/li>\n<\/ul>\n","protected":false},"author":2,"featured_media":431203,"comment_status":"closed","ping_status":"closed","sticky":false,"template":"","format":"standard","meta":{"footnotes":""},"categories":[6725],"tags":[3302,4132,981,45,3750,172],"class_list":["post-431199","post","type-post","status-publish","format-standard","has-post-thumbnail","hentry","category-meio-ambiente","tag-aeroportos","tag-area-metropolitana-de-lisboa","tag-lisboa","tag-meio-ambiente","tag-poluicao-ambiental","tag-saude"],"yoast_head":"<!-- This site is optimized with the Yoast SEO plugin v27.2 - https:\/\/yoast.com\/product\/yoast-seo-wordpress\/ -->\n<title>Associa\u00e7\u00e3o Zero considera plano de ac\u00e7\u00e3o contra ru\u00eddo no aeroporto de Lisboa ineficaz - Portal Tela Portugal<\/title>\n<meta name=\"robots\" content=\"index, follow, max-snippet:-1, max-image-preview:large, max-video-preview:-1\" \/>\n<meta property=\"og:locale\" content=\"pt_PT\" \/>\n<meta property=\"og:type\" content=\"article\" \/>\n<meta property=\"og:title\" content=\"Associa\u00e7\u00e3o Zero considera plano de ac\u00e7\u00e3o contra ru\u00eddo no aeroporto de Lisboa ineficaz - Portal Tela Portugal\" \/>\n<meta property=\"og:description\" content=\"A Zero v\u00ea o Plano de A\u00e7\u00e3o de Ru\u00eddo 2024-2029 do Aeroporto de Lisboa como ineficaz, afirmando que a sa\u00fade de mais de 370 mil pessoas continua a ser afetada pelo ru\u00eddo. A consulta p\u00fablica decorre at\u00e9 domingo, 5 de mar\u00e7o, e a associa\u00e7\u00e3o aponta falhas no financiamento para isolamento ac\u00fastico, com apenas 7 milh\u00f5es de euros previstos. Critica ainda a n\u00e3o operacionalidade das limita\u00e7\u00f5es de tr\u00e1fego a\u00e9reo nocturno e a falta de compensa\u00e7\u00f5es diretas aos afetados. Em compara\u00e7\u00e3o com Madrid, o aeroporto de Lisboa afeta 35 vezes mais pessoas; Madrid j\u00e1 intervencionou 12.924 habita\u00e7\u00f5es com mais de 155 milh\u00f5es de euros desde 2000. A Zero defende revis\u00e3o do plano, implementa\u00e7\u00e3o de uma taxa de ru\u00eddo e recorda que, entre 2022 e 2024, a ANA teve lucros de 1,267 milh\u00f5es de euros, com danos estimados de 206 milh\u00f5es de euros por ano.\" \/>\n<meta property=\"og:url\" content=\"https:\/\/portaltela.pt\/noticias\/2026\/04\/03\/associacao-zero-considera-plano-de-accao-contra-ruido-no-aeroporto-de-lisboa-ineficaz\/\" \/>\n<meta property=\"og:site_name\" content=\"Portal Tela Portugal\" \/>\n<meta property=\"article:published_time\" content=\"2026-04-03T06:52:10+00:00\" \/>\n<meta name=\"author\" content=\"Telinha\" \/>\n<meta name=\"twitter:card\" content=\"summary_large_image\" \/>\n<meta name=\"twitter:label1\" content=\"Escrito por\" \/>\n\t<meta name=\"twitter:data1\" content=\"Telinha\" \/>\n\t<meta name=\"twitter:label2\" content=\"Tempo estimado de leitura\" \/>\n\t<meta name=\"twitter:data2\" content=\"2 minutos\" \/>\n<script type=\"application\/ld+json\" class=\"yoast-schema-graph\">{\"@context\":\"https:\/\/schema.org\",\"@graph\":[{\"@type\":\"Article\",\"@id\":\"https:\/\/portaltela.pt\/noticias\/2026\/04\/03\/associacao-zero-considera-plano-de-accao-contra-ruido-no-aeroporto-de-lisboa-ineficaz\/#article\",\"isPartOf\":{\"@id\":\"https:\/\/portaltela.pt\/noticias\/2026\/04\/03\/associacao-zero-considera-plano-de-accao-contra-ruido-no-aeroporto-de-lisboa-ineficaz\/\"},\"author\":{\"name\":\"Telinha\",\"@id\":\"https:\/\/portaltela.pt\/#\/schema\/person\/c4278d4a6028830caff9ee44b42d32ed\"},\"headline\":\"Associa\u00e7\u00e3o Zero considera plano de ac\u00e7\u00e3o contra ru\u00eddo no aeroporto de Lisboa ineficaz\",\"datePublished\":\"2026-04-03T06:52:10+00:00\",\"mainEntityOfPage\":{\"@id\":\"https:\/\/portaltela.pt\/noticias\/2026\/04\/03\/associacao-zero-considera-plano-de-accao-contra-ruido-no-aeroporto-de-lisboa-ineficaz\/\"},\"wordCount\":410,\"image\":{\"@id\":\"https:\/\/portaltela.pt\/noticias\/2026\/04\/03\/associacao-zero-considera-plano-de-accao-contra-ruido-no-aeroporto-de-lisboa-ineficaz\/#primaryimage\"},\"thumbnailUrl\":\"https:\/\/portaltela.pt\/s.01k8rhncp4jt1\/2026\/04\/img_1500x1000uu2017-05-13-07-41-00-627581.jpg\",\"keywords\":[\"aeroportos\",\"\u00c1rea Metropolitana de Lisboa\",\"Lisboa\",\"meio-ambiente\",\"polui\u00e7\u00e3o ambiental\",\"sa\u00fade\"],\"articleSection\":[\"Meio Ambiente\"],\"inLanguage\":\"pt-PT\"},{\"@type\":\"WebPage\",\"@id\":\"https:\/\/portaltela.pt\/noticias\/2026\/04\/03\/associacao-zero-considera-plano-de-accao-contra-ruido-no-aeroporto-de-lisboa-ineficaz\/\",\"url\":\"https:\/\/portaltela.pt\/noticias\/2026\/04\/03\/associacao-zero-considera-plano-de-accao-contra-ruido-no-aeroporto-de-lisboa-ineficaz\/\",\"name\":\"Associa\u00e7\u00e3o Zero considera plano de ac\u00e7\u00e3o contra ru\u00eddo no aeroporto de Lisboa ineficaz - Portal Tela Portugal\",\"isPartOf\":{\"@id\":\"https:\/\/portaltela.pt\/#website\"},\"primaryImageOfPage\":{\"@id\":\"https:\/\/portaltela.pt\/noticias\/2026\/04\/03\/associacao-zero-considera-plano-de-accao-contra-ruido-no-aeroporto-de-lisboa-ineficaz\/#primaryimage\"},\"image\":{\"@id\":\"https:\/\/portaltela.pt\/noticias\/2026\/04\/03\/associacao-zero-considera-plano-de-accao-contra-ruido-no-aeroporto-de-lisboa-ineficaz\/#primaryimage\"},\"thumbnailUrl\":\"https:\/\/portaltela.pt\/s.01k8rhncp4jt1\/2026\/04\/img_1500x1000uu2017-05-13-07-41-00-627581.jpg\",\"datePublished\":\"2026-04-03T06:52:10+00:00\",\"author\":{\"@id\":\"https:\/\/portaltela.pt\/#\/schema\/person\/c4278d4a6028830caff9ee44b42d32ed\"},\"breadcrumb\":{\"@id\":\"https:\/\/portaltela.pt\/noticias\/2026\/04\/03\/associacao-zero-considera-plano-de-accao-contra-ruido-no-aeroporto-de-lisboa-ineficaz\/#breadcrumb\"},\"inLanguage\":\"pt-PT\",\"potentialAction\":[{\"@type\":\"ReadAction\",\"target\":[\"https:\/\/portaltela.pt\/noticias\/2026\/04\/03\/associacao-zero-considera-plano-de-accao-contra-ruido-no-aeroporto-de-lisboa-ineficaz\/\"]}]},{\"@type\":\"ImageObject\",\"inLanguage\":\"pt-PT\",\"@id\":\"https:\/\/portaltela.pt\/noticias\/2026\/04\/03\/associacao-zero-considera-plano-de-accao-contra-ruido-no-aeroporto-de-lisboa-ineficaz\/#primaryimage\",\"url\":\"https:\/\/portaltela.pt\/s.01k8rhncp4jt1\/2026\/04\/img_1500x1000uu2017-05-13-07-41-00-627581.jpg\",\"contentUrl\":\"https:\/\/portaltela.pt\/s.01k8rhncp4jt1\/2026\/04\/img_1500x1000uu2017-05-13-07-41-00-627581.jpg\",\"width\":796,\"height\":448,\"caption\":\"Aeroporto de Lisboa\"},{\"@type\":\"BreadcrumbList\",\"@id\":\"https:\/\/portaltela.pt\/noticias\/2026\/04\/03\/associacao-zero-considera-plano-de-accao-contra-ruido-no-aeroporto-de-lisboa-ineficaz\/#breadcrumb\",\"itemListElement\":[{\"@type\":\"ListItem\",\"position\":1,\"name\":\"In\u00edcio\",\"item\":\"https:\/\/portaltela.pt\/\"},{\"@type\":\"ListItem\",\"position\":2,\"name\":\"Associa\u00e7\u00e3o Zero considera plano de ac\u00e7\u00e3o contra ru\u00eddo no aeroporto de Lisboa ineficaz\"}]},{\"@type\":\"WebSite\",\"@id\":\"https:\/\/portaltela.pt\/#website\",\"url\":\"https:\/\/portaltela.pt\/\",\"name\":\"Portal Tela Portugal\",\"description\":\"\",\"potentialAction\":[{\"@type\":\"SearchAction\",\"target\":{\"@type\":\"EntryPoint\",\"urlTemplate\":\"https:\/\/portaltela.pt\/?s={search_term_string}\"},\"query-input\":{\"@type\":\"PropertyValueSpecification\",\"valueRequired\":true,\"valueName\":\"search_term_string\"}}],\"inLanguage\":\"pt-PT\"},{\"@type\":\"Person\",\"@id\":\"https:\/\/portaltela.pt\/#\/schema\/person\/c4278d4a6028830caff9ee44b42d32ed\",\"name\":\"Telinha\",\"image\":{\"@type\":\"ImageObject\",\"inLanguage\":\"pt-PT\",\"@id\":\"https:\/\/portaltela.pt\/s.01k8rhncp4jt1\/2025\/11\/talking-bot-125x125.png\",\"url\":\"https:\/\/portaltela.pt\/s.01k8rhncp4jt1\/2025\/11\/talking-bot-125x125.png\",\"contentUrl\":\"https:\/\/portaltela.pt\/s.01k8rhncp4jt1\/2025\/11\/talking-bot-125x125.png\",\"caption\":\"Telinha\"},\"sameAs\":[\"https:\/\/portaltela.pt\/\"],\"url\":\"https:\/\/portaltela.pt\/por\/367410592786\/\"}]}<\/script>\n<!-- \/ Yoast SEO plugin. -->","yoast_head_json":{"title":"Associa\u00e7\u00e3o Zero considera plano de ac\u00e7\u00e3o contra ru\u00eddo no aeroporto de Lisboa ineficaz - Portal Tela Portugal","robots":{"index":"index","follow":"follow","max-snippet":"max-snippet:-1","max-image-preview":"max-image-preview:large","max-video-preview":"max-video-preview:-1"},"og_locale":"pt_PT","og_type":"article","og_title":"Associa\u00e7\u00e3o Zero considera plano de ac\u00e7\u00e3o contra ru\u00eddo no aeroporto de Lisboa ineficaz - Portal Tela Portugal","og_description":"A Zero v\u00ea o Plano de A\u00e7\u00e3o de Ru\u00eddo 2024-2029 do Aeroporto de Lisboa como ineficaz, afirmando que a sa\u00fade de mais de 370 mil pessoas continua a ser afetada pelo ru\u00eddo. A consulta p\u00fablica decorre at\u00e9 domingo, 5 de mar\u00e7o, e a associa\u00e7\u00e3o aponta falhas no financiamento para isolamento ac\u00fastico, com apenas 7 milh\u00f5es de euros previstos. Critica ainda a n\u00e3o operacionalidade das limita\u00e7\u00f5es de tr\u00e1fego a\u00e9reo nocturno e a falta de compensa\u00e7\u00f5es diretas aos afetados. Em compara\u00e7\u00e3o com Madrid, o aeroporto de Lisboa afeta 35 vezes mais pessoas; Madrid j\u00e1 intervencionou 12.924 habita\u00e7\u00f5es com mais de 155 milh\u00f5es de euros desde 2000. A Zero defende revis\u00e3o do plano, implementa\u00e7\u00e3o de uma taxa de ru\u00eddo e recorda que, entre 2022 e 2024, a ANA teve lucros de 1,267 milh\u00f5es de euros, com danos estimados de 206 milh\u00f5es de euros por ano.","og_url":"https:\/\/portaltela.pt\/noticias\/2026\/04\/03\/associacao-zero-considera-plano-de-accao-contra-ruido-no-aeroporto-de-lisboa-ineficaz\/","og_site_name":"Portal Tela Portugal","article_published_time":"2026-04-03T06:52:10+00:00","author":"Telinha","twitter_card":"summary_large_image","twitter_misc":{"Escrito por":"Telinha","Tempo estimado de leitura":"2 minutos"},"schema":{"@context":"https:\/\/schema.org","@graph":[{"@type":"Article","@id":"https:\/\/portaltela.pt\/noticias\/2026\/04\/03\/associacao-zero-considera-plano-de-accao-contra-ruido-no-aeroporto-de-lisboa-ineficaz\/#article","isPartOf":{"@id":"https:\/\/portaltela.pt\/noticias\/2026\/04\/03\/associacao-zero-considera-plano-de-accao-contra-ruido-no-aeroporto-de-lisboa-ineficaz\/"},"author":{"name":"Telinha","@id":"https:\/\/portaltela.pt\/#\/schema\/person\/c4278d4a6028830caff9ee44b42d32ed"},"headline":"Associa\u00e7\u00e3o Zero considera plano de ac\u00e7\u00e3o contra ru\u00eddo no aeroporto de Lisboa ineficaz","datePublished":"2026-04-03T06:52:10+00:00","mainEntityOfPage":{"@id":"https:\/\/portaltela.pt\/noticias\/2026\/04\/03\/associacao-zero-considera-plano-de-accao-contra-ruido-no-aeroporto-de-lisboa-ineficaz\/"},"wordCount":410,"image":{"@id":"https:\/\/portaltela.pt\/noticias\/2026\/04\/03\/associacao-zero-considera-plano-de-accao-contra-ruido-no-aeroporto-de-lisboa-ineficaz\/#primaryimage"},"thumbnailUrl":"https:\/\/portaltela.pt\/s.01k8rhncp4jt1\/2026\/04\/img_1500x1000uu2017-05-13-07-41-00-627581.jpg","keywords":["aeroportos","\u00c1rea Metropolitana de Lisboa","Lisboa","meio-ambiente","polui\u00e7\u00e3o ambiental","sa\u00fade"],"articleSection":["Meio Ambiente"],"inLanguage":"pt-PT"},{"@type":"WebPage","@id":"https:\/\/portaltela.pt\/noticias\/2026\/04\/03\/associacao-zero-considera-plano-de-accao-contra-ruido-no-aeroporto-de-lisboa-ineficaz\/","url":"https:\/\/portaltela.pt\/noticias\/2026\/04\/03\/associacao-zero-considera-plano-de-accao-contra-ruido-no-aeroporto-de-lisboa-ineficaz\/","name":"Associa\u00e7\u00e3o Zero considera plano de ac\u00e7\u00e3o contra ru\u00eddo no aeroporto de Lisboa ineficaz - Portal Tela Portugal","isPartOf":{"@id":"https:\/\/portaltela.pt\/#website"},"primaryImageOfPage":{"@id":"https:\/\/portaltela.pt\/noticias\/2026\/04\/03\/associacao-zero-considera-plano-de-accao-contra-ruido-no-aeroporto-de-lisboa-ineficaz\/#primaryimage"},"image":{"@id":"https:\/\/portaltela.pt\/noticias\/2026\/04\/03\/associacao-zero-considera-plano-de-accao-contra-ruido-no-aeroporto-de-lisboa-ineficaz\/#primaryimage"},"thumbnailUrl":"https:\/\/portaltela.pt\/s.01k8rhncp4jt1\/2026\/04\/img_1500x1000uu2017-05-13-07-41-00-627581.jpg","datePublished":"2026-04-03T06:52:10+00:00","author":{"@id":"https:\/\/portaltela.pt\/#\/schema\/person\/c4278d4a6028830caff9ee44b42d32ed"},"breadcrumb":{"@id":"https:\/\/portaltela.pt\/noticias\/2026\/04\/03\/associacao-zero-considera-plano-de-accao-contra-ruido-no-aeroporto-de-lisboa-ineficaz\/#breadcrumb"},"inLanguage":"pt-PT","potentialAction":[{"@type":"ReadAction","target":["https:\/\/portaltela.pt\/noticias\/2026\/04\/03\/associacao-zero-considera-plano-de-accao-contra-ruido-no-aeroporto-de-lisboa-ineficaz\/"]}]},{"@type":"ImageObject","inLanguage":"pt-PT","@id":"https:\/\/portaltela.pt\/noticias\/2026\/04\/03\/associacao-zero-considera-plano-de-accao-contra-ruido-no-aeroporto-de-lisboa-ineficaz\/#primaryimage","url":"https:\/\/portaltela.pt\/s.01k8rhncp4jt1\/2026\/04\/img_1500x1000uu2017-05-13-07-41-00-627581.jpg","contentUrl":"https:\/\/portaltela.pt\/s.01k8rhncp4jt1\/2026\/04\/img_1500x1000uu2017-05-13-07-41-00-627581.jpg","width":796,"height":448,"caption":"Aeroporto de Lisboa"},{"@type":"BreadcrumbList","@id":"https:\/\/portaltela.pt\/noticias\/2026\/04\/03\/associacao-zero-considera-plano-de-accao-contra-ruido-no-aeroporto-de-lisboa-ineficaz\/#breadcrumb","itemListElement":[{"@type":"ListItem","position":1,"name":"In\u00edcio","item":"https:\/\/portaltela.pt\/"},{"@type":"ListItem","position":2,"name":"Associa\u00e7\u00e3o Zero considera plano de ac\u00e7\u00e3o contra ru\u00eddo no aeroporto de Lisboa ineficaz"}]},{"@type":"WebSite","@id":"https:\/\/portaltela.pt\/#website","url":"https:\/\/portaltela.pt\/","name":"Portal Tela Portugal","description":"","potentialAction":[{"@type":"SearchAction","target":{"@type":"EntryPoint","urlTemplate":"https:\/\/portaltela.pt\/?s={search_term_string}"},"query-input":{"@type":"PropertyValueSpecification","valueRequired":true,"valueName":"search_term_string"}}],"inLanguage":"pt-PT"},{"@type":"Person","@id":"https:\/\/portaltela.pt\/#\/schema\/person\/c4278d4a6028830caff9ee44b42d32ed","name":"Telinha","image":{"@type":"ImageObject","inLanguage":"pt-PT","@id":"https:\/\/portaltela.pt\/s.01k8rhncp4jt1\/2025\/11\/talking-bot-125x125.png","url":"https:\/\/portaltela.pt\/s.01k8rhncp4jt1\/2025\/11\/talking-bot-125x125.png","contentUrl":"https:\/\/portaltela.pt\/s.01k8rhncp4jt1\/2025\/11\/talking-bot-125x125.png","caption":"Telinha"},"sameAs":["https:\/\/portaltela.pt\/"],"url":"https:\/\/portaltela.pt\/por\/367410592786\/"}]}},"_links":{"self":[{"href":"https:\/\/portaltela.pt\/api\/wp\/v2\/posts\/431199","targetHints":{"allow":["GET"]}}],"collection":[{"href":"https:\/\/portaltela.pt\/api\/wp\/v2\/posts"}],"about":[{"href":"https:\/\/portaltela.pt\/api\/wp\/v2\/types\/post"}],"author":[{"embeddable":true,"href":"https:\/\/portaltela.pt\/api\/wp\/v2\/users\/2"}],"replies":[{"embeddable":true,"href":"https:\/\/portaltela.pt\/api\/wp\/v2\/comments?post=431199"}],"version-history":[{"count":0,"href":"https:\/\/portaltela.pt\/api\/wp\/v2\/posts\/431199\/revisions"}],"wp:featuredmedia":[{"embeddable":true,"href":"https:\/\/portaltela.pt\/api\/wp\/v2\/media\/431203"}],"wp:attachment":[{"href":"https:\/\/portaltela.pt\/api\/wp\/v2\/media?parent=431199"}],"wp:term":[{"taxonomy":"category","embeddable":true,"href":"https:\/\/portaltela.pt\/api\/wp\/v2\/categories?post=431199"},{"taxonomy":"post_tag","embeddable":true,"href":"https:\/\/portaltela.pt\/api\/wp\/v2\/tags?post=431199"}],"curies":[{"name":"wp","href":"https:\/\/api.w.org\/{rel}","templated":true}]}}