{"id":431192,"date":"2026-04-03T03:52:07","date_gmt":"2026-04-03T06:52:07","guid":{"rendered":"https:\/\/portaltela.pt\/noticias\/2026\/04\/03\/zero-propoe-taxa-de-ruido-por-passageiro-para-reduzir-impacto-dos-voos-em-lisboa\/"},"modified":"2026-04-03T03:52:07","modified_gmt":"2026-04-03T06:52:07","slug":"zero-propoe-taxa-de-ruido-por-passageiro-para-reduzir-impacto-dos-voos-em-lisboa","status":"publish","type":"post","link":"https:\/\/portaltela.pt\/meio-ambiente\/2026\/04\/03\/zero-propoe-taxa-de-ruido-por-passageiro-para-reduzir-impacto-dos-voos-em-lisboa\/","title":{"rendered":"Zero prop\u00f5e taxa de ru\u00eddo por passageiro para reduzir impacto dos voos em Lisboa"},"content":{"rendered":"<p>O grupo ambientalista Zero sugeriu uma taxa de ru\u00eddo por passageiro para reduzir o impacto sonoro na \u00e1rea do Aeroporto Humberto Delgado, em Lisboa. A proposta surge no \u00e2mbito do Plano de A\u00e7\u00e3o do Ru\u00eddo, que a associa\u00e7\u00e3o considera insuficiente para proteger a sa\u00fade p\u00fablica de milhares de pessoas.<\/p>\n<p>Segundo a Zero, o ru\u00eddo das aterragagens e descolagens \u00e9 j\u00e1 mais intenso do que o aceit\u00e1vel e exige medidas de mitiga\u00e7\u00e3o adicionais, para l\u00e1 do que est\u00e1 previsto no plano atual. A organiza\u00e7\u00e3o acusa o plano de falhar no financiamento do isolamento de edif\u00edcios afetados pelo ru\u00eddo.<\/p>\n<p>A proposta apresentada pela Zero fixa em 5,7 euros o valor por passageiro. A associa\u00e7\u00e3o compara a situa\u00e7\u00e3o com Madrid, afirmando que a diferen\u00e7a de abordagem \u00e9 chocante e sublinha a necessidade de maior responsabiliza\u00e7\u00e3o das companhias a\u00e9reas na mitiga\u00e7\u00e3o.<\/p>\n<p>A Zero aponta ainda que o Plano de A\u00e7\u00e3o do Ru\u00eddo n\u00e3o cobre adequadamente o ru\u00eddo nocturno e que a mitiga\u00e7\u00e3o deve atingir um territ\u00f3rio mais amplo para proteger a sa\u00fade de residentes em zonas pr\u00f3ximas ao aeroporto.<\/p>\n","protected":false},"excerpt":{"rendered":"<ul>\n<li>A Zero prop\u00f5e uma taxa de ru\u00eddo de 5,7 euros por passageiro para mitigar o impacto dos avi\u00f5es em Lisboa.<\/li>\n<li>Ambientalistas afirmam que o Plano de Ac\u00e7\u00e3o do Ru\u00eddo falha ao financiar o isolamento de edif\u00edcios.<\/li>\n<li>A diferen\u00e7a entre Lisboa e Madrid \u00e9 apontada como chocante pelos ambientalistas.<\/li>\n<li>O ru\u00eddo provocado por aterragens e descolagens no Aeroporto Humberto Delgado \u00e9 visto como um problema de sa\u00fade p\u00fablica para muitos residentes, com \u00eanfase no per\u00edodo nocturno.<\/li>\n<li>A associa\u00e7\u00e3o ambientalista defende novas medidas de mitiga\u00e7\u00e3o para al\u00e9m daquelas j\u00e1 previstas.<\/li>\n<\/ul>\n","protected":false},"author":2,"featured_media":431195,"comment_status":"closed","ping_status":"closed","sticky":false,"template":"","format":"standard","meta":{"footnotes":""},"categories":[6725],"tags":[3100,45,3750,811,271,192],"class_list":["post-431192","post","type-post","status-publish","format-standard","has-post-thumbnail","hentry","category-meio-ambiente","tag-ambiental","tag-meio-ambiente","tag-poluicao-ambiental","tag-protecao-ambiental","tag-saude-publica","tag-transporte"],"yoast_head":"<!-- This site is optimized with the Yoast SEO plugin v27.2 - https:\/\/yoast.com\/product\/yoast-seo-wordpress\/ -->\n<title>Zero prop\u00f5e taxa de ru\u00eddo por passageiro para reduzir impacto dos voos em Lisboa - Portal Tela Portugal<\/title>\n<meta name=\"robots\" content=\"index, follow, max-snippet:-1, max-image-preview:large, max-video-preview:-1\" \/>\n<meta property=\"og:locale\" content=\"pt_PT\" \/>\n<meta property=\"og:type\" content=\"article\" \/>\n<meta property=\"og:title\" content=\"Zero prop\u00f5e taxa de ru\u00eddo por passageiro para reduzir impacto dos voos em Lisboa - Portal Tela Portugal\" \/>\n<meta property=\"og:description\" content=\"A Zero prop\u00f5e uma taxa de ru\u00eddo de 5,7 euros por passageiro para mitigar o impacto dos avi\u00f5es em Lisboa. Ambientalistas afirmam que o Plano de Ac\u00e7\u00e3o do Ru\u00eddo falha ao financiar o isolamento de edif\u00edcios. A diferen\u00e7a entre Lisboa e Madrid \u00e9 apontada como chocante pelos ambientalistas. O ru\u00eddo provocado por aterragens e descolagens no Aeroporto Humberto Delgado \u00e9 visto como um problema de sa\u00fade p\u00fablica para muitos residentes, com \u00eanfase no per\u00edodo nocturno. A associa\u00e7\u00e3o ambientalista defende novas medidas de mitiga\u00e7\u00e3o para al\u00e9m daquelas j\u00e1 previstas.\" \/>\n<meta property=\"og:url\" content=\"https:\/\/portaltela.pt\/noticias\/2026\/04\/03\/zero-propoe-taxa-de-ruido-por-passageiro-para-reduzir-impacto-dos-voos-em-lisboa\/\" \/>\n<meta property=\"og:site_name\" content=\"Portal Tela Portugal\" \/>\n<meta property=\"article:published_time\" content=\"2026-04-03T06:52:07+00:00\" \/>\n<meta name=\"author\" content=\"Telinha\" \/>\n<meta name=\"twitter:card\" content=\"summary_large_image\" \/>\n<meta name=\"twitter:label1\" content=\"Escrito por\" \/>\n\t<meta name=\"twitter:data1\" content=\"Telinha\" \/>\n\t<meta name=\"twitter:label2\" content=\"Tempo estimado de leitura\" \/>\n\t<meta name=\"twitter:data2\" content=\"1 minuto\" \/>\n<script type=\"application\/ld+json\" class=\"yoast-schema-graph\">{\"@context\":\"https:\/\/schema.org\",\"@graph\":[{\"@type\":\"Article\",\"@id\":\"https:\/\/portaltela.pt\/noticias\/2026\/04\/03\/zero-propoe-taxa-de-ruido-por-passageiro-para-reduzir-impacto-dos-voos-em-lisboa\/#article\",\"isPartOf\":{\"@id\":\"https:\/\/portaltela.pt\/noticias\/2026\/04\/03\/zero-propoe-taxa-de-ruido-por-passageiro-para-reduzir-impacto-dos-voos-em-lisboa\/\"},\"author\":{\"name\":\"Telinha\",\"@id\":\"https:\/\/portaltela.pt\/#\/schema\/person\/c4278d4a6028830caff9ee44b42d32ed\"},\"headline\":\"Zero prop\u00f5e taxa de ru\u00eddo por passageiro para reduzir impacto dos voos em Lisboa\",\"datePublished\":\"2026-04-03T06:52:07+00:00\",\"mainEntityOfPage\":{\"@id\":\"https:\/\/portaltela.pt\/noticias\/2026\/04\/03\/zero-propoe-taxa-de-ruido-por-passageiro-para-reduzir-impacto-dos-voos-em-lisboa\/\"},\"wordCount\":214,\"image\":{\"@id\":\"https:\/\/portaltela.pt\/noticias\/2026\/04\/03\/zero-propoe-taxa-de-ruido-por-passageiro-para-reduzir-impacto-dos-voos-em-lisboa\/#primaryimage\"},\"thumbnailUrl\":\"https:\/\/portaltela.pt\/s.01k8rhncp4jt1\/2026\/04\/2078985.jpg\",\"keywords\":[\"ambiental\",\"meio-ambiente\",\"polui\u00e7\u00e3o ambiental\",\"prote\u00e7\u00e3o ambiental\",\"sa\u00fade p\u00fablica\",\"transporte\"],\"articleSection\":[\"Meio Ambiente\"],\"inLanguage\":\"pt-PT\"},{\"@type\":\"WebPage\",\"@id\":\"https:\/\/portaltela.pt\/noticias\/2026\/04\/03\/zero-propoe-taxa-de-ruido-por-passageiro-para-reduzir-impacto-dos-voos-em-lisboa\/\",\"url\":\"https:\/\/portaltela.pt\/noticias\/2026\/04\/03\/zero-propoe-taxa-de-ruido-por-passageiro-para-reduzir-impacto-dos-voos-em-lisboa\/\",\"name\":\"Zero prop\u00f5e taxa de ru\u00eddo por passageiro para reduzir impacto dos voos em Lisboa - Portal Tela Portugal\",\"isPartOf\":{\"@id\":\"https:\/\/portaltela.pt\/#website\"},\"primaryImageOfPage\":{\"@id\":\"https:\/\/portaltela.pt\/noticias\/2026\/04\/03\/zero-propoe-taxa-de-ruido-por-passageiro-para-reduzir-impacto-dos-voos-em-lisboa\/#primaryimage\"},\"image\":{\"@id\":\"https:\/\/portaltela.pt\/noticias\/2026\/04\/03\/zero-propoe-taxa-de-ruido-por-passageiro-para-reduzir-impacto-dos-voos-em-lisboa\/#primaryimage\"},\"thumbnailUrl\":\"https:\/\/portaltela.pt\/s.01k8rhncp4jt1\/2026\/04\/2078985.jpg\",\"datePublished\":\"2026-04-03T06:52:07+00:00\",\"author\":{\"@id\":\"https:\/\/portaltela.pt\/#\/schema\/person\/c4278d4a6028830caff9ee44b42d32ed\"},\"breadcrumb\":{\"@id\":\"https:\/\/portaltela.pt\/noticias\/2026\/04\/03\/zero-propoe-taxa-de-ruido-por-passageiro-para-reduzir-impacto-dos-voos-em-lisboa\/#breadcrumb\"},\"inLanguage\":\"pt-PT\",\"potentialAction\":[{\"@type\":\"ReadAction\",\"target\":[\"https:\/\/portaltela.pt\/noticias\/2026\/04\/03\/zero-propoe-taxa-de-ruido-por-passageiro-para-reduzir-impacto-dos-voos-em-lisboa\/\"]}]},{\"@type\":\"ImageObject\",\"inLanguage\":\"pt-PT\",\"@id\":\"https:\/\/portaltela.pt\/noticias\/2026\/04\/03\/zero-propoe-taxa-de-ruido-por-passageiro-para-reduzir-impacto-dos-voos-em-lisboa\/#primaryimage\",\"url\":\"https:\/\/portaltela.pt\/s.01k8rhncp4jt1\/2026\/04\/2078985.jpg\",\"contentUrl\":\"https:\/\/portaltela.pt\/s.01k8rhncp4jt1\/2026\/04\/2078985.jpg\",\"width\":796,\"height\":448,\"caption\":\"Ambientalistas sublinham que devem ser as companhias a\u00e9reas a custear a mitiga\u00e7\u00e3o do ru\u00eddo dos avi\u00f5es\"},{\"@type\":\"BreadcrumbList\",\"@id\":\"https:\/\/portaltela.pt\/noticias\/2026\/04\/03\/zero-propoe-taxa-de-ruido-por-passageiro-para-reduzir-impacto-dos-voos-em-lisboa\/#breadcrumb\",\"itemListElement\":[{\"@type\":\"ListItem\",\"position\":1,\"name\":\"In\u00edcio\",\"item\":\"https:\/\/portaltela.pt\/\"},{\"@type\":\"ListItem\",\"position\":2,\"name\":\"Zero prop\u00f5e taxa de ru\u00eddo por passageiro para reduzir impacto dos voos em Lisboa\"}]},{\"@type\":\"WebSite\",\"@id\":\"https:\/\/portaltela.pt\/#website\",\"url\":\"https:\/\/portaltela.pt\/\",\"name\":\"Portal Tela Portugal\",\"description\":\"\",\"potentialAction\":[{\"@type\":\"SearchAction\",\"target\":{\"@type\":\"EntryPoint\",\"urlTemplate\":\"https:\/\/portaltela.pt\/?s={search_term_string}\"},\"query-input\":{\"@type\":\"PropertyValueSpecification\",\"valueRequired\":true,\"valueName\":\"search_term_string\"}}],\"inLanguage\":\"pt-PT\"},{\"@type\":\"Person\",\"@id\":\"https:\/\/portaltela.pt\/#\/schema\/person\/c4278d4a6028830caff9ee44b42d32ed\",\"name\":\"Telinha\",\"image\":{\"@type\":\"ImageObject\",\"inLanguage\":\"pt-PT\",\"@id\":\"https:\/\/portaltela.pt\/s.01k8rhncp4jt1\/2025\/11\/talking-bot-125x125.png\",\"url\":\"https:\/\/portaltela.pt\/s.01k8rhncp4jt1\/2025\/11\/talking-bot-125x125.png\",\"contentUrl\":\"https:\/\/portaltela.pt\/s.01k8rhncp4jt1\/2025\/11\/talking-bot-125x125.png\",\"caption\":\"Telinha\"},\"sameAs\":[\"https:\/\/portaltela.pt\/\"],\"url\":\"https:\/\/portaltela.pt\/por\/367410592786\/\"}]}<\/script>\n<!-- \/ Yoast SEO plugin. -->","yoast_head_json":{"title":"Zero prop\u00f5e taxa de ru\u00eddo por passageiro para reduzir impacto dos voos em Lisboa - Portal Tela Portugal","robots":{"index":"index","follow":"follow","max-snippet":"max-snippet:-1","max-image-preview":"max-image-preview:large","max-video-preview":"max-video-preview:-1"},"og_locale":"pt_PT","og_type":"article","og_title":"Zero prop\u00f5e taxa de ru\u00eddo por passageiro para reduzir impacto dos voos em Lisboa - Portal Tela Portugal","og_description":"A Zero prop\u00f5e uma taxa de ru\u00eddo de 5,7 euros por passageiro para mitigar o impacto dos avi\u00f5es em Lisboa. Ambientalistas afirmam que o Plano de Ac\u00e7\u00e3o do Ru\u00eddo falha ao financiar o isolamento de edif\u00edcios. A diferen\u00e7a entre Lisboa e Madrid \u00e9 apontada como chocante pelos ambientalistas. O ru\u00eddo provocado por aterragens e descolagens no Aeroporto Humberto Delgado \u00e9 visto como um problema de sa\u00fade p\u00fablica para muitos residentes, com \u00eanfase no per\u00edodo nocturno. A associa\u00e7\u00e3o ambientalista defende novas medidas de mitiga\u00e7\u00e3o para al\u00e9m daquelas j\u00e1 previstas.","og_url":"https:\/\/portaltela.pt\/noticias\/2026\/04\/03\/zero-propoe-taxa-de-ruido-por-passageiro-para-reduzir-impacto-dos-voos-em-lisboa\/","og_site_name":"Portal Tela Portugal","article_published_time":"2026-04-03T06:52:07+00:00","author":"Telinha","twitter_card":"summary_large_image","twitter_misc":{"Escrito por":"Telinha","Tempo estimado de leitura":"1 minuto"},"schema":{"@context":"https:\/\/schema.org","@graph":[{"@type":"Article","@id":"https:\/\/portaltela.pt\/noticias\/2026\/04\/03\/zero-propoe-taxa-de-ruido-por-passageiro-para-reduzir-impacto-dos-voos-em-lisboa\/#article","isPartOf":{"@id":"https:\/\/portaltela.pt\/noticias\/2026\/04\/03\/zero-propoe-taxa-de-ruido-por-passageiro-para-reduzir-impacto-dos-voos-em-lisboa\/"},"author":{"name":"Telinha","@id":"https:\/\/portaltela.pt\/#\/schema\/person\/c4278d4a6028830caff9ee44b42d32ed"},"headline":"Zero prop\u00f5e taxa de ru\u00eddo por passageiro para reduzir impacto dos voos em Lisboa","datePublished":"2026-04-03T06:52:07+00:00","mainEntityOfPage":{"@id":"https:\/\/portaltela.pt\/noticias\/2026\/04\/03\/zero-propoe-taxa-de-ruido-por-passageiro-para-reduzir-impacto-dos-voos-em-lisboa\/"},"wordCount":214,"image":{"@id":"https:\/\/portaltela.pt\/noticias\/2026\/04\/03\/zero-propoe-taxa-de-ruido-por-passageiro-para-reduzir-impacto-dos-voos-em-lisboa\/#primaryimage"},"thumbnailUrl":"https:\/\/portaltela.pt\/s.01k8rhncp4jt1\/2026\/04\/2078985.jpg","keywords":["ambiental","meio-ambiente","polui\u00e7\u00e3o ambiental","prote\u00e7\u00e3o ambiental","sa\u00fade p\u00fablica","transporte"],"articleSection":["Meio Ambiente"],"inLanguage":"pt-PT"},{"@type":"WebPage","@id":"https:\/\/portaltela.pt\/noticias\/2026\/04\/03\/zero-propoe-taxa-de-ruido-por-passageiro-para-reduzir-impacto-dos-voos-em-lisboa\/","url":"https:\/\/portaltela.pt\/noticias\/2026\/04\/03\/zero-propoe-taxa-de-ruido-por-passageiro-para-reduzir-impacto-dos-voos-em-lisboa\/","name":"Zero prop\u00f5e taxa de ru\u00eddo por passageiro para reduzir impacto dos voos em Lisboa - Portal Tela Portugal","isPartOf":{"@id":"https:\/\/portaltela.pt\/#website"},"primaryImageOfPage":{"@id":"https:\/\/portaltela.pt\/noticias\/2026\/04\/03\/zero-propoe-taxa-de-ruido-por-passageiro-para-reduzir-impacto-dos-voos-em-lisboa\/#primaryimage"},"image":{"@id":"https:\/\/portaltela.pt\/noticias\/2026\/04\/03\/zero-propoe-taxa-de-ruido-por-passageiro-para-reduzir-impacto-dos-voos-em-lisboa\/#primaryimage"},"thumbnailUrl":"https:\/\/portaltela.pt\/s.01k8rhncp4jt1\/2026\/04\/2078985.jpg","datePublished":"2026-04-03T06:52:07+00:00","author":{"@id":"https:\/\/portaltela.pt\/#\/schema\/person\/c4278d4a6028830caff9ee44b42d32ed"},"breadcrumb":{"@id":"https:\/\/portaltela.pt\/noticias\/2026\/04\/03\/zero-propoe-taxa-de-ruido-por-passageiro-para-reduzir-impacto-dos-voos-em-lisboa\/#breadcrumb"},"inLanguage":"pt-PT","potentialAction":[{"@type":"ReadAction","target":["https:\/\/portaltela.pt\/noticias\/2026\/04\/03\/zero-propoe-taxa-de-ruido-por-passageiro-para-reduzir-impacto-dos-voos-em-lisboa\/"]}]},{"@type":"ImageObject","inLanguage":"pt-PT","@id":"https:\/\/portaltela.pt\/noticias\/2026\/04\/03\/zero-propoe-taxa-de-ruido-por-passageiro-para-reduzir-impacto-dos-voos-em-lisboa\/#primaryimage","url":"https:\/\/portaltela.pt\/s.01k8rhncp4jt1\/2026\/04\/2078985.jpg","contentUrl":"https:\/\/portaltela.pt\/s.01k8rhncp4jt1\/2026\/04\/2078985.jpg","width":796,"height":448,"caption":"Ambientalistas sublinham que devem ser as companhias a\u00e9reas a custear a mitiga\u00e7\u00e3o do ru\u00eddo dos avi\u00f5es"},{"@type":"BreadcrumbList","@id":"https:\/\/portaltela.pt\/noticias\/2026\/04\/03\/zero-propoe-taxa-de-ruido-por-passageiro-para-reduzir-impacto-dos-voos-em-lisboa\/#breadcrumb","itemListElement":[{"@type":"ListItem","position":1,"name":"In\u00edcio","item":"https:\/\/portaltela.pt\/"},{"@type":"ListItem","position":2,"name":"Zero prop\u00f5e taxa de ru\u00eddo por passageiro para reduzir impacto dos voos em Lisboa"}]},{"@type":"WebSite","@id":"https:\/\/portaltela.pt\/#website","url":"https:\/\/portaltela.pt\/","name":"Portal Tela Portugal","description":"","potentialAction":[{"@type":"SearchAction","target":{"@type":"EntryPoint","urlTemplate":"https:\/\/portaltela.pt\/?s={search_term_string}"},"query-input":{"@type":"PropertyValueSpecification","valueRequired":true,"valueName":"search_term_string"}}],"inLanguage":"pt-PT"},{"@type":"Person","@id":"https:\/\/portaltela.pt\/#\/schema\/person\/c4278d4a6028830caff9ee44b42d32ed","name":"Telinha","image":{"@type":"ImageObject","inLanguage":"pt-PT","@id":"https:\/\/portaltela.pt\/s.01k8rhncp4jt1\/2025\/11\/talking-bot-125x125.png","url":"https:\/\/portaltela.pt\/s.01k8rhncp4jt1\/2025\/11\/talking-bot-125x125.png","contentUrl":"https:\/\/portaltela.pt\/s.01k8rhncp4jt1\/2025\/11\/talking-bot-125x125.png","caption":"Telinha"},"sameAs":["https:\/\/portaltela.pt\/"],"url":"https:\/\/portaltela.pt\/por\/367410592786\/"}]}},"_links":{"self":[{"href":"https:\/\/portaltela.pt\/api\/wp\/v2\/posts\/431192","targetHints":{"allow":["GET"]}}],"collection":[{"href":"https:\/\/portaltela.pt\/api\/wp\/v2\/posts"}],"about":[{"href":"https:\/\/portaltela.pt\/api\/wp\/v2\/types\/post"}],"author":[{"embeddable":true,"href":"https:\/\/portaltela.pt\/api\/wp\/v2\/users\/2"}],"replies":[{"embeddable":true,"href":"https:\/\/portaltela.pt\/api\/wp\/v2\/comments?post=431192"}],"version-history":[{"count":0,"href":"https:\/\/portaltela.pt\/api\/wp\/v2\/posts\/431192\/revisions"}],"wp:featuredmedia":[{"embeddable":true,"href":"https:\/\/portaltela.pt\/api\/wp\/v2\/media\/431195"}],"wp:attachment":[{"href":"https:\/\/portaltela.pt\/api\/wp\/v2\/media?parent=431192"}],"wp:term":[{"taxonomy":"category","embeddable":true,"href":"https:\/\/portaltela.pt\/api\/wp\/v2\/categories?post=431192"},{"taxonomy":"post_tag","embeddable":true,"href":"https:\/\/portaltela.pt\/api\/wp\/v2\/tags?post=431192"}],"curies":[{"name":"wp","href":"https:\/\/api.w.org\/{rel}","templated":true}]}}