{"id":431183,"date":"2026-04-03T03:30:00","date_gmt":"2026-04-03T06:30:00","guid":{"rendered":"https:\/\/portaltela.pt\/noticias\/2026\/04\/03\/tribunais-acompanham-quase-2000-criancas-em-caso-de-direito-a-educacao\/"},"modified":"2026-04-03T03:30:00","modified_gmt":"2026-04-03T06:30:00","slug":"tribunais-acompanham-quase-2000-criancas-em-caso-de-direito-a-educacao","status":"publish","type":"post","link":"https:\/\/portaltela.pt\/sociedade\/2026\/04\/03\/tribunais-acompanham-quase-2000-criancas-em-caso-de-direito-a-educacao\/","title":{"rendered":"Tribunais acompanham quase 2000 crian\u00e7as em caso de direito \u00e0 educa\u00e7\u00e3o"},"content":{"rendered":"<p>A educa\u00e7\u00e3o est\u00e1 em foco de novos progn\u00f3sticos judiciais, com quase 2 mil casos avaliados pelas Equipas Multidisciplinares de Apoio T\u00e9cnico aos Tribunais no ano passado. Ao todo, 1968 crian\u00e7as e jovens ficaram sob an\u00e1lise por quest\u00f5es relacionadas com o direito \u00e0 educa\u00e7\u00e3o. Este n\u00famero foi apurado pela primeira vez.<\/p>\n<p>Os processos em causa s\u00e3o os que nem as escolas nem as CPCJ conseguiram resolver, acabando nos tribunais. A fundamenta\u00e7\u00e3o principal identificada situa-se em situa\u00e7\u00f5es de perigo que afetam o direito \u00e0 educa\u00e7\u00e3o, destacando absentismo escolar e abandono.<\/p>\n<p>Entre as caracter\u00edsticas observadas, incluem-se faltas sistem\u00e1ticas, recusa de frequentar a escola, ou impedimento por parte dos progenitores. Tamb\u00e9m se contemplam cen\u00e1rios de ensino alternativo n\u00e3o regulado, que entram na avalia\u00e7\u00e3o judicial como parte do direito \u00e0 educa\u00e7\u00e3o. O estudo resulta de um levantamento feito pelo sistema de prote\u00e7\u00e3o de menores.<\/p>\n<h3>Contexto e dados adicionais<\/h3>\n<p>A an\u00e1lise refere-se ao que aconteceu no ano anterior e aponta para a necessidade de reconhecer sinais precoces de risco educativo. As equipas trabalham com foco na prote\u00e7\u00e3o de direitos da crian\u00e7a e no desenvolvimento de respostas legais, quando as vias educativas tradicionais n\u00e3o asseguram a perman\u00eancia na escola. As informa\u00e7\u00f5es foram recolhidas a partir dos processos de promo\u00e7\u00e3o e prote\u00e7\u00e3o judiciais em que o direito \u00e0 educa\u00e7\u00e3o esteve em causa. Este \u00e9 um indicador-chave para pol\u00edticas p\u00fablicas relacionadas com educa\u00e7\u00e3o e prote\u00e7\u00e3o de menores.<\/p>\n","protected":false},"excerpt":{"rendered":"<ul>\n<li>As Equipas Multidisciplinares de Apoio T\u00e9cnico aos Tribunais acompanharam 1.968 crian\u00e7as e jovens cujo direito \u00e0 educa\u00e7\u00e3o estava em causa, no ano passado.<\/li>\n<li>Os casos s\u00e3o daquelas situa\u00e7\u00f5es em que as escolas e as comiss\u00f5es de prote\u00e7\u00e3o de crian\u00e7as e jovens (CPCJ) n\u00e3o conseguiram resolver, cabendo ao tribunal acompanhar.<\/li>\n<li>A principal \u201ccategoria\u201d de perigo identificada foi \u201csitua\u00e7\u00f5es de perigo em que est\u00e1 em causa o direito \u00e0 educa\u00e7\u00e3o\u201d, que engloba o absentismo e o abandono escolar.<\/li>\n<li>Os dados foram apurados pela primeira vez.<\/li>\n<li>Os casos podem incluir faltas sistem\u00e1ticas, recusa em frequentar a escola, impedimento pelos progenitores ou ensino alternativo n\u00e3o regulado.<\/li>\n<\/ul>\n","protected":false},"author":2,"featured_media":431185,"comment_status":"closed","ping_status":"closed","sticky":false,"template":"","format":"standard","meta":{"footnotes":""},"categories":[1,6871],"tags":[3953,6337,7178,163,2181,6208],"class_list":["post-431183","post","type-post","status-publish","format-standard","has-post-thumbnail","hentry","category-noticias","category-sociedade","tag-criancas","tag-direito","tag-direitos-de-menores","tag-educacao","tag-protecao-de-menores","tag-tribunais"],"yoast_head":"<!-- This site is optimized with the Yoast SEO plugin v27.2 - https:\/\/yoast.com\/product\/yoast-seo-wordpress\/ -->\n<title>Tribunais acompanham quase 2000 crian\u00e7as em caso de direito \u00e0 educa\u00e7\u00e3o - Portal Tela Portugal<\/title>\n<meta name=\"robots\" content=\"index, follow, max-snippet:-1, max-image-preview:large, max-video-preview:-1\" \/>\n<meta property=\"og:locale\" content=\"pt_PT\" \/>\n<meta property=\"og:type\" content=\"article\" \/>\n<meta property=\"og:title\" content=\"Tribunais acompanham quase 2000 crian\u00e7as em caso de direito \u00e0 educa\u00e7\u00e3o - Portal Tela Portugal\" \/>\n<meta property=\"og:description\" content=\"As Equipas Multidisciplinares de Apoio T\u00e9cnico aos Tribunais acompanharam 1.968 crian\u00e7as e jovens cujo direito \u00e0 educa\u00e7\u00e3o estava em causa, no ano passado. Os casos s\u00e3o daquelas situa\u00e7\u00f5es em que as escolas e as comiss\u00f5es de prote\u00e7\u00e3o de crian\u00e7as e jovens (CPCJ) n\u00e3o conseguiram resolver, cabendo ao tribunal acompanhar. A principal \u201ccategoria\u201d de perigo identificada foi \u201csitua\u00e7\u00f5es de perigo em que est\u00e1 em causa o direito \u00e0 educa\u00e7\u00e3o\u201d, que engloba o absentismo e o abandono escolar. Os dados foram apurados pela primeira vez. Os casos podem incluir faltas sistem\u00e1ticas, recusa em frequentar a escola, impedimento pelos progenitores ou ensino alternativo n\u00e3o regulado.\" \/>\n<meta property=\"og:url\" content=\"https:\/\/portaltela.pt\/noticias\/2026\/04\/03\/tribunais-acompanham-quase-2000-criancas-em-caso-de-direito-a-educacao\/\" \/>\n<meta property=\"og:site_name\" content=\"Portal Tela Portugal\" \/>\n<meta property=\"article:published_time\" content=\"2026-04-03T06:30:00+00:00\" \/>\n<meta name=\"author\" content=\"Telinha\" \/>\n<meta name=\"twitter:card\" content=\"summary_large_image\" \/>\n<meta name=\"twitter:label1\" content=\"Escrito por\" \/>\n\t<meta name=\"twitter:data1\" content=\"Telinha\" \/>\n\t<meta name=\"twitter:label2\" content=\"Tempo estimado de leitura\" \/>\n\t<meta name=\"twitter:data2\" content=\"1 minuto\" \/>\n<script type=\"application\/ld+json\" class=\"yoast-schema-graph\">{\"@context\":\"https:\/\/schema.org\",\"@graph\":[{\"@type\":\"Article\",\"@id\":\"https:\/\/portaltela.pt\/noticias\/2026\/04\/03\/tribunais-acompanham-quase-2000-criancas-em-caso-de-direito-a-educacao\/#article\",\"isPartOf\":{\"@id\":\"https:\/\/portaltela.pt\/noticias\/2026\/04\/03\/tribunais-acompanham-quase-2000-criancas-em-caso-de-direito-a-educacao\/\"},\"author\":{\"name\":\"Telinha\",\"@id\":\"https:\/\/portaltela.pt\/#\/schema\/person\/c4278d4a6028830caff9ee44b42d32ed\"},\"headline\":\"Tribunais acompanham quase 2000 crian\u00e7as em caso de direito \u00e0 educa\u00e7\u00e3o\",\"datePublished\":\"2026-04-03T06:30:00+00:00\",\"mainEntityOfPage\":{\"@id\":\"https:\/\/portaltela.pt\/noticias\/2026\/04\/03\/tribunais-acompanham-quase-2000-criancas-em-caso-de-direito-a-educacao\/\"},\"wordCount\":265,\"image\":{\"@id\":\"https:\/\/portaltela.pt\/noticias\/2026\/04\/03\/tribunais-acompanham-quase-2000-criancas-em-caso-de-direito-a-educacao\/#primaryimage\"},\"thumbnailUrl\":\"https:\/\/portaltela.pt\/s.01k8rhncp4jt1\/2026\/04\/2078492.jpg\",\"keywords\":[\"crian\u00e7as\",\"direito\",\"direitos de menores\",\"educa\u00e7\u00e3o\",\"prote\u00e7\u00e3o de menores\",\"Tribunais\"],\"articleSection\":[\"Not\u00edcias\",\"Sociedade\"],\"inLanguage\":\"pt-PT\"},{\"@type\":\"WebPage\",\"@id\":\"https:\/\/portaltela.pt\/noticias\/2026\/04\/03\/tribunais-acompanham-quase-2000-criancas-em-caso-de-direito-a-educacao\/\",\"url\":\"https:\/\/portaltela.pt\/noticias\/2026\/04\/03\/tribunais-acompanham-quase-2000-criancas-em-caso-de-direito-a-educacao\/\",\"name\":\"Tribunais acompanham quase 2000 crian\u00e7as em caso de direito \u00e0 educa\u00e7\u00e3o - Portal Tela Portugal\",\"isPartOf\":{\"@id\":\"https:\/\/portaltela.pt\/#website\"},\"primaryImageOfPage\":{\"@id\":\"https:\/\/portaltela.pt\/noticias\/2026\/04\/03\/tribunais-acompanham-quase-2000-criancas-em-caso-de-direito-a-educacao\/#primaryimage\"},\"image\":{\"@id\":\"https:\/\/portaltela.pt\/noticias\/2026\/04\/03\/tribunais-acompanham-quase-2000-criancas-em-caso-de-direito-a-educacao\/#primaryimage\"},\"thumbnailUrl\":\"https:\/\/portaltela.pt\/s.01k8rhncp4jt1\/2026\/04\/2078492.jpg\",\"datePublished\":\"2026-04-03T06:30:00+00:00\",\"author\":{\"@id\":\"https:\/\/portaltela.pt\/#\/schema\/person\/c4278d4a6028830caff9ee44b42d32ed\"},\"breadcrumb\":{\"@id\":\"https:\/\/portaltela.pt\/noticias\/2026\/04\/03\/tribunais-acompanham-quase-2000-criancas-em-caso-de-direito-a-educacao\/#breadcrumb\"},\"inLanguage\":\"pt-PT\",\"potentialAction\":[{\"@type\":\"ReadAction\",\"target\":[\"https:\/\/portaltela.pt\/noticias\/2026\/04\/03\/tribunais-acompanham-quase-2000-criancas-em-caso-de-direito-a-educacao\/\"]}]},{\"@type\":\"ImageObject\",\"inLanguage\":\"pt-PT\",\"@id\":\"https:\/\/portaltela.pt\/noticias\/2026\/04\/03\/tribunais-acompanham-quase-2000-criancas-em-caso-de-direito-a-educacao\/#primaryimage\",\"url\":\"https:\/\/portaltela.pt\/s.01k8rhncp4jt1\/2026\/04\/2078492.jpg\",\"contentUrl\":\"https:\/\/portaltela.pt\/s.01k8rhncp4jt1\/2026\/04\/2078492.jpg\",\"width\":796,\"height\":448,\"caption\":\"Os casos podem ter v\u00e1rias caracter\u00edsticas, desde alunos que faltam sistematicamente, ou se recusam a ir \u00e0 escola, at\u00e9 crian\u00e7as que estejam impedidas pelos progenitores de a frequentarem ou situa\u00e7\u00f5es de ensino alternativo n\u00e3o regulado\"},{\"@type\":\"BreadcrumbList\",\"@id\":\"https:\/\/portaltela.pt\/noticias\/2026\/04\/03\/tribunais-acompanham-quase-2000-criancas-em-caso-de-direito-a-educacao\/#breadcrumb\",\"itemListElement\":[{\"@type\":\"ListItem\",\"position\":1,\"name\":\"In\u00edcio\",\"item\":\"https:\/\/portaltela.pt\/\"},{\"@type\":\"ListItem\",\"position\":2,\"name\":\"Tribunais acompanham quase 2000 crian\u00e7as em caso de direito \u00e0 educa\u00e7\u00e3o\"}]},{\"@type\":\"WebSite\",\"@id\":\"https:\/\/portaltela.pt\/#website\",\"url\":\"https:\/\/portaltela.pt\/\",\"name\":\"Portal Tela Portugal\",\"description\":\"\",\"potentialAction\":[{\"@type\":\"SearchAction\",\"target\":{\"@type\":\"EntryPoint\",\"urlTemplate\":\"https:\/\/portaltela.pt\/?s={search_term_string}\"},\"query-input\":{\"@type\":\"PropertyValueSpecification\",\"valueRequired\":true,\"valueName\":\"search_term_string\"}}],\"inLanguage\":\"pt-PT\"},{\"@type\":\"Person\",\"@id\":\"https:\/\/portaltela.pt\/#\/schema\/person\/c4278d4a6028830caff9ee44b42d32ed\",\"name\":\"Telinha\",\"image\":{\"@type\":\"ImageObject\",\"inLanguage\":\"pt-PT\",\"@id\":\"https:\/\/portaltela.pt\/s.01k8rhncp4jt1\/2025\/11\/talking-bot-125x125.png\",\"url\":\"https:\/\/portaltela.pt\/s.01k8rhncp4jt1\/2025\/11\/talking-bot-125x125.png\",\"contentUrl\":\"https:\/\/portaltela.pt\/s.01k8rhncp4jt1\/2025\/11\/talking-bot-125x125.png\",\"caption\":\"Telinha\"},\"sameAs\":[\"https:\/\/portaltela.pt\/\"],\"url\":\"https:\/\/portaltela.pt\/por\/367410592786\/\"}]}<\/script>\n<!-- \/ Yoast SEO plugin. -->","yoast_head_json":{"title":"Tribunais acompanham quase 2000 crian\u00e7as em caso de direito \u00e0 educa\u00e7\u00e3o - Portal Tela Portugal","robots":{"index":"index","follow":"follow","max-snippet":"max-snippet:-1","max-image-preview":"max-image-preview:large","max-video-preview":"max-video-preview:-1"},"og_locale":"pt_PT","og_type":"article","og_title":"Tribunais acompanham quase 2000 crian\u00e7as em caso de direito \u00e0 educa\u00e7\u00e3o - Portal Tela Portugal","og_description":"As Equipas Multidisciplinares de Apoio T\u00e9cnico aos Tribunais acompanharam 1.968 crian\u00e7as e jovens cujo direito \u00e0 educa\u00e7\u00e3o estava em causa, no ano passado. Os casos s\u00e3o daquelas situa\u00e7\u00f5es em que as escolas e as comiss\u00f5es de prote\u00e7\u00e3o de crian\u00e7as e jovens (CPCJ) n\u00e3o conseguiram resolver, cabendo ao tribunal acompanhar. A principal \u201ccategoria\u201d de perigo identificada foi \u201csitua\u00e7\u00f5es de perigo em que est\u00e1 em causa o direito \u00e0 educa\u00e7\u00e3o\u201d, que engloba o absentismo e o abandono escolar. Os dados foram apurados pela primeira vez. Os casos podem incluir faltas sistem\u00e1ticas, recusa em frequentar a escola, impedimento pelos progenitores ou ensino alternativo n\u00e3o regulado.","og_url":"https:\/\/portaltela.pt\/noticias\/2026\/04\/03\/tribunais-acompanham-quase-2000-criancas-em-caso-de-direito-a-educacao\/","og_site_name":"Portal Tela Portugal","article_published_time":"2026-04-03T06:30:00+00:00","author":"Telinha","twitter_card":"summary_large_image","twitter_misc":{"Escrito por":"Telinha","Tempo estimado de leitura":"1 minuto"},"schema":{"@context":"https:\/\/schema.org","@graph":[{"@type":"Article","@id":"https:\/\/portaltela.pt\/noticias\/2026\/04\/03\/tribunais-acompanham-quase-2000-criancas-em-caso-de-direito-a-educacao\/#article","isPartOf":{"@id":"https:\/\/portaltela.pt\/noticias\/2026\/04\/03\/tribunais-acompanham-quase-2000-criancas-em-caso-de-direito-a-educacao\/"},"author":{"name":"Telinha","@id":"https:\/\/portaltela.pt\/#\/schema\/person\/c4278d4a6028830caff9ee44b42d32ed"},"headline":"Tribunais acompanham quase 2000 crian\u00e7as em caso de direito \u00e0 educa\u00e7\u00e3o","datePublished":"2026-04-03T06:30:00+00:00","mainEntityOfPage":{"@id":"https:\/\/portaltela.pt\/noticias\/2026\/04\/03\/tribunais-acompanham-quase-2000-criancas-em-caso-de-direito-a-educacao\/"},"wordCount":265,"image":{"@id":"https:\/\/portaltela.pt\/noticias\/2026\/04\/03\/tribunais-acompanham-quase-2000-criancas-em-caso-de-direito-a-educacao\/#primaryimage"},"thumbnailUrl":"https:\/\/portaltela.pt\/s.01k8rhncp4jt1\/2026\/04\/2078492.jpg","keywords":["crian\u00e7as","direito","direitos de menores","educa\u00e7\u00e3o","prote\u00e7\u00e3o de menores","Tribunais"],"articleSection":["Not\u00edcias","Sociedade"],"inLanguage":"pt-PT"},{"@type":"WebPage","@id":"https:\/\/portaltela.pt\/noticias\/2026\/04\/03\/tribunais-acompanham-quase-2000-criancas-em-caso-de-direito-a-educacao\/","url":"https:\/\/portaltela.pt\/noticias\/2026\/04\/03\/tribunais-acompanham-quase-2000-criancas-em-caso-de-direito-a-educacao\/","name":"Tribunais acompanham quase 2000 crian\u00e7as em caso de direito \u00e0 educa\u00e7\u00e3o - Portal Tela Portugal","isPartOf":{"@id":"https:\/\/portaltela.pt\/#website"},"primaryImageOfPage":{"@id":"https:\/\/portaltela.pt\/noticias\/2026\/04\/03\/tribunais-acompanham-quase-2000-criancas-em-caso-de-direito-a-educacao\/#primaryimage"},"image":{"@id":"https:\/\/portaltela.pt\/noticias\/2026\/04\/03\/tribunais-acompanham-quase-2000-criancas-em-caso-de-direito-a-educacao\/#primaryimage"},"thumbnailUrl":"https:\/\/portaltela.pt\/s.01k8rhncp4jt1\/2026\/04\/2078492.jpg","datePublished":"2026-04-03T06:30:00+00:00","author":{"@id":"https:\/\/portaltela.pt\/#\/schema\/person\/c4278d4a6028830caff9ee44b42d32ed"},"breadcrumb":{"@id":"https:\/\/portaltela.pt\/noticias\/2026\/04\/03\/tribunais-acompanham-quase-2000-criancas-em-caso-de-direito-a-educacao\/#breadcrumb"},"inLanguage":"pt-PT","potentialAction":[{"@type":"ReadAction","target":["https:\/\/portaltela.pt\/noticias\/2026\/04\/03\/tribunais-acompanham-quase-2000-criancas-em-caso-de-direito-a-educacao\/"]}]},{"@type":"ImageObject","inLanguage":"pt-PT","@id":"https:\/\/portaltela.pt\/noticias\/2026\/04\/03\/tribunais-acompanham-quase-2000-criancas-em-caso-de-direito-a-educacao\/#primaryimage","url":"https:\/\/portaltela.pt\/s.01k8rhncp4jt1\/2026\/04\/2078492.jpg","contentUrl":"https:\/\/portaltela.pt\/s.01k8rhncp4jt1\/2026\/04\/2078492.jpg","width":796,"height":448,"caption":"Os casos podem ter v\u00e1rias caracter\u00edsticas, desde alunos que faltam sistematicamente, ou se recusam a ir \u00e0 escola, at\u00e9 crian\u00e7as que estejam impedidas pelos progenitores de a frequentarem ou situa\u00e7\u00f5es de ensino alternativo n\u00e3o regulado"},{"@type":"BreadcrumbList","@id":"https:\/\/portaltela.pt\/noticias\/2026\/04\/03\/tribunais-acompanham-quase-2000-criancas-em-caso-de-direito-a-educacao\/#breadcrumb","itemListElement":[{"@type":"ListItem","position":1,"name":"In\u00edcio","item":"https:\/\/portaltela.pt\/"},{"@type":"ListItem","position":2,"name":"Tribunais acompanham quase 2000 crian\u00e7as em caso de direito \u00e0 educa\u00e7\u00e3o"}]},{"@type":"WebSite","@id":"https:\/\/portaltela.pt\/#website","url":"https:\/\/portaltela.pt\/","name":"Portal Tela Portugal","description":"","potentialAction":[{"@type":"SearchAction","target":{"@type":"EntryPoint","urlTemplate":"https:\/\/portaltela.pt\/?s={search_term_string}"},"query-input":{"@type":"PropertyValueSpecification","valueRequired":true,"valueName":"search_term_string"}}],"inLanguage":"pt-PT"},{"@type":"Person","@id":"https:\/\/portaltela.pt\/#\/schema\/person\/c4278d4a6028830caff9ee44b42d32ed","name":"Telinha","image":{"@type":"ImageObject","inLanguage":"pt-PT","@id":"https:\/\/portaltela.pt\/s.01k8rhncp4jt1\/2025\/11\/talking-bot-125x125.png","url":"https:\/\/portaltela.pt\/s.01k8rhncp4jt1\/2025\/11\/talking-bot-125x125.png","contentUrl":"https:\/\/portaltela.pt\/s.01k8rhncp4jt1\/2025\/11\/talking-bot-125x125.png","caption":"Telinha"},"sameAs":["https:\/\/portaltela.pt\/"],"url":"https:\/\/portaltela.pt\/por\/367410592786\/"}]}},"_links":{"self":[{"href":"https:\/\/portaltela.pt\/api\/wp\/v2\/posts\/431183","targetHints":{"allow":["GET"]}}],"collection":[{"href":"https:\/\/portaltela.pt\/api\/wp\/v2\/posts"}],"about":[{"href":"https:\/\/portaltela.pt\/api\/wp\/v2\/types\/post"}],"author":[{"embeddable":true,"href":"https:\/\/portaltela.pt\/api\/wp\/v2\/users\/2"}],"replies":[{"embeddable":true,"href":"https:\/\/portaltela.pt\/api\/wp\/v2\/comments?post=431183"}],"version-history":[{"count":0,"href":"https:\/\/portaltela.pt\/api\/wp\/v2\/posts\/431183\/revisions"}],"wp:featuredmedia":[{"embeddable":true,"href":"https:\/\/portaltela.pt\/api\/wp\/v2\/media\/431185"}],"wp:attachment":[{"href":"https:\/\/portaltela.pt\/api\/wp\/v2\/media?parent=431183"}],"wp:term":[{"taxonomy":"category","embeddable":true,"href":"https:\/\/portaltela.pt\/api\/wp\/v2\/categories?post=431183"},{"taxonomy":"post_tag","embeddable":true,"href":"https:\/\/portaltela.pt\/api\/wp\/v2\/tags?post=431183"}],"curies":[{"name":"wp","href":"https:\/\/api.w.org\/{rel}","templated":true}]}}