{"id":431114,"date":"2026-04-02T17:49:00","date_gmt":"2026-04-02T20:49:00","guid":{"rendered":"https:\/\/portaltela.pt\/noticias\/2026\/04\/02\/russia-nao-regista-ganhos-territoriais-na-ucrania-em-marco-pela-primeira-vez\/"},"modified":"2026-04-02T17:49:00","modified_gmt":"2026-04-02T20:49:00","slug":"russia-nao-regista-ganhos-territoriais-na-ucrania-em-marco-pela-primeira-vez","status":"publish","type":"post","link":"https:\/\/portaltela.pt\/guerra\/2026\/04\/02\/russia-nao-regista-ganhos-territoriais-na-ucrania-em-marco-pela-primeira-vez\/","title":{"rendered":"R\u00fassia n\u00e3o regista ganhos territoriais na Ucr\u00e2nia em mar\u00e7o, pela primeira vez"},"content":{"rendered":"<p>O que aconteceu: uma ONG informou que a R\u00fassia n\u00e3o registou ganhos territoriais na Ucr\u00e2nia em mar\u00e7o, sendo este o primeiro m\u00eas sem avan\u00e7os de territ\u00f3rio em dois anos. A an\u00e1lise foca no conflito entre as tropas russas e as for\u00e7as ucranianas.<\/p>\n<p>Quem est\u00e1 envolvido: as partes em conflito s\u00e3o a R\u00fassia e a Ucr\u00e2nia. A avalia\u00e7\u00e3o foi feita pela ONG, que monitoriza mudan\u00e7as de controlo territorial na regi\u00e3o.<\/p>\n<p>Quando e onde: o ajuste refere-se ao m\u00eas de mar\u00e7o, no \u00e2mbito do territ\u00f3rio ucraniano. A not\u00edcia destaca que n\u00e3o houve progressos de territ\u00f3rio durante esse per\u00edodo.<\/p>\n<p>Por qu\u00ea e contexto: a ONG aponta que a aus\u00eancia de ganhos em mar\u00e7o marca um turn point relativo ao ritmo de avan\u00e7os desde h\u00e1 dois anos. O relat\u00f3rio completo permanece acess\u00edvel apenas para subscritores.<\/p>\n","protected":false},"excerpt":{"rendered":"<ul>\n<li>Uma ONG afirma que a R\u00fassia n\u00e3o registou ganhos territoriais em mar\u00e7o.<\/li>\n<li>Esta \u00e9 a primeira vez em dois anos sem mudan\u00e7as significativas no territ\u00f3rio.<\/li>\n<li>O resumo n\u00e3o detalha outras a\u00e7\u00f5es ou desfechos do conflito.<\/li>\n<li>O conte\u00fado completo est\u00e1 dispon\u00edvel apenas para subscritores.<\/li>\n<li>N\u00e3o h\u00e1 informa\u00e7\u00f5es adicionais verific\u00e1veis no resumo dispon\u00edvel.<\/li>\n<\/ul>\n","protected":false},"author":2,"featured_media":431115,"comment_status":"closed","ping_status":"closed","sticky":false,"template":"","format":"standard","meta":{"footnotes":""},"categories":[6790,6804],"tags":[2792,66,3110,2540,2134],"class_list":["post-431114","post","type-post","status-publish","format-standard","has-post-thumbnail","hentry","category-conflitos","category-guerra","tag-conflito-internacional","tag-geopolitica","tag-russia","tag-territorio","tag-ucrania"],"yoast_head":"<!-- This site is optimized with the Yoast SEO plugin v27.2 - https:\/\/yoast.com\/product\/yoast-seo-wordpress\/ -->\n<title>R\u00fassia n\u00e3o regista ganhos territoriais na Ucr\u00e2nia em mar\u00e7o, pela primeira vez - Portal Tela Portugal<\/title>\n<meta name=\"robots\" content=\"index, follow, max-snippet:-1, max-image-preview:large, max-video-preview:-1\" \/>\n<meta property=\"og:locale\" content=\"pt_PT\" \/>\n<meta property=\"og:type\" content=\"article\" \/>\n<meta property=\"og:title\" content=\"R\u00fassia n\u00e3o regista ganhos territoriais na Ucr\u00e2nia em mar\u00e7o, pela primeira vez - Portal Tela Portugal\" \/>\n<meta property=\"og:description\" content=\"Uma ONG afirma que a R\u00fassia n\u00e3o registou ganhos territoriais em mar\u00e7o. Esta \u00e9 a primeira vez em dois anos sem mudan\u00e7as significativas no territ\u00f3rio. O resumo n\u00e3o detalha outras a\u00e7\u00f5es ou desfechos do conflito. O conte\u00fado completo est\u00e1 dispon\u00edvel apenas para subscritores. N\u00e3o h\u00e1 informa\u00e7\u00f5es adicionais verific\u00e1veis no resumo dispon\u00edvel.\" \/>\n<meta property=\"og:url\" content=\"https:\/\/portaltela.pt\/noticias\/2026\/04\/02\/russia-nao-regista-ganhos-territoriais-na-ucrania-em-marco-pela-primeira-vez\/\" \/>\n<meta property=\"og:site_name\" content=\"Portal Tela Portugal\" \/>\n<meta property=\"article:published_time\" content=\"2026-04-02T20:49:00+00:00\" \/>\n<meta name=\"author\" content=\"Telinha\" \/>\n<meta name=\"twitter:card\" content=\"summary_large_image\" \/>\n<meta name=\"twitter:label1\" content=\"Escrito por\" \/>\n\t<meta name=\"twitter:data1\" content=\"Telinha\" \/>\n\t<meta name=\"twitter:label2\" content=\"Tempo estimado de leitura\" \/>\n\t<meta name=\"twitter:data2\" content=\"1 minuto\" \/>\n<script type=\"application\/ld+json\" class=\"yoast-schema-graph\">{\"@context\":\"https:\/\/schema.org\",\"@graph\":[{\"@type\":\"Article\",\"@id\":\"https:\/\/portaltela.pt\/noticias\/2026\/04\/02\/russia-nao-regista-ganhos-territoriais-na-ucrania-em-marco-pela-primeira-vez\/#article\",\"isPartOf\":{\"@id\":\"https:\/\/portaltela.pt\/noticias\/2026\/04\/02\/russia-nao-regista-ganhos-territoriais-na-ucrania-em-marco-pela-primeira-vez\/\"},\"author\":{\"name\":\"Telinha\",\"@id\":\"https:\/\/portaltela.pt\/#\/schema\/person\/c4278d4a6028830caff9ee44b42d32ed\"},\"headline\":\"R\u00fassia n\u00e3o regista ganhos territoriais na Ucr\u00e2nia em mar\u00e7o, pela primeira vez\",\"datePublished\":\"2026-04-02T20:49:00+00:00\",\"mainEntityOfPage\":{\"@id\":\"https:\/\/portaltela.pt\/noticias\/2026\/04\/02\/russia-nao-regista-ganhos-territoriais-na-ucrania-em-marco-pela-primeira-vez\/\"},\"wordCount\":174,\"image\":{\"@id\":\"https:\/\/portaltela.pt\/noticias\/2026\/04\/02\/russia-nao-regista-ganhos-territoriais-na-ucrania-em-marco-pela-primeira-vez\/#primaryimage\"},\"thumbnailUrl\":\"https:\/\/portaltela.pt\/s.01k8rhncp4jt1\/2026\/04\/CACHE_780X1200_ANALOG_WATERMARKED_45539983_465643718276173.jpg\",\"keywords\":[\"conflito internacional\",\"geopol\u00edtica\",\"R\u00fassia\",\"Territ\u00f3rio\",\"Ucr\u00e2nia\"],\"articleSection\":[\"Conflitos\",\"Guerra\"],\"inLanguage\":\"pt-PT\"},{\"@type\":\"WebPage\",\"@id\":\"https:\/\/portaltela.pt\/noticias\/2026\/04\/02\/russia-nao-regista-ganhos-territoriais-na-ucrania-em-marco-pela-primeira-vez\/\",\"url\":\"https:\/\/portaltela.pt\/noticias\/2026\/04\/02\/russia-nao-regista-ganhos-territoriais-na-ucrania-em-marco-pela-primeira-vez\/\",\"name\":\"R\u00fassia n\u00e3o regista ganhos territoriais na Ucr\u00e2nia em mar\u00e7o, pela primeira vez - Portal Tela Portugal\",\"isPartOf\":{\"@id\":\"https:\/\/portaltela.pt\/#website\"},\"primaryImageOfPage\":{\"@id\":\"https:\/\/portaltela.pt\/noticias\/2026\/04\/02\/russia-nao-regista-ganhos-territoriais-na-ucrania-em-marco-pela-primeira-vez\/#primaryimage\"},\"image\":{\"@id\":\"https:\/\/portaltela.pt\/noticias\/2026\/04\/02\/russia-nao-regista-ganhos-territoriais-na-ucrania-em-marco-pela-primeira-vez\/#primaryimage\"},\"thumbnailUrl\":\"https:\/\/portaltela.pt\/s.01k8rhncp4jt1\/2026\/04\/CACHE_780X1200_ANALOG_WATERMARKED_45539983_465643718276173.jpg\",\"datePublished\":\"2026-04-02T20:49:00+00:00\",\"author\":{\"@id\":\"https:\/\/portaltela.pt\/#\/schema\/person\/c4278d4a6028830caff9ee44b42d32ed\"},\"breadcrumb\":{\"@id\":\"https:\/\/portaltela.pt\/noticias\/2026\/04\/02\/russia-nao-regista-ganhos-territoriais-na-ucrania-em-marco-pela-primeira-vez\/#breadcrumb\"},\"inLanguage\":\"pt-PT\",\"potentialAction\":[{\"@type\":\"ReadAction\",\"target\":[\"https:\/\/portaltela.pt\/noticias\/2026\/04\/02\/russia-nao-regista-ganhos-territoriais-na-ucrania-em-marco-pela-primeira-vez\/\"]}]},{\"@type\":\"ImageObject\",\"inLanguage\":\"pt-PT\",\"@id\":\"https:\/\/portaltela.pt\/noticias\/2026\/04\/02\/russia-nao-regista-ganhos-territoriais-na-ucrania-em-marco-pela-primeira-vez\/#primaryimage\",\"url\":\"https:\/\/portaltela.pt\/s.01k8rhncp4jt1\/2026\/04\/CACHE_780X1200_ANALOG_WATERMARKED_45539983_465643718276173.jpg\",\"contentUrl\":\"https:\/\/portaltela.pt\/s.01k8rhncp4jt1\/2026\/04\/CACHE_780X1200_ANALOG_WATERMARKED_45539983_465643718276173.jpg\",\"width\":796,\"height\":448,\"caption\":\"Ucr\u00e2nia: R\u00fassia n\u00e3o registou ganhos territoriais em mar\u00e7o, a primeira vez em dois anos - ONG\"},{\"@type\":\"BreadcrumbList\",\"@id\":\"https:\/\/portaltela.pt\/noticias\/2026\/04\/02\/russia-nao-regista-ganhos-territoriais-na-ucrania-em-marco-pela-primeira-vez\/#breadcrumb\",\"itemListElement\":[{\"@type\":\"ListItem\",\"position\":1,\"name\":\"In\u00edcio\",\"item\":\"https:\/\/portaltela.pt\/\"},{\"@type\":\"ListItem\",\"position\":2,\"name\":\"R\u00fassia n\u00e3o regista ganhos territoriais na Ucr\u00e2nia em mar\u00e7o, pela primeira vez\"}]},{\"@type\":\"WebSite\",\"@id\":\"https:\/\/portaltela.pt\/#website\",\"url\":\"https:\/\/portaltela.pt\/\",\"name\":\"Portal Tela Portugal\",\"description\":\"\",\"potentialAction\":[{\"@type\":\"SearchAction\",\"target\":{\"@type\":\"EntryPoint\",\"urlTemplate\":\"https:\/\/portaltela.pt\/?s={search_term_string}\"},\"query-input\":{\"@type\":\"PropertyValueSpecification\",\"valueRequired\":true,\"valueName\":\"search_term_string\"}}],\"inLanguage\":\"pt-PT\"},{\"@type\":\"Person\",\"@id\":\"https:\/\/portaltela.pt\/#\/schema\/person\/c4278d4a6028830caff9ee44b42d32ed\",\"name\":\"Telinha\",\"image\":{\"@type\":\"ImageObject\",\"inLanguage\":\"pt-PT\",\"@id\":\"https:\/\/portaltela.pt\/s.01k8rhncp4jt1\/2025\/11\/talking-bot-125x125.png\",\"url\":\"https:\/\/portaltela.pt\/s.01k8rhncp4jt1\/2025\/11\/talking-bot-125x125.png\",\"contentUrl\":\"https:\/\/portaltela.pt\/s.01k8rhncp4jt1\/2025\/11\/talking-bot-125x125.png\",\"caption\":\"Telinha\"},\"sameAs\":[\"https:\/\/portaltela.pt\/\"],\"url\":\"https:\/\/portaltela.pt\/por\/367410592786\/\"}]}<\/script>\n<!-- \/ Yoast SEO plugin. -->","yoast_head_json":{"title":"R\u00fassia n\u00e3o regista ganhos territoriais na Ucr\u00e2nia em mar\u00e7o, pela primeira vez - Portal Tela Portugal","robots":{"index":"index","follow":"follow","max-snippet":"max-snippet:-1","max-image-preview":"max-image-preview:large","max-video-preview":"max-video-preview:-1"},"og_locale":"pt_PT","og_type":"article","og_title":"R\u00fassia n\u00e3o regista ganhos territoriais na Ucr\u00e2nia em mar\u00e7o, pela primeira vez - Portal Tela Portugal","og_description":"Uma ONG afirma que a R\u00fassia n\u00e3o registou ganhos territoriais em mar\u00e7o. Esta \u00e9 a primeira vez em dois anos sem mudan\u00e7as significativas no territ\u00f3rio. O resumo n\u00e3o detalha outras a\u00e7\u00f5es ou desfechos do conflito. O conte\u00fado completo est\u00e1 dispon\u00edvel apenas para subscritores. N\u00e3o h\u00e1 informa\u00e7\u00f5es adicionais verific\u00e1veis no resumo dispon\u00edvel.","og_url":"https:\/\/portaltela.pt\/noticias\/2026\/04\/02\/russia-nao-regista-ganhos-territoriais-na-ucrania-em-marco-pela-primeira-vez\/","og_site_name":"Portal Tela Portugal","article_published_time":"2026-04-02T20:49:00+00:00","author":"Telinha","twitter_card":"summary_large_image","twitter_misc":{"Escrito por":"Telinha","Tempo estimado de leitura":"1 minuto"},"schema":{"@context":"https:\/\/schema.org","@graph":[{"@type":"Article","@id":"https:\/\/portaltela.pt\/noticias\/2026\/04\/02\/russia-nao-regista-ganhos-territoriais-na-ucrania-em-marco-pela-primeira-vez\/#article","isPartOf":{"@id":"https:\/\/portaltela.pt\/noticias\/2026\/04\/02\/russia-nao-regista-ganhos-territoriais-na-ucrania-em-marco-pela-primeira-vez\/"},"author":{"name":"Telinha","@id":"https:\/\/portaltela.pt\/#\/schema\/person\/c4278d4a6028830caff9ee44b42d32ed"},"headline":"R\u00fassia n\u00e3o regista ganhos territoriais na Ucr\u00e2nia em mar\u00e7o, pela primeira vez","datePublished":"2026-04-02T20:49:00+00:00","mainEntityOfPage":{"@id":"https:\/\/portaltela.pt\/noticias\/2026\/04\/02\/russia-nao-regista-ganhos-territoriais-na-ucrania-em-marco-pela-primeira-vez\/"},"wordCount":174,"image":{"@id":"https:\/\/portaltela.pt\/noticias\/2026\/04\/02\/russia-nao-regista-ganhos-territoriais-na-ucrania-em-marco-pela-primeira-vez\/#primaryimage"},"thumbnailUrl":"https:\/\/portaltela.pt\/s.01k8rhncp4jt1\/2026\/04\/CACHE_780X1200_ANALOG_WATERMARKED_45539983_465643718276173.jpg","keywords":["conflito internacional","geopol\u00edtica","R\u00fassia","Territ\u00f3rio","Ucr\u00e2nia"],"articleSection":["Conflitos","Guerra"],"inLanguage":"pt-PT"},{"@type":"WebPage","@id":"https:\/\/portaltela.pt\/noticias\/2026\/04\/02\/russia-nao-regista-ganhos-territoriais-na-ucrania-em-marco-pela-primeira-vez\/","url":"https:\/\/portaltela.pt\/noticias\/2026\/04\/02\/russia-nao-regista-ganhos-territoriais-na-ucrania-em-marco-pela-primeira-vez\/","name":"R\u00fassia n\u00e3o regista ganhos territoriais na Ucr\u00e2nia em mar\u00e7o, pela primeira vez - Portal Tela Portugal","isPartOf":{"@id":"https:\/\/portaltela.pt\/#website"},"primaryImageOfPage":{"@id":"https:\/\/portaltela.pt\/noticias\/2026\/04\/02\/russia-nao-regista-ganhos-territoriais-na-ucrania-em-marco-pela-primeira-vez\/#primaryimage"},"image":{"@id":"https:\/\/portaltela.pt\/noticias\/2026\/04\/02\/russia-nao-regista-ganhos-territoriais-na-ucrania-em-marco-pela-primeira-vez\/#primaryimage"},"thumbnailUrl":"https:\/\/portaltela.pt\/s.01k8rhncp4jt1\/2026\/04\/CACHE_780X1200_ANALOG_WATERMARKED_45539983_465643718276173.jpg","datePublished":"2026-04-02T20:49:00+00:00","author":{"@id":"https:\/\/portaltela.pt\/#\/schema\/person\/c4278d4a6028830caff9ee44b42d32ed"},"breadcrumb":{"@id":"https:\/\/portaltela.pt\/noticias\/2026\/04\/02\/russia-nao-regista-ganhos-territoriais-na-ucrania-em-marco-pela-primeira-vez\/#breadcrumb"},"inLanguage":"pt-PT","potentialAction":[{"@type":"ReadAction","target":["https:\/\/portaltela.pt\/noticias\/2026\/04\/02\/russia-nao-regista-ganhos-territoriais-na-ucrania-em-marco-pela-primeira-vez\/"]}]},{"@type":"ImageObject","inLanguage":"pt-PT","@id":"https:\/\/portaltela.pt\/noticias\/2026\/04\/02\/russia-nao-regista-ganhos-territoriais-na-ucrania-em-marco-pela-primeira-vez\/#primaryimage","url":"https:\/\/portaltela.pt\/s.01k8rhncp4jt1\/2026\/04\/CACHE_780X1200_ANALOG_WATERMARKED_45539983_465643718276173.jpg","contentUrl":"https:\/\/portaltela.pt\/s.01k8rhncp4jt1\/2026\/04\/CACHE_780X1200_ANALOG_WATERMARKED_45539983_465643718276173.jpg","width":796,"height":448,"caption":"Ucr\u00e2nia: R\u00fassia n\u00e3o registou ganhos territoriais em mar\u00e7o, a primeira vez em dois anos - ONG"},{"@type":"BreadcrumbList","@id":"https:\/\/portaltela.pt\/noticias\/2026\/04\/02\/russia-nao-regista-ganhos-territoriais-na-ucrania-em-marco-pela-primeira-vez\/#breadcrumb","itemListElement":[{"@type":"ListItem","position":1,"name":"In\u00edcio","item":"https:\/\/portaltela.pt\/"},{"@type":"ListItem","position":2,"name":"R\u00fassia n\u00e3o regista ganhos territoriais na Ucr\u00e2nia em mar\u00e7o, pela primeira vez"}]},{"@type":"WebSite","@id":"https:\/\/portaltela.pt\/#website","url":"https:\/\/portaltela.pt\/","name":"Portal Tela Portugal","description":"","potentialAction":[{"@type":"SearchAction","target":{"@type":"EntryPoint","urlTemplate":"https:\/\/portaltela.pt\/?s={search_term_string}"},"query-input":{"@type":"PropertyValueSpecification","valueRequired":true,"valueName":"search_term_string"}}],"inLanguage":"pt-PT"},{"@type":"Person","@id":"https:\/\/portaltela.pt\/#\/schema\/person\/c4278d4a6028830caff9ee44b42d32ed","name":"Telinha","image":{"@type":"ImageObject","inLanguage":"pt-PT","@id":"https:\/\/portaltela.pt\/s.01k8rhncp4jt1\/2025\/11\/talking-bot-125x125.png","url":"https:\/\/portaltela.pt\/s.01k8rhncp4jt1\/2025\/11\/talking-bot-125x125.png","contentUrl":"https:\/\/portaltela.pt\/s.01k8rhncp4jt1\/2025\/11\/talking-bot-125x125.png","caption":"Telinha"},"sameAs":["https:\/\/portaltela.pt\/"],"url":"https:\/\/portaltela.pt\/por\/367410592786\/"}]}},"_links":{"self":[{"href":"https:\/\/portaltela.pt\/api\/wp\/v2\/posts\/431114","targetHints":{"allow":["GET"]}}],"collection":[{"href":"https:\/\/portaltela.pt\/api\/wp\/v2\/posts"}],"about":[{"href":"https:\/\/portaltela.pt\/api\/wp\/v2\/types\/post"}],"author":[{"embeddable":true,"href":"https:\/\/portaltela.pt\/api\/wp\/v2\/users\/2"}],"replies":[{"embeddable":true,"href":"https:\/\/portaltela.pt\/api\/wp\/v2\/comments?post=431114"}],"version-history":[{"count":0,"href":"https:\/\/portaltela.pt\/api\/wp\/v2\/posts\/431114\/revisions"}],"wp:featuredmedia":[{"embeddable":true,"href":"https:\/\/portaltela.pt\/api\/wp\/v2\/media\/431115"}],"wp:attachment":[{"href":"https:\/\/portaltela.pt\/api\/wp\/v2\/media?parent=431114"}],"wp:term":[{"taxonomy":"category","embeddable":true,"href":"https:\/\/portaltela.pt\/api\/wp\/v2\/categories?post=431114"},{"taxonomy":"post_tag","embeddable":true,"href":"https:\/\/portaltela.pt\/api\/wp\/v2\/tags?post=431114"}],"curies":[{"name":"wp","href":"https:\/\/api.w.org\/{rel}","templated":true}]}}