{"id":431108,"date":"2026-04-02T19:00:00","date_gmt":"2026-04-02T22:00:00","guid":{"rendered":"https:\/\/portaltela.pt\/noticias\/2026\/04\/02\/portugal-soma-pontos-e-segue-na-taca-das-nacoes-em-montreux\/"},"modified":"2026-04-02T19:00:00","modified_gmt":"2026-04-02T22:00:00","slug":"portugal-soma-pontos-e-segue-na-taca-das-nacoes-em-montreux","status":"publish","type":"post","link":"https:\/\/portaltela.pt\/desporto\/futebol\/2026\/04\/02\/portugal-soma-pontos-e-segue-na-taca-das-nacoes-em-montreux\/","title":{"rendered":"Portugal soma pontos e segue na Ta\u00e7a das Na\u00e7\u00f5es em Montreux"},"content":{"rendered":"<p>Portugal garantiu presen\u00e7a nas meias-finais da Ta\u00e7a das Na\u00e7\u00f5es, em Montreux, na Su\u00ed\u00e7a, ao vencer a Fran\u00e7a por 2-0. A vit\u00f3ria mant\u00e9m o pleno de triunfos na fase de grupos.<\/p>\n<p>A abertura do marcador aconteceu cedo, com H\u00e9lder Nunes a colocar os lisboetas na frente. A defesa, com destaque para Xano Edo, travou um pen\u00e1lti de Fran\u00e7a ainda na primeira parte, mantendo a vantagem para o intervalo.<\/p>\n<p>Na segunda parte, Gon\u00e7alo Alves consolidou o triunfo ao converter uma grande penalidade. A Fran\u00e7a n\u00e3o conseguiu responder com efic\u00e1cia, mantendo-se sem registo de golos.<\/p>\n<h3>Pr\u00f3ximo jogo<\/h3>\n<p>Portugal fecha a participa\u00e7\u00e3o no Grupo B com um duelo frente \u00e0 Espanha, marcado para sexta-feira. Com dois jogos, duas vit\u00f3rias, a equipa orientada por Reinaldo Ventura assegura o apuramento para a fase a eliminar.<\/p>\n","protected":false},"excerpt":{"rendered":"<ul>\n<li>Portugal venceu a Fran\u00e7a por 2-0 e garantiu passagem \u00e0s meias-finais da Ta\u00e7a das Na\u00e7\u00f5es em Montreux, Su\u00ed\u00e7a, mantendo pleno de vit\u00f3rias no grupo B.<\/li>\n<li>O golo inaugural foi marcado por H\u00e9lder Nunes, ainda no in\u00edcio do encontro.<\/li>\n<li>Xano Edo destacou-se ao travar um pen\u00e1lti dos franceses ainda na primeira parte.<\/li>\n<li>Na segunda metade, Gon\u00e7alo Alves confirmou a vit\u00f3ria ao converter uma grande penalidade.<\/li>\n<li>Com two triunfos em dois jogos, Portugal assegura antecipadamente o apuramento e fecha o grupo frente \u00e0 Espanha.<\/li>\n<\/ul>\n","protected":false},"author":2,"featured_media":431109,"comment_status":"closed","ping_status":"closed","sticky":false,"template":"","format":"standard","meta":{"footnotes":""},"categories":[21,24],"tags":[152,1856,32,1014,2991,7334],"class_list":["post-431108","post","type-post","status-publish","format-standard","has-post-thumbnail","hentry","category-desporto","category-futebol","tag-desporto","tag-franca","tag-futebol","tag-portugal","tag-suica","tag-taca-das-nacoes"],"yoast_head":"<!-- This site is optimized with the Yoast SEO plugin v27.2 - https:\/\/yoast.com\/product\/yoast-seo-wordpress\/ -->\n<title>Portugal soma pontos e segue na Ta\u00e7a das Na\u00e7\u00f5es em Montreux - Portal Tela Portugal<\/title>\n<meta name=\"robots\" content=\"index, follow, max-snippet:-1, max-image-preview:large, max-video-preview:-1\" \/>\n<meta property=\"og:locale\" content=\"pt_PT\" \/>\n<meta property=\"og:type\" content=\"article\" \/>\n<meta property=\"og:title\" content=\"Portugal soma pontos e segue na Ta\u00e7a das Na\u00e7\u00f5es em Montreux - Portal Tela Portugal\" \/>\n<meta property=\"og:description\" content=\"Portugal venceu a Fran\u00e7a por 2-0 e garantiu passagem \u00e0s meias-finais da Ta\u00e7a das Na\u00e7\u00f5es em Montreux, Su\u00ed\u00e7a, mantendo pleno de vit\u00f3rias no grupo B. O golo inaugural foi marcado por H\u00e9lder Nunes, ainda no in\u00edcio do encontro. Xano Edo destacou-se ao travar um pen\u00e1lti dos franceses ainda na primeira parte. Na segunda metade, Gon\u00e7alo Alves confirmou a vit\u00f3ria ao converter uma grande penalidade. Com two triunfos em dois jogos, Portugal assegura antecipadamente o apuramento e fecha o grupo frente \u00e0 Espanha.\" \/>\n<meta property=\"og:url\" content=\"https:\/\/portaltela.pt\/noticias\/2026\/04\/02\/portugal-soma-pontos-e-segue-na-taca-das-nacoes-em-montreux\/\" \/>\n<meta property=\"og:site_name\" content=\"Portal Tela Portugal\" \/>\n<meta property=\"article:published_time\" content=\"2026-04-02T22:00:00+00:00\" \/>\n<meta name=\"author\" content=\"Telinha\" \/>\n<meta name=\"twitter:card\" content=\"summary_large_image\" \/>\n<meta name=\"twitter:label1\" content=\"Escrito por\" \/>\n\t<meta name=\"twitter:data1\" content=\"Telinha\" \/>\n\t<meta name=\"twitter:label2\" content=\"Tempo estimado de leitura\" \/>\n\t<meta name=\"twitter:data2\" content=\"1 minuto\" \/>\n<script type=\"application\/ld+json\" class=\"yoast-schema-graph\">{\"@context\":\"https:\/\/schema.org\",\"@graph\":[{\"@type\":\"Article\",\"@id\":\"https:\/\/portaltela.pt\/noticias\/2026\/04\/02\/portugal-soma-pontos-e-segue-na-taca-das-nacoes-em-montreux\/#article\",\"isPartOf\":{\"@id\":\"https:\/\/portaltela.pt\/noticias\/2026\/04\/02\/portugal-soma-pontos-e-segue-na-taca-das-nacoes-em-montreux\/\"},\"author\":{\"name\":\"Telinha\",\"@id\":\"https:\/\/portaltela.pt\/#\/schema\/person\/c4278d4a6028830caff9ee44b42d32ed\"},\"headline\":\"Portugal soma pontos e segue na Ta\u00e7a das Na\u00e7\u00f5es em Montreux\",\"datePublished\":\"2026-04-02T22:00:00+00:00\",\"mainEntityOfPage\":{\"@id\":\"https:\/\/portaltela.pt\/noticias\/2026\/04\/02\/portugal-soma-pontos-e-segue-na-taca-das-nacoes-em-montreux\/\"},\"wordCount\":158,\"image\":{\"@id\":\"https:\/\/portaltela.pt\/noticias\/2026\/04\/02\/portugal-soma-pontos-e-segue-na-taca-das-nacoes-em-montreux\/#primaryimage\"},\"thumbnailUrl\":\"https:\/\/portaltela.pt\/s.01k8rhncp4jt1\/2026\/04\/image-143.jpg\",\"keywords\":[\"desporto\",\"Fran\u00e7a\",\"futebol\",\"Portugal\",\"Su\u00ed\u00e7a\",\"Ta\u00e7a das Na\u00e7\u00f5es\"],\"articleSection\":[\"Desporto\",\"Futebol\"],\"inLanguage\":\"pt-PT\"},{\"@type\":\"WebPage\",\"@id\":\"https:\/\/portaltela.pt\/noticias\/2026\/04\/02\/portugal-soma-pontos-e-segue-na-taca-das-nacoes-em-montreux\/\",\"url\":\"https:\/\/portaltela.pt\/noticias\/2026\/04\/02\/portugal-soma-pontos-e-segue-na-taca-das-nacoes-em-montreux\/\",\"name\":\"Portugal soma pontos e segue na Ta\u00e7a das Na\u00e7\u00f5es em Montreux - Portal Tela Portugal\",\"isPartOf\":{\"@id\":\"https:\/\/portaltela.pt\/#website\"},\"primaryImageOfPage\":{\"@id\":\"https:\/\/portaltela.pt\/noticias\/2026\/04\/02\/portugal-soma-pontos-e-segue-na-taca-das-nacoes-em-montreux\/#primaryimage\"},\"image\":{\"@id\":\"https:\/\/portaltela.pt\/noticias\/2026\/04\/02\/portugal-soma-pontos-e-segue-na-taca-das-nacoes-em-montreux\/#primaryimage\"},\"thumbnailUrl\":\"https:\/\/portaltela.pt\/s.01k8rhncp4jt1\/2026\/04\/image-143.jpg\",\"datePublished\":\"2026-04-02T22:00:00+00:00\",\"author\":{\"@id\":\"https:\/\/portaltela.pt\/#\/schema\/person\/c4278d4a6028830caff9ee44b42d32ed\"},\"breadcrumb\":{\"@id\":\"https:\/\/portaltela.pt\/noticias\/2026\/04\/02\/portugal-soma-pontos-e-segue-na-taca-das-nacoes-em-montreux\/#breadcrumb\"},\"inLanguage\":\"pt-PT\",\"potentialAction\":[{\"@type\":\"ReadAction\",\"target\":[\"https:\/\/portaltela.pt\/noticias\/2026\/04\/02\/portugal-soma-pontos-e-segue-na-taca-das-nacoes-em-montreux\/\"]}]},{\"@type\":\"ImageObject\",\"inLanguage\":\"pt-PT\",\"@id\":\"https:\/\/portaltela.pt\/noticias\/2026\/04\/02\/portugal-soma-pontos-e-segue-na-taca-das-nacoes-em-montreux\/#primaryimage\",\"url\":\"https:\/\/portaltela.pt\/s.01k8rhncp4jt1\/2026\/04\/image-143.jpg\",\"contentUrl\":\"https:\/\/portaltela.pt\/s.01k8rhncp4jt1\/2026\/04\/image-143.jpg\",\"width\":796,\"height\":448,\"caption\":\"Gon\u00e7alo Alves festeja ap\u00f3s marcar o segundo golo de Portugal\"},{\"@type\":\"BreadcrumbList\",\"@id\":\"https:\/\/portaltela.pt\/noticias\/2026\/04\/02\/portugal-soma-pontos-e-segue-na-taca-das-nacoes-em-montreux\/#breadcrumb\",\"itemListElement\":[{\"@type\":\"ListItem\",\"position\":1,\"name\":\"In\u00edcio\",\"item\":\"https:\/\/portaltela.pt\/\"},{\"@type\":\"ListItem\",\"position\":2,\"name\":\"Portugal soma pontos e segue na Ta\u00e7a das Na\u00e7\u00f5es em Montreux\"}]},{\"@type\":\"WebSite\",\"@id\":\"https:\/\/portaltela.pt\/#website\",\"url\":\"https:\/\/portaltela.pt\/\",\"name\":\"Portal Tela Portugal\",\"description\":\"\",\"potentialAction\":[{\"@type\":\"SearchAction\",\"target\":{\"@type\":\"EntryPoint\",\"urlTemplate\":\"https:\/\/portaltela.pt\/?s={search_term_string}\"},\"query-input\":{\"@type\":\"PropertyValueSpecification\",\"valueRequired\":true,\"valueName\":\"search_term_string\"}}],\"inLanguage\":\"pt-PT\"},{\"@type\":\"Person\",\"@id\":\"https:\/\/portaltela.pt\/#\/schema\/person\/c4278d4a6028830caff9ee44b42d32ed\",\"name\":\"Telinha\",\"image\":{\"@type\":\"ImageObject\",\"inLanguage\":\"pt-PT\",\"@id\":\"https:\/\/portaltela.pt\/s.01k8rhncp4jt1\/2025\/11\/talking-bot-125x125.png\",\"url\":\"https:\/\/portaltela.pt\/s.01k8rhncp4jt1\/2025\/11\/talking-bot-125x125.png\",\"contentUrl\":\"https:\/\/portaltela.pt\/s.01k8rhncp4jt1\/2025\/11\/talking-bot-125x125.png\",\"caption\":\"Telinha\"},\"sameAs\":[\"https:\/\/portaltela.pt\/\"],\"url\":\"https:\/\/portaltela.pt\/por\/367410592786\/\"}]}<\/script>\n<!-- \/ Yoast SEO plugin. -->","yoast_head_json":{"title":"Portugal soma pontos e segue na Ta\u00e7a das Na\u00e7\u00f5es em Montreux - Portal Tela Portugal","robots":{"index":"index","follow":"follow","max-snippet":"max-snippet:-1","max-image-preview":"max-image-preview:large","max-video-preview":"max-video-preview:-1"},"og_locale":"pt_PT","og_type":"article","og_title":"Portugal soma pontos e segue na Ta\u00e7a das Na\u00e7\u00f5es em Montreux - Portal Tela Portugal","og_description":"Portugal venceu a Fran\u00e7a por 2-0 e garantiu passagem \u00e0s meias-finais da Ta\u00e7a das Na\u00e7\u00f5es em Montreux, Su\u00ed\u00e7a, mantendo pleno de vit\u00f3rias no grupo B. O golo inaugural foi marcado por H\u00e9lder Nunes, ainda no in\u00edcio do encontro. Xano Edo destacou-se ao travar um pen\u00e1lti dos franceses ainda na primeira parte. Na segunda metade, Gon\u00e7alo Alves confirmou a vit\u00f3ria ao converter uma grande penalidade. Com two triunfos em dois jogos, Portugal assegura antecipadamente o apuramento e fecha o grupo frente \u00e0 Espanha.","og_url":"https:\/\/portaltela.pt\/noticias\/2026\/04\/02\/portugal-soma-pontos-e-segue-na-taca-das-nacoes-em-montreux\/","og_site_name":"Portal Tela Portugal","article_published_time":"2026-04-02T22:00:00+00:00","author":"Telinha","twitter_card":"summary_large_image","twitter_misc":{"Escrito por":"Telinha","Tempo estimado de leitura":"1 minuto"},"schema":{"@context":"https:\/\/schema.org","@graph":[{"@type":"Article","@id":"https:\/\/portaltela.pt\/noticias\/2026\/04\/02\/portugal-soma-pontos-e-segue-na-taca-das-nacoes-em-montreux\/#article","isPartOf":{"@id":"https:\/\/portaltela.pt\/noticias\/2026\/04\/02\/portugal-soma-pontos-e-segue-na-taca-das-nacoes-em-montreux\/"},"author":{"name":"Telinha","@id":"https:\/\/portaltela.pt\/#\/schema\/person\/c4278d4a6028830caff9ee44b42d32ed"},"headline":"Portugal soma pontos e segue na Ta\u00e7a das Na\u00e7\u00f5es em Montreux","datePublished":"2026-04-02T22:00:00+00:00","mainEntityOfPage":{"@id":"https:\/\/portaltela.pt\/noticias\/2026\/04\/02\/portugal-soma-pontos-e-segue-na-taca-das-nacoes-em-montreux\/"},"wordCount":158,"image":{"@id":"https:\/\/portaltela.pt\/noticias\/2026\/04\/02\/portugal-soma-pontos-e-segue-na-taca-das-nacoes-em-montreux\/#primaryimage"},"thumbnailUrl":"https:\/\/portaltela.pt\/s.01k8rhncp4jt1\/2026\/04\/image-143.jpg","keywords":["desporto","Fran\u00e7a","futebol","Portugal","Su\u00ed\u00e7a","Ta\u00e7a das Na\u00e7\u00f5es"],"articleSection":["Desporto","Futebol"],"inLanguage":"pt-PT"},{"@type":"WebPage","@id":"https:\/\/portaltela.pt\/noticias\/2026\/04\/02\/portugal-soma-pontos-e-segue-na-taca-das-nacoes-em-montreux\/","url":"https:\/\/portaltela.pt\/noticias\/2026\/04\/02\/portugal-soma-pontos-e-segue-na-taca-das-nacoes-em-montreux\/","name":"Portugal soma pontos e segue na Ta\u00e7a das Na\u00e7\u00f5es em Montreux - Portal Tela Portugal","isPartOf":{"@id":"https:\/\/portaltela.pt\/#website"},"primaryImageOfPage":{"@id":"https:\/\/portaltela.pt\/noticias\/2026\/04\/02\/portugal-soma-pontos-e-segue-na-taca-das-nacoes-em-montreux\/#primaryimage"},"image":{"@id":"https:\/\/portaltela.pt\/noticias\/2026\/04\/02\/portugal-soma-pontos-e-segue-na-taca-das-nacoes-em-montreux\/#primaryimage"},"thumbnailUrl":"https:\/\/portaltela.pt\/s.01k8rhncp4jt1\/2026\/04\/image-143.jpg","datePublished":"2026-04-02T22:00:00+00:00","author":{"@id":"https:\/\/portaltela.pt\/#\/schema\/person\/c4278d4a6028830caff9ee44b42d32ed"},"breadcrumb":{"@id":"https:\/\/portaltela.pt\/noticias\/2026\/04\/02\/portugal-soma-pontos-e-segue-na-taca-das-nacoes-em-montreux\/#breadcrumb"},"inLanguage":"pt-PT","potentialAction":[{"@type":"ReadAction","target":["https:\/\/portaltela.pt\/noticias\/2026\/04\/02\/portugal-soma-pontos-e-segue-na-taca-das-nacoes-em-montreux\/"]}]},{"@type":"ImageObject","inLanguage":"pt-PT","@id":"https:\/\/portaltela.pt\/noticias\/2026\/04\/02\/portugal-soma-pontos-e-segue-na-taca-das-nacoes-em-montreux\/#primaryimage","url":"https:\/\/portaltela.pt\/s.01k8rhncp4jt1\/2026\/04\/image-143.jpg","contentUrl":"https:\/\/portaltela.pt\/s.01k8rhncp4jt1\/2026\/04\/image-143.jpg","width":796,"height":448,"caption":"Gon\u00e7alo Alves festeja ap\u00f3s marcar o segundo golo de Portugal"},{"@type":"BreadcrumbList","@id":"https:\/\/portaltela.pt\/noticias\/2026\/04\/02\/portugal-soma-pontos-e-segue-na-taca-das-nacoes-em-montreux\/#breadcrumb","itemListElement":[{"@type":"ListItem","position":1,"name":"In\u00edcio","item":"https:\/\/portaltela.pt\/"},{"@type":"ListItem","position":2,"name":"Portugal soma pontos e segue na Ta\u00e7a das Na\u00e7\u00f5es em Montreux"}]},{"@type":"WebSite","@id":"https:\/\/portaltela.pt\/#website","url":"https:\/\/portaltela.pt\/","name":"Portal Tela Portugal","description":"","potentialAction":[{"@type":"SearchAction","target":{"@type":"EntryPoint","urlTemplate":"https:\/\/portaltela.pt\/?s={search_term_string}"},"query-input":{"@type":"PropertyValueSpecification","valueRequired":true,"valueName":"search_term_string"}}],"inLanguage":"pt-PT"},{"@type":"Person","@id":"https:\/\/portaltela.pt\/#\/schema\/person\/c4278d4a6028830caff9ee44b42d32ed","name":"Telinha","image":{"@type":"ImageObject","inLanguage":"pt-PT","@id":"https:\/\/portaltela.pt\/s.01k8rhncp4jt1\/2025\/11\/talking-bot-125x125.png","url":"https:\/\/portaltela.pt\/s.01k8rhncp4jt1\/2025\/11\/talking-bot-125x125.png","contentUrl":"https:\/\/portaltela.pt\/s.01k8rhncp4jt1\/2025\/11\/talking-bot-125x125.png","caption":"Telinha"},"sameAs":["https:\/\/portaltela.pt\/"],"url":"https:\/\/portaltela.pt\/por\/367410592786\/"}]}},"_links":{"self":[{"href":"https:\/\/portaltela.pt\/api\/wp\/v2\/posts\/431108","targetHints":{"allow":["GET"]}}],"collection":[{"href":"https:\/\/portaltela.pt\/api\/wp\/v2\/posts"}],"about":[{"href":"https:\/\/portaltela.pt\/api\/wp\/v2\/types\/post"}],"author":[{"embeddable":true,"href":"https:\/\/portaltela.pt\/api\/wp\/v2\/users\/2"}],"replies":[{"embeddable":true,"href":"https:\/\/portaltela.pt\/api\/wp\/v2\/comments?post=431108"}],"version-history":[{"count":0,"href":"https:\/\/portaltela.pt\/api\/wp\/v2\/posts\/431108\/revisions"}],"wp:featuredmedia":[{"embeddable":true,"href":"https:\/\/portaltela.pt\/api\/wp\/v2\/media\/431109"}],"wp:attachment":[{"href":"https:\/\/portaltela.pt\/api\/wp\/v2\/media?parent=431108"}],"wp:term":[{"taxonomy":"category","embeddable":true,"href":"https:\/\/portaltela.pt\/api\/wp\/v2\/categories?post=431108"},{"taxonomy":"post_tag","embeddable":true,"href":"https:\/\/portaltela.pt\/api\/wp\/v2\/tags?post=431108"}],"curies":[{"name":"wp","href":"https:\/\/api.w.org\/{rel}","templated":true}]}}