{"id":431099,"date":"2026-04-01T21:01:00","date_gmt":"2026-04-02T00:01:00","guid":{"rendered":"https:\/\/portaltela.pt\/noticias\/2026\/04\/01\/policia-de-paris-proibe-encontro-anual-de-muculmanos-de-franca-por-risco-de-ataque\/"},"modified":"2026-04-01T21:01:00","modified_gmt":"2026-04-02T00:01:00","slug":"policia-de-paris-proibe-encontro-anual-de-muculmanos-de-franca-por-risco-de-ataque","status":"publish","type":"post","link":"https:\/\/portaltela.pt\/seguranca\/2026\/04\/01\/policia-de-paris-proibe-encontro-anual-de-muculmanos-de-franca-por-risco-de-ataque\/","title":{"rendered":"Pol\u00edcia de Paris pro\u00edbe encontro anual de mu\u00e7ulmanos de Fran\u00e7a por risco de ataque"},"content":{"rendered":"<p>A pol\u00edcia de Paris proibiu, por decreto, o Encontro Anual dos Mu\u00e7ulmanos de Fran\u00e7a. O evento estava previsto para ocorrer entre 3 e 6 de abril, em Le Bourget, na regi\u00e3o parisiense. A decis\u00e3o aponta para risco terrorista associado \u00e0 comunidade mu\u00e7ulina.<\/p>\n<p>O encontro re\u00fane confer\u00eancias, exposi\u00e7\u00f5es e bancas comerciais dedicadas aos mu\u00e7ulmanos durante quatro dias. \u00c9 organizado pela associa\u00e7\u00e3o Mu\u00e7ulmanos de Fran\u00e7a MF, que substituiu em 2017 a Uni\u00e3o das Organiza\u00e7\u00f5es Isl\u00e2micas de Fran\u00e7a UOIF. Os promotores descrevem-no como o maior encontro mu\u00e7ulmano da Europa.<\/p>\n<h3>Contexto<\/h3>\n<p>A pol\u00edcia afirma que o evento pode reunir um grande n\u00famero de pessoas num contexto de tens\u00e3o internacional e nacional. O decreto aponta risco de perturba\u00e7\u00e3o por grupos de extrema direita, com menor probabilidade de funcionamento desde 2019. A atua\u00e7\u00e3o contundente tamb\u00e9m considera possibilidades de influ\u00eancia externa.<\/p>\n<p>Autoridades destacam ainda que a realiza\u00e7\u00e3o do encontro seria incompat\u00edvel com os imperativos da ordem p\u00fablica. O documento enfatiza que a seguran\u00e7a de participantes e das autoridades poderia ficar comprometida em fun\u00e7\u00e3o de potenciais mobiliza\u00e7\u00f5es que visem desestabilizar o evento.<\/p>\n<p>O comunicado oficial n\u00e3o detalha medidas alternativas ou impactos log\u00edsticos para os organizadores e assistentes. As autoridades reiteram que a decis\u00e3o foi tomada com base em avalia\u00e7\u00f5es de risco atualizadas antes da data prevista.<\/p>\n","protected":false},"excerpt":{"rendered":"<ul>\n<li>A pol\u00edcia de Paris proibiu, por decreto, o Encontro Anual dos Mu\u00e7ulmanos de Fran\u00e7a, previsto de 3 a 6 de abril, em Le Bourget.<\/li>\n<li>O evento, organizado pela associa\u00e7\u00e3o Mu\u00e7ulmanos de Fran\u00e7a (MF), re\u00fane confer\u00eancias, exposi\u00e7\u00f5es e bancas comerciais da comunidade mu\u00e7ulmana.<\/li>\n<li>A decis\u00e3o baseia-se no risco terrorista significativo e num contexto internacional e nacional particularmente tenso em rela\u00e7\u00e3o \u00e0 comunidade mu\u00e7ulmana.<\/li>\n<li>A pol\u00edcia aponta o risco de que grupos de extrema-direita se mobilizem para perturbar o evento, que n\u00e3o se realiza desde 2019.<\/li>\n<li>Tamb\u00e9m se observa a possibilidade de influ\u00eancias estrangeiras teleguiar a\u00e7\u00f5es contra o encontro, tornando-o incompat\u00edvel com a ordem p\u00fablica.<\/li>\n<\/ul>\n","protected":false},"author":2,"featured_media":431101,"comment_status":"closed","ping_status":"closed","sticky":false,"template":"","format":"standard","meta":{"footnotes":""},"categories":[6781,6779],"tags":[3446,1856,3418,229,250,4989],"class_list":["post-431099","post","type-post","status-publish","format-standard","has-post-thumbnail","hentry","category-policia","category-seguranca","tag-extremismo","tag-franca","tag-policia-de-seguranca-publica","tag-politica-publica","tag-seguranca-publica","tag-terrorismo"],"yoast_head":"<!-- This site is optimized with the Yoast SEO plugin v27.2 - https:\/\/yoast.com\/product\/yoast-seo-wordpress\/ -->\n<title>Pol\u00edcia de Paris pro\u00edbe encontro anual de mu\u00e7ulmanos de Fran\u00e7a por risco de ataque - Portal Tela Portugal<\/title>\n<meta name=\"robots\" content=\"index, follow, max-snippet:-1, max-image-preview:large, max-video-preview:-1\" \/>\n<meta property=\"og:locale\" content=\"pt_PT\" \/>\n<meta property=\"og:type\" content=\"article\" \/>\n<meta property=\"og:title\" content=\"Pol\u00edcia de Paris pro\u00edbe encontro anual de mu\u00e7ulmanos de Fran\u00e7a por risco de ataque - Portal Tela Portugal\" \/>\n<meta property=\"og:description\" content=\"A pol\u00edcia de Paris proibiu, por decreto, o Encontro Anual dos Mu\u00e7ulmanos de Fran\u00e7a, previsto de 3 a 6 de abril, em Le Bourget. O evento, organizado pela associa\u00e7\u00e3o Mu\u00e7ulmanos de Fran\u00e7a (MF), re\u00fane confer\u00eancias, exposi\u00e7\u00f5es e bancas comerciais da comunidade mu\u00e7ulmana. A decis\u00e3o baseia-se no risco terrorista significativo e num contexto internacional e nacional particularmente tenso em rela\u00e7\u00e3o \u00e0 comunidade mu\u00e7ulmana. A pol\u00edcia aponta o risco de que grupos de extrema-direita se mobilizem para perturbar o evento, que n\u00e3o se realiza desde 2019. Tamb\u00e9m se observa a possibilidade de influ\u00eancias estrangeiras teleguiar a\u00e7\u00f5es contra o encontro, tornando-o incompat\u00edvel com a ordem p\u00fablica.\" \/>\n<meta property=\"og:url\" content=\"https:\/\/portaltela.pt\/noticias\/2026\/04\/01\/policia-de-paris-proibe-encontro-anual-de-muculmanos-de-franca-por-risco-de-ataque\/\" \/>\n<meta property=\"og:site_name\" content=\"Portal Tela Portugal\" \/>\n<meta property=\"article:published_time\" content=\"2026-04-02T00:01:00+00:00\" \/>\n<meta name=\"author\" content=\"Telinha\" \/>\n<meta name=\"twitter:card\" content=\"summary_large_image\" \/>\n<meta name=\"twitter:label1\" content=\"Escrito por\" \/>\n\t<meta name=\"twitter:data1\" content=\"Telinha\" \/>\n\t<meta name=\"twitter:label2\" content=\"Tempo estimado de leitura\" \/>\n\t<meta name=\"twitter:data2\" content=\"1 minuto\" \/>\n<script type=\"application\/ld+json\" class=\"yoast-schema-graph\">{\"@context\":\"https:\/\/schema.org\",\"@graph\":[{\"@type\":\"Article\",\"@id\":\"https:\/\/portaltela.pt\/noticias\/2026\/04\/01\/policia-de-paris-proibe-encontro-anual-de-muculmanos-de-franca-por-risco-de-ataque\/#article\",\"isPartOf\":{\"@id\":\"https:\/\/portaltela.pt\/noticias\/2026\/04\/01\/policia-de-paris-proibe-encontro-anual-de-muculmanos-de-franca-por-risco-de-ataque\/\"},\"author\":{\"name\":\"Telinha\",\"@id\":\"https:\/\/portaltela.pt\/#\/schema\/person\/c4278d4a6028830caff9ee44b42d32ed\"},\"headline\":\"Pol\u00edcia de Paris pro\u00edbe encontro anual de mu\u00e7ulmanos de Fran\u00e7a por risco de ataque\",\"datePublished\":\"2026-04-02T00:01:00+00:00\",\"mainEntityOfPage\":{\"@id\":\"https:\/\/portaltela.pt\/noticias\/2026\/04\/01\/policia-de-paris-proibe-encontro-anual-de-muculmanos-de-franca-por-risco-de-ataque\/\"},\"wordCount\":255,\"image\":{\"@id\":\"https:\/\/portaltela.pt\/noticias\/2026\/04\/01\/policia-de-paris-proibe-encontro-anual-de-muculmanos-de-franca-por-risco-de-ataque\/#primaryimage\"},\"thumbnailUrl\":\"https:\/\/portaltela.pt\/s.01k8rhncp4jt1\/2026\/04\/image-141.jpg\",\"keywords\":[\"extremismo\",\"Fran\u00e7a\",\"Pol\u00edcia de Seguran\u00e7a P\u00fablica\",\"pol\u00edtica p\u00fablica\",\"seguran\u00e7a p\u00fablica\",\"terrorismo\"],\"articleSection\":[\"Pol\u00edcia\",\"Seguran\u00e7a\"],\"inLanguage\":\"pt-PT\"},{\"@type\":\"WebPage\",\"@id\":\"https:\/\/portaltela.pt\/noticias\/2026\/04\/01\/policia-de-paris-proibe-encontro-anual-de-muculmanos-de-franca-por-risco-de-ataque\/\",\"url\":\"https:\/\/portaltela.pt\/noticias\/2026\/04\/01\/policia-de-paris-proibe-encontro-anual-de-muculmanos-de-franca-por-risco-de-ataque\/\",\"name\":\"Pol\u00edcia de Paris pro\u00edbe encontro anual de mu\u00e7ulmanos de Fran\u00e7a por risco de ataque - Portal Tela Portugal\",\"isPartOf\":{\"@id\":\"https:\/\/portaltela.pt\/#website\"},\"primaryImageOfPage\":{\"@id\":\"https:\/\/portaltela.pt\/noticias\/2026\/04\/01\/policia-de-paris-proibe-encontro-anual-de-muculmanos-de-franca-por-risco-de-ataque\/#primaryimage\"},\"image\":{\"@id\":\"https:\/\/portaltela.pt\/noticias\/2026\/04\/01\/policia-de-paris-proibe-encontro-anual-de-muculmanos-de-franca-por-risco-de-ataque\/#primaryimage\"},\"thumbnailUrl\":\"https:\/\/portaltela.pt\/s.01k8rhncp4jt1\/2026\/04\/image-141.jpg\",\"datePublished\":\"2026-04-02T00:01:00+00:00\",\"author\":{\"@id\":\"https:\/\/portaltela.pt\/#\/schema\/person\/c4278d4a6028830caff9ee44b42d32ed\"},\"breadcrumb\":{\"@id\":\"https:\/\/portaltela.pt\/noticias\/2026\/04\/01\/policia-de-paris-proibe-encontro-anual-de-muculmanos-de-franca-por-risco-de-ataque\/#breadcrumb\"},\"inLanguage\":\"pt-PT\",\"potentialAction\":[{\"@type\":\"ReadAction\",\"target\":[\"https:\/\/portaltela.pt\/noticias\/2026\/04\/01\/policia-de-paris-proibe-encontro-anual-de-muculmanos-de-franca-por-risco-de-ataque\/\"]}]},{\"@type\":\"ImageObject\",\"inLanguage\":\"pt-PT\",\"@id\":\"https:\/\/portaltela.pt\/noticias\/2026\/04\/01\/policia-de-paris-proibe-encontro-anual-de-muculmanos-de-franca-por-risco-de-ataque\/#primaryimage\",\"url\":\"https:\/\/portaltela.pt\/s.01k8rhncp4jt1\/2026\/04\/image-141.jpg\",\"contentUrl\":\"https:\/\/portaltela.pt\/s.01k8rhncp4jt1\/2026\/04\/image-141.jpg\",\"width\":796,\"height\":448,\"caption\":\"O encontro deveria realizar-se em Le Bourget, na regi\u00e3o parisiense, de 3 a 6 de abril\"},{\"@type\":\"BreadcrumbList\",\"@id\":\"https:\/\/portaltela.pt\/noticias\/2026\/04\/01\/policia-de-paris-proibe-encontro-anual-de-muculmanos-de-franca-por-risco-de-ataque\/#breadcrumb\",\"itemListElement\":[{\"@type\":\"ListItem\",\"position\":1,\"name\":\"In\u00edcio\",\"item\":\"https:\/\/portaltela.pt\/\"},{\"@type\":\"ListItem\",\"position\":2,\"name\":\"Pol\u00edcia de Paris pro\u00edbe encontro anual de mu\u00e7ulmanos de Fran\u00e7a por risco de ataque\"}]},{\"@type\":\"WebSite\",\"@id\":\"https:\/\/portaltela.pt\/#website\",\"url\":\"https:\/\/portaltela.pt\/\",\"name\":\"Portal Tela Portugal\",\"description\":\"\",\"potentialAction\":[{\"@type\":\"SearchAction\",\"target\":{\"@type\":\"EntryPoint\",\"urlTemplate\":\"https:\/\/portaltela.pt\/?s={search_term_string}\"},\"query-input\":{\"@type\":\"PropertyValueSpecification\",\"valueRequired\":true,\"valueName\":\"search_term_string\"}}],\"inLanguage\":\"pt-PT\"},{\"@type\":\"Person\",\"@id\":\"https:\/\/portaltela.pt\/#\/schema\/person\/c4278d4a6028830caff9ee44b42d32ed\",\"name\":\"Telinha\",\"image\":{\"@type\":\"ImageObject\",\"inLanguage\":\"pt-PT\",\"@id\":\"https:\/\/portaltela.pt\/s.01k8rhncp4jt1\/2025\/11\/talking-bot-125x125.png\",\"url\":\"https:\/\/portaltela.pt\/s.01k8rhncp4jt1\/2025\/11\/talking-bot-125x125.png\",\"contentUrl\":\"https:\/\/portaltela.pt\/s.01k8rhncp4jt1\/2025\/11\/talking-bot-125x125.png\",\"caption\":\"Telinha\"},\"sameAs\":[\"https:\/\/portaltela.pt\/\"],\"url\":\"https:\/\/portaltela.pt\/por\/367410592786\/\"}]}<\/script>\n<!-- \/ Yoast SEO plugin. -->","yoast_head_json":{"title":"Pol\u00edcia de Paris pro\u00edbe encontro anual de mu\u00e7ulmanos de Fran\u00e7a por risco de ataque - Portal Tela Portugal","robots":{"index":"index","follow":"follow","max-snippet":"max-snippet:-1","max-image-preview":"max-image-preview:large","max-video-preview":"max-video-preview:-1"},"og_locale":"pt_PT","og_type":"article","og_title":"Pol\u00edcia de Paris pro\u00edbe encontro anual de mu\u00e7ulmanos de Fran\u00e7a por risco de ataque - Portal Tela Portugal","og_description":"A pol\u00edcia de Paris proibiu, por decreto, o Encontro Anual dos Mu\u00e7ulmanos de Fran\u00e7a, previsto de 3 a 6 de abril, em Le Bourget. O evento, organizado pela associa\u00e7\u00e3o Mu\u00e7ulmanos de Fran\u00e7a (MF), re\u00fane confer\u00eancias, exposi\u00e7\u00f5es e bancas comerciais da comunidade mu\u00e7ulmana. A decis\u00e3o baseia-se no risco terrorista significativo e num contexto internacional e nacional particularmente tenso em rela\u00e7\u00e3o \u00e0 comunidade mu\u00e7ulmana. A pol\u00edcia aponta o risco de que grupos de extrema-direita se mobilizem para perturbar o evento, que n\u00e3o se realiza desde 2019. Tamb\u00e9m se observa a possibilidade de influ\u00eancias estrangeiras teleguiar a\u00e7\u00f5es contra o encontro, tornando-o incompat\u00edvel com a ordem p\u00fablica.","og_url":"https:\/\/portaltela.pt\/noticias\/2026\/04\/01\/policia-de-paris-proibe-encontro-anual-de-muculmanos-de-franca-por-risco-de-ataque\/","og_site_name":"Portal Tela Portugal","article_published_time":"2026-04-02T00:01:00+00:00","author":"Telinha","twitter_card":"summary_large_image","twitter_misc":{"Escrito por":"Telinha","Tempo estimado de leitura":"1 minuto"},"schema":{"@context":"https:\/\/schema.org","@graph":[{"@type":"Article","@id":"https:\/\/portaltela.pt\/noticias\/2026\/04\/01\/policia-de-paris-proibe-encontro-anual-de-muculmanos-de-franca-por-risco-de-ataque\/#article","isPartOf":{"@id":"https:\/\/portaltela.pt\/noticias\/2026\/04\/01\/policia-de-paris-proibe-encontro-anual-de-muculmanos-de-franca-por-risco-de-ataque\/"},"author":{"name":"Telinha","@id":"https:\/\/portaltela.pt\/#\/schema\/person\/c4278d4a6028830caff9ee44b42d32ed"},"headline":"Pol\u00edcia de Paris pro\u00edbe encontro anual de mu\u00e7ulmanos de Fran\u00e7a por risco de ataque","datePublished":"2026-04-02T00:01:00+00:00","mainEntityOfPage":{"@id":"https:\/\/portaltela.pt\/noticias\/2026\/04\/01\/policia-de-paris-proibe-encontro-anual-de-muculmanos-de-franca-por-risco-de-ataque\/"},"wordCount":255,"image":{"@id":"https:\/\/portaltela.pt\/noticias\/2026\/04\/01\/policia-de-paris-proibe-encontro-anual-de-muculmanos-de-franca-por-risco-de-ataque\/#primaryimage"},"thumbnailUrl":"https:\/\/portaltela.pt\/s.01k8rhncp4jt1\/2026\/04\/image-141.jpg","keywords":["extremismo","Fran\u00e7a","Pol\u00edcia de Seguran\u00e7a P\u00fablica","pol\u00edtica p\u00fablica","seguran\u00e7a p\u00fablica","terrorismo"],"articleSection":["Pol\u00edcia","Seguran\u00e7a"],"inLanguage":"pt-PT"},{"@type":"WebPage","@id":"https:\/\/portaltela.pt\/noticias\/2026\/04\/01\/policia-de-paris-proibe-encontro-anual-de-muculmanos-de-franca-por-risco-de-ataque\/","url":"https:\/\/portaltela.pt\/noticias\/2026\/04\/01\/policia-de-paris-proibe-encontro-anual-de-muculmanos-de-franca-por-risco-de-ataque\/","name":"Pol\u00edcia de Paris pro\u00edbe encontro anual de mu\u00e7ulmanos de Fran\u00e7a por risco de ataque - Portal Tela Portugal","isPartOf":{"@id":"https:\/\/portaltela.pt\/#website"},"primaryImageOfPage":{"@id":"https:\/\/portaltela.pt\/noticias\/2026\/04\/01\/policia-de-paris-proibe-encontro-anual-de-muculmanos-de-franca-por-risco-de-ataque\/#primaryimage"},"image":{"@id":"https:\/\/portaltela.pt\/noticias\/2026\/04\/01\/policia-de-paris-proibe-encontro-anual-de-muculmanos-de-franca-por-risco-de-ataque\/#primaryimage"},"thumbnailUrl":"https:\/\/portaltela.pt\/s.01k8rhncp4jt1\/2026\/04\/image-141.jpg","datePublished":"2026-04-02T00:01:00+00:00","author":{"@id":"https:\/\/portaltela.pt\/#\/schema\/person\/c4278d4a6028830caff9ee44b42d32ed"},"breadcrumb":{"@id":"https:\/\/portaltela.pt\/noticias\/2026\/04\/01\/policia-de-paris-proibe-encontro-anual-de-muculmanos-de-franca-por-risco-de-ataque\/#breadcrumb"},"inLanguage":"pt-PT","potentialAction":[{"@type":"ReadAction","target":["https:\/\/portaltela.pt\/noticias\/2026\/04\/01\/policia-de-paris-proibe-encontro-anual-de-muculmanos-de-franca-por-risco-de-ataque\/"]}]},{"@type":"ImageObject","inLanguage":"pt-PT","@id":"https:\/\/portaltela.pt\/noticias\/2026\/04\/01\/policia-de-paris-proibe-encontro-anual-de-muculmanos-de-franca-por-risco-de-ataque\/#primaryimage","url":"https:\/\/portaltela.pt\/s.01k8rhncp4jt1\/2026\/04\/image-141.jpg","contentUrl":"https:\/\/portaltela.pt\/s.01k8rhncp4jt1\/2026\/04\/image-141.jpg","width":796,"height":448,"caption":"O encontro deveria realizar-se em Le Bourget, na regi\u00e3o parisiense, de 3 a 6 de abril"},{"@type":"BreadcrumbList","@id":"https:\/\/portaltela.pt\/noticias\/2026\/04\/01\/policia-de-paris-proibe-encontro-anual-de-muculmanos-de-franca-por-risco-de-ataque\/#breadcrumb","itemListElement":[{"@type":"ListItem","position":1,"name":"In\u00edcio","item":"https:\/\/portaltela.pt\/"},{"@type":"ListItem","position":2,"name":"Pol\u00edcia de Paris pro\u00edbe encontro anual de mu\u00e7ulmanos de Fran\u00e7a por risco de ataque"}]},{"@type":"WebSite","@id":"https:\/\/portaltela.pt\/#website","url":"https:\/\/portaltela.pt\/","name":"Portal Tela Portugal","description":"","potentialAction":[{"@type":"SearchAction","target":{"@type":"EntryPoint","urlTemplate":"https:\/\/portaltela.pt\/?s={search_term_string}"},"query-input":{"@type":"PropertyValueSpecification","valueRequired":true,"valueName":"search_term_string"}}],"inLanguage":"pt-PT"},{"@type":"Person","@id":"https:\/\/portaltela.pt\/#\/schema\/person\/c4278d4a6028830caff9ee44b42d32ed","name":"Telinha","image":{"@type":"ImageObject","inLanguage":"pt-PT","@id":"https:\/\/portaltela.pt\/s.01k8rhncp4jt1\/2025\/11\/talking-bot-125x125.png","url":"https:\/\/portaltela.pt\/s.01k8rhncp4jt1\/2025\/11\/talking-bot-125x125.png","contentUrl":"https:\/\/portaltela.pt\/s.01k8rhncp4jt1\/2025\/11\/talking-bot-125x125.png","caption":"Telinha"},"sameAs":["https:\/\/portaltela.pt\/"],"url":"https:\/\/portaltela.pt\/por\/367410592786\/"}]}},"_links":{"self":[{"href":"https:\/\/portaltela.pt\/api\/wp\/v2\/posts\/431099","targetHints":{"allow":["GET"]}}],"collection":[{"href":"https:\/\/portaltela.pt\/api\/wp\/v2\/posts"}],"about":[{"href":"https:\/\/portaltela.pt\/api\/wp\/v2\/types\/post"}],"author":[{"embeddable":true,"href":"https:\/\/portaltela.pt\/api\/wp\/v2\/users\/2"}],"replies":[{"embeddable":true,"href":"https:\/\/portaltela.pt\/api\/wp\/v2\/comments?post=431099"}],"version-history":[{"count":0,"href":"https:\/\/portaltela.pt\/api\/wp\/v2\/posts\/431099\/revisions"}],"wp:featuredmedia":[{"embeddable":true,"href":"https:\/\/portaltela.pt\/api\/wp\/v2\/media\/431101"}],"wp:attachment":[{"href":"https:\/\/portaltela.pt\/api\/wp\/v2\/media?parent=431099"}],"wp:term":[{"taxonomy":"category","embeddable":true,"href":"https:\/\/portaltela.pt\/api\/wp\/v2\/categories?post=431099"},{"taxonomy":"post_tag","embeddable":true,"href":"https:\/\/portaltela.pt\/api\/wp\/v2\/tags?post=431099"}],"curies":[{"name":"wp","href":"https:\/\/api.w.org\/{rel}","templated":true}]}}