{"id":431087,"date":"2026-04-02T19:32:23","date_gmt":"2026-04-02T22:32:23","guid":{"rendered":"https:\/\/portaltela.pt\/noticias\/2026\/04\/02\/mulher-de-25-anos-atropelada-em-agueda-permanece-em-estado-grave\/"},"modified":"2026-04-02T19:32:23","modified_gmt":"2026-04-02T22:32:23","slug":"mulher-de-25-anos-atropelada-em-agueda-permanece-em-estado-grave","status":"publish","type":"post","link":"https:\/\/portaltela.pt\/acidentes\/2026\/04\/02\/mulher-de-25-anos-atropelada-em-agueda-permanece-em-estado-grave\/","title":{"rendered":"Mulher de 25 anos atropelada em \u00c1gueda permanece em estado grave"},"content":{"rendered":"<p>Uma mulher de 25 anos ficou gravemente ferida, esta quinta-feira cerca das 22h, ap\u00f3s ser atropelada por uma viatura na Estrada Nacional 333, junto \u00e0 Pra\u00e7a 1.\u00ba de Maio, em \u00c1gueda. O acidente ocorreu num ponto da via onde houve interven\u00e7\u00e3o de emerg\u00eancias.<\/p>\n<p>Bombeiros Volunt\u00e1rios de \u00c1gueda estiveram no local, assim como duas ambul\u00e2ncias do INEM, que promoveram os primeiros socorros \u00e0 v\u00edtima antes de a encaminharem para o hospital.<\/p>\n<p>A v\u00edtima foi transportada em estado grave para unidade hospitalar, ainda segundo as autoridades. O atropelamento provocou o corte parcial da EN333, restringindo a circula\u00e7\u00e3o momentaneamente.<\/p>\n","protected":false},"excerpt":{"rendered":"<ul>\n<li>Uma mulher de vinte e cinco anos ficou ferida de forma grave ap\u00f3s ser atropelada por uma viatura em \u00c1gueda, perto da Pra\u00e7a 1.\u00b0 de Maio, cerca das vinte e duas horas.<\/li>\n<li>O acidente ocorreu na Estrada Nacional tr\u00eascentos e trinta e tr\u00eas (EN trinta e tr\u00eas) e contou com o apoio dos Bombeiros Volunt\u00e1rios de \u00c1gueda.<\/li>\n<li>Duas ambul\u00e2ncias do Instituto Nacional de Emerg\u00eancia M\u00e9dica (INEM) estiveram no local e prestaram assist\u00eancia.<\/li>\n<li>A v\u00edtima foi transportada para o hospital em estado grave, com interven\u00e7\u00e3o das equipas de socorro.<\/li>\n<\/ul>\n","protected":false},"author":2,"featured_media":431090,"comment_status":"closed","ping_status":"closed","sticky":false,"template":"","format":"standard","meta":{"footnotes":""},"categories":[6849],"tags":[5487,4169,1062,4351,3449,1922],"class_list":["post-431087","post","type-post","status-publish","format-standard","has-post-thumbnail","hentry","category-acidentes","tag-acidente","tag-acidente-rodoviario","tag-agueda","tag-bombeiros-voluntarios","tag-feridos","tag-inem"],"yoast_head":"<!-- This site is optimized with the Yoast SEO plugin v27.2 - https:\/\/yoast.com\/product\/yoast-seo-wordpress\/ -->\n<title>Mulher de 25 anos atropelada em \u00c1gueda permanece em estado grave - Portal Tela Portugal<\/title>\n<meta name=\"robots\" content=\"index, follow, max-snippet:-1, max-image-preview:large, max-video-preview:-1\" \/>\n<meta property=\"og:locale\" content=\"pt_PT\" \/>\n<meta property=\"og:type\" content=\"article\" \/>\n<meta property=\"og:title\" content=\"Mulher de 25 anos atropelada em \u00c1gueda permanece em estado grave - Portal Tela Portugal\" \/>\n<meta property=\"og:description\" content=\"Uma mulher de vinte e cinco anos ficou ferida de forma grave ap\u00f3s ser atropelada por uma viatura em \u00c1gueda, perto da Pra\u00e7a 1.\u00b0 de Maio, cerca das vinte e duas horas. O acidente ocorreu na Estrada Nacional tr\u00eascentos e trinta e tr\u00eas (EN trinta e tr\u00eas) e contou com o apoio dos Bombeiros Volunt\u00e1rios de \u00c1gueda. Duas ambul\u00e2ncias do Instituto Nacional de Emerg\u00eancia M\u00e9dica (INEM) estiveram no local e prestaram assist\u00eancia. A v\u00edtima foi transportada para o hospital em estado grave, com interven\u00e7\u00e3o das equipas de socorro.\" \/>\n<meta property=\"og:url\" content=\"https:\/\/portaltela.pt\/noticias\/2026\/04\/02\/mulher-de-25-anos-atropelada-em-agueda-permanece-em-estado-grave\/\" \/>\n<meta property=\"og:site_name\" content=\"Portal Tela Portugal\" \/>\n<meta property=\"article:published_time\" content=\"2026-04-02T22:32:23+00:00\" \/>\n<meta name=\"author\" content=\"Telinha\" \/>\n<meta name=\"twitter:card\" content=\"summary_large_image\" \/>\n<meta name=\"twitter:label1\" content=\"Escrito por\" \/>\n\t<meta name=\"twitter:data1\" content=\"Telinha\" \/>\n\t<meta name=\"twitter:label2\" content=\"Tempo estimado de leitura\" \/>\n\t<meta name=\"twitter:data2\" content=\"1 minuto\" \/>\n<script type=\"application\/ld+json\" class=\"yoast-schema-graph\">{\"@context\":\"https:\/\/schema.org\",\"@graph\":[{\"@type\":\"Article\",\"@id\":\"https:\/\/portaltela.pt\/noticias\/2026\/04\/02\/mulher-de-25-anos-atropelada-em-agueda-permanece-em-estado-grave\/#article\",\"isPartOf\":{\"@id\":\"https:\/\/portaltela.pt\/noticias\/2026\/04\/02\/mulher-de-25-anos-atropelada-em-agueda-permanece-em-estado-grave\/\"},\"author\":{\"name\":\"Telinha\",\"@id\":\"https:\/\/portaltela.pt\/#\/schema\/person\/c4278d4a6028830caff9ee44b42d32ed\"},\"headline\":\"Mulher de 25 anos atropelada em \u00c1gueda permanece em estado grave\",\"datePublished\":\"2026-04-02T22:32:23+00:00\",\"mainEntityOfPage\":{\"@id\":\"https:\/\/portaltela.pt\/noticias\/2026\/04\/02\/mulher-de-25-anos-atropelada-em-agueda-permanece-em-estado-grave\/\"},\"wordCount\":110,\"image\":{\"@id\":\"https:\/\/portaltela.pt\/noticias\/2026\/04\/02\/mulher-de-25-anos-atropelada-em-agueda-permanece-em-estado-grave\/#primaryimage\"},\"thumbnailUrl\":\"https:\/\/portaltela.pt\/s.01k8rhncp4jt1\/2026\/04\/image-140.jpg\",\"keywords\":[\"acidente\",\"acidente rodovi\u00e1rio\",\"\u00c1gueda\",\"Bombeiros Volunt\u00e1rios\",\"feridos\",\"INEM\"],\"articleSection\":[\"Acidentes\"],\"inLanguage\":\"pt-PT\"},{\"@type\":\"WebPage\",\"@id\":\"https:\/\/portaltela.pt\/noticias\/2026\/04\/02\/mulher-de-25-anos-atropelada-em-agueda-permanece-em-estado-grave\/\",\"url\":\"https:\/\/portaltela.pt\/noticias\/2026\/04\/02\/mulher-de-25-anos-atropelada-em-agueda-permanece-em-estado-grave\/\",\"name\":\"Mulher de 25 anos atropelada em \u00c1gueda permanece em estado grave - Portal Tela Portugal\",\"isPartOf\":{\"@id\":\"https:\/\/portaltela.pt\/#website\"},\"primaryImageOfPage\":{\"@id\":\"https:\/\/portaltela.pt\/noticias\/2026\/04\/02\/mulher-de-25-anos-atropelada-em-agueda-permanece-em-estado-grave\/#primaryimage\"},\"image\":{\"@id\":\"https:\/\/portaltela.pt\/noticias\/2026\/04\/02\/mulher-de-25-anos-atropelada-em-agueda-permanece-em-estado-grave\/#primaryimage\"},\"thumbnailUrl\":\"https:\/\/portaltela.pt\/s.01k8rhncp4jt1\/2026\/04\/image-140.jpg\",\"datePublished\":\"2026-04-02T22:32:23+00:00\",\"author\":{\"@id\":\"https:\/\/portaltela.pt\/#\/schema\/person\/c4278d4a6028830caff9ee44b42d32ed\"},\"breadcrumb\":{\"@id\":\"https:\/\/portaltela.pt\/noticias\/2026\/04\/02\/mulher-de-25-anos-atropelada-em-agueda-permanece-em-estado-grave\/#breadcrumb\"},\"inLanguage\":\"pt-PT\",\"potentialAction\":[{\"@type\":\"ReadAction\",\"target\":[\"https:\/\/portaltela.pt\/noticias\/2026\/04\/02\/mulher-de-25-anos-atropelada-em-agueda-permanece-em-estado-grave\/\"]}]},{\"@type\":\"ImageObject\",\"inLanguage\":\"pt-PT\",\"@id\":\"https:\/\/portaltela.pt\/noticias\/2026\/04\/02\/mulher-de-25-anos-atropelada-em-agueda-permanece-em-estado-grave\/#primaryimage\",\"url\":\"https:\/\/portaltela.pt\/s.01k8rhncp4jt1\/2026\/04\/image-140.jpg\",\"contentUrl\":\"https:\/\/portaltela.pt\/s.01k8rhncp4jt1\/2026\/04\/image-140.jpg\",\"width\":796,\"height\":448,\"caption\":\"Atropelamento mortal ocorreu na EN333\"},{\"@type\":\"BreadcrumbList\",\"@id\":\"https:\/\/portaltela.pt\/noticias\/2026\/04\/02\/mulher-de-25-anos-atropelada-em-agueda-permanece-em-estado-grave\/#breadcrumb\",\"itemListElement\":[{\"@type\":\"ListItem\",\"position\":1,\"name\":\"In\u00edcio\",\"item\":\"https:\/\/portaltela.pt\/\"},{\"@type\":\"ListItem\",\"position\":2,\"name\":\"Mulher de 25 anos atropelada em \u00c1gueda permanece em estado grave\"}]},{\"@type\":\"WebSite\",\"@id\":\"https:\/\/portaltela.pt\/#website\",\"url\":\"https:\/\/portaltela.pt\/\",\"name\":\"Portal Tela Portugal\",\"description\":\"\",\"potentialAction\":[{\"@type\":\"SearchAction\",\"target\":{\"@type\":\"EntryPoint\",\"urlTemplate\":\"https:\/\/portaltela.pt\/?s={search_term_string}\"},\"query-input\":{\"@type\":\"PropertyValueSpecification\",\"valueRequired\":true,\"valueName\":\"search_term_string\"}}],\"inLanguage\":\"pt-PT\"},{\"@type\":\"Person\",\"@id\":\"https:\/\/portaltela.pt\/#\/schema\/person\/c4278d4a6028830caff9ee44b42d32ed\",\"name\":\"Telinha\",\"image\":{\"@type\":\"ImageObject\",\"inLanguage\":\"pt-PT\",\"@id\":\"https:\/\/portaltela.pt\/s.01k8rhncp4jt1\/2025\/11\/talking-bot-125x125.png\",\"url\":\"https:\/\/portaltela.pt\/s.01k8rhncp4jt1\/2025\/11\/talking-bot-125x125.png\",\"contentUrl\":\"https:\/\/portaltela.pt\/s.01k8rhncp4jt1\/2025\/11\/talking-bot-125x125.png\",\"caption\":\"Telinha\"},\"sameAs\":[\"https:\/\/portaltela.pt\/\"],\"url\":\"https:\/\/portaltela.pt\/por\/367410592786\/\"}]}<\/script>\n<!-- \/ Yoast SEO plugin. -->","yoast_head_json":{"title":"Mulher de 25 anos atropelada em \u00c1gueda permanece em estado grave - Portal Tela Portugal","robots":{"index":"index","follow":"follow","max-snippet":"max-snippet:-1","max-image-preview":"max-image-preview:large","max-video-preview":"max-video-preview:-1"},"og_locale":"pt_PT","og_type":"article","og_title":"Mulher de 25 anos atropelada em \u00c1gueda permanece em estado grave - Portal Tela Portugal","og_description":"Uma mulher de vinte e cinco anos ficou ferida de forma grave ap\u00f3s ser atropelada por uma viatura em \u00c1gueda, perto da Pra\u00e7a 1.\u00b0 de Maio, cerca das vinte e duas horas. O acidente ocorreu na Estrada Nacional tr\u00eascentos e trinta e tr\u00eas (EN trinta e tr\u00eas) e contou com o apoio dos Bombeiros Volunt\u00e1rios de \u00c1gueda. Duas ambul\u00e2ncias do Instituto Nacional de Emerg\u00eancia M\u00e9dica (INEM) estiveram no local e prestaram assist\u00eancia. A v\u00edtima foi transportada para o hospital em estado grave, com interven\u00e7\u00e3o das equipas de socorro.","og_url":"https:\/\/portaltela.pt\/noticias\/2026\/04\/02\/mulher-de-25-anos-atropelada-em-agueda-permanece-em-estado-grave\/","og_site_name":"Portal Tela Portugal","article_published_time":"2026-04-02T22:32:23+00:00","author":"Telinha","twitter_card":"summary_large_image","twitter_misc":{"Escrito por":"Telinha","Tempo estimado de leitura":"1 minuto"},"schema":{"@context":"https:\/\/schema.org","@graph":[{"@type":"Article","@id":"https:\/\/portaltela.pt\/noticias\/2026\/04\/02\/mulher-de-25-anos-atropelada-em-agueda-permanece-em-estado-grave\/#article","isPartOf":{"@id":"https:\/\/portaltela.pt\/noticias\/2026\/04\/02\/mulher-de-25-anos-atropelada-em-agueda-permanece-em-estado-grave\/"},"author":{"name":"Telinha","@id":"https:\/\/portaltela.pt\/#\/schema\/person\/c4278d4a6028830caff9ee44b42d32ed"},"headline":"Mulher de 25 anos atropelada em \u00c1gueda permanece em estado grave","datePublished":"2026-04-02T22:32:23+00:00","mainEntityOfPage":{"@id":"https:\/\/portaltela.pt\/noticias\/2026\/04\/02\/mulher-de-25-anos-atropelada-em-agueda-permanece-em-estado-grave\/"},"wordCount":110,"image":{"@id":"https:\/\/portaltela.pt\/noticias\/2026\/04\/02\/mulher-de-25-anos-atropelada-em-agueda-permanece-em-estado-grave\/#primaryimage"},"thumbnailUrl":"https:\/\/portaltela.pt\/s.01k8rhncp4jt1\/2026\/04\/image-140.jpg","keywords":["acidente","acidente rodovi\u00e1rio","\u00c1gueda","Bombeiros Volunt\u00e1rios","feridos","INEM"],"articleSection":["Acidentes"],"inLanguage":"pt-PT"},{"@type":"WebPage","@id":"https:\/\/portaltela.pt\/noticias\/2026\/04\/02\/mulher-de-25-anos-atropelada-em-agueda-permanece-em-estado-grave\/","url":"https:\/\/portaltela.pt\/noticias\/2026\/04\/02\/mulher-de-25-anos-atropelada-em-agueda-permanece-em-estado-grave\/","name":"Mulher de 25 anos atropelada em \u00c1gueda permanece em estado grave - Portal Tela Portugal","isPartOf":{"@id":"https:\/\/portaltela.pt\/#website"},"primaryImageOfPage":{"@id":"https:\/\/portaltela.pt\/noticias\/2026\/04\/02\/mulher-de-25-anos-atropelada-em-agueda-permanece-em-estado-grave\/#primaryimage"},"image":{"@id":"https:\/\/portaltela.pt\/noticias\/2026\/04\/02\/mulher-de-25-anos-atropelada-em-agueda-permanece-em-estado-grave\/#primaryimage"},"thumbnailUrl":"https:\/\/portaltela.pt\/s.01k8rhncp4jt1\/2026\/04\/image-140.jpg","datePublished":"2026-04-02T22:32:23+00:00","author":{"@id":"https:\/\/portaltela.pt\/#\/schema\/person\/c4278d4a6028830caff9ee44b42d32ed"},"breadcrumb":{"@id":"https:\/\/portaltela.pt\/noticias\/2026\/04\/02\/mulher-de-25-anos-atropelada-em-agueda-permanece-em-estado-grave\/#breadcrumb"},"inLanguage":"pt-PT","potentialAction":[{"@type":"ReadAction","target":["https:\/\/portaltela.pt\/noticias\/2026\/04\/02\/mulher-de-25-anos-atropelada-em-agueda-permanece-em-estado-grave\/"]}]},{"@type":"ImageObject","inLanguage":"pt-PT","@id":"https:\/\/portaltela.pt\/noticias\/2026\/04\/02\/mulher-de-25-anos-atropelada-em-agueda-permanece-em-estado-grave\/#primaryimage","url":"https:\/\/portaltela.pt\/s.01k8rhncp4jt1\/2026\/04\/image-140.jpg","contentUrl":"https:\/\/portaltela.pt\/s.01k8rhncp4jt1\/2026\/04\/image-140.jpg","width":796,"height":448,"caption":"Atropelamento mortal ocorreu na EN333"},{"@type":"BreadcrumbList","@id":"https:\/\/portaltela.pt\/noticias\/2026\/04\/02\/mulher-de-25-anos-atropelada-em-agueda-permanece-em-estado-grave\/#breadcrumb","itemListElement":[{"@type":"ListItem","position":1,"name":"In\u00edcio","item":"https:\/\/portaltela.pt\/"},{"@type":"ListItem","position":2,"name":"Mulher de 25 anos atropelada em \u00c1gueda permanece em estado grave"}]},{"@type":"WebSite","@id":"https:\/\/portaltela.pt\/#website","url":"https:\/\/portaltela.pt\/","name":"Portal Tela Portugal","description":"","potentialAction":[{"@type":"SearchAction","target":{"@type":"EntryPoint","urlTemplate":"https:\/\/portaltela.pt\/?s={search_term_string}"},"query-input":{"@type":"PropertyValueSpecification","valueRequired":true,"valueName":"search_term_string"}}],"inLanguage":"pt-PT"},{"@type":"Person","@id":"https:\/\/portaltela.pt\/#\/schema\/person\/c4278d4a6028830caff9ee44b42d32ed","name":"Telinha","image":{"@type":"ImageObject","inLanguage":"pt-PT","@id":"https:\/\/portaltela.pt\/s.01k8rhncp4jt1\/2025\/11\/talking-bot-125x125.png","url":"https:\/\/portaltela.pt\/s.01k8rhncp4jt1\/2025\/11\/talking-bot-125x125.png","contentUrl":"https:\/\/portaltela.pt\/s.01k8rhncp4jt1\/2025\/11\/talking-bot-125x125.png","caption":"Telinha"},"sameAs":["https:\/\/portaltela.pt\/"],"url":"https:\/\/portaltela.pt\/por\/367410592786\/"}]}},"_links":{"self":[{"href":"https:\/\/portaltela.pt\/api\/wp\/v2\/posts\/431087","targetHints":{"allow":["GET"]}}],"collection":[{"href":"https:\/\/portaltela.pt\/api\/wp\/v2\/posts"}],"about":[{"href":"https:\/\/portaltela.pt\/api\/wp\/v2\/types\/post"}],"author":[{"embeddable":true,"href":"https:\/\/portaltela.pt\/api\/wp\/v2\/users\/2"}],"replies":[{"embeddable":true,"href":"https:\/\/portaltela.pt\/api\/wp\/v2\/comments?post=431087"}],"version-history":[{"count":0,"href":"https:\/\/portaltela.pt\/api\/wp\/v2\/posts\/431087\/revisions"}],"wp:featuredmedia":[{"embeddable":true,"href":"https:\/\/portaltela.pt\/api\/wp\/v2\/media\/431090"}],"wp:attachment":[{"href":"https:\/\/portaltela.pt\/api\/wp\/v2\/media?parent=431087"}],"wp:term":[{"taxonomy":"category","embeddable":true,"href":"https:\/\/portaltela.pt\/api\/wp\/v2\/categories?post=431087"},{"taxonomy":"post_tag","embeddable":true,"href":"https:\/\/portaltela.pt\/api\/wp\/v2\/tags?post=431087"}],"curies":[{"name":"wp","href":"https:\/\/api.w.org\/{rel}","templated":true}]}}