{"id":431069,"date":"2026-04-02T19:02:10","date_gmt":"2026-04-02T22:02:10","guid":{"rendered":"https:\/\/portaltela.pt\/noticias\/2026\/04\/02\/tiger-woods-detido-na-florida-imagem-o-mostra-irreconhecivel\/"},"modified":"2026-04-02T19:02:10","modified_gmt":"2026-04-02T22:02:10","slug":"tiger-woods-detido-na-florida-imagem-o-mostra-irreconhecivel","status":"publish","type":"post","link":"https:\/\/portaltela.pt\/celebridades\/2026\/04\/02\/tiger-woods-detido-na-florida-imagem-o-mostra-irreconhecivel\/","title":{"rendered":"Tiger Woods detido na Fl\u00f3rida; imagem o mostra irreconhec\u00edvel"},"content":{"rendered":"<p>O ex-jogador de golfe Tiger Woods foi envolvido num acidente de via\u00e7\u00e3o na Fl\u00f3rida e acabou detido por suspeita de condu\u00e7\u00e3o sob efeito de subst\u00e2ncias e posse de opioides. A deten\u00e7\u00e3o ocorreu no \u00e2mbito de uma interven\u00e7\u00e3o policial na sequ\u00eancia do incidente, segundo informa\u00e7\u00f5es divulgadas recentemente.<\/p>\n<p>Imagens das c\u00e2maras corporais dos agentes e do interior do ve\u00edculo policial foram tornadas p\u00fablicas nesta quinta-feira, apresentando o estado em que se encontrava Woods no momento da interven\u00e7\u00e3o. N\u00e3o foram fornecidos detalhes adicionais sobre o estado de sa\u00fade ou sobre o seguimento judicial at\u00e9 ao momento.<\/p>\n<h3>Conte\u00fado divulgado pelas autoridades<\/h3>\n<p>As filmagens sugerem que o golfista n\u00e3o estava em condi\u00e7\u00f5es normais durante a deten\u00e7\u00e3o, de acordo com as imagens apresentadas pelas autoridades. As informa\u00e7\u00f5es oficiais n\u00e3o inclu\u00edram declara\u00e7\u00f5es adicionais sobre acusa\u00e7\u00f5es formais ou o estado cl\u00ednico de Woods \u00e0 data do incidente.<\/p>\n","protected":false},"excerpt":{"rendered":"<ul>\n<li>O golfista Tiger Woods foi detido na Fl\u00f3rida por suspeita de condu\u00e7\u00e3o sob influ\u00eancia e posse de subst\u00e2ncias opi\u00f3ides, ap\u00f3s um acidente de via\u00e7\u00e3o.<\/li>\n<li>Nesta quinta-feira foram divulgadas imagens das bodycams dos agentes que o abordaram.<\/li>\n<li>O material divulgado inclui tamb\u00e9m imagens do interior do ve\u00edculo da pol\u00edcia para evidenciar o estado de Woods.<\/li>\n<li>As informa\u00e7\u00f5es n\u00e3o detalham desfechos oficiais nem consequ\u00eancias legais no momento.<\/li>\n<li>O conte\u00fado divulgado descreve o estado de Woods no momento da deten\u00e7\u00e3o como irreconhec\u00edvel.<\/li>\n<\/ul>\n","protected":false},"author":2,"featured_media":431074,"comment_status":"closed","ping_status":"closed","sticky":false,"template":"","format":"standard","meta":{"footnotes":""},"categories":[6675],"tags":[5487,1953,147,4347,1600,5661],"class_list":["post-431069","post","type-post","status-publish","format-standard","has-post-thumbnail","hentry","category-celebridades","tag-acidente","tag-conducao-sob-a-influencia-de-alcool","tag-crime","tag-drogas","tag-estados-unidos","tag-pessoas-publicas"],"yoast_head":"<!-- This site is optimized with the Yoast SEO plugin v27.2 - https:\/\/yoast.com\/product\/yoast-seo-wordpress\/ -->\n<title>Tiger Woods detido na Fl\u00f3rida; imagem o mostra irreconhec\u00edvel - Portal Tela Portugal<\/title>\n<meta name=\"robots\" content=\"index, follow, max-snippet:-1, max-image-preview:large, max-video-preview:-1\" \/>\n<meta property=\"og:locale\" content=\"pt_PT\" \/>\n<meta property=\"og:type\" content=\"article\" \/>\n<meta property=\"og:title\" content=\"Tiger Woods detido na Fl\u00f3rida; imagem o mostra irreconhec\u00edvel - Portal Tela Portugal\" \/>\n<meta property=\"og:description\" content=\"O golfista Tiger Woods foi detido na Fl\u00f3rida por suspeita de condu\u00e7\u00e3o sob influ\u00eancia e posse de subst\u00e2ncias opi\u00f3ides, ap\u00f3s um acidente de via\u00e7\u00e3o. Nesta quinta-feira foram divulgadas imagens das bodycams dos agentes que o abordaram. O material divulgado inclui tamb\u00e9m imagens do interior do ve\u00edculo da pol\u00edcia para evidenciar o estado de Woods. As informa\u00e7\u00f5es n\u00e3o detalham desfechos oficiais nem consequ\u00eancias legais no momento. O conte\u00fado divulgado descreve o estado de Woods no momento da deten\u00e7\u00e3o como irreconhec\u00edvel.\" \/>\n<meta property=\"og:url\" content=\"https:\/\/portaltela.pt\/noticias\/2026\/04\/02\/tiger-woods-detido-na-florida-imagem-o-mostra-irreconhecivel\/\" \/>\n<meta property=\"og:site_name\" content=\"Portal Tela Portugal\" \/>\n<meta property=\"article:published_time\" content=\"2026-04-02T22:02:10+00:00\" \/>\n<meta name=\"author\" content=\"Telinha\" \/>\n<meta name=\"twitter:card\" content=\"summary_large_image\" \/>\n<meta name=\"twitter:label1\" content=\"Escrito por\" \/>\n\t<meta name=\"twitter:data1\" content=\"Telinha\" \/>\n\t<meta name=\"twitter:label2\" content=\"Tempo estimado de leitura\" \/>\n\t<meta name=\"twitter:data2\" content=\"1 minuto\" \/>\n<script type=\"application\/ld+json\" class=\"yoast-schema-graph\">{\"@context\":\"https:\/\/schema.org\",\"@graph\":[{\"@type\":\"Article\",\"@id\":\"https:\/\/portaltela.pt\/noticias\/2026\/04\/02\/tiger-woods-detido-na-florida-imagem-o-mostra-irreconhecivel\/#article\",\"isPartOf\":{\"@id\":\"https:\/\/portaltela.pt\/noticias\/2026\/04\/02\/tiger-woods-detido-na-florida-imagem-o-mostra-irreconhecivel\/\"},\"author\":{\"name\":\"Telinha\",\"@id\":\"https:\/\/portaltela.pt\/#\/schema\/person\/c4278d4a6028830caff9ee44b42d32ed\"},\"headline\":\"Tiger Woods detido na Fl\u00f3rida; imagem o mostra irreconhec\u00edvel\",\"datePublished\":\"2026-04-02T22:02:10+00:00\",\"mainEntityOfPage\":{\"@id\":\"https:\/\/portaltela.pt\/noticias\/2026\/04\/02\/tiger-woods-detido-na-florida-imagem-o-mostra-irreconhecivel\/\"},\"wordCount\":173,\"image\":{\"@id\":\"https:\/\/portaltela.pt\/noticias\/2026\/04\/02\/tiger-woods-detido-na-florida-imagem-o-mostra-irreconhecivel\/#primaryimage\"},\"thumbnailUrl\":\"https:\/\/portaltela.pt\/s.01k8rhncp4jt1\/2026\/04\/img_1200x721uu2026-04-02-22-57-39-2430822.jpg\",\"keywords\":[\"acidente\",\"condu\u00e7\u00e3o sob a influ\u00eancia de \u00e1lcool\",\"crime\",\"drogas\",\"Estados Unidos\",\"pessoas p\u00fablicas\"],\"articleSection\":[\"Celebridades\"],\"inLanguage\":\"pt-PT\"},{\"@type\":\"WebPage\",\"@id\":\"https:\/\/portaltela.pt\/noticias\/2026\/04\/02\/tiger-woods-detido-na-florida-imagem-o-mostra-irreconhecivel\/\",\"url\":\"https:\/\/portaltela.pt\/noticias\/2026\/04\/02\/tiger-woods-detido-na-florida-imagem-o-mostra-irreconhecivel\/\",\"name\":\"Tiger Woods detido na Fl\u00f3rida; imagem o mostra irreconhec\u00edvel - Portal Tela Portugal\",\"isPartOf\":{\"@id\":\"https:\/\/portaltela.pt\/#website\"},\"primaryImageOfPage\":{\"@id\":\"https:\/\/portaltela.pt\/noticias\/2026\/04\/02\/tiger-woods-detido-na-florida-imagem-o-mostra-irreconhecivel\/#primaryimage\"},\"image\":{\"@id\":\"https:\/\/portaltela.pt\/noticias\/2026\/04\/02\/tiger-woods-detido-na-florida-imagem-o-mostra-irreconhecivel\/#primaryimage\"},\"thumbnailUrl\":\"https:\/\/portaltela.pt\/s.01k8rhncp4jt1\/2026\/04\/img_1200x721uu2026-04-02-22-57-39-2430822.jpg\",\"datePublished\":\"2026-04-02T22:02:10+00:00\",\"author\":{\"@id\":\"https:\/\/portaltela.pt\/#\/schema\/person\/c4278d4a6028830caff9ee44b42d32ed\"},\"breadcrumb\":{\"@id\":\"https:\/\/portaltela.pt\/noticias\/2026\/04\/02\/tiger-woods-detido-na-florida-imagem-o-mostra-irreconhecivel\/#breadcrumb\"},\"inLanguage\":\"pt-PT\",\"potentialAction\":[{\"@type\":\"ReadAction\",\"target\":[\"https:\/\/portaltela.pt\/noticias\/2026\/04\/02\/tiger-woods-detido-na-florida-imagem-o-mostra-irreconhecivel\/\"]}]},{\"@type\":\"ImageObject\",\"inLanguage\":\"pt-PT\",\"@id\":\"https:\/\/portaltela.pt\/noticias\/2026\/04\/02\/tiger-woods-detido-na-florida-imagem-o-mostra-irreconhecivel\/#primaryimage\",\"url\":\"https:\/\/portaltela.pt\/s.01k8rhncp4jt1\/2026\/04\/img_1200x721uu2026-04-02-22-57-39-2430822.jpg\",\"contentUrl\":\"https:\/\/portaltela.pt\/s.01k8rhncp4jt1\/2026\/04\/img_1200x721uu2026-04-02-22-57-39-2430822.jpg\",\"width\":796,\"height\":448,\"caption\":\"Reveladas imagens da 'bodycams' dos agentes e tamb\u00e9m do interior do carro da pol\u00edcia\"},{\"@type\":\"BreadcrumbList\",\"@id\":\"https:\/\/portaltela.pt\/noticias\/2026\/04\/02\/tiger-woods-detido-na-florida-imagem-o-mostra-irreconhecivel\/#breadcrumb\",\"itemListElement\":[{\"@type\":\"ListItem\",\"position\":1,\"name\":\"In\u00edcio\",\"item\":\"https:\/\/portaltela.pt\/\"},{\"@type\":\"ListItem\",\"position\":2,\"name\":\"Tiger Woods detido na Fl\u00f3rida; imagem o mostra irreconhec\u00edvel\"}]},{\"@type\":\"WebSite\",\"@id\":\"https:\/\/portaltela.pt\/#website\",\"url\":\"https:\/\/portaltela.pt\/\",\"name\":\"Portal Tela Portugal\",\"description\":\"\",\"potentialAction\":[{\"@type\":\"SearchAction\",\"target\":{\"@type\":\"EntryPoint\",\"urlTemplate\":\"https:\/\/portaltela.pt\/?s={search_term_string}\"},\"query-input\":{\"@type\":\"PropertyValueSpecification\",\"valueRequired\":true,\"valueName\":\"search_term_string\"}}],\"inLanguage\":\"pt-PT\"},{\"@type\":\"Person\",\"@id\":\"https:\/\/portaltela.pt\/#\/schema\/person\/c4278d4a6028830caff9ee44b42d32ed\",\"name\":\"Telinha\",\"image\":{\"@type\":\"ImageObject\",\"inLanguage\":\"pt-PT\",\"@id\":\"https:\/\/portaltela.pt\/s.01k8rhncp4jt1\/2025\/11\/talking-bot-125x125.png\",\"url\":\"https:\/\/portaltela.pt\/s.01k8rhncp4jt1\/2025\/11\/talking-bot-125x125.png\",\"contentUrl\":\"https:\/\/portaltela.pt\/s.01k8rhncp4jt1\/2025\/11\/talking-bot-125x125.png\",\"caption\":\"Telinha\"},\"sameAs\":[\"https:\/\/portaltela.pt\/\"],\"url\":\"https:\/\/portaltela.pt\/por\/367410592786\/\"}]}<\/script>\n<!-- \/ Yoast SEO plugin. -->","yoast_head_json":{"title":"Tiger Woods detido na Fl\u00f3rida; imagem o mostra irreconhec\u00edvel - Portal Tela Portugal","robots":{"index":"index","follow":"follow","max-snippet":"max-snippet:-1","max-image-preview":"max-image-preview:large","max-video-preview":"max-video-preview:-1"},"og_locale":"pt_PT","og_type":"article","og_title":"Tiger Woods detido na Fl\u00f3rida; imagem o mostra irreconhec\u00edvel - Portal Tela Portugal","og_description":"O golfista Tiger Woods foi detido na Fl\u00f3rida por suspeita de condu\u00e7\u00e3o sob influ\u00eancia e posse de subst\u00e2ncias opi\u00f3ides, ap\u00f3s um acidente de via\u00e7\u00e3o. Nesta quinta-feira foram divulgadas imagens das bodycams dos agentes que o abordaram. O material divulgado inclui tamb\u00e9m imagens do interior do ve\u00edculo da pol\u00edcia para evidenciar o estado de Woods. As informa\u00e7\u00f5es n\u00e3o detalham desfechos oficiais nem consequ\u00eancias legais no momento. O conte\u00fado divulgado descreve o estado de Woods no momento da deten\u00e7\u00e3o como irreconhec\u00edvel.","og_url":"https:\/\/portaltela.pt\/noticias\/2026\/04\/02\/tiger-woods-detido-na-florida-imagem-o-mostra-irreconhecivel\/","og_site_name":"Portal Tela Portugal","article_published_time":"2026-04-02T22:02:10+00:00","author":"Telinha","twitter_card":"summary_large_image","twitter_misc":{"Escrito por":"Telinha","Tempo estimado de leitura":"1 minuto"},"schema":{"@context":"https:\/\/schema.org","@graph":[{"@type":"Article","@id":"https:\/\/portaltela.pt\/noticias\/2026\/04\/02\/tiger-woods-detido-na-florida-imagem-o-mostra-irreconhecivel\/#article","isPartOf":{"@id":"https:\/\/portaltela.pt\/noticias\/2026\/04\/02\/tiger-woods-detido-na-florida-imagem-o-mostra-irreconhecivel\/"},"author":{"name":"Telinha","@id":"https:\/\/portaltela.pt\/#\/schema\/person\/c4278d4a6028830caff9ee44b42d32ed"},"headline":"Tiger Woods detido na Fl\u00f3rida; imagem o mostra irreconhec\u00edvel","datePublished":"2026-04-02T22:02:10+00:00","mainEntityOfPage":{"@id":"https:\/\/portaltela.pt\/noticias\/2026\/04\/02\/tiger-woods-detido-na-florida-imagem-o-mostra-irreconhecivel\/"},"wordCount":173,"image":{"@id":"https:\/\/portaltela.pt\/noticias\/2026\/04\/02\/tiger-woods-detido-na-florida-imagem-o-mostra-irreconhecivel\/#primaryimage"},"thumbnailUrl":"https:\/\/portaltela.pt\/s.01k8rhncp4jt1\/2026\/04\/img_1200x721uu2026-04-02-22-57-39-2430822.jpg","keywords":["acidente","condu\u00e7\u00e3o sob a influ\u00eancia de \u00e1lcool","crime","drogas","Estados Unidos","pessoas p\u00fablicas"],"articleSection":["Celebridades"],"inLanguage":"pt-PT"},{"@type":"WebPage","@id":"https:\/\/portaltela.pt\/noticias\/2026\/04\/02\/tiger-woods-detido-na-florida-imagem-o-mostra-irreconhecivel\/","url":"https:\/\/portaltela.pt\/noticias\/2026\/04\/02\/tiger-woods-detido-na-florida-imagem-o-mostra-irreconhecivel\/","name":"Tiger Woods detido na Fl\u00f3rida; imagem o mostra irreconhec\u00edvel - Portal Tela Portugal","isPartOf":{"@id":"https:\/\/portaltela.pt\/#website"},"primaryImageOfPage":{"@id":"https:\/\/portaltela.pt\/noticias\/2026\/04\/02\/tiger-woods-detido-na-florida-imagem-o-mostra-irreconhecivel\/#primaryimage"},"image":{"@id":"https:\/\/portaltela.pt\/noticias\/2026\/04\/02\/tiger-woods-detido-na-florida-imagem-o-mostra-irreconhecivel\/#primaryimage"},"thumbnailUrl":"https:\/\/portaltela.pt\/s.01k8rhncp4jt1\/2026\/04\/img_1200x721uu2026-04-02-22-57-39-2430822.jpg","datePublished":"2026-04-02T22:02:10+00:00","author":{"@id":"https:\/\/portaltela.pt\/#\/schema\/person\/c4278d4a6028830caff9ee44b42d32ed"},"breadcrumb":{"@id":"https:\/\/portaltela.pt\/noticias\/2026\/04\/02\/tiger-woods-detido-na-florida-imagem-o-mostra-irreconhecivel\/#breadcrumb"},"inLanguage":"pt-PT","potentialAction":[{"@type":"ReadAction","target":["https:\/\/portaltela.pt\/noticias\/2026\/04\/02\/tiger-woods-detido-na-florida-imagem-o-mostra-irreconhecivel\/"]}]},{"@type":"ImageObject","inLanguage":"pt-PT","@id":"https:\/\/portaltela.pt\/noticias\/2026\/04\/02\/tiger-woods-detido-na-florida-imagem-o-mostra-irreconhecivel\/#primaryimage","url":"https:\/\/portaltela.pt\/s.01k8rhncp4jt1\/2026\/04\/img_1200x721uu2026-04-02-22-57-39-2430822.jpg","contentUrl":"https:\/\/portaltela.pt\/s.01k8rhncp4jt1\/2026\/04\/img_1200x721uu2026-04-02-22-57-39-2430822.jpg","width":796,"height":448,"caption":"Reveladas imagens da 'bodycams' dos agentes e tamb\u00e9m do interior do carro da pol\u00edcia"},{"@type":"BreadcrumbList","@id":"https:\/\/portaltela.pt\/noticias\/2026\/04\/02\/tiger-woods-detido-na-florida-imagem-o-mostra-irreconhecivel\/#breadcrumb","itemListElement":[{"@type":"ListItem","position":1,"name":"In\u00edcio","item":"https:\/\/portaltela.pt\/"},{"@type":"ListItem","position":2,"name":"Tiger Woods detido na Fl\u00f3rida; imagem o mostra irreconhec\u00edvel"}]},{"@type":"WebSite","@id":"https:\/\/portaltela.pt\/#website","url":"https:\/\/portaltela.pt\/","name":"Portal Tela Portugal","description":"","potentialAction":[{"@type":"SearchAction","target":{"@type":"EntryPoint","urlTemplate":"https:\/\/portaltela.pt\/?s={search_term_string}"},"query-input":{"@type":"PropertyValueSpecification","valueRequired":true,"valueName":"search_term_string"}}],"inLanguage":"pt-PT"},{"@type":"Person","@id":"https:\/\/portaltela.pt\/#\/schema\/person\/c4278d4a6028830caff9ee44b42d32ed","name":"Telinha","image":{"@type":"ImageObject","inLanguage":"pt-PT","@id":"https:\/\/portaltela.pt\/s.01k8rhncp4jt1\/2025\/11\/talking-bot-125x125.png","url":"https:\/\/portaltela.pt\/s.01k8rhncp4jt1\/2025\/11\/talking-bot-125x125.png","contentUrl":"https:\/\/portaltela.pt\/s.01k8rhncp4jt1\/2025\/11\/talking-bot-125x125.png","caption":"Telinha"},"sameAs":["https:\/\/portaltela.pt\/"],"url":"https:\/\/portaltela.pt\/por\/367410592786\/"}]}},"_links":{"self":[{"href":"https:\/\/portaltela.pt\/api\/wp\/v2\/posts\/431069","targetHints":{"allow":["GET"]}}],"collection":[{"href":"https:\/\/portaltela.pt\/api\/wp\/v2\/posts"}],"about":[{"href":"https:\/\/portaltela.pt\/api\/wp\/v2\/types\/post"}],"author":[{"embeddable":true,"href":"https:\/\/portaltela.pt\/api\/wp\/v2\/users\/2"}],"replies":[{"embeddable":true,"href":"https:\/\/portaltela.pt\/api\/wp\/v2\/comments?post=431069"}],"version-history":[{"count":0,"href":"https:\/\/portaltela.pt\/api\/wp\/v2\/posts\/431069\/revisions"}],"wp:featuredmedia":[{"embeddable":true,"href":"https:\/\/portaltela.pt\/api\/wp\/v2\/media\/431074"}],"wp:attachment":[{"href":"https:\/\/portaltela.pt\/api\/wp\/v2\/media?parent=431069"}],"wp:term":[{"taxonomy":"category","embeddable":true,"href":"https:\/\/portaltela.pt\/api\/wp\/v2\/categories?post=431069"},{"taxonomy":"post_tag","embeddable":true,"href":"https:\/\/portaltela.pt\/api\/wp\/v2\/tags?post=431069"}],"curies":[{"name":"wp","href":"https:\/\/api.w.org\/{rel}","templated":true}]}}