{"id":431050,"date":"2026-04-02T15:25:00","date_gmt":"2026-04-02T18:25:00","guid":{"rendered":"https:\/\/portaltela.pt\/noticias\/2026\/04\/02\/ps-mantem-esperanca-num-acordo-para-nomes-do-tribunal-constitucional\/"},"modified":"2026-04-02T15:25:00","modified_gmt":"2026-04-02T18:25:00","slug":"ps-mantem-esperanca-num-acordo-para-nomes-do-tribunal-constitucional","status":"publish","type":"post","link":"https:\/\/portaltela.pt\/justica\/2026\/04\/02\/ps-mantem-esperanca-num-acordo-para-nomes-do-tribunal-constitucional\/","title":{"rendered":"PS mant\u00e9m esperan\u00e7a num acordo para nomes do Tribunal Constitucional"},"content":{"rendered":"<p>O PS revelou manter-se confiante de que haver\u00e1 acordo sobre as nomea\u00e7\u00f5es para o Tribunal Constitucional, ap\u00f3s negocia\u00e7\u00f5es entre as for\u00e7as pol\u00edticas em curso.<\/p>\n<p>Dirigentes socialistas indicam que as negocia\u00e7\u00f5es continuam, sem adiantar nomes ou calend\u00e1rio, mantendo o foco na completude do grupo de juristas.<\/p>\n<p>O objetivo \u00e9 preencher as vagas no TC com nomes que garantam equil\u00edbrio e respeito pelo regime democr\u00e1tico.<\/p>\n","protected":false},"excerpt":{"rendered":"<ul>\n<li>O Partido Socialista continua esperan\u00e7ado em acordo sobre as nomea\u00e7\u00f5es para o Tribunal Constitucional.<\/li>\n<li>O conte\u00fado completo est\u00e1 dispon\u00edvel apenas para subscritores.<\/li>\n<li>No trecho dispon\u00edvel, n\u00e3o s\u00e3o divulgados nomes nem prazos.<\/li>\n<li>A refer\u00eancia indica otimismo de que se alcance consenso entre as partes envolvidas.<\/li>\n<\/ul>\n","protected":false},"author":2,"featured_media":431051,"comment_status":"closed","ping_status":"closed","sticky":false,"template":"","format":"standard","meta":{"footnotes":""},"categories":[6815],"tags":[3254,4057,4523,2832,2144],"class_list":["post-431050","post","type-post","status-publish","format-standard","has-post-thumbnail","hentry","category-justica","tag-constitucionalistas","tag-constituicao","tag-nomeacoes","tag-politica","tag-ps"],"yoast_head":"<!-- This site is optimized with the Yoast SEO plugin v27.2 - https:\/\/yoast.com\/product\/yoast-seo-wordpress\/ -->\n<title>PS mant\u00e9m esperan\u00e7a num acordo para nomes do Tribunal Constitucional - Portal Tela Portugal<\/title>\n<meta name=\"robots\" content=\"index, follow, max-snippet:-1, max-image-preview:large, max-video-preview:-1\" \/>\n<meta property=\"og:locale\" content=\"pt_PT\" \/>\n<meta property=\"og:type\" content=\"article\" \/>\n<meta property=\"og:title\" content=\"PS mant\u00e9m esperan\u00e7a num acordo para nomes do Tribunal Constitucional - Portal Tela Portugal\" \/>\n<meta property=\"og:description\" content=\"O Partido Socialista continua esperan\u00e7ado em acordo sobre as nomea\u00e7\u00f5es para o Tribunal Constitucional. O conte\u00fado completo est\u00e1 dispon\u00edvel apenas para subscritores. No trecho dispon\u00edvel, n\u00e3o s\u00e3o divulgados nomes nem prazos. A refer\u00eancia indica otimismo de que se alcance consenso entre as partes envolvidas.\" \/>\n<meta property=\"og:url\" content=\"https:\/\/portaltela.pt\/noticias\/2026\/04\/02\/ps-mantem-esperanca-num-acordo-para-nomes-do-tribunal-constitucional\/\" \/>\n<meta property=\"og:site_name\" content=\"Portal Tela Portugal\" \/>\n<meta property=\"article:published_time\" content=\"2026-04-02T18:25:00+00:00\" \/>\n<meta name=\"author\" content=\"Telinha\" \/>\n<meta name=\"twitter:card\" content=\"summary_large_image\" \/>\n<meta name=\"twitter:label1\" content=\"Escrito por\" \/>\n\t<meta name=\"twitter:data1\" content=\"Telinha\" \/>\n<script type=\"application\/ld+json\" class=\"yoast-schema-graph\">{\"@context\":\"https:\/\/schema.org\",\"@graph\":[{\"@type\":\"Article\",\"@id\":\"https:\/\/portaltela.pt\/noticias\/2026\/04\/02\/ps-mantem-esperanca-num-acordo-para-nomes-do-tribunal-constitucional\/#article\",\"isPartOf\":{\"@id\":\"https:\/\/portaltela.pt\/noticias\/2026\/04\/02\/ps-mantem-esperanca-num-acordo-para-nomes-do-tribunal-constitucional\/\"},\"author\":{\"name\":\"Telinha\",\"@id\":\"https:\/\/portaltela.pt\/#\/schema\/person\/c4278d4a6028830caff9ee44b42d32ed\"},\"headline\":\"PS mant\u00e9m esperan\u00e7a num acordo para nomes do Tribunal Constitucional\",\"datePublished\":\"2026-04-02T18:25:00+00:00\",\"mainEntityOfPage\":{\"@id\":\"https:\/\/portaltela.pt\/noticias\/2026\/04\/02\/ps-mantem-esperanca-num-acordo-para-nomes-do-tribunal-constitucional\/\"},\"wordCount\":83,\"image\":{\"@id\":\"https:\/\/portaltela.pt\/noticias\/2026\/04\/02\/ps-mantem-esperanca-num-acordo-para-nomes-do-tribunal-constitucional\/#primaryimage\"},\"thumbnailUrl\":\"https:\/\/portaltela.pt\/s.01k8rhncp4jt1\/2026\/04\/CACHE_780X1200_ANALOG_WATERMARKED_45883811_3419621_20102025063600.jpg\",\"keywords\":[\"Constitucionalistas\",\"constitui\u00e7\u00e3o\",\"nomea\u00e7\u00f5es\",\"pol\u00edtica\",\"PS\"],\"articleSection\":[\"Justi\u00e7a\"],\"inLanguage\":\"pt-PT\"},{\"@type\":\"WebPage\",\"@id\":\"https:\/\/portaltela.pt\/noticias\/2026\/04\/02\/ps-mantem-esperanca-num-acordo-para-nomes-do-tribunal-constitucional\/\",\"url\":\"https:\/\/portaltela.pt\/noticias\/2026\/04\/02\/ps-mantem-esperanca-num-acordo-para-nomes-do-tribunal-constitucional\/\",\"name\":\"PS mant\u00e9m esperan\u00e7a num acordo para nomes do Tribunal Constitucional - Portal Tela Portugal\",\"isPartOf\":{\"@id\":\"https:\/\/portaltela.pt\/#website\"},\"primaryImageOfPage\":{\"@id\":\"https:\/\/portaltela.pt\/noticias\/2026\/04\/02\/ps-mantem-esperanca-num-acordo-para-nomes-do-tribunal-constitucional\/#primaryimage\"},\"image\":{\"@id\":\"https:\/\/portaltela.pt\/noticias\/2026\/04\/02\/ps-mantem-esperanca-num-acordo-para-nomes-do-tribunal-constitucional\/#primaryimage\"},\"thumbnailUrl\":\"https:\/\/portaltela.pt\/s.01k8rhncp4jt1\/2026\/04\/CACHE_780X1200_ANALOG_WATERMARKED_45883811_3419621_20102025063600.jpg\",\"datePublished\":\"2026-04-02T18:25:00+00:00\",\"author\":{\"@id\":\"https:\/\/portaltela.pt\/#\/schema\/person\/c4278d4a6028830caff9ee44b42d32ed\"},\"breadcrumb\":{\"@id\":\"https:\/\/portaltela.pt\/noticias\/2026\/04\/02\/ps-mantem-esperanca-num-acordo-para-nomes-do-tribunal-constitucional\/#breadcrumb\"},\"inLanguage\":\"pt-PT\",\"potentialAction\":[{\"@type\":\"ReadAction\",\"target\":[\"https:\/\/portaltela.pt\/noticias\/2026\/04\/02\/ps-mantem-esperanca-num-acordo-para-nomes-do-tribunal-constitucional\/\"]}]},{\"@type\":\"ImageObject\",\"inLanguage\":\"pt-PT\",\"@id\":\"https:\/\/portaltela.pt\/noticias\/2026\/04\/02\/ps-mantem-esperanca-num-acordo-para-nomes-do-tribunal-constitucional\/#primaryimage\",\"url\":\"https:\/\/portaltela.pt\/s.01k8rhncp4jt1\/2026\/04\/CACHE_780X1200_ANALOG_WATERMARKED_45883811_3419621_20102025063600.jpg\",\"contentUrl\":\"https:\/\/portaltela.pt\/s.01k8rhncp4jt1\/2026\/04\/CACHE_780X1200_ANALOG_WATERMARKED_45883811_3419621_20102025063600.jpg\",\"width\":768,\"height\":512,\"caption\":\"Photo\"},{\"@type\":\"BreadcrumbList\",\"@id\":\"https:\/\/portaltela.pt\/noticias\/2026\/04\/02\/ps-mantem-esperanca-num-acordo-para-nomes-do-tribunal-constitucional\/#breadcrumb\",\"itemListElement\":[{\"@type\":\"ListItem\",\"position\":1,\"name\":\"In\u00edcio\",\"item\":\"https:\/\/portaltela.pt\/\"},{\"@type\":\"ListItem\",\"position\":2,\"name\":\"PS mant\u00e9m esperan\u00e7a num acordo para nomes do Tribunal Constitucional\"}]},{\"@type\":\"WebSite\",\"@id\":\"https:\/\/portaltela.pt\/#website\",\"url\":\"https:\/\/portaltela.pt\/\",\"name\":\"Portal Tela Portugal\",\"description\":\"\",\"potentialAction\":[{\"@type\":\"SearchAction\",\"target\":{\"@type\":\"EntryPoint\",\"urlTemplate\":\"https:\/\/portaltela.pt\/?s={search_term_string}\"},\"query-input\":{\"@type\":\"PropertyValueSpecification\",\"valueRequired\":true,\"valueName\":\"search_term_string\"}}],\"inLanguage\":\"pt-PT\"},{\"@type\":\"Person\",\"@id\":\"https:\/\/portaltela.pt\/#\/schema\/person\/c4278d4a6028830caff9ee44b42d32ed\",\"name\":\"Telinha\",\"image\":{\"@type\":\"ImageObject\",\"inLanguage\":\"pt-PT\",\"@id\":\"https:\/\/portaltela.pt\/s.01k8rhncp4jt1\/2025\/11\/talking-bot-125x125.png\",\"url\":\"https:\/\/portaltela.pt\/s.01k8rhncp4jt1\/2025\/11\/talking-bot-125x125.png\",\"contentUrl\":\"https:\/\/portaltela.pt\/s.01k8rhncp4jt1\/2025\/11\/talking-bot-125x125.png\",\"caption\":\"Telinha\"},\"sameAs\":[\"https:\/\/portaltela.pt\/\"],\"url\":\"https:\/\/portaltela.pt\/por\/367410592786\/\"}]}<\/script>\n<!-- \/ Yoast SEO plugin. -->","yoast_head_json":{"title":"PS mant\u00e9m esperan\u00e7a num acordo para nomes do Tribunal Constitucional - Portal Tela Portugal","robots":{"index":"index","follow":"follow","max-snippet":"max-snippet:-1","max-image-preview":"max-image-preview:large","max-video-preview":"max-video-preview:-1"},"og_locale":"pt_PT","og_type":"article","og_title":"PS mant\u00e9m esperan\u00e7a num acordo para nomes do Tribunal Constitucional - Portal Tela Portugal","og_description":"O Partido Socialista continua esperan\u00e7ado em acordo sobre as nomea\u00e7\u00f5es para o Tribunal Constitucional. O conte\u00fado completo est\u00e1 dispon\u00edvel apenas para subscritores. No trecho dispon\u00edvel, n\u00e3o s\u00e3o divulgados nomes nem prazos. A refer\u00eancia indica otimismo de que se alcance consenso entre as partes envolvidas.","og_url":"https:\/\/portaltela.pt\/noticias\/2026\/04\/02\/ps-mantem-esperanca-num-acordo-para-nomes-do-tribunal-constitucional\/","og_site_name":"Portal Tela Portugal","article_published_time":"2026-04-02T18:25:00+00:00","author":"Telinha","twitter_card":"summary_large_image","twitter_misc":{"Escrito por":"Telinha"},"schema":{"@context":"https:\/\/schema.org","@graph":[{"@type":"Article","@id":"https:\/\/portaltela.pt\/noticias\/2026\/04\/02\/ps-mantem-esperanca-num-acordo-para-nomes-do-tribunal-constitucional\/#article","isPartOf":{"@id":"https:\/\/portaltela.pt\/noticias\/2026\/04\/02\/ps-mantem-esperanca-num-acordo-para-nomes-do-tribunal-constitucional\/"},"author":{"name":"Telinha","@id":"https:\/\/portaltela.pt\/#\/schema\/person\/c4278d4a6028830caff9ee44b42d32ed"},"headline":"PS mant\u00e9m esperan\u00e7a num acordo para nomes do Tribunal Constitucional","datePublished":"2026-04-02T18:25:00+00:00","mainEntityOfPage":{"@id":"https:\/\/portaltela.pt\/noticias\/2026\/04\/02\/ps-mantem-esperanca-num-acordo-para-nomes-do-tribunal-constitucional\/"},"wordCount":83,"image":{"@id":"https:\/\/portaltela.pt\/noticias\/2026\/04\/02\/ps-mantem-esperanca-num-acordo-para-nomes-do-tribunal-constitucional\/#primaryimage"},"thumbnailUrl":"https:\/\/portaltela.pt\/s.01k8rhncp4jt1\/2026\/04\/CACHE_780X1200_ANALOG_WATERMARKED_45883811_3419621_20102025063600.jpg","keywords":["Constitucionalistas","constitui\u00e7\u00e3o","nomea\u00e7\u00f5es","pol\u00edtica","PS"],"articleSection":["Justi\u00e7a"],"inLanguage":"pt-PT"},{"@type":"WebPage","@id":"https:\/\/portaltela.pt\/noticias\/2026\/04\/02\/ps-mantem-esperanca-num-acordo-para-nomes-do-tribunal-constitucional\/","url":"https:\/\/portaltela.pt\/noticias\/2026\/04\/02\/ps-mantem-esperanca-num-acordo-para-nomes-do-tribunal-constitucional\/","name":"PS mant\u00e9m esperan\u00e7a num acordo para nomes do Tribunal Constitucional - Portal Tela Portugal","isPartOf":{"@id":"https:\/\/portaltela.pt\/#website"},"primaryImageOfPage":{"@id":"https:\/\/portaltela.pt\/noticias\/2026\/04\/02\/ps-mantem-esperanca-num-acordo-para-nomes-do-tribunal-constitucional\/#primaryimage"},"image":{"@id":"https:\/\/portaltela.pt\/noticias\/2026\/04\/02\/ps-mantem-esperanca-num-acordo-para-nomes-do-tribunal-constitucional\/#primaryimage"},"thumbnailUrl":"https:\/\/portaltela.pt\/s.01k8rhncp4jt1\/2026\/04\/CACHE_780X1200_ANALOG_WATERMARKED_45883811_3419621_20102025063600.jpg","datePublished":"2026-04-02T18:25:00+00:00","author":{"@id":"https:\/\/portaltela.pt\/#\/schema\/person\/c4278d4a6028830caff9ee44b42d32ed"},"breadcrumb":{"@id":"https:\/\/portaltela.pt\/noticias\/2026\/04\/02\/ps-mantem-esperanca-num-acordo-para-nomes-do-tribunal-constitucional\/#breadcrumb"},"inLanguage":"pt-PT","potentialAction":[{"@type":"ReadAction","target":["https:\/\/portaltela.pt\/noticias\/2026\/04\/02\/ps-mantem-esperanca-num-acordo-para-nomes-do-tribunal-constitucional\/"]}]},{"@type":"ImageObject","inLanguage":"pt-PT","@id":"https:\/\/portaltela.pt\/noticias\/2026\/04\/02\/ps-mantem-esperanca-num-acordo-para-nomes-do-tribunal-constitucional\/#primaryimage","url":"https:\/\/portaltela.pt\/s.01k8rhncp4jt1\/2026\/04\/CACHE_780X1200_ANALOG_WATERMARKED_45883811_3419621_20102025063600.jpg","contentUrl":"https:\/\/portaltela.pt\/s.01k8rhncp4jt1\/2026\/04\/CACHE_780X1200_ANALOG_WATERMARKED_45883811_3419621_20102025063600.jpg","width":768,"height":512,"caption":"Photo"},{"@type":"BreadcrumbList","@id":"https:\/\/portaltela.pt\/noticias\/2026\/04\/02\/ps-mantem-esperanca-num-acordo-para-nomes-do-tribunal-constitucional\/#breadcrumb","itemListElement":[{"@type":"ListItem","position":1,"name":"In\u00edcio","item":"https:\/\/portaltela.pt\/"},{"@type":"ListItem","position":2,"name":"PS mant\u00e9m esperan\u00e7a num acordo para nomes do Tribunal Constitucional"}]},{"@type":"WebSite","@id":"https:\/\/portaltela.pt\/#website","url":"https:\/\/portaltela.pt\/","name":"Portal Tela Portugal","description":"","potentialAction":[{"@type":"SearchAction","target":{"@type":"EntryPoint","urlTemplate":"https:\/\/portaltela.pt\/?s={search_term_string}"},"query-input":{"@type":"PropertyValueSpecification","valueRequired":true,"valueName":"search_term_string"}}],"inLanguage":"pt-PT"},{"@type":"Person","@id":"https:\/\/portaltela.pt\/#\/schema\/person\/c4278d4a6028830caff9ee44b42d32ed","name":"Telinha","image":{"@type":"ImageObject","inLanguage":"pt-PT","@id":"https:\/\/portaltela.pt\/s.01k8rhncp4jt1\/2025\/11\/talking-bot-125x125.png","url":"https:\/\/portaltela.pt\/s.01k8rhncp4jt1\/2025\/11\/talking-bot-125x125.png","contentUrl":"https:\/\/portaltela.pt\/s.01k8rhncp4jt1\/2025\/11\/talking-bot-125x125.png","caption":"Telinha"},"sameAs":["https:\/\/portaltela.pt\/"],"url":"https:\/\/portaltela.pt\/por\/367410592786\/"}]}},"_links":{"self":[{"href":"https:\/\/portaltela.pt\/api\/wp\/v2\/posts\/431050","targetHints":{"allow":["GET"]}}],"collection":[{"href":"https:\/\/portaltela.pt\/api\/wp\/v2\/posts"}],"about":[{"href":"https:\/\/portaltela.pt\/api\/wp\/v2\/types\/post"}],"author":[{"embeddable":true,"href":"https:\/\/portaltela.pt\/api\/wp\/v2\/users\/2"}],"replies":[{"embeddable":true,"href":"https:\/\/portaltela.pt\/api\/wp\/v2\/comments?post=431050"}],"version-history":[{"count":0,"href":"https:\/\/portaltela.pt\/api\/wp\/v2\/posts\/431050\/revisions"}],"wp:featuredmedia":[{"embeddable":true,"href":"https:\/\/portaltela.pt\/api\/wp\/v2\/media\/431051"}],"wp:attachment":[{"href":"https:\/\/portaltela.pt\/api\/wp\/v2\/media?parent=431050"}],"wp:term":[{"taxonomy":"category","embeddable":true,"href":"https:\/\/portaltela.pt\/api\/wp\/v2\/categories?post=431050"},{"taxonomy":"post_tag","embeddable":true,"href":"https:\/\/portaltela.pt\/api\/wp\/v2\/tags?post=431050"}],"curies":[{"name":"wp","href":"https:\/\/api.w.org\/{rel}","templated":true}]}}