{"id":430979,"date":"2026-04-02T08:49:00","date_gmt":"2026-04-02T11:49:00","guid":{"rendered":"https:\/\/portaltela.pt\/noticias\/2026\/04\/02\/presidente-diz-que-incumprimento-da-constituicao-frustra-portugueses\/"},"modified":"2026-04-02T08:49:00","modified_gmt":"2026-04-02T11:49:00","slug":"presidente-diz-que-incumprimento-da-constituicao-frustra-portugueses","status":"publish","type":"post","link":"https:\/\/portaltela.pt\/noticias\/politica\/2026\/04\/02\/presidente-diz-que-incumprimento-da-constituicao-frustra-portugueses\/","title":{"rendered":"Presidente diz que incumprimento da Constitui\u00e7\u00e3o frustra portugueses"},"content":{"rendered":"<p>O Presidente da Rep\u00fablica afirmou que \u00e9 o incumprimento do texto constitucional que provoca frustra\u00e7\u00e3o entre os portugueses, numa altura em que se celebra o 50\u00ba anivers\u00e1rio da Constitui\u00e7\u00e3o. A mensagem foi transmitida durante cerim\u00f3nias associadas \u00e0 efem\u00e9ride.<\/p>\n<p>Segundo a an\u00e1lise do chefe de Estado, a verdadeira responsabilidade n\u00e3o recai sobre o texto, mas sobre a forma como \u00e9 aplicado ou cumprido na pr\u00e1tica. A declara\u00e7\u00e3o enquadra-se no tom de reflex\u00e3o que marca as comemora\u00e7\u00f5es dos 50 anos da Constitui\u00e7\u00e3o.<\/p>\n<p>A posi\u00e7\u00e3o foi partilhada como parte de um balan\u00e7o sobre o estado da democracia, ap\u00f3s cinco d\u00e9cadas de vig\u00eancia do documento constitucional. O Presidente refor\u00e7ou a necessidade de assegurar o respeito pelo texto e a confian\u00e7a dos cidad\u00e3os no funcionamento institucional.<\/p>\n<p>Para j\u00e1, n\u00e3o foram anunciadas medidas espec\u00edficas, limitando-se a reiterar a import\u00e2ncia de cumprir o conte\u00fado constitucional. O discurso aconteceu no contexto de celebra\u00e7\u00f5es oficiais ligadas \u00e0 data emblem\u00e1tica. Fonte: ag\u00eancia Lusa.<\/p>\n","protected":false},"excerpt":{"rendered":"<ul>\n<li>O Presidente da Rep\u00fablica disse que \u00e9 o incumprimento do texto da Constitui\u00e7\u00e3o que traz frustra\u00e7\u00e3o aos portugueses.<\/li>\n<li>A declara\u00e7\u00e3o ocorre no \u00e2mbito das comemora\u00e7\u00f5es dos 50 anos da Constitui\u00e7\u00e3o.<\/li>\n<li>O conte\u00fado completo da not\u00edcia est\u00e1 dispon\u00edvel apenas para subscritores.<\/li>\n<li>N\u00e3o foram divulgado detalhes adicionais no texto fornecido.<\/li>\n<\/ul>\n","protected":false},"author":2,"featured_media":430980,"comment_status":"closed","ping_status":"closed","sticky":false,"template":"","format":"standard","meta":{"footnotes":""},"categories":[1,5],"tags":[370,4057,2795,2685,34,2832],"class_list":["post-430979","post","type-post","status-publish","format-standard","has-post-thumbnail","hentry","category-noticias","category-politica","tag-cidadania","tag-constituicao","tag-democracia","tag-estado-social","tag-governo","tag-politica"],"yoast_head":"<!-- This site is optimized with the Yoast SEO plugin v27.2 - https:\/\/yoast.com\/product\/yoast-seo-wordpress\/ -->\n<title>Presidente diz que incumprimento da Constitui\u00e7\u00e3o frustra portugueses - Portal Tela Portugal<\/title>\n<meta name=\"robots\" content=\"index, follow, max-snippet:-1, max-image-preview:large, max-video-preview:-1\" \/>\n<meta property=\"og:locale\" content=\"pt_PT\" \/>\n<meta property=\"og:type\" content=\"article\" \/>\n<meta property=\"og:title\" content=\"Presidente diz que incumprimento da Constitui\u00e7\u00e3o frustra portugueses - Portal Tela Portugal\" \/>\n<meta property=\"og:description\" content=\"O Presidente da Rep\u00fablica disse que \u00e9 o incumprimento do texto da Constitui\u00e7\u00e3o que traz frustra\u00e7\u00e3o aos portugueses. A declara\u00e7\u00e3o ocorre no \u00e2mbito das comemora\u00e7\u00f5es dos 50 anos da Constitui\u00e7\u00e3o. O conte\u00fado completo da not\u00edcia est\u00e1 dispon\u00edvel apenas para subscritores. N\u00e3o foram divulgado detalhes adicionais no texto fornecido.\" \/>\n<meta property=\"og:url\" content=\"https:\/\/portaltela.pt\/noticias\/2026\/04\/02\/presidente-diz-que-incumprimento-da-constituicao-frustra-portugueses\/\" \/>\n<meta property=\"og:site_name\" content=\"Portal Tela Portugal\" \/>\n<meta property=\"article:published_time\" content=\"2026-04-02T11:49:00+00:00\" \/>\n<meta name=\"author\" content=\"Telinha\" \/>\n<meta name=\"twitter:card\" content=\"summary_large_image\" \/>\n<meta name=\"twitter:label1\" content=\"Escrito por\" \/>\n\t<meta name=\"twitter:data1\" content=\"Telinha\" \/>\n\t<meta name=\"twitter:label2\" content=\"Tempo estimado de leitura\" \/>\n\t<meta name=\"twitter:data2\" content=\"1 minuto\" \/>\n<script type=\"application\/ld+json\" class=\"yoast-schema-graph\">{\"@context\":\"https:\/\/schema.org\",\"@graph\":[{\"@type\":\"Article\",\"@id\":\"https:\/\/portaltela.pt\/noticias\/2026\/04\/02\/presidente-diz-que-incumprimento-da-constituicao-frustra-portugueses\/#article\",\"isPartOf\":{\"@id\":\"https:\/\/portaltela.pt\/noticias\/2026\/04\/02\/presidente-diz-que-incumprimento-da-constituicao-frustra-portugueses\/\"},\"author\":{\"name\":\"Telinha\",\"@id\":\"https:\/\/portaltela.pt\/#\/schema\/person\/c4278d4a6028830caff9ee44b42d32ed\"},\"headline\":\"Presidente diz que incumprimento da Constitui\u00e7\u00e3o frustra portugueses\",\"datePublished\":\"2026-04-02T11:49:00+00:00\",\"mainEntityOfPage\":{\"@id\":\"https:\/\/portaltela.pt\/noticias\/2026\/04\/02\/presidente-diz-que-incumprimento-da-constituicao-frustra-portugueses\/\"},\"wordCount\":184,\"image\":{\"@id\":\"https:\/\/portaltela.pt\/noticias\/2026\/04\/02\/presidente-diz-que-incumprimento-da-constituicao-frustra-portugueses\/#primaryimage\"},\"thumbnailUrl\":\"https:\/\/portaltela.pt\/s.01k8rhncp4jt1\/2026\/04\/CACHE_780X1200_ANALOG_WATERMARKED_46867322_4807181_02042026120517.jpg\",\"keywords\":[\"cidadania\",\"constitui\u00e7\u00e3o\",\"democracia\",\"Estado Social\",\"governo\",\"pol\u00edtica\"],\"articleSection\":[\"Not\u00edcias\",\"Pol\u00edtica\"],\"inLanguage\":\"pt-PT\"},{\"@type\":\"WebPage\",\"@id\":\"https:\/\/portaltela.pt\/noticias\/2026\/04\/02\/presidente-diz-que-incumprimento-da-constituicao-frustra-portugueses\/\",\"url\":\"https:\/\/portaltela.pt\/noticias\/2026\/04\/02\/presidente-diz-que-incumprimento-da-constituicao-frustra-portugueses\/\",\"name\":\"Presidente diz que incumprimento da Constitui\u00e7\u00e3o frustra portugueses - Portal Tela Portugal\",\"isPartOf\":{\"@id\":\"https:\/\/portaltela.pt\/#website\"},\"primaryImageOfPage\":{\"@id\":\"https:\/\/portaltela.pt\/noticias\/2026\/04\/02\/presidente-diz-que-incumprimento-da-constituicao-frustra-portugueses\/#primaryimage\"},\"image\":{\"@id\":\"https:\/\/portaltela.pt\/noticias\/2026\/04\/02\/presidente-diz-que-incumprimento-da-constituicao-frustra-portugueses\/#primaryimage\"},\"thumbnailUrl\":\"https:\/\/portaltela.pt\/s.01k8rhncp4jt1\/2026\/04\/CACHE_780X1200_ANALOG_WATERMARKED_46867322_4807181_02042026120517.jpg\",\"datePublished\":\"2026-04-02T11:49:00+00:00\",\"author\":{\"@id\":\"https:\/\/portaltela.pt\/#\/schema\/person\/c4278d4a6028830caff9ee44b42d32ed\"},\"breadcrumb\":{\"@id\":\"https:\/\/portaltela.pt\/noticias\/2026\/04\/02\/presidente-diz-que-incumprimento-da-constituicao-frustra-portugueses\/#breadcrumb\"},\"inLanguage\":\"pt-PT\",\"potentialAction\":[{\"@type\":\"ReadAction\",\"target\":[\"https:\/\/portaltela.pt\/noticias\/2026\/04\/02\/presidente-diz-que-incumprimento-da-constituicao-frustra-portugueses\/\"]}]},{\"@type\":\"ImageObject\",\"inLanguage\":\"pt-PT\",\"@id\":\"https:\/\/portaltela.pt\/noticias\/2026\/04\/02\/presidente-diz-que-incumprimento-da-constituicao-frustra-portugueses\/#primaryimage\",\"url\":\"https:\/\/portaltela.pt\/s.01k8rhncp4jt1\/2026\/04\/CACHE_780X1200_ANALOG_WATERMARKED_46867322_4807181_02042026120517.jpg\",\"contentUrl\":\"https:\/\/portaltela.pt\/s.01k8rhncp4jt1\/2026\/04\/CACHE_780X1200_ANALOG_WATERMARKED_46867322_4807181_02042026120517.jpg\",\"width\":768,\"height\":512,\"caption\":\"Constitui\u00e7\u00e3o\/50 anos: Presidente da Rep\u00fablica diz que \u00e9 o incumprimento do texto que traz frustra\u00e7\u00e3o aos portugueses\"},{\"@type\":\"BreadcrumbList\",\"@id\":\"https:\/\/portaltela.pt\/noticias\/2026\/04\/02\/presidente-diz-que-incumprimento-da-constituicao-frustra-portugueses\/#breadcrumb\",\"itemListElement\":[{\"@type\":\"ListItem\",\"position\":1,\"name\":\"In\u00edcio\",\"item\":\"https:\/\/portaltela.pt\/\"},{\"@type\":\"ListItem\",\"position\":2,\"name\":\"Presidente diz que incumprimento da Constitui\u00e7\u00e3o frustra portugueses\"}]},{\"@type\":\"WebSite\",\"@id\":\"https:\/\/portaltela.pt\/#website\",\"url\":\"https:\/\/portaltela.pt\/\",\"name\":\"Portal Tela Portugal\",\"description\":\"\",\"potentialAction\":[{\"@type\":\"SearchAction\",\"target\":{\"@type\":\"EntryPoint\",\"urlTemplate\":\"https:\/\/portaltela.pt\/?s={search_term_string}\"},\"query-input\":{\"@type\":\"PropertyValueSpecification\",\"valueRequired\":true,\"valueName\":\"search_term_string\"}}],\"inLanguage\":\"pt-PT\"},{\"@type\":\"Person\",\"@id\":\"https:\/\/portaltela.pt\/#\/schema\/person\/c4278d4a6028830caff9ee44b42d32ed\",\"name\":\"Telinha\",\"image\":{\"@type\":\"ImageObject\",\"inLanguage\":\"pt-PT\",\"@id\":\"https:\/\/portaltela.pt\/s.01k8rhncp4jt1\/2025\/11\/talking-bot-125x125.png\",\"url\":\"https:\/\/portaltela.pt\/s.01k8rhncp4jt1\/2025\/11\/talking-bot-125x125.png\",\"contentUrl\":\"https:\/\/portaltela.pt\/s.01k8rhncp4jt1\/2025\/11\/talking-bot-125x125.png\",\"caption\":\"Telinha\"},\"sameAs\":[\"https:\/\/portaltela.pt\/\"],\"url\":\"https:\/\/portaltela.pt\/por\/367410592786\/\"}]}<\/script>\n<!-- \/ Yoast SEO plugin. -->","yoast_head_json":{"title":"Presidente diz que incumprimento da Constitui\u00e7\u00e3o frustra portugueses - Portal Tela Portugal","robots":{"index":"index","follow":"follow","max-snippet":"max-snippet:-1","max-image-preview":"max-image-preview:large","max-video-preview":"max-video-preview:-1"},"og_locale":"pt_PT","og_type":"article","og_title":"Presidente diz que incumprimento da Constitui\u00e7\u00e3o frustra portugueses - Portal Tela Portugal","og_description":"O Presidente da Rep\u00fablica disse que \u00e9 o incumprimento do texto da Constitui\u00e7\u00e3o que traz frustra\u00e7\u00e3o aos portugueses. A declara\u00e7\u00e3o ocorre no \u00e2mbito das comemora\u00e7\u00f5es dos 50 anos da Constitui\u00e7\u00e3o. O conte\u00fado completo da not\u00edcia est\u00e1 dispon\u00edvel apenas para subscritores. N\u00e3o foram divulgado detalhes adicionais no texto fornecido.","og_url":"https:\/\/portaltela.pt\/noticias\/2026\/04\/02\/presidente-diz-que-incumprimento-da-constituicao-frustra-portugueses\/","og_site_name":"Portal Tela Portugal","article_published_time":"2026-04-02T11:49:00+00:00","author":"Telinha","twitter_card":"summary_large_image","twitter_misc":{"Escrito por":"Telinha","Tempo estimado de leitura":"1 minuto"},"schema":{"@context":"https:\/\/schema.org","@graph":[{"@type":"Article","@id":"https:\/\/portaltela.pt\/noticias\/2026\/04\/02\/presidente-diz-que-incumprimento-da-constituicao-frustra-portugueses\/#article","isPartOf":{"@id":"https:\/\/portaltela.pt\/noticias\/2026\/04\/02\/presidente-diz-que-incumprimento-da-constituicao-frustra-portugueses\/"},"author":{"name":"Telinha","@id":"https:\/\/portaltela.pt\/#\/schema\/person\/c4278d4a6028830caff9ee44b42d32ed"},"headline":"Presidente diz que incumprimento da Constitui\u00e7\u00e3o frustra portugueses","datePublished":"2026-04-02T11:49:00+00:00","mainEntityOfPage":{"@id":"https:\/\/portaltela.pt\/noticias\/2026\/04\/02\/presidente-diz-que-incumprimento-da-constituicao-frustra-portugueses\/"},"wordCount":184,"image":{"@id":"https:\/\/portaltela.pt\/noticias\/2026\/04\/02\/presidente-diz-que-incumprimento-da-constituicao-frustra-portugueses\/#primaryimage"},"thumbnailUrl":"https:\/\/portaltela.pt\/s.01k8rhncp4jt1\/2026\/04\/CACHE_780X1200_ANALOG_WATERMARKED_46867322_4807181_02042026120517.jpg","keywords":["cidadania","constitui\u00e7\u00e3o","democracia","Estado Social","governo","pol\u00edtica"],"articleSection":["Not\u00edcias","Pol\u00edtica"],"inLanguage":"pt-PT"},{"@type":"WebPage","@id":"https:\/\/portaltela.pt\/noticias\/2026\/04\/02\/presidente-diz-que-incumprimento-da-constituicao-frustra-portugueses\/","url":"https:\/\/portaltela.pt\/noticias\/2026\/04\/02\/presidente-diz-que-incumprimento-da-constituicao-frustra-portugueses\/","name":"Presidente diz que incumprimento da Constitui\u00e7\u00e3o frustra portugueses - Portal Tela Portugal","isPartOf":{"@id":"https:\/\/portaltela.pt\/#website"},"primaryImageOfPage":{"@id":"https:\/\/portaltela.pt\/noticias\/2026\/04\/02\/presidente-diz-que-incumprimento-da-constituicao-frustra-portugueses\/#primaryimage"},"image":{"@id":"https:\/\/portaltela.pt\/noticias\/2026\/04\/02\/presidente-diz-que-incumprimento-da-constituicao-frustra-portugueses\/#primaryimage"},"thumbnailUrl":"https:\/\/portaltela.pt\/s.01k8rhncp4jt1\/2026\/04\/CACHE_780X1200_ANALOG_WATERMARKED_46867322_4807181_02042026120517.jpg","datePublished":"2026-04-02T11:49:00+00:00","author":{"@id":"https:\/\/portaltela.pt\/#\/schema\/person\/c4278d4a6028830caff9ee44b42d32ed"},"breadcrumb":{"@id":"https:\/\/portaltela.pt\/noticias\/2026\/04\/02\/presidente-diz-que-incumprimento-da-constituicao-frustra-portugueses\/#breadcrumb"},"inLanguage":"pt-PT","potentialAction":[{"@type":"ReadAction","target":["https:\/\/portaltela.pt\/noticias\/2026\/04\/02\/presidente-diz-que-incumprimento-da-constituicao-frustra-portugueses\/"]}]},{"@type":"ImageObject","inLanguage":"pt-PT","@id":"https:\/\/portaltela.pt\/noticias\/2026\/04\/02\/presidente-diz-que-incumprimento-da-constituicao-frustra-portugueses\/#primaryimage","url":"https:\/\/portaltela.pt\/s.01k8rhncp4jt1\/2026\/04\/CACHE_780X1200_ANALOG_WATERMARKED_46867322_4807181_02042026120517.jpg","contentUrl":"https:\/\/portaltela.pt\/s.01k8rhncp4jt1\/2026\/04\/CACHE_780X1200_ANALOG_WATERMARKED_46867322_4807181_02042026120517.jpg","width":768,"height":512,"caption":"Constitui\u00e7\u00e3o\/50 anos: Presidente da Rep\u00fablica diz que \u00e9 o incumprimento do texto que traz frustra\u00e7\u00e3o aos portugueses"},{"@type":"BreadcrumbList","@id":"https:\/\/portaltela.pt\/noticias\/2026\/04\/02\/presidente-diz-que-incumprimento-da-constituicao-frustra-portugueses\/#breadcrumb","itemListElement":[{"@type":"ListItem","position":1,"name":"In\u00edcio","item":"https:\/\/portaltela.pt\/"},{"@type":"ListItem","position":2,"name":"Presidente diz que incumprimento da Constitui\u00e7\u00e3o frustra portugueses"}]},{"@type":"WebSite","@id":"https:\/\/portaltela.pt\/#website","url":"https:\/\/portaltela.pt\/","name":"Portal Tela Portugal","description":"","potentialAction":[{"@type":"SearchAction","target":{"@type":"EntryPoint","urlTemplate":"https:\/\/portaltela.pt\/?s={search_term_string}"},"query-input":{"@type":"PropertyValueSpecification","valueRequired":true,"valueName":"search_term_string"}}],"inLanguage":"pt-PT"},{"@type":"Person","@id":"https:\/\/portaltela.pt\/#\/schema\/person\/c4278d4a6028830caff9ee44b42d32ed","name":"Telinha","image":{"@type":"ImageObject","inLanguage":"pt-PT","@id":"https:\/\/portaltela.pt\/s.01k8rhncp4jt1\/2025\/11\/talking-bot-125x125.png","url":"https:\/\/portaltela.pt\/s.01k8rhncp4jt1\/2025\/11\/talking-bot-125x125.png","contentUrl":"https:\/\/portaltela.pt\/s.01k8rhncp4jt1\/2025\/11\/talking-bot-125x125.png","caption":"Telinha"},"sameAs":["https:\/\/portaltela.pt\/"],"url":"https:\/\/portaltela.pt\/por\/367410592786\/"}]}},"_links":{"self":[{"href":"https:\/\/portaltela.pt\/api\/wp\/v2\/posts\/430979","targetHints":{"allow":["GET"]}}],"collection":[{"href":"https:\/\/portaltela.pt\/api\/wp\/v2\/posts"}],"about":[{"href":"https:\/\/portaltela.pt\/api\/wp\/v2\/types\/post"}],"author":[{"embeddable":true,"href":"https:\/\/portaltela.pt\/api\/wp\/v2\/users\/2"}],"replies":[{"embeddable":true,"href":"https:\/\/portaltela.pt\/api\/wp\/v2\/comments?post=430979"}],"version-history":[{"count":0,"href":"https:\/\/portaltela.pt\/api\/wp\/v2\/posts\/430979\/revisions"}],"wp:featuredmedia":[{"embeddable":true,"href":"https:\/\/portaltela.pt\/api\/wp\/v2\/media\/430980"}],"wp:attachment":[{"href":"https:\/\/portaltela.pt\/api\/wp\/v2\/media?parent=430979"}],"wp:term":[{"taxonomy":"category","embeddable":true,"href":"https:\/\/portaltela.pt\/api\/wp\/v2\/categories?post=430979"},{"taxonomy":"post_tag","embeddable":true,"href":"https:\/\/portaltela.pt\/api\/wp\/v2\/tags?post=430979"}],"curies":[{"name":"wp","href":"https:\/\/api.w.org\/{rel}","templated":true}]}}