{"id":430917,"date":"2026-04-02T16:02:23","date_gmt":"2026-04-02T19:02:23","guid":{"rendered":"https:\/\/portaltela.pt\/noticias\/2026\/04\/02\/vitor-pinto-evidencia-joao-felix-no-onze-titular-do-benfica\/"},"modified":"2026-04-02T16:02:23","modified_gmt":"2026-04-02T19:02:23","slug":"vitor-pinto-evidencia-joao-felix-no-onze-titular-do-benfica","status":"publish","type":"post","link":"https:\/\/portaltela.pt\/desporto\/futebol\/2026\/04\/02\/vitor-pinto-evidencia-joao-felix-no-onze-titular-do-benfica\/","title":{"rendered":"V\u00edtor Pinto evidencia Jo\u00e3o F\u00e9lix no onze titular do Benfica"},"content":{"rendered":"<p>V\u00edtor Pinto, subdiretor do Record, elogiou Jo\u00e3o F\u00e9lix pela temporada no Al Nassr e pelo seu impacto na Sele\u00e7\u00e3o Nacional. A aprecia\u00e7\u00e3o surgiu numa an\u00e1lise publicada pelo jornal.<\/p>\n<p>O respons\u00e1vel destacou a consist\u00eancia de F\u00e9lix ao longo da \u00e9poca e o papel do jogador nas escolhas do plantel portugu\u00eas. A leitura \u00e9 de que o atacante tem contribu\u00eddo para o desempenho da equipa.<\/p>\n<p>A avalia\u00e7\u00e3o de Pinto envolve a rela\u00e7\u00e3o entre o rendimento no clube e as perspetivas para a Selec\u00e7\u00e3o. A discuss\u00e3o centra-se na influ\u00eancia de F\u00e9lix no presente e no futuro da equipa nacional.<\/p>\n","protected":false},"excerpt":{"rendered":"<ul>\n<li>O subdiretor de Record, V\u00edtor Pinto, elogiou a temporada de Jo\u00e3o F\u00e9lix no Al Nassr.<\/li>\n<li>Destacou o impacto do jogador na Sele\u00e7\u00e3o Portuguesa.<\/li>\n<li>A an\u00e1lise parte da vis\u00e3o de F\u00e9lix como refer\u00eancia no onze encabe\u00e7ado no Benfica, associando o seu desempenho \u00e0 avalia\u00e7\u00e3o global.<\/li>\n<li>A not\u00edcia refor\u00e7a a import\u00e2ncia de F\u00e9lix para o clube e para a equipa nacional, segundo a leitura de Record.<\/li>\n<\/ul>\n","protected":false},"author":2,"featured_media":430919,"comment_status":"closed","ping_status":"closed","sticky":false,"template":"","format":"standard","meta":{"footnotes":""},"categories":[21,24],"tags":[4143,1946,32,2188,1014,2057],"class_list":["post-430917","post","type-post","status-publish","format-standard","has-post-thumbnail","hentry","category-desporto","category-futebol","tag-1-liga","tag-benfica","tag-futebol","tag-joao-felix","tag-portugal","tag-selecao-nacional"],"yoast_head":"<!-- This site is optimized with the Yoast SEO plugin v27.2 - https:\/\/yoast.com\/product\/yoast-seo-wordpress\/ -->\n<title>V\u00edtor Pinto evidencia Jo\u00e3o F\u00e9lix no onze titular do Benfica - Portal Tela Portugal<\/title>\n<meta name=\"robots\" content=\"index, follow, max-snippet:-1, max-image-preview:large, max-video-preview:-1\" \/>\n<meta property=\"og:locale\" content=\"pt_PT\" \/>\n<meta property=\"og:type\" content=\"article\" \/>\n<meta property=\"og:title\" content=\"V\u00edtor Pinto evidencia Jo\u00e3o F\u00e9lix no onze titular do Benfica - Portal Tela Portugal\" \/>\n<meta property=\"og:description\" content=\"O subdiretor de Record, V\u00edtor Pinto, elogiou a temporada de Jo\u00e3o F\u00e9lix no Al Nassr. Destacou o impacto do jogador na Sele\u00e7\u00e3o Portuguesa. A an\u00e1lise parte da vis\u00e3o de F\u00e9lix como refer\u00eancia no onze encabe\u00e7ado no Benfica, associando o seu desempenho \u00e0 avalia\u00e7\u00e3o global. A not\u00edcia refor\u00e7a a import\u00e2ncia de F\u00e9lix para o clube e para a equipa nacional, segundo a leitura de Record.\" \/>\n<meta property=\"og:url\" content=\"https:\/\/portaltela.pt\/noticias\/2026\/04\/02\/vitor-pinto-evidencia-joao-felix-no-onze-titular-do-benfica\/\" \/>\n<meta property=\"og:site_name\" content=\"Portal Tela Portugal\" \/>\n<meta property=\"article:published_time\" content=\"2026-04-02T19:02:23+00:00\" \/>\n<meta name=\"author\" content=\"Telinha\" \/>\n<meta name=\"twitter:card\" content=\"summary_large_image\" \/>\n<meta name=\"twitter:label1\" content=\"Escrito por\" \/>\n\t<meta name=\"twitter:data1\" content=\"Telinha\" \/>\n\t<meta name=\"twitter:label2\" content=\"Tempo estimado de leitura\" \/>\n\t<meta name=\"twitter:data2\" content=\"1 minuto\" \/>\n<script type=\"application\/ld+json\" class=\"yoast-schema-graph\">{\"@context\":\"https:\/\/schema.org\",\"@graph\":[{\"@type\":\"Article\",\"@id\":\"https:\/\/portaltela.pt\/noticias\/2026\/04\/02\/vitor-pinto-evidencia-joao-felix-no-onze-titular-do-benfica\/#article\",\"isPartOf\":{\"@id\":\"https:\/\/portaltela.pt\/noticias\/2026\/04\/02\/vitor-pinto-evidencia-joao-felix-no-onze-titular-do-benfica\/\"},\"author\":{\"name\":\"Telinha\",\"@id\":\"https:\/\/portaltela.pt\/#\/schema\/person\/c4278d4a6028830caff9ee44b42d32ed\"},\"headline\":\"V\u00edtor Pinto evidencia Jo\u00e3o F\u00e9lix no onze titular do Benfica\",\"datePublished\":\"2026-04-02T19:02:23+00:00\",\"mainEntityOfPage\":{\"@id\":\"https:\/\/portaltela.pt\/noticias\/2026\/04\/02\/vitor-pinto-evidencia-joao-felix-no-onze-titular-do-benfica\/\"},\"wordCount\":125,\"image\":{\"@id\":\"https:\/\/portaltela.pt\/noticias\/2026\/04\/02\/vitor-pinto-evidencia-joao-felix-no-onze-titular-do-benfica\/#primaryimage\"},\"thumbnailUrl\":\"https:\/\/portaltela.pt\/s.01k8rhncp4jt1\/2026\/04\/img_1200x721uu2026-04-01-20-29-00-2430587.jpg\",\"keywords\":[\"1. Liga\",\"Benfica\",\"futebol\",\"Jo\u00e3o F\u00e9lix\",\"Portugal\",\"Sele\u00e7\u00e3o Nacional\"],\"articleSection\":[\"Desporto\",\"Futebol\"],\"inLanguage\":\"pt-PT\"},{\"@type\":\"WebPage\",\"@id\":\"https:\/\/portaltela.pt\/noticias\/2026\/04\/02\/vitor-pinto-evidencia-joao-felix-no-onze-titular-do-benfica\/\",\"url\":\"https:\/\/portaltela.pt\/noticias\/2026\/04\/02\/vitor-pinto-evidencia-joao-felix-no-onze-titular-do-benfica\/\",\"name\":\"V\u00edtor Pinto evidencia Jo\u00e3o F\u00e9lix no onze titular do Benfica - Portal Tela Portugal\",\"isPartOf\":{\"@id\":\"https:\/\/portaltela.pt\/#website\"},\"primaryImageOfPage\":{\"@id\":\"https:\/\/portaltela.pt\/noticias\/2026\/04\/02\/vitor-pinto-evidencia-joao-felix-no-onze-titular-do-benfica\/#primaryimage\"},\"image\":{\"@id\":\"https:\/\/portaltela.pt\/noticias\/2026\/04\/02\/vitor-pinto-evidencia-joao-felix-no-onze-titular-do-benfica\/#primaryimage\"},\"thumbnailUrl\":\"https:\/\/portaltela.pt\/s.01k8rhncp4jt1\/2026\/04\/img_1200x721uu2026-04-01-20-29-00-2430587.jpg\",\"datePublished\":\"2026-04-02T19:02:23+00:00\",\"author\":{\"@id\":\"https:\/\/portaltela.pt\/#\/schema\/person\/c4278d4a6028830caff9ee44b42d32ed\"},\"breadcrumb\":{\"@id\":\"https:\/\/portaltela.pt\/noticias\/2026\/04\/02\/vitor-pinto-evidencia-joao-felix-no-onze-titular-do-benfica\/#breadcrumb\"},\"inLanguage\":\"pt-PT\",\"potentialAction\":[{\"@type\":\"ReadAction\",\"target\":[\"https:\/\/portaltela.pt\/noticias\/2026\/04\/02\/vitor-pinto-evidencia-joao-felix-no-onze-titular-do-benfica\/\"]}]},{\"@type\":\"ImageObject\",\"inLanguage\":\"pt-PT\",\"@id\":\"https:\/\/portaltela.pt\/noticias\/2026\/04\/02\/vitor-pinto-evidencia-joao-felix-no-onze-titular-do-benfica\/#primaryimage\",\"url\":\"https:\/\/portaltela.pt\/s.01k8rhncp4jt1\/2026\/04\/img_1200x721uu2026-04-01-20-29-00-2430587.jpg\",\"contentUrl\":\"https:\/\/portaltela.pt\/s.01k8rhncp4jt1\/2026\/04\/img_1200x721uu2026-04-01-20-29-00-2430587.jpg\",\"width\":796,\"height\":448,\"caption\":\"V\u00edtor Pinto: \u00abOlhamos para o onze do Benfica e quem \u00e9 que jogava de caras? Jo\u00e3o F\u00e9lix\u00bb\"},{\"@type\":\"BreadcrumbList\",\"@id\":\"https:\/\/portaltela.pt\/noticias\/2026\/04\/02\/vitor-pinto-evidencia-joao-felix-no-onze-titular-do-benfica\/#breadcrumb\",\"itemListElement\":[{\"@type\":\"ListItem\",\"position\":1,\"name\":\"In\u00edcio\",\"item\":\"https:\/\/portaltela.pt\/\"},{\"@type\":\"ListItem\",\"position\":2,\"name\":\"V\u00edtor Pinto evidencia Jo\u00e3o F\u00e9lix no onze titular do Benfica\"}]},{\"@type\":\"WebSite\",\"@id\":\"https:\/\/portaltela.pt\/#website\",\"url\":\"https:\/\/portaltela.pt\/\",\"name\":\"Portal Tela Portugal\",\"description\":\"\",\"potentialAction\":[{\"@type\":\"SearchAction\",\"target\":{\"@type\":\"EntryPoint\",\"urlTemplate\":\"https:\/\/portaltela.pt\/?s={search_term_string}\"},\"query-input\":{\"@type\":\"PropertyValueSpecification\",\"valueRequired\":true,\"valueName\":\"search_term_string\"}}],\"inLanguage\":\"pt-PT\"},{\"@type\":\"Person\",\"@id\":\"https:\/\/portaltela.pt\/#\/schema\/person\/c4278d4a6028830caff9ee44b42d32ed\",\"name\":\"Telinha\",\"image\":{\"@type\":\"ImageObject\",\"inLanguage\":\"pt-PT\",\"@id\":\"https:\/\/portaltela.pt\/s.01k8rhncp4jt1\/2025\/11\/talking-bot-125x125.png\",\"url\":\"https:\/\/portaltela.pt\/s.01k8rhncp4jt1\/2025\/11\/talking-bot-125x125.png\",\"contentUrl\":\"https:\/\/portaltela.pt\/s.01k8rhncp4jt1\/2025\/11\/talking-bot-125x125.png\",\"caption\":\"Telinha\"},\"sameAs\":[\"https:\/\/portaltela.pt\/\"],\"url\":\"https:\/\/portaltela.pt\/por\/367410592786\/\"}]}<\/script>\n<!-- \/ Yoast SEO plugin. -->","yoast_head_json":{"title":"V\u00edtor Pinto evidencia Jo\u00e3o F\u00e9lix no onze titular do Benfica - Portal Tela Portugal","robots":{"index":"index","follow":"follow","max-snippet":"max-snippet:-1","max-image-preview":"max-image-preview:large","max-video-preview":"max-video-preview:-1"},"og_locale":"pt_PT","og_type":"article","og_title":"V\u00edtor Pinto evidencia Jo\u00e3o F\u00e9lix no onze titular do Benfica - Portal Tela Portugal","og_description":"O subdiretor de Record, V\u00edtor Pinto, elogiou a temporada de Jo\u00e3o F\u00e9lix no Al Nassr. Destacou o impacto do jogador na Sele\u00e7\u00e3o Portuguesa. A an\u00e1lise parte da vis\u00e3o de F\u00e9lix como refer\u00eancia no onze encabe\u00e7ado no Benfica, associando o seu desempenho \u00e0 avalia\u00e7\u00e3o global. A not\u00edcia refor\u00e7a a import\u00e2ncia de F\u00e9lix para o clube e para a equipa nacional, segundo a leitura de Record.","og_url":"https:\/\/portaltela.pt\/noticias\/2026\/04\/02\/vitor-pinto-evidencia-joao-felix-no-onze-titular-do-benfica\/","og_site_name":"Portal Tela Portugal","article_published_time":"2026-04-02T19:02:23+00:00","author":"Telinha","twitter_card":"summary_large_image","twitter_misc":{"Escrito por":"Telinha","Tempo estimado de leitura":"1 minuto"},"schema":{"@context":"https:\/\/schema.org","@graph":[{"@type":"Article","@id":"https:\/\/portaltela.pt\/noticias\/2026\/04\/02\/vitor-pinto-evidencia-joao-felix-no-onze-titular-do-benfica\/#article","isPartOf":{"@id":"https:\/\/portaltela.pt\/noticias\/2026\/04\/02\/vitor-pinto-evidencia-joao-felix-no-onze-titular-do-benfica\/"},"author":{"name":"Telinha","@id":"https:\/\/portaltela.pt\/#\/schema\/person\/c4278d4a6028830caff9ee44b42d32ed"},"headline":"V\u00edtor Pinto evidencia Jo\u00e3o F\u00e9lix no onze titular do Benfica","datePublished":"2026-04-02T19:02:23+00:00","mainEntityOfPage":{"@id":"https:\/\/portaltela.pt\/noticias\/2026\/04\/02\/vitor-pinto-evidencia-joao-felix-no-onze-titular-do-benfica\/"},"wordCount":125,"image":{"@id":"https:\/\/portaltela.pt\/noticias\/2026\/04\/02\/vitor-pinto-evidencia-joao-felix-no-onze-titular-do-benfica\/#primaryimage"},"thumbnailUrl":"https:\/\/portaltela.pt\/s.01k8rhncp4jt1\/2026\/04\/img_1200x721uu2026-04-01-20-29-00-2430587.jpg","keywords":["1. Liga","Benfica","futebol","Jo\u00e3o F\u00e9lix","Portugal","Sele\u00e7\u00e3o Nacional"],"articleSection":["Desporto","Futebol"],"inLanguage":"pt-PT"},{"@type":"WebPage","@id":"https:\/\/portaltela.pt\/noticias\/2026\/04\/02\/vitor-pinto-evidencia-joao-felix-no-onze-titular-do-benfica\/","url":"https:\/\/portaltela.pt\/noticias\/2026\/04\/02\/vitor-pinto-evidencia-joao-felix-no-onze-titular-do-benfica\/","name":"V\u00edtor Pinto evidencia Jo\u00e3o F\u00e9lix no onze titular do Benfica - Portal Tela Portugal","isPartOf":{"@id":"https:\/\/portaltela.pt\/#website"},"primaryImageOfPage":{"@id":"https:\/\/portaltela.pt\/noticias\/2026\/04\/02\/vitor-pinto-evidencia-joao-felix-no-onze-titular-do-benfica\/#primaryimage"},"image":{"@id":"https:\/\/portaltela.pt\/noticias\/2026\/04\/02\/vitor-pinto-evidencia-joao-felix-no-onze-titular-do-benfica\/#primaryimage"},"thumbnailUrl":"https:\/\/portaltela.pt\/s.01k8rhncp4jt1\/2026\/04\/img_1200x721uu2026-04-01-20-29-00-2430587.jpg","datePublished":"2026-04-02T19:02:23+00:00","author":{"@id":"https:\/\/portaltela.pt\/#\/schema\/person\/c4278d4a6028830caff9ee44b42d32ed"},"breadcrumb":{"@id":"https:\/\/portaltela.pt\/noticias\/2026\/04\/02\/vitor-pinto-evidencia-joao-felix-no-onze-titular-do-benfica\/#breadcrumb"},"inLanguage":"pt-PT","potentialAction":[{"@type":"ReadAction","target":["https:\/\/portaltela.pt\/noticias\/2026\/04\/02\/vitor-pinto-evidencia-joao-felix-no-onze-titular-do-benfica\/"]}]},{"@type":"ImageObject","inLanguage":"pt-PT","@id":"https:\/\/portaltela.pt\/noticias\/2026\/04\/02\/vitor-pinto-evidencia-joao-felix-no-onze-titular-do-benfica\/#primaryimage","url":"https:\/\/portaltela.pt\/s.01k8rhncp4jt1\/2026\/04\/img_1200x721uu2026-04-01-20-29-00-2430587.jpg","contentUrl":"https:\/\/portaltela.pt\/s.01k8rhncp4jt1\/2026\/04\/img_1200x721uu2026-04-01-20-29-00-2430587.jpg","width":796,"height":448,"caption":"V\u00edtor Pinto: \u00abOlhamos para o onze do Benfica e quem \u00e9 que jogava de caras? Jo\u00e3o F\u00e9lix\u00bb"},{"@type":"BreadcrumbList","@id":"https:\/\/portaltela.pt\/noticias\/2026\/04\/02\/vitor-pinto-evidencia-joao-felix-no-onze-titular-do-benfica\/#breadcrumb","itemListElement":[{"@type":"ListItem","position":1,"name":"In\u00edcio","item":"https:\/\/portaltela.pt\/"},{"@type":"ListItem","position":2,"name":"V\u00edtor Pinto evidencia Jo\u00e3o F\u00e9lix no onze titular do Benfica"}]},{"@type":"WebSite","@id":"https:\/\/portaltela.pt\/#website","url":"https:\/\/portaltela.pt\/","name":"Portal Tela Portugal","description":"","potentialAction":[{"@type":"SearchAction","target":{"@type":"EntryPoint","urlTemplate":"https:\/\/portaltela.pt\/?s={search_term_string}"},"query-input":{"@type":"PropertyValueSpecification","valueRequired":true,"valueName":"search_term_string"}}],"inLanguage":"pt-PT"},{"@type":"Person","@id":"https:\/\/portaltela.pt\/#\/schema\/person\/c4278d4a6028830caff9ee44b42d32ed","name":"Telinha","image":{"@type":"ImageObject","inLanguage":"pt-PT","@id":"https:\/\/portaltela.pt\/s.01k8rhncp4jt1\/2025\/11\/talking-bot-125x125.png","url":"https:\/\/portaltela.pt\/s.01k8rhncp4jt1\/2025\/11\/talking-bot-125x125.png","contentUrl":"https:\/\/portaltela.pt\/s.01k8rhncp4jt1\/2025\/11\/talking-bot-125x125.png","caption":"Telinha"},"sameAs":["https:\/\/portaltela.pt\/"],"url":"https:\/\/portaltela.pt\/por\/367410592786\/"}]}},"_links":{"self":[{"href":"https:\/\/portaltela.pt\/api\/wp\/v2\/posts\/430917","targetHints":{"allow":["GET"]}}],"collection":[{"href":"https:\/\/portaltela.pt\/api\/wp\/v2\/posts"}],"about":[{"href":"https:\/\/portaltela.pt\/api\/wp\/v2\/types\/post"}],"author":[{"embeddable":true,"href":"https:\/\/portaltela.pt\/api\/wp\/v2\/users\/2"}],"replies":[{"embeddable":true,"href":"https:\/\/portaltela.pt\/api\/wp\/v2\/comments?post=430917"}],"version-history":[{"count":0,"href":"https:\/\/portaltela.pt\/api\/wp\/v2\/posts\/430917\/revisions"}],"wp:featuredmedia":[{"embeddable":true,"href":"https:\/\/portaltela.pt\/api\/wp\/v2\/media\/430919"}],"wp:attachment":[{"href":"https:\/\/portaltela.pt\/api\/wp\/v2\/media?parent=430917"}],"wp:term":[{"taxonomy":"category","embeddable":true,"href":"https:\/\/portaltela.pt\/api\/wp\/v2\/categories?post=430917"},{"taxonomy":"post_tag","embeddable":true,"href":"https:\/\/portaltela.pt\/api\/wp\/v2\/tags?post=430917"}],"curies":[{"name":"wp","href":"https:\/\/api.w.org\/{rel}","templated":true}]}}