{"id":430832,"date":"2026-04-02T14:47:09","date_gmt":"2026-04-02T17:47:09","guid":{"rendered":"https:\/\/portaltela.pt\/noticias\/2026\/04\/02\/casal-de-idosos-em-aveiro-era-vitima-de-maus-tratos-pela-companheira-do-filho\/"},"modified":"2026-04-02T14:47:09","modified_gmt":"2026-04-02T17:47:09","slug":"casal-de-idosos-em-aveiro-era-vitima-de-maus-tratos-pela-companheira-do-filho","status":"publish","type":"post","link":"https:\/\/portaltela.pt\/noticias\/2026\/04\/02\/casal-de-idosos-em-aveiro-era-vitima-de-maus-tratos-pela-companheira-do-filho\/","title":{"rendered":"Casal de idosos em Aveiro era v\u00edtima de maus-tratos pela companheira do filho"},"content":{"rendered":"<p>Um casal de idosos, de 84 e 90 anos, foi retirado da sua resid\u00eancia no concelho de Aveiro ap\u00f3s den\u00fancia de maus-tratos. A opera\u00e7\u00e3o ocorreu na ter\u00e7a-feira, segundo a GNR.<\/p>\n<p>A Guarda deslocou-se ao local e encontrou os idosos fechados num quarto, com condi\u00e7\u00f5es de higiene e salubridade muito deficit\u00e1rias.<\/p>\n<p>Ao longo da inspec\u00e7\u00e3o, apurou-se que o casal era alvo de maus-tratos, neglig\u00eancia e viol\u00eancia f\u00edsica por parte da cuidadora, companheira do filho do casal.<\/p>\n<p>Os idosos foram encaminhados para o hospital de Aveiro. A suspeita foi identificada e os factos foram comunicados ao Tribunal Judicial de Aveiro.<\/p>\n<p>A a\u00e7\u00e3o contou com o refor\u00e7o do Posto Territorial de Aveiro.<\/p>\n","protected":false},"excerpt":{"rendered":"<ul>\n<li>Um casal de idosos, de 84 e 90 anos, foi retirado da casa em Aveiro pela GNR, v\u00edtima de maus-tratos e viol\u00eancia f\u00edsica.<\/li>\n<li>A interven\u00e7\u00e3o ocorreu na sequ\u00eancia de uma den\u00fancia, na ter\u00e7a-feira, com os militares a deslocarem-se \u00e0 resid\u00eancia.<\/li>\n<li>Os idosos estavam fechados num quarto, em condi\u00e7\u00f5es de higiene e salubridade muito deficit\u00e1rias.<\/li>\n<li>A cuidadora, companheira do filho do casal, \u00e9 apontada como respons\u00e1vel pelos maus-tratos e pela neglig\u00eancia.<\/li>\n<li>Os idosos foram encaminhados para o hospital de Aveiro e a situa\u00e7\u00e3o foi comunicada ao Tribunal Judicial de Aveiro; a a\u00e7\u00e3o contou com apoio do Posto Territorial de Aveiro.<\/li>\n<\/ul>\n","protected":false},"author":2,"featured_media":430836,"comment_status":"closed","ping_status":"closed","sticky":false,"template":"","format":"standard","meta":{"footnotes":""},"categories":[7386,1],"tags":[1059,5371,633,2736,5869,214],"class_list":["post-430832","post","type-post","status-publish","format-standard","has-post-thumbnail","hentry","category-crimes-contra-a-pessoa","category-noticias","tag-aveiro","tag-cuidados-de-saude","tag-hospital","tag-idosos","tag-maus-tratos","tag-violencia-domestica"],"yoast_head":"<!-- This site is optimized with the Yoast SEO plugin v27.2 - https:\/\/yoast.com\/product\/yoast-seo-wordpress\/ -->\n<title>Casal de idosos em Aveiro era v\u00edtima de maus-tratos pela companheira do filho - Portal Tela Portugal<\/title>\n<meta name=\"robots\" content=\"index, follow, max-snippet:-1, max-image-preview:large, max-video-preview:-1\" \/>\n<meta property=\"og:locale\" content=\"pt_PT\" \/>\n<meta property=\"og:type\" content=\"article\" \/>\n<meta property=\"og:title\" content=\"Casal de idosos em Aveiro era v\u00edtima de maus-tratos pela companheira do filho - Portal Tela Portugal\" \/>\n<meta property=\"og:description\" content=\"Um casal de idosos, de 84 e 90 anos, foi retirado da casa em Aveiro pela GNR, v\u00edtima de maus-tratos e viol\u00eancia f\u00edsica. A interven\u00e7\u00e3o ocorreu na sequ\u00eancia de uma den\u00fancia, na ter\u00e7a-feira, com os militares a deslocarem-se \u00e0 resid\u00eancia. Os idosos estavam fechados num quarto, em condi\u00e7\u00f5es de higiene e salubridade muito deficit\u00e1rias. A cuidadora, companheira do filho do casal, \u00e9 apontada como respons\u00e1vel pelos maus-tratos e pela neglig\u00eancia. Os idosos foram encaminhados para o hospital de Aveiro e a situa\u00e7\u00e3o foi comunicada ao Tribunal Judicial de Aveiro; a a\u00e7\u00e3o contou com apoio do Posto Territorial de Aveiro.\" \/>\n<meta property=\"og:url\" content=\"https:\/\/portaltela.pt\/noticias\/2026\/04\/02\/casal-de-idosos-em-aveiro-era-vitima-de-maus-tratos-pela-companheira-do-filho\/\" \/>\n<meta property=\"og:site_name\" content=\"Portal Tela Portugal\" \/>\n<meta property=\"article:published_time\" content=\"2026-04-02T17:47:09+00:00\" \/>\n<meta name=\"author\" content=\"Telinha\" \/>\n<meta name=\"twitter:card\" content=\"summary_large_image\" \/>\n<meta name=\"twitter:label1\" content=\"Escrito por\" \/>\n\t<meta name=\"twitter:data1\" content=\"Telinha\" \/>\n\t<meta name=\"twitter:label2\" content=\"Tempo estimado de leitura\" \/>\n\t<meta name=\"twitter:data2\" content=\"1 minuto\" \/>\n<script type=\"application\/ld+json\" class=\"yoast-schema-graph\">{\"@context\":\"https:\/\/schema.org\",\"@graph\":[{\"@type\":\"Article\",\"@id\":\"https:\/\/portaltela.pt\/noticias\/2026\/04\/02\/casal-de-idosos-em-aveiro-era-vitima-de-maus-tratos-pela-companheira-do-filho\/#article\",\"isPartOf\":{\"@id\":\"https:\/\/portaltela.pt\/noticias\/2026\/04\/02\/casal-de-idosos-em-aveiro-era-vitima-de-maus-tratos-pela-companheira-do-filho\/\"},\"author\":{\"name\":\"Telinha\",\"@id\":\"https:\/\/portaltela.pt\/#\/schema\/person\/c4278d4a6028830caff9ee44b42d32ed\"},\"headline\":\"Casal de idosos em Aveiro era v\u00edtima de maus-tratos pela companheira do filho\",\"datePublished\":\"2026-04-02T17:47:09+00:00\",\"mainEntityOfPage\":{\"@id\":\"https:\/\/portaltela.pt\/noticias\/2026\/04\/02\/casal-de-idosos-em-aveiro-era-vitima-de-maus-tratos-pela-companheira-do-filho\/\"},\"wordCount\":134,\"image\":{\"@id\":\"https:\/\/portaltela.pt\/noticias\/2026\/04\/02\/casal-de-idosos-em-aveiro-era-vitima-de-maus-tratos-pela-companheira-do-filho\/#primaryimage\"},\"thumbnailUrl\":\"https:\/\/portaltela.pt\/s.01k8rhncp4jt1\/2026\/04\/2079088.jpg\",\"keywords\":[\"Aveiro\",\"cuidados de sa\u00fade\",\"hospital\",\"idosos\",\"maus-tratos\",\"viol\u00eancia dom\u00e9stica\"],\"articleSection\":[\"Crimes contra a pessoa\",\"Not\u00edcias\"],\"inLanguage\":\"pt-PT\"},{\"@type\":\"WebPage\",\"@id\":\"https:\/\/portaltela.pt\/noticias\/2026\/04\/02\/casal-de-idosos-em-aveiro-era-vitima-de-maus-tratos-pela-companheira-do-filho\/\",\"url\":\"https:\/\/portaltela.pt\/noticias\/2026\/04\/02\/casal-de-idosos-em-aveiro-era-vitima-de-maus-tratos-pela-companheira-do-filho\/\",\"name\":\"Casal de idosos em Aveiro era v\u00edtima de maus-tratos pela companheira do filho - Portal Tela Portugal\",\"isPartOf\":{\"@id\":\"https:\/\/portaltela.pt\/#website\"},\"primaryImageOfPage\":{\"@id\":\"https:\/\/portaltela.pt\/noticias\/2026\/04\/02\/casal-de-idosos-em-aveiro-era-vitima-de-maus-tratos-pela-companheira-do-filho\/#primaryimage\"},\"image\":{\"@id\":\"https:\/\/portaltela.pt\/noticias\/2026\/04\/02\/casal-de-idosos-em-aveiro-era-vitima-de-maus-tratos-pela-companheira-do-filho\/#primaryimage\"},\"thumbnailUrl\":\"https:\/\/portaltela.pt\/s.01k8rhncp4jt1\/2026\/04\/2079088.jpg\",\"datePublished\":\"2026-04-02T17:47:09+00:00\",\"author\":{\"@id\":\"https:\/\/portaltela.pt\/#\/schema\/person\/c4278d4a6028830caff9ee44b42d32ed\"},\"breadcrumb\":{\"@id\":\"https:\/\/portaltela.pt\/noticias\/2026\/04\/02\/casal-de-idosos-em-aveiro-era-vitima-de-maus-tratos-pela-companheira-do-filho\/#breadcrumb\"},\"inLanguage\":\"pt-PT\",\"potentialAction\":[{\"@type\":\"ReadAction\",\"target\":[\"https:\/\/portaltela.pt\/noticias\/2026\/04\/02\/casal-de-idosos-em-aveiro-era-vitima-de-maus-tratos-pela-companheira-do-filho\/\"]}]},{\"@type\":\"ImageObject\",\"inLanguage\":\"pt-PT\",\"@id\":\"https:\/\/portaltela.pt\/noticias\/2026\/04\/02\/casal-de-idosos-em-aveiro-era-vitima-de-maus-tratos-pela-companheira-do-filho\/#primaryimage\",\"url\":\"https:\/\/portaltela.pt\/s.01k8rhncp4jt1\/2026\/04\/2079088.jpg\",\"contentUrl\":\"https:\/\/portaltela.pt\/s.01k8rhncp4jt1\/2026\/04\/2079088.jpg\",\"width\":796,\"height\":448,\"caption\":\"O casal foi encaminhado para o hospital de Aveiro e a suspeita foi identificada\"},{\"@type\":\"BreadcrumbList\",\"@id\":\"https:\/\/portaltela.pt\/noticias\/2026\/04\/02\/casal-de-idosos-em-aveiro-era-vitima-de-maus-tratos-pela-companheira-do-filho\/#breadcrumb\",\"itemListElement\":[{\"@type\":\"ListItem\",\"position\":1,\"name\":\"In\u00edcio\",\"item\":\"https:\/\/portaltela.pt\/\"},{\"@type\":\"ListItem\",\"position\":2,\"name\":\"Casal de idosos em Aveiro era v\u00edtima de maus-tratos pela companheira do filho\"}]},{\"@type\":\"WebSite\",\"@id\":\"https:\/\/portaltela.pt\/#website\",\"url\":\"https:\/\/portaltela.pt\/\",\"name\":\"Portal Tela Portugal\",\"description\":\"\",\"potentialAction\":[{\"@type\":\"SearchAction\",\"target\":{\"@type\":\"EntryPoint\",\"urlTemplate\":\"https:\/\/portaltela.pt\/?s={search_term_string}\"},\"query-input\":{\"@type\":\"PropertyValueSpecification\",\"valueRequired\":true,\"valueName\":\"search_term_string\"}}],\"inLanguage\":\"pt-PT\"},{\"@type\":\"Person\",\"@id\":\"https:\/\/portaltela.pt\/#\/schema\/person\/c4278d4a6028830caff9ee44b42d32ed\",\"name\":\"Telinha\",\"image\":{\"@type\":\"ImageObject\",\"inLanguage\":\"pt-PT\",\"@id\":\"https:\/\/portaltela.pt\/s.01k8rhncp4jt1\/2025\/11\/talking-bot-125x125.png\",\"url\":\"https:\/\/portaltela.pt\/s.01k8rhncp4jt1\/2025\/11\/talking-bot-125x125.png\",\"contentUrl\":\"https:\/\/portaltela.pt\/s.01k8rhncp4jt1\/2025\/11\/talking-bot-125x125.png\",\"caption\":\"Telinha\"},\"sameAs\":[\"https:\/\/portaltela.pt\/\"],\"url\":\"https:\/\/portaltela.pt\/por\/367410592786\/\"}]}<\/script>\n<!-- \/ Yoast SEO plugin. -->","yoast_head_json":{"title":"Casal de idosos em Aveiro era v\u00edtima de maus-tratos pela companheira do filho - Portal Tela Portugal","robots":{"index":"index","follow":"follow","max-snippet":"max-snippet:-1","max-image-preview":"max-image-preview:large","max-video-preview":"max-video-preview:-1"},"og_locale":"pt_PT","og_type":"article","og_title":"Casal de idosos em Aveiro era v\u00edtima de maus-tratos pela companheira do filho - Portal Tela Portugal","og_description":"Um casal de idosos, de 84 e 90 anos, foi retirado da casa em Aveiro pela GNR, v\u00edtima de maus-tratos e viol\u00eancia f\u00edsica. A interven\u00e7\u00e3o ocorreu na sequ\u00eancia de uma den\u00fancia, na ter\u00e7a-feira, com os militares a deslocarem-se \u00e0 resid\u00eancia. Os idosos estavam fechados num quarto, em condi\u00e7\u00f5es de higiene e salubridade muito deficit\u00e1rias. A cuidadora, companheira do filho do casal, \u00e9 apontada como respons\u00e1vel pelos maus-tratos e pela neglig\u00eancia. Os idosos foram encaminhados para o hospital de Aveiro e a situa\u00e7\u00e3o foi comunicada ao Tribunal Judicial de Aveiro; a a\u00e7\u00e3o contou com apoio do Posto Territorial de Aveiro.","og_url":"https:\/\/portaltela.pt\/noticias\/2026\/04\/02\/casal-de-idosos-em-aveiro-era-vitima-de-maus-tratos-pela-companheira-do-filho\/","og_site_name":"Portal Tela Portugal","article_published_time":"2026-04-02T17:47:09+00:00","author":"Telinha","twitter_card":"summary_large_image","twitter_misc":{"Escrito por":"Telinha","Tempo estimado de leitura":"1 minuto"},"schema":{"@context":"https:\/\/schema.org","@graph":[{"@type":"Article","@id":"https:\/\/portaltela.pt\/noticias\/2026\/04\/02\/casal-de-idosos-em-aveiro-era-vitima-de-maus-tratos-pela-companheira-do-filho\/#article","isPartOf":{"@id":"https:\/\/portaltela.pt\/noticias\/2026\/04\/02\/casal-de-idosos-em-aveiro-era-vitima-de-maus-tratos-pela-companheira-do-filho\/"},"author":{"name":"Telinha","@id":"https:\/\/portaltela.pt\/#\/schema\/person\/c4278d4a6028830caff9ee44b42d32ed"},"headline":"Casal de idosos em Aveiro era v\u00edtima de maus-tratos pela companheira do filho","datePublished":"2026-04-02T17:47:09+00:00","mainEntityOfPage":{"@id":"https:\/\/portaltela.pt\/noticias\/2026\/04\/02\/casal-de-idosos-em-aveiro-era-vitima-de-maus-tratos-pela-companheira-do-filho\/"},"wordCount":134,"image":{"@id":"https:\/\/portaltela.pt\/noticias\/2026\/04\/02\/casal-de-idosos-em-aveiro-era-vitima-de-maus-tratos-pela-companheira-do-filho\/#primaryimage"},"thumbnailUrl":"https:\/\/portaltela.pt\/s.01k8rhncp4jt1\/2026\/04\/2079088.jpg","keywords":["Aveiro","cuidados de sa\u00fade","hospital","idosos","maus-tratos","viol\u00eancia dom\u00e9stica"],"articleSection":["Crimes contra a pessoa","Not\u00edcias"],"inLanguage":"pt-PT"},{"@type":"WebPage","@id":"https:\/\/portaltela.pt\/noticias\/2026\/04\/02\/casal-de-idosos-em-aveiro-era-vitima-de-maus-tratos-pela-companheira-do-filho\/","url":"https:\/\/portaltela.pt\/noticias\/2026\/04\/02\/casal-de-idosos-em-aveiro-era-vitima-de-maus-tratos-pela-companheira-do-filho\/","name":"Casal de idosos em Aveiro era v\u00edtima de maus-tratos pela companheira do filho - Portal Tela Portugal","isPartOf":{"@id":"https:\/\/portaltela.pt\/#website"},"primaryImageOfPage":{"@id":"https:\/\/portaltela.pt\/noticias\/2026\/04\/02\/casal-de-idosos-em-aveiro-era-vitima-de-maus-tratos-pela-companheira-do-filho\/#primaryimage"},"image":{"@id":"https:\/\/portaltela.pt\/noticias\/2026\/04\/02\/casal-de-idosos-em-aveiro-era-vitima-de-maus-tratos-pela-companheira-do-filho\/#primaryimage"},"thumbnailUrl":"https:\/\/portaltela.pt\/s.01k8rhncp4jt1\/2026\/04\/2079088.jpg","datePublished":"2026-04-02T17:47:09+00:00","author":{"@id":"https:\/\/portaltela.pt\/#\/schema\/person\/c4278d4a6028830caff9ee44b42d32ed"},"breadcrumb":{"@id":"https:\/\/portaltela.pt\/noticias\/2026\/04\/02\/casal-de-idosos-em-aveiro-era-vitima-de-maus-tratos-pela-companheira-do-filho\/#breadcrumb"},"inLanguage":"pt-PT","potentialAction":[{"@type":"ReadAction","target":["https:\/\/portaltela.pt\/noticias\/2026\/04\/02\/casal-de-idosos-em-aveiro-era-vitima-de-maus-tratos-pela-companheira-do-filho\/"]}]},{"@type":"ImageObject","inLanguage":"pt-PT","@id":"https:\/\/portaltela.pt\/noticias\/2026\/04\/02\/casal-de-idosos-em-aveiro-era-vitima-de-maus-tratos-pela-companheira-do-filho\/#primaryimage","url":"https:\/\/portaltela.pt\/s.01k8rhncp4jt1\/2026\/04\/2079088.jpg","contentUrl":"https:\/\/portaltela.pt\/s.01k8rhncp4jt1\/2026\/04\/2079088.jpg","width":796,"height":448,"caption":"O casal foi encaminhado para o hospital de Aveiro e a suspeita foi identificada"},{"@type":"BreadcrumbList","@id":"https:\/\/portaltela.pt\/noticias\/2026\/04\/02\/casal-de-idosos-em-aveiro-era-vitima-de-maus-tratos-pela-companheira-do-filho\/#breadcrumb","itemListElement":[{"@type":"ListItem","position":1,"name":"In\u00edcio","item":"https:\/\/portaltela.pt\/"},{"@type":"ListItem","position":2,"name":"Casal de idosos em Aveiro era v\u00edtima de maus-tratos pela companheira do filho"}]},{"@type":"WebSite","@id":"https:\/\/portaltela.pt\/#website","url":"https:\/\/portaltela.pt\/","name":"Portal Tela Portugal","description":"","potentialAction":[{"@type":"SearchAction","target":{"@type":"EntryPoint","urlTemplate":"https:\/\/portaltela.pt\/?s={search_term_string}"},"query-input":{"@type":"PropertyValueSpecification","valueRequired":true,"valueName":"search_term_string"}}],"inLanguage":"pt-PT"},{"@type":"Person","@id":"https:\/\/portaltela.pt\/#\/schema\/person\/c4278d4a6028830caff9ee44b42d32ed","name":"Telinha","image":{"@type":"ImageObject","inLanguage":"pt-PT","@id":"https:\/\/portaltela.pt\/s.01k8rhncp4jt1\/2025\/11\/talking-bot-125x125.png","url":"https:\/\/portaltela.pt\/s.01k8rhncp4jt1\/2025\/11\/talking-bot-125x125.png","contentUrl":"https:\/\/portaltela.pt\/s.01k8rhncp4jt1\/2025\/11\/talking-bot-125x125.png","caption":"Telinha"},"sameAs":["https:\/\/portaltela.pt\/"],"url":"https:\/\/portaltela.pt\/por\/367410592786\/"}]}},"_links":{"self":[{"href":"https:\/\/portaltela.pt\/api\/wp\/v2\/posts\/430832","targetHints":{"allow":["GET"]}}],"collection":[{"href":"https:\/\/portaltela.pt\/api\/wp\/v2\/posts"}],"about":[{"href":"https:\/\/portaltela.pt\/api\/wp\/v2\/types\/post"}],"author":[{"embeddable":true,"href":"https:\/\/portaltela.pt\/api\/wp\/v2\/users\/2"}],"replies":[{"embeddable":true,"href":"https:\/\/portaltela.pt\/api\/wp\/v2\/comments?post=430832"}],"version-history":[{"count":0,"href":"https:\/\/portaltela.pt\/api\/wp\/v2\/posts\/430832\/revisions"}],"wp:featuredmedia":[{"embeddable":true,"href":"https:\/\/portaltela.pt\/api\/wp\/v2\/media\/430836"}],"wp:attachment":[{"href":"https:\/\/portaltela.pt\/api\/wp\/v2\/media?parent=430832"}],"wp:term":[{"taxonomy":"category","embeddable":true,"href":"https:\/\/portaltela.pt\/api\/wp\/v2\/categories?post=430832"},{"taxonomy":"post_tag","embeddable":true,"href":"https:\/\/portaltela.pt\/api\/wp\/v2\/tags?post=430832"}],"curies":[{"name":"wp","href":"https:\/\/api.w.org\/{rel}","templated":true}]}}