{"id":430797,"date":"2026-04-02T11:53:00","date_gmt":"2026-04-02T14:53:00","guid":{"rendered":"https:\/\/portaltela.pt\/noticias\/2026\/04\/02\/condutores-de-turismo-protestam-em-sintra-contra-novas-regras-de-estacionamento\/"},"modified":"2026-04-02T11:53:00","modified_gmt":"2026-04-02T14:53:00","slug":"condutores-de-turismo-protestam-em-sintra-contra-novas-regras-de-estacionamento","status":"publish","type":"post","link":"https:\/\/portaltela.pt\/noticias\/2026\/04\/02\/condutores-de-turismo-protestam-em-sintra-contra-novas-regras-de-estacionamento\/","title":{"rendered":"Condutores de turismo protestam em Sintra contra novas regras de estacionamento"},"content":{"rendered":"<p>Cerca de 50 condutores de ve\u00edculos de anima\u00e7\u00e3o tur\u00edstica protestaram hoje em Sintra contra as novas regras de estacionamento, em vigor desde quarta-feira. Entre os ve\u00edculos envolvidos encontram-se jipes, tuk-tuks e carros adaptados.<\/p>\n<p>O protesto decorreu na zona central do concelho, com os condutores a alegar que as medidas dificultam a capta\u00e7\u00e3o de clientes e a opera\u00e7\u00e3o das rotas tur\u00edsticas na regi\u00e3o.<\/p>\n<p>As autoridades locais n\u00e3o anunciaram medidas adicionais ainda para al\u00e9m da vig\u00eancia das novas regras, que visam ordenar o estacionamento de ve\u00edculos de anima\u00e7\u00e3o tur\u00edstica no munic\u00edpio.<\/p>\n","protected":false},"excerpt":{"rendered":"<ul>\n<li>Cerca de 50 condutores de anima\u00e7\u00e3o tur\u00edstica protestaram hoje em Sintra contra as novas regras de estacionamento adotadas pelo munic\u00edpio.<\/li>\n<li>Os ve\u00edculos envolvidos incluem jipes, tuk-tuk e carros adaptados.<\/li>\n<li>As regras entraram em vigor na quarta-feira.<\/li>\n<li>O protesto teve lugar na \u00e1rea de Sintra, sem informa\u00e7\u00f5es adicionais sobre incidentes.<\/li>\n<\/ul>\n","protected":false},"author":2,"featured_media":430798,"comment_status":"closed","ping_status":"closed","sticky":false,"template":"","format":"standard","meta":{"footnotes":""},"categories":[7372,1],"tags":[144,1110,192,169,6622,6699],"class_list":["post-430797","post","type-post","status-publish","format-standard","has-post-thumbnail","hentry","category-comunidade","category-noticias","tag-concelho","tag-sintra","tag-transporte","tag-turismo","tag-veiculos","tag-viaturas"],"yoast_head":"<!-- This site is optimized with the Yoast SEO plugin v27.2 - https:\/\/yoast.com\/product\/yoast-seo-wordpress\/ -->\n<title>Condutores de turismo protestam em Sintra contra novas regras de estacionamento - Portal Tela Portugal<\/title>\n<meta name=\"robots\" content=\"index, follow, max-snippet:-1, max-image-preview:large, max-video-preview:-1\" \/>\n<meta property=\"og:locale\" content=\"pt_PT\" \/>\n<meta property=\"og:type\" content=\"article\" \/>\n<meta property=\"og:title\" content=\"Condutores de turismo protestam em Sintra contra novas regras de estacionamento - Portal Tela Portugal\" \/>\n<meta property=\"og:description\" content=\"Cerca de 50 condutores de anima\u00e7\u00e3o tur\u00edstica protestaram hoje em Sintra contra as novas regras de estacionamento adotadas pelo munic\u00edpio. Os ve\u00edculos envolvidos incluem jipes, tuk-tuk e carros adaptados. As regras entraram em vigor na quarta-feira. O protesto teve lugar na \u00e1rea de Sintra, sem informa\u00e7\u00f5es adicionais sobre incidentes.\" \/>\n<meta property=\"og:url\" content=\"https:\/\/portaltela.pt\/noticias\/2026\/04\/02\/condutores-de-turismo-protestam-em-sintra-contra-novas-regras-de-estacionamento\/\" \/>\n<meta property=\"og:site_name\" content=\"Portal Tela Portugal\" \/>\n<meta property=\"article:published_time\" content=\"2026-04-02T14:53:00+00:00\" \/>\n<meta name=\"author\" content=\"Telinha\" \/>\n<meta name=\"twitter:card\" content=\"summary_large_image\" \/>\n<meta name=\"twitter:label1\" content=\"Escrito por\" \/>\n\t<meta name=\"twitter:data1\" content=\"Telinha\" \/>\n\t<meta name=\"twitter:label2\" content=\"Tempo estimado de leitura\" \/>\n\t<meta name=\"twitter:data2\" content=\"1 minuto\" \/>\n<script type=\"application\/ld+json\" class=\"yoast-schema-graph\">{\"@context\":\"https:\/\/schema.org\",\"@graph\":[{\"@type\":\"Article\",\"@id\":\"https:\/\/portaltela.pt\/noticias\/2026\/04\/02\/condutores-de-turismo-protestam-em-sintra-contra-novas-regras-de-estacionamento\/#article\",\"isPartOf\":{\"@id\":\"https:\/\/portaltela.pt\/noticias\/2026\/04\/02\/condutores-de-turismo-protestam-em-sintra-contra-novas-regras-de-estacionamento\/\"},\"author\":{\"name\":\"Telinha\",\"@id\":\"https:\/\/portaltela.pt\/#\/schema\/person\/c4278d4a6028830caff9ee44b42d32ed\"},\"headline\":\"Condutores de turismo protestam em Sintra contra novas regras de estacionamento\",\"datePublished\":\"2026-04-02T14:53:00+00:00\",\"mainEntityOfPage\":{\"@id\":\"https:\/\/portaltela.pt\/noticias\/2026\/04\/02\/condutores-de-turismo-protestam-em-sintra-contra-novas-regras-de-estacionamento\/\"},\"wordCount\":114,\"image\":{\"@id\":\"https:\/\/portaltela.pt\/noticias\/2026\/04\/02\/condutores-de-turismo-protestam-em-sintra-contra-novas-regras-de-estacionamento\/#primaryimage\"},\"thumbnailUrl\":\"https:\/\/portaltela.pt\/s.01k8rhncp4jt1\/2026\/04\/CACHE_780X1200_ANALOG_WATERMARKED_46867521_5169133_02042026122954.jpg\",\"keywords\":[\"concelho\",\"Sintra\",\"transporte\",\"turismo\",\"ve\u00edculos\",\"viaturas\"],\"articleSection\":[\"Comunidade\",\"Not\u00edcias\"],\"inLanguage\":\"pt-PT\"},{\"@type\":\"WebPage\",\"@id\":\"https:\/\/portaltela.pt\/noticias\/2026\/04\/02\/condutores-de-turismo-protestam-em-sintra-contra-novas-regras-de-estacionamento\/\",\"url\":\"https:\/\/portaltela.pt\/noticias\/2026\/04\/02\/condutores-de-turismo-protestam-em-sintra-contra-novas-regras-de-estacionamento\/\",\"name\":\"Condutores de turismo protestam em Sintra contra novas regras de estacionamento - Portal Tela Portugal\",\"isPartOf\":{\"@id\":\"https:\/\/portaltela.pt\/#website\"},\"primaryImageOfPage\":{\"@id\":\"https:\/\/portaltela.pt\/noticias\/2026\/04\/02\/condutores-de-turismo-protestam-em-sintra-contra-novas-regras-de-estacionamento\/#primaryimage\"},\"image\":{\"@id\":\"https:\/\/portaltela.pt\/noticias\/2026\/04\/02\/condutores-de-turismo-protestam-em-sintra-contra-novas-regras-de-estacionamento\/#primaryimage\"},\"thumbnailUrl\":\"https:\/\/portaltela.pt\/s.01k8rhncp4jt1\/2026\/04\/CACHE_780X1200_ANALOG_WATERMARKED_46867521_5169133_02042026122954.jpg\",\"datePublished\":\"2026-04-02T14:53:00+00:00\",\"author\":{\"@id\":\"https:\/\/portaltela.pt\/#\/schema\/person\/c4278d4a6028830caff9ee44b42d32ed\"},\"breadcrumb\":{\"@id\":\"https:\/\/portaltela.pt\/noticias\/2026\/04\/02\/condutores-de-turismo-protestam-em-sintra-contra-novas-regras-de-estacionamento\/#breadcrumb\"},\"inLanguage\":\"pt-PT\",\"potentialAction\":[{\"@type\":\"ReadAction\",\"target\":[\"https:\/\/portaltela.pt\/noticias\/2026\/04\/02\/condutores-de-turismo-protestam-em-sintra-contra-novas-regras-de-estacionamento\/\"]}]},{\"@type\":\"ImageObject\",\"inLanguage\":\"pt-PT\",\"@id\":\"https:\/\/portaltela.pt\/noticias\/2026\/04\/02\/condutores-de-turismo-protestam-em-sintra-contra-novas-regras-de-estacionamento\/#primaryimage\",\"url\":\"https:\/\/portaltela.pt\/s.01k8rhncp4jt1\/2026\/04\/CACHE_780X1200_ANALOG_WATERMARKED_46867521_5169133_02042026122954.jpg\",\"contentUrl\":\"https:\/\/portaltela.pt\/s.01k8rhncp4jt1\/2026\/04\/CACHE_780X1200_ANALOG_WATERMARKED_46867521_5169133_02042026122954.jpg\",\"width\":796,\"height\":448,\"caption\":\"Condutores de anima\u00e7\u00e3o tur\u00edstica protestam em Sintra contra novas regras de estacionamento\"},{\"@type\":\"BreadcrumbList\",\"@id\":\"https:\/\/portaltela.pt\/noticias\/2026\/04\/02\/condutores-de-turismo-protestam-em-sintra-contra-novas-regras-de-estacionamento\/#breadcrumb\",\"itemListElement\":[{\"@type\":\"ListItem\",\"position\":1,\"name\":\"In\u00edcio\",\"item\":\"https:\/\/portaltela.pt\/\"},{\"@type\":\"ListItem\",\"position\":2,\"name\":\"Condutores de turismo protestam em Sintra contra novas regras de estacionamento\"}]},{\"@type\":\"WebSite\",\"@id\":\"https:\/\/portaltela.pt\/#website\",\"url\":\"https:\/\/portaltela.pt\/\",\"name\":\"Portal Tela Portugal\",\"description\":\"\",\"potentialAction\":[{\"@type\":\"SearchAction\",\"target\":{\"@type\":\"EntryPoint\",\"urlTemplate\":\"https:\/\/portaltela.pt\/?s={search_term_string}\"},\"query-input\":{\"@type\":\"PropertyValueSpecification\",\"valueRequired\":true,\"valueName\":\"search_term_string\"}}],\"inLanguage\":\"pt-PT\"},{\"@type\":\"Person\",\"@id\":\"https:\/\/portaltela.pt\/#\/schema\/person\/c4278d4a6028830caff9ee44b42d32ed\",\"name\":\"Telinha\",\"image\":{\"@type\":\"ImageObject\",\"inLanguage\":\"pt-PT\",\"@id\":\"https:\/\/portaltela.pt\/s.01k8rhncp4jt1\/2025\/11\/talking-bot-125x125.png\",\"url\":\"https:\/\/portaltela.pt\/s.01k8rhncp4jt1\/2025\/11\/talking-bot-125x125.png\",\"contentUrl\":\"https:\/\/portaltela.pt\/s.01k8rhncp4jt1\/2025\/11\/talking-bot-125x125.png\",\"caption\":\"Telinha\"},\"sameAs\":[\"https:\/\/portaltela.pt\/\"],\"url\":\"https:\/\/portaltela.pt\/por\/367410592786\/\"}]}<\/script>\n<!-- \/ Yoast SEO plugin. -->","yoast_head_json":{"title":"Condutores de turismo protestam em Sintra contra novas regras de estacionamento - Portal Tela Portugal","robots":{"index":"index","follow":"follow","max-snippet":"max-snippet:-1","max-image-preview":"max-image-preview:large","max-video-preview":"max-video-preview:-1"},"og_locale":"pt_PT","og_type":"article","og_title":"Condutores de turismo protestam em Sintra contra novas regras de estacionamento - Portal Tela Portugal","og_description":"Cerca de 50 condutores de anima\u00e7\u00e3o tur\u00edstica protestaram hoje em Sintra contra as novas regras de estacionamento adotadas pelo munic\u00edpio. Os ve\u00edculos envolvidos incluem jipes, tuk-tuk e carros adaptados. As regras entraram em vigor na quarta-feira. O protesto teve lugar na \u00e1rea de Sintra, sem informa\u00e7\u00f5es adicionais sobre incidentes.","og_url":"https:\/\/portaltela.pt\/noticias\/2026\/04\/02\/condutores-de-turismo-protestam-em-sintra-contra-novas-regras-de-estacionamento\/","og_site_name":"Portal Tela Portugal","article_published_time":"2026-04-02T14:53:00+00:00","author":"Telinha","twitter_card":"summary_large_image","twitter_misc":{"Escrito por":"Telinha","Tempo estimado de leitura":"1 minuto"},"schema":{"@context":"https:\/\/schema.org","@graph":[{"@type":"Article","@id":"https:\/\/portaltela.pt\/noticias\/2026\/04\/02\/condutores-de-turismo-protestam-em-sintra-contra-novas-regras-de-estacionamento\/#article","isPartOf":{"@id":"https:\/\/portaltela.pt\/noticias\/2026\/04\/02\/condutores-de-turismo-protestam-em-sintra-contra-novas-regras-de-estacionamento\/"},"author":{"name":"Telinha","@id":"https:\/\/portaltela.pt\/#\/schema\/person\/c4278d4a6028830caff9ee44b42d32ed"},"headline":"Condutores de turismo protestam em Sintra contra novas regras de estacionamento","datePublished":"2026-04-02T14:53:00+00:00","mainEntityOfPage":{"@id":"https:\/\/portaltela.pt\/noticias\/2026\/04\/02\/condutores-de-turismo-protestam-em-sintra-contra-novas-regras-de-estacionamento\/"},"wordCount":114,"image":{"@id":"https:\/\/portaltela.pt\/noticias\/2026\/04\/02\/condutores-de-turismo-protestam-em-sintra-contra-novas-regras-de-estacionamento\/#primaryimage"},"thumbnailUrl":"https:\/\/portaltela.pt\/s.01k8rhncp4jt1\/2026\/04\/CACHE_780X1200_ANALOG_WATERMARKED_46867521_5169133_02042026122954.jpg","keywords":["concelho","Sintra","transporte","turismo","ve\u00edculos","viaturas"],"articleSection":["Comunidade","Not\u00edcias"],"inLanguage":"pt-PT"},{"@type":"WebPage","@id":"https:\/\/portaltela.pt\/noticias\/2026\/04\/02\/condutores-de-turismo-protestam-em-sintra-contra-novas-regras-de-estacionamento\/","url":"https:\/\/portaltela.pt\/noticias\/2026\/04\/02\/condutores-de-turismo-protestam-em-sintra-contra-novas-regras-de-estacionamento\/","name":"Condutores de turismo protestam em Sintra contra novas regras de estacionamento - Portal Tela Portugal","isPartOf":{"@id":"https:\/\/portaltela.pt\/#website"},"primaryImageOfPage":{"@id":"https:\/\/portaltela.pt\/noticias\/2026\/04\/02\/condutores-de-turismo-protestam-em-sintra-contra-novas-regras-de-estacionamento\/#primaryimage"},"image":{"@id":"https:\/\/portaltela.pt\/noticias\/2026\/04\/02\/condutores-de-turismo-protestam-em-sintra-contra-novas-regras-de-estacionamento\/#primaryimage"},"thumbnailUrl":"https:\/\/portaltela.pt\/s.01k8rhncp4jt1\/2026\/04\/CACHE_780X1200_ANALOG_WATERMARKED_46867521_5169133_02042026122954.jpg","datePublished":"2026-04-02T14:53:00+00:00","author":{"@id":"https:\/\/portaltela.pt\/#\/schema\/person\/c4278d4a6028830caff9ee44b42d32ed"},"breadcrumb":{"@id":"https:\/\/portaltela.pt\/noticias\/2026\/04\/02\/condutores-de-turismo-protestam-em-sintra-contra-novas-regras-de-estacionamento\/#breadcrumb"},"inLanguage":"pt-PT","potentialAction":[{"@type":"ReadAction","target":["https:\/\/portaltela.pt\/noticias\/2026\/04\/02\/condutores-de-turismo-protestam-em-sintra-contra-novas-regras-de-estacionamento\/"]}]},{"@type":"ImageObject","inLanguage":"pt-PT","@id":"https:\/\/portaltela.pt\/noticias\/2026\/04\/02\/condutores-de-turismo-protestam-em-sintra-contra-novas-regras-de-estacionamento\/#primaryimage","url":"https:\/\/portaltela.pt\/s.01k8rhncp4jt1\/2026\/04\/CACHE_780X1200_ANALOG_WATERMARKED_46867521_5169133_02042026122954.jpg","contentUrl":"https:\/\/portaltela.pt\/s.01k8rhncp4jt1\/2026\/04\/CACHE_780X1200_ANALOG_WATERMARKED_46867521_5169133_02042026122954.jpg","width":796,"height":448,"caption":"Condutores de anima\u00e7\u00e3o tur\u00edstica protestam em Sintra contra novas regras de estacionamento"},{"@type":"BreadcrumbList","@id":"https:\/\/portaltela.pt\/noticias\/2026\/04\/02\/condutores-de-turismo-protestam-em-sintra-contra-novas-regras-de-estacionamento\/#breadcrumb","itemListElement":[{"@type":"ListItem","position":1,"name":"In\u00edcio","item":"https:\/\/portaltela.pt\/"},{"@type":"ListItem","position":2,"name":"Condutores de turismo protestam em Sintra contra novas regras de estacionamento"}]},{"@type":"WebSite","@id":"https:\/\/portaltela.pt\/#website","url":"https:\/\/portaltela.pt\/","name":"Portal Tela Portugal","description":"","potentialAction":[{"@type":"SearchAction","target":{"@type":"EntryPoint","urlTemplate":"https:\/\/portaltela.pt\/?s={search_term_string}"},"query-input":{"@type":"PropertyValueSpecification","valueRequired":true,"valueName":"search_term_string"}}],"inLanguage":"pt-PT"},{"@type":"Person","@id":"https:\/\/portaltela.pt\/#\/schema\/person\/c4278d4a6028830caff9ee44b42d32ed","name":"Telinha","image":{"@type":"ImageObject","inLanguage":"pt-PT","@id":"https:\/\/portaltela.pt\/s.01k8rhncp4jt1\/2025\/11\/talking-bot-125x125.png","url":"https:\/\/portaltela.pt\/s.01k8rhncp4jt1\/2025\/11\/talking-bot-125x125.png","contentUrl":"https:\/\/portaltela.pt\/s.01k8rhncp4jt1\/2025\/11\/talking-bot-125x125.png","caption":"Telinha"},"sameAs":["https:\/\/portaltela.pt\/"],"url":"https:\/\/portaltela.pt\/por\/367410592786\/"}]}},"_links":{"self":[{"href":"https:\/\/portaltela.pt\/api\/wp\/v2\/posts\/430797","targetHints":{"allow":["GET"]}}],"collection":[{"href":"https:\/\/portaltela.pt\/api\/wp\/v2\/posts"}],"about":[{"href":"https:\/\/portaltela.pt\/api\/wp\/v2\/types\/post"}],"author":[{"embeddable":true,"href":"https:\/\/portaltela.pt\/api\/wp\/v2\/users\/2"}],"replies":[{"embeddable":true,"href":"https:\/\/portaltela.pt\/api\/wp\/v2\/comments?post=430797"}],"version-history":[{"count":0,"href":"https:\/\/portaltela.pt\/api\/wp\/v2\/posts\/430797\/revisions"}],"wp:featuredmedia":[{"embeddable":true,"href":"https:\/\/portaltela.pt\/api\/wp\/v2\/media\/430798"}],"wp:attachment":[{"href":"https:\/\/portaltela.pt\/api\/wp\/v2\/media?parent=430797"}],"wp:term":[{"taxonomy":"category","embeddable":true,"href":"https:\/\/portaltela.pt\/api\/wp\/v2\/categories?post=430797"},{"taxonomy":"post_tag","embeddable":true,"href":"https:\/\/portaltela.pt\/api\/wp\/v2\/tags?post=430797"}],"curies":[{"name":"wp","href":"https:\/\/api.w.org\/{rel}","templated":true}]}}