{"id":430709,"date":"2026-04-02T13:32:11","date_gmt":"2026-04-02T16:32:11","guid":{"rendered":"https:\/\/portaltela.pt\/noticias\/2026\/04\/02\/portugal-defronta-nigeria-no-ultimo-teste-antes-do-mundial-2026\/"},"modified":"2026-04-02T13:32:11","modified_gmt":"2026-04-02T16:32:11","slug":"portugal-defronta-nigeria-no-ultimo-teste-antes-do-mundial-2026","status":"publish","type":"post","link":"https:\/\/portaltela.pt\/desporto\/futebol\/2026\/04\/02\/portugal-defronta-nigeria-no-ultimo-teste-antes-do-mundial-2026\/","title":{"rendered":"Portugal defronta Nig\u00e9ria no \u00faltimo teste antes do Mundial 2026"},"content":{"rendered":"<p>A Federa\u00e7\u00e3o Portuguesa de Futebol (FPF) confirmou o \u00faltimo teste da sele\u00e7\u00e3o antes do Mundial 2026. Portugal defronta a Nig\u00e9ria no dia 10 de Junho, quatro dias depois de jogar com o Chile. O encontro acontece num contexto preparat\u00f3rio para o torneio que se disputa em 2026.<\/p>\n<p>Segundo a FPF, o jogo frente aos nigerianos ser\u00e1 o derradeiro ensaio antes do arranque da competi\u00e7\u00e3o, que decorre entre o Canad\u00e1, os Estados Unidos e o M\u00e9xico. A data do confronto j\u00e1 estava prevista, mantendo-se a janela de prepara\u00e7\u00e3o de junho.<\/p>\n<p>A Nig\u00e9ria falhou a qualifica\u00e7\u00e3o para o Mundial 2026. Este ser\u00e1 apenas segundo encontro entre as duas sele\u00e7\u00f5es, depois da vit\u00f3ria portuguesa por 4-0 em Novembro de 2022, em Lisboa, antes do Mundial do Qatar.<\/p>\n<h3>Dados do jogo<\/h3>\n<p>A FPF informou que o advers\u00e1rio ser\u00e1 a Nig\u00e9ria no dia 10 de Junho. A confirma\u00e7\u00e3o do local ainda n\u00e3o foi divulgada pela Federa\u00e7\u00e3o.<\/p>\n<p>No historial recente, o Portugal-Chile de 6 de Junho est\u00e1 ligado ao programa de prepara\u00e7\u00e3o, com o jogo na qualifica\u00e7\u00e3o de junho ainda por confirmar o recinto.<\/p>\n","protected":false},"excerpt":{"rendered":"<ul>\n<li>A sele\u00e7\u00e3o portuguesa vai defrontar a Nig\u00e9ria no dia 10 de junho, no \u00faltimo ensaio antes do Mundial 2026.<\/li>\n<li>O Mundial de 2026 \u00e9 co-organizado por Canad\u00e1, Estados Unidos e M\u00e9xico.<\/li>\n<li>Portugal j\u00e1 tinha anunciado o jogo com o Chile para 6 de junho, no Est\u00e1dio Nacional, em Oeiras; o local do duelo com a Nig\u00e9ria n\u00e3o foi divulgado.<\/li>\n<li>O encontro com a Nig\u00e9ria \u00e9 o segundo entre as duas sele\u00e7\u00f5es, depois da vit\u00f3ria portuguesa por 4-0 em 17 de novembro de 2022, no Est\u00e1dio Jos\u00e9 Alvalade.<\/li>\n<li>O Est\u00e1dio Dr. Magalh\u00e3es Pessoa, em Leiria, sofreu danos graves recentemente, o que pode afetar a realiza\u00e7\u00e3o de jogos na II Liga nesse recinto.<\/li>\n<\/ul>\n","protected":false},"author":2,"featured_media":430714,"comment_status":"closed","ping_status":"closed","sticky":false,"template":"","format":"standard","meta":{"footnotes":""},"categories":[21,24],"tags":[6367,32,3338,1368,1014,2057],"class_list":["post-430709","post","type-post","status-publish","format-standard","has-post-thumbnail","hentry","category-desporto","category-futebol","tag-copa2026","tag-futebol","tag-futebol-internacional","tag-nigeria","tag-portugal","tag-selecao-nacional"],"yoast_head":"<!-- This site is optimized with the Yoast SEO plugin v27.2 - https:\/\/yoast.com\/product\/yoast-seo-wordpress\/ -->\n<title>Portugal defronta Nig\u00e9ria no \u00faltimo teste antes do Mundial 2026 - Portal Tela Portugal<\/title>\n<meta name=\"robots\" content=\"index, follow, max-snippet:-1, max-image-preview:large, max-video-preview:-1\" \/>\n<meta property=\"og:locale\" content=\"pt_PT\" \/>\n<meta property=\"og:type\" content=\"article\" \/>\n<meta property=\"og:title\" content=\"Portugal defronta Nig\u00e9ria no \u00faltimo teste antes do Mundial 2026 - Portal Tela Portugal\" \/>\n<meta property=\"og:description\" content=\"A sele\u00e7\u00e3o portuguesa vai defrontar a Nig\u00e9ria no dia 10 de junho, no \u00faltimo ensaio antes do Mundial 2026. O Mundial de 2026 \u00e9 co-organizado por Canad\u00e1, Estados Unidos e M\u00e9xico. Portugal j\u00e1 tinha anunciado o jogo com o Chile para 6 de junho, no Est\u00e1dio Nacional, em Oeiras; o local do duelo com a Nig\u00e9ria n\u00e3o foi divulgado. O encontro com a Nig\u00e9ria \u00e9 o segundo entre as duas sele\u00e7\u00f5es, depois da vit\u00f3ria portuguesa por 4-0 em 17 de novembro de 2022, no Est\u00e1dio Jos\u00e9 Alvalade. O Est\u00e1dio Dr. Magalh\u00e3es Pessoa, em Leiria, sofreu danos graves recentemente, o que pode afetar a realiza\u00e7\u00e3o de jogos na II Liga nesse recinto.\" \/>\n<meta property=\"og:url\" content=\"https:\/\/portaltela.pt\/noticias\/2026\/04\/02\/portugal-defronta-nigeria-no-ultimo-teste-antes-do-mundial-2026\/\" \/>\n<meta property=\"og:site_name\" content=\"Portal Tela Portugal\" \/>\n<meta property=\"article:published_time\" content=\"2026-04-02T16:32:11+00:00\" \/>\n<meta name=\"author\" content=\"Telinha\" \/>\n<meta name=\"twitter:card\" content=\"summary_large_image\" \/>\n<meta name=\"twitter:label1\" content=\"Escrito por\" \/>\n\t<meta name=\"twitter:data1\" content=\"Telinha\" \/>\n\t<meta name=\"twitter:label2\" content=\"Tempo estimado de leitura\" \/>\n\t<meta name=\"twitter:data2\" content=\"1 minuto\" \/>\n<script type=\"application\/ld+json\" class=\"yoast-schema-graph\">{\"@context\":\"https:\/\/schema.org\",\"@graph\":[{\"@type\":\"Article\",\"@id\":\"https:\/\/portaltela.pt\/noticias\/2026\/04\/02\/portugal-defronta-nigeria-no-ultimo-teste-antes-do-mundial-2026\/#article\",\"isPartOf\":{\"@id\":\"https:\/\/portaltela.pt\/noticias\/2026\/04\/02\/portugal-defronta-nigeria-no-ultimo-teste-antes-do-mundial-2026\/\"},\"author\":{\"name\":\"Telinha\",\"@id\":\"https:\/\/portaltela.pt\/#\/schema\/person\/c4278d4a6028830caff9ee44b42d32ed\"},\"headline\":\"Portugal defronta Nig\u00e9ria no \u00faltimo teste antes do Mundial 2026\",\"datePublished\":\"2026-04-02T16:32:11+00:00\",\"mainEntityOfPage\":{\"@id\":\"https:\/\/portaltela.pt\/noticias\/2026\/04\/02\/portugal-defronta-nigeria-no-ultimo-teste-antes-do-mundial-2026\/\"},\"wordCount\":199,\"image\":{\"@id\":\"https:\/\/portaltela.pt\/noticias\/2026\/04\/02\/portugal-defronta-nigeria-no-ultimo-teste-antes-do-mundial-2026\/#primaryimage\"},\"thumbnailUrl\":\"https:\/\/portaltela.pt\/s.01k8rhncp4jt1\/2026\/04\/2079030.jpg\",\"keywords\":[\"#copa2026\",\"futebol\",\"futebol internacional\",\"Nig\u00e9ria\",\"Portugal\",\"Sele\u00e7\u00e3o Nacional\"],\"articleSection\":[\"Desporto\",\"Futebol\"],\"inLanguage\":\"pt-PT\"},{\"@type\":\"WebPage\",\"@id\":\"https:\/\/portaltela.pt\/noticias\/2026\/04\/02\/portugal-defronta-nigeria-no-ultimo-teste-antes-do-mundial-2026\/\",\"url\":\"https:\/\/portaltela.pt\/noticias\/2026\/04\/02\/portugal-defronta-nigeria-no-ultimo-teste-antes-do-mundial-2026\/\",\"name\":\"Portugal defronta Nig\u00e9ria no \u00faltimo teste antes do Mundial 2026 - Portal Tela Portugal\",\"isPartOf\":{\"@id\":\"https:\/\/portaltela.pt\/#website\"},\"primaryImageOfPage\":{\"@id\":\"https:\/\/portaltela.pt\/noticias\/2026\/04\/02\/portugal-defronta-nigeria-no-ultimo-teste-antes-do-mundial-2026\/#primaryimage\"},\"image\":{\"@id\":\"https:\/\/portaltela.pt\/noticias\/2026\/04\/02\/portugal-defronta-nigeria-no-ultimo-teste-antes-do-mundial-2026\/#primaryimage\"},\"thumbnailUrl\":\"https:\/\/portaltela.pt\/s.01k8rhncp4jt1\/2026\/04\/2079030.jpg\",\"datePublished\":\"2026-04-02T16:32:11+00:00\",\"author\":{\"@id\":\"https:\/\/portaltela.pt\/#\/schema\/person\/c4278d4a6028830caff9ee44b42d32ed\"},\"breadcrumb\":{\"@id\":\"https:\/\/portaltela.pt\/noticias\/2026\/04\/02\/portugal-defronta-nigeria-no-ultimo-teste-antes-do-mundial-2026\/#breadcrumb\"},\"inLanguage\":\"pt-PT\",\"potentialAction\":[{\"@type\":\"ReadAction\",\"target\":[\"https:\/\/portaltela.pt\/noticias\/2026\/04\/02\/portugal-defronta-nigeria-no-ultimo-teste-antes-do-mundial-2026\/\"]}]},{\"@type\":\"ImageObject\",\"inLanguage\":\"pt-PT\",\"@id\":\"https:\/\/portaltela.pt\/noticias\/2026\/04\/02\/portugal-defronta-nigeria-no-ultimo-teste-antes-do-mundial-2026\/#primaryimage\",\"url\":\"https:\/\/portaltela.pt\/s.01k8rhncp4jt1\/2026\/04\/2079030.jpg\",\"contentUrl\":\"https:\/\/portaltela.pt\/s.01k8rhncp4jt1\/2026\/04\/2079030.jpg\",\"width\":796,\"height\":448,\"caption\":\"O seleccionador Roberto Mart\u00ednez durante um treino na Cidade do Futebol, em Oeiras\"},{\"@type\":\"BreadcrumbList\",\"@id\":\"https:\/\/portaltela.pt\/noticias\/2026\/04\/02\/portugal-defronta-nigeria-no-ultimo-teste-antes-do-mundial-2026\/#breadcrumb\",\"itemListElement\":[{\"@type\":\"ListItem\",\"position\":1,\"name\":\"In\u00edcio\",\"item\":\"https:\/\/portaltela.pt\/\"},{\"@type\":\"ListItem\",\"position\":2,\"name\":\"Portugal defronta Nig\u00e9ria no \u00faltimo teste antes do Mundial 2026\"}]},{\"@type\":\"WebSite\",\"@id\":\"https:\/\/portaltela.pt\/#website\",\"url\":\"https:\/\/portaltela.pt\/\",\"name\":\"Portal Tela Portugal\",\"description\":\"\",\"potentialAction\":[{\"@type\":\"SearchAction\",\"target\":{\"@type\":\"EntryPoint\",\"urlTemplate\":\"https:\/\/portaltela.pt\/?s={search_term_string}\"},\"query-input\":{\"@type\":\"PropertyValueSpecification\",\"valueRequired\":true,\"valueName\":\"search_term_string\"}}],\"inLanguage\":\"pt-PT\"},{\"@type\":\"Person\",\"@id\":\"https:\/\/portaltela.pt\/#\/schema\/person\/c4278d4a6028830caff9ee44b42d32ed\",\"name\":\"Telinha\",\"image\":{\"@type\":\"ImageObject\",\"inLanguage\":\"pt-PT\",\"@id\":\"https:\/\/portaltela.pt\/s.01k8rhncp4jt1\/2025\/11\/talking-bot-125x125.png\",\"url\":\"https:\/\/portaltela.pt\/s.01k8rhncp4jt1\/2025\/11\/talking-bot-125x125.png\",\"contentUrl\":\"https:\/\/portaltela.pt\/s.01k8rhncp4jt1\/2025\/11\/talking-bot-125x125.png\",\"caption\":\"Telinha\"},\"sameAs\":[\"https:\/\/portaltela.pt\/\"],\"url\":\"https:\/\/portaltela.pt\/por\/367410592786\/\"}]}<\/script>\n<!-- \/ Yoast SEO plugin. -->","yoast_head_json":{"title":"Portugal defronta Nig\u00e9ria no \u00faltimo teste antes do Mundial 2026 - Portal Tela Portugal","robots":{"index":"index","follow":"follow","max-snippet":"max-snippet:-1","max-image-preview":"max-image-preview:large","max-video-preview":"max-video-preview:-1"},"og_locale":"pt_PT","og_type":"article","og_title":"Portugal defronta Nig\u00e9ria no \u00faltimo teste antes do Mundial 2026 - Portal Tela Portugal","og_description":"A sele\u00e7\u00e3o portuguesa vai defrontar a Nig\u00e9ria no dia 10 de junho, no \u00faltimo ensaio antes do Mundial 2026. O Mundial de 2026 \u00e9 co-organizado por Canad\u00e1, Estados Unidos e M\u00e9xico. Portugal j\u00e1 tinha anunciado o jogo com o Chile para 6 de junho, no Est\u00e1dio Nacional, em Oeiras; o local do duelo com a Nig\u00e9ria n\u00e3o foi divulgado. O encontro com a Nig\u00e9ria \u00e9 o segundo entre as duas sele\u00e7\u00f5es, depois da vit\u00f3ria portuguesa por 4-0 em 17 de novembro de 2022, no Est\u00e1dio Jos\u00e9 Alvalade. O Est\u00e1dio Dr. Magalh\u00e3es Pessoa, em Leiria, sofreu danos graves recentemente, o que pode afetar a realiza\u00e7\u00e3o de jogos na II Liga nesse recinto.","og_url":"https:\/\/portaltela.pt\/noticias\/2026\/04\/02\/portugal-defronta-nigeria-no-ultimo-teste-antes-do-mundial-2026\/","og_site_name":"Portal Tela Portugal","article_published_time":"2026-04-02T16:32:11+00:00","author":"Telinha","twitter_card":"summary_large_image","twitter_misc":{"Escrito por":"Telinha","Tempo estimado de leitura":"1 minuto"},"schema":{"@context":"https:\/\/schema.org","@graph":[{"@type":"Article","@id":"https:\/\/portaltela.pt\/noticias\/2026\/04\/02\/portugal-defronta-nigeria-no-ultimo-teste-antes-do-mundial-2026\/#article","isPartOf":{"@id":"https:\/\/portaltela.pt\/noticias\/2026\/04\/02\/portugal-defronta-nigeria-no-ultimo-teste-antes-do-mundial-2026\/"},"author":{"name":"Telinha","@id":"https:\/\/portaltela.pt\/#\/schema\/person\/c4278d4a6028830caff9ee44b42d32ed"},"headline":"Portugal defronta Nig\u00e9ria no \u00faltimo teste antes do Mundial 2026","datePublished":"2026-04-02T16:32:11+00:00","mainEntityOfPage":{"@id":"https:\/\/portaltela.pt\/noticias\/2026\/04\/02\/portugal-defronta-nigeria-no-ultimo-teste-antes-do-mundial-2026\/"},"wordCount":199,"image":{"@id":"https:\/\/portaltela.pt\/noticias\/2026\/04\/02\/portugal-defronta-nigeria-no-ultimo-teste-antes-do-mundial-2026\/#primaryimage"},"thumbnailUrl":"https:\/\/portaltela.pt\/s.01k8rhncp4jt1\/2026\/04\/2079030.jpg","keywords":["#copa2026","futebol","futebol internacional","Nig\u00e9ria","Portugal","Sele\u00e7\u00e3o Nacional"],"articleSection":["Desporto","Futebol"],"inLanguage":"pt-PT"},{"@type":"WebPage","@id":"https:\/\/portaltela.pt\/noticias\/2026\/04\/02\/portugal-defronta-nigeria-no-ultimo-teste-antes-do-mundial-2026\/","url":"https:\/\/portaltela.pt\/noticias\/2026\/04\/02\/portugal-defronta-nigeria-no-ultimo-teste-antes-do-mundial-2026\/","name":"Portugal defronta Nig\u00e9ria no \u00faltimo teste antes do Mundial 2026 - Portal Tela Portugal","isPartOf":{"@id":"https:\/\/portaltela.pt\/#website"},"primaryImageOfPage":{"@id":"https:\/\/portaltela.pt\/noticias\/2026\/04\/02\/portugal-defronta-nigeria-no-ultimo-teste-antes-do-mundial-2026\/#primaryimage"},"image":{"@id":"https:\/\/portaltela.pt\/noticias\/2026\/04\/02\/portugal-defronta-nigeria-no-ultimo-teste-antes-do-mundial-2026\/#primaryimage"},"thumbnailUrl":"https:\/\/portaltela.pt\/s.01k8rhncp4jt1\/2026\/04\/2079030.jpg","datePublished":"2026-04-02T16:32:11+00:00","author":{"@id":"https:\/\/portaltela.pt\/#\/schema\/person\/c4278d4a6028830caff9ee44b42d32ed"},"breadcrumb":{"@id":"https:\/\/portaltela.pt\/noticias\/2026\/04\/02\/portugal-defronta-nigeria-no-ultimo-teste-antes-do-mundial-2026\/#breadcrumb"},"inLanguage":"pt-PT","potentialAction":[{"@type":"ReadAction","target":["https:\/\/portaltela.pt\/noticias\/2026\/04\/02\/portugal-defronta-nigeria-no-ultimo-teste-antes-do-mundial-2026\/"]}]},{"@type":"ImageObject","inLanguage":"pt-PT","@id":"https:\/\/portaltela.pt\/noticias\/2026\/04\/02\/portugal-defronta-nigeria-no-ultimo-teste-antes-do-mundial-2026\/#primaryimage","url":"https:\/\/portaltela.pt\/s.01k8rhncp4jt1\/2026\/04\/2079030.jpg","contentUrl":"https:\/\/portaltela.pt\/s.01k8rhncp4jt1\/2026\/04\/2079030.jpg","width":796,"height":448,"caption":"O seleccionador Roberto Mart\u00ednez durante um treino na Cidade do Futebol, em Oeiras"},{"@type":"BreadcrumbList","@id":"https:\/\/portaltela.pt\/noticias\/2026\/04\/02\/portugal-defronta-nigeria-no-ultimo-teste-antes-do-mundial-2026\/#breadcrumb","itemListElement":[{"@type":"ListItem","position":1,"name":"In\u00edcio","item":"https:\/\/portaltela.pt\/"},{"@type":"ListItem","position":2,"name":"Portugal defronta Nig\u00e9ria no \u00faltimo teste antes do Mundial 2026"}]},{"@type":"WebSite","@id":"https:\/\/portaltela.pt\/#website","url":"https:\/\/portaltela.pt\/","name":"Portal Tela Portugal","description":"","potentialAction":[{"@type":"SearchAction","target":{"@type":"EntryPoint","urlTemplate":"https:\/\/portaltela.pt\/?s={search_term_string}"},"query-input":{"@type":"PropertyValueSpecification","valueRequired":true,"valueName":"search_term_string"}}],"inLanguage":"pt-PT"},{"@type":"Person","@id":"https:\/\/portaltela.pt\/#\/schema\/person\/c4278d4a6028830caff9ee44b42d32ed","name":"Telinha","image":{"@type":"ImageObject","inLanguage":"pt-PT","@id":"https:\/\/portaltela.pt\/s.01k8rhncp4jt1\/2025\/11\/talking-bot-125x125.png","url":"https:\/\/portaltela.pt\/s.01k8rhncp4jt1\/2025\/11\/talking-bot-125x125.png","contentUrl":"https:\/\/portaltela.pt\/s.01k8rhncp4jt1\/2025\/11\/talking-bot-125x125.png","caption":"Telinha"},"sameAs":["https:\/\/portaltela.pt\/"],"url":"https:\/\/portaltela.pt\/por\/367410592786\/"}]}},"_links":{"self":[{"href":"https:\/\/portaltela.pt\/api\/wp\/v2\/posts\/430709","targetHints":{"allow":["GET"]}}],"collection":[{"href":"https:\/\/portaltela.pt\/api\/wp\/v2\/posts"}],"about":[{"href":"https:\/\/portaltela.pt\/api\/wp\/v2\/types\/post"}],"author":[{"embeddable":true,"href":"https:\/\/portaltela.pt\/api\/wp\/v2\/users\/2"}],"replies":[{"embeddable":true,"href":"https:\/\/portaltela.pt\/api\/wp\/v2\/comments?post=430709"}],"version-history":[{"count":0,"href":"https:\/\/portaltela.pt\/api\/wp\/v2\/posts\/430709\/revisions"}],"wp:featuredmedia":[{"embeddable":true,"href":"https:\/\/portaltela.pt\/api\/wp\/v2\/media\/430714"}],"wp:attachment":[{"href":"https:\/\/portaltela.pt\/api\/wp\/v2\/media?parent=430709"}],"wp:term":[{"taxonomy":"category","embeddable":true,"href":"https:\/\/portaltela.pt\/api\/wp\/v2\/categories?post=430709"},{"taxonomy":"post_tag","embeddable":true,"href":"https:\/\/portaltela.pt\/api\/wp\/v2\/tags?post=430709"}],"curies":[{"name":"wp","href":"https:\/\/api.w.org\/{rel}","templated":true}]}}