{"id":430663,"date":"2026-04-01T21:00:00","date_gmt":"2026-04-02T00:00:00","guid":{"rendered":"https:\/\/portaltela.pt\/noticias\/2026\/04\/01\/mudancas-no-ensino-superior-entre-exigencia-e-exclusao\/"},"modified":"2026-04-01T21:00:00","modified_gmt":"2026-04-02T00:00:00","slug":"mudancas-no-ensino-superior-entre-exigencia-e-exclusao","status":"publish","type":"post","link":"https:\/\/portaltela.pt\/sociedade\/2026\/04\/01\/mudancas-no-ensino-superior-entre-exigencia-e-exclusao\/","title":{"rendered":"Mudan\u00e7as no ensino superior: entre exig\u00eancia e exclus\u00e3o"},"content":{"rendered":"<p>At\u00e9 ao momento, o Governo avan\u00e7a com altera\u00e7\u00f5es profundas no ensino superior, atrav\u00e9s de novos regimes de graus e diplomas e de um regime jur\u00eddico que redefine o acesso e a progress\u00e3o acad\u00e9mica. A proposta integra requisitos m\u00ednimos de literacia, numeracia e ingl\u00eas para v\u00e1rias vias de entrada, incluindo licenciaturas, mestrados e doutoramentos.<\/p>\n<p>Segundo o Minist\u00e9rio da Educa\u00e7\u00e3o, as exig\u00eancias n\u00e3o devem impactar o concurso nacional de acesso, incidindo sobretudo nos concursos especiais para maiores de 23 anos, diplomados de cursos t\u00e9cnicos e estudantes de cursos profissionais. O objetivo \u00e9 aferir a prepara\u00e7\u00e3o dos alunos sem fechar portas.<\/p>\n<p>A proposta detalha n\u00edveis m\u00ednimos para cada ciclo. Para entrar num ciclo curto ou licenciatura, exige-se literacia e numeracia ao n\u00edvel 3, com pron\u00fancias de verifica\u00e7\u00e3o espec\u00edficas. A literacia em ingl\u00eas pretende manter-se, preferencialmente, ao n\u00edvel B2.<\/p>\n<p>Para mestrados, o requisito varia por \u00e1rea: literacia 4 e numeracia 4 nas \u00e1reas de ci\u00eancia, matem\u00e1tica, engenharia e TIC; noutras \u00e1reas, 3 de numeracia. Nos doutoramentos, exige-se literacia 5 e numeracia 4 nas \u00e1reas t\u00e9cnicas, e numeracia 3 noutras \u00e1reas.<\/p>\n<p>Na ter\u00e7a-feira, a secret\u00e1ria de Estado do Ensino Superior esclareceu que os novos referenciais se aplicam sobretudo a vias alternativas de acesso, refor\u00e7ando a necessidade de prevenir trajet\u00f3rias de insucesso j\u00e1 na entrada. As provas de conclus\u00e3o do secund\u00e1rio j\u00e1 avaliam compet\u00eancias ao sa\u00edrem do ensino b\u00e1sico, justificando o refor\u00e7o de crit\u00e9rios nos concursos especiais.<\/p>\n<p>O ministro da Educa\u00e7\u00e3o, Fernando Alexandre, voltou a defender que as regras visam reduzir a discrep\u00e2ncia entre inscri\u00e7\u00f5es e conclus\u00e3o de cursos. Em invas\u00f5es de dados p\u00fablicos, apontou que apenas uma parte dos licenciados conclui no tempo previsto, destacando tamb\u00e9m as taxas de conclus\u00e3o nos mestrados.<\/p>\n<p>Al\u00e9m das perguntas t\u00e9cnicas sobre como medir estas compet\u00eancias e quem as avalia, surgem d\u00favidas sobre o impacto pr\u00e1tico em estudantes de contextos econ\u00f3micos mais vulner\u00e1veis, bem como no acesso de estudantes internacionais. O Governo pretende abrir portas, mas com salvaguardas de entrada.<\/p>\n<p>Entidades como o CCISP alertam para o risco de elitiza\u00e7\u00e3o do ensino superior, caso haja barreiras adicionais. Defendem uma reavalia\u00e7\u00e3o aprofundada do diploma para n\u00e3o comprometer a autonomia e a sustentabilidade das institui\u00e7\u00f5es. H\u00e1 tamb\u00e9m receios de que o novo regime esteja desfasado da realidade regional e nacional.<\/p>\n<p>O debate n\u00e3o se esgota na entrada: o regime jur\u00eddico prop\u00f5e refor\u00e7ar o papel da investiga\u00e7\u00e3o, limitar o n\u00famero de orientandos por docente e integrar microcredenciais. As pr\u00f3ximas etapas incluem consultas \u00e0s institui\u00e7\u00f5es e ajustes t\u00e9cnicos antes da reda\u00e7\u00e3o final.<\/p>\n<ul>\n<li>O tema divide opini\u00f5es entre governos, universidades e estudantes, que temem exclus\u00f5es indesejadas ou impactos negativos no acesso ao ensino superior. O objetivo permanece claro: equilibrar maior exig\u00eancia com acessibilidade, sem fechar portas a quem procura novas oportunidades.<\/li>\n<\/ul>\n","protected":false},"excerpt":{"rendered":"<ul>\n<li>O governo avan\u00e7a com altera\u00e7\u00f5es no ensino superior, incluindo novos regimes jur\u00eddicos para as institui\u00e7\u00f5es, graus e diplomas, e um novo regime de ac\u00e7\u00e3o social.<\/li>\n<li>Prop\u00f5em-se n\u00edveis m\u00ednimos de literacia, numeracia e ingl\u00eas para aceder a licenciaturas, com aplica\u00e7\u00e3o principal nos concursos especiais para maiores de dezoito e vias alternativas, n\u00e3o no concurso nacional de acesso.<\/li>\n<li>Para o acesso a cursos de ciclo curto e licenciaturas, destinam-se requisitos de literacia de n\u00edvel tr\u00eas e de numeracia de n\u00edvel tr\u00eas; para ingl\u00eas, aponta-se o m\u00ednimo no n\u00edvel B2, conforme o QECR, ainda que sujeito a verifica\u00e7\u00e3o em concursos especiais.<\/li>\n<li>Os mestrados e doutoramentos tamb\u00e9m ter\u00e3o requisitos de literacia e numeracia por \u00e1reas, com n\u00edveis mais elevados, e o regime jur\u00eddico pode incluir limites na orienta\u00e7\u00e3o de docentes e refor\u00e7o da investiga\u00e7\u00e3o.<\/li>\n<li>H\u00e1 receio de elitiza\u00e7\u00e3o do ensino superior e de impacto desproporcional em estudantes de contextos vulner\u00e1veis, al\u00e9m de d\u00favidas sobre como medir compet\u00eancias, quem avalia e como funcionar\u00e3o os instrumentos de avalia\u00e7\u00e3o.<\/li>\n<\/ul>\n","protected":false},"author":2,"featured_media":430664,"comment_status":"closed","ping_status":"closed","sticky":false,"template":"","format":"standard","meta":{"footnotes":""},"categories":[1,6871],"tags":[163,6623,34,81,215,6992],"class_list":["post-430663","post","type-post","status-publish","format-standard","has-post-thumbnail","hentry","category-noticias","category-sociedade","tag-educacao","tag-ensino-superior","tag-governo","tag-internacionais","tag-investigacao","tag-literacia"],"yoast_head":"<!-- This site is optimized with the Yoast SEO plugin v27.2 - https:\/\/yoast.com\/product\/yoast-seo-wordpress\/ -->\n<title>Mudan\u00e7as no ensino superior: entre exig\u00eancia e exclus\u00e3o - Portal Tela Portugal<\/title>\n<meta name=\"robots\" content=\"index, follow, max-snippet:-1, max-image-preview:large, max-video-preview:-1\" \/>\n<meta property=\"og:locale\" content=\"pt_PT\" \/>\n<meta property=\"og:type\" content=\"article\" \/>\n<meta property=\"og:title\" content=\"Mudan\u00e7as no ensino superior: entre exig\u00eancia e exclus\u00e3o - Portal Tela Portugal\" \/>\n<meta property=\"og:description\" content=\"O governo avan\u00e7a com altera\u00e7\u00f5es no ensino superior, incluindo novos regimes jur\u00eddicos para as institui\u00e7\u00f5es, graus e diplomas, e um novo regime de ac\u00e7\u00e3o social. Prop\u00f5em-se n\u00edveis m\u00ednimos de literacia, numeracia e ingl\u00eas para aceder a licenciaturas, com aplica\u00e7\u00e3o principal nos concursos especiais para maiores de dezoito e vias alternativas, n\u00e3o no concurso nacional de acesso. Para o acesso a cursos de ciclo curto e licenciaturas, destinam-se requisitos de literacia de n\u00edvel tr\u00eas e de numeracia de n\u00edvel tr\u00eas; para ingl\u00eas, aponta-se o m\u00ednimo no n\u00edvel B2, conforme o QECR, ainda que sujeito a verifica\u00e7\u00e3o em concursos especiais. Os mestrados e doutoramentos tamb\u00e9m ter\u00e3o requisitos de literacia e numeracia por \u00e1reas, com n\u00edveis mais elevados, e o regime jur\u00eddico pode incluir limites na orienta\u00e7\u00e3o de docentes e refor\u00e7o da investiga\u00e7\u00e3o. H\u00e1 receio de elitiza\u00e7\u00e3o do ensino superior e de impacto desproporcional em estudantes de contextos vulner\u00e1veis, al\u00e9m de d\u00favidas sobre como medir compet\u00eancias, quem avalia e como funcionar\u00e3o os instrumentos de avalia\u00e7\u00e3o.\" \/>\n<meta property=\"og:url\" content=\"https:\/\/portaltela.pt\/noticias\/2026\/04\/01\/mudancas-no-ensino-superior-entre-exigencia-e-exclusao\/\" \/>\n<meta property=\"og:site_name\" content=\"Portal Tela Portugal\" \/>\n<meta property=\"article:published_time\" content=\"2026-04-02T00:00:00+00:00\" \/>\n<meta name=\"author\" content=\"Telinha\" \/>\n<meta name=\"twitter:card\" content=\"summary_large_image\" \/>\n<meta name=\"twitter:label1\" content=\"Escrito por\" \/>\n\t<meta name=\"twitter:data1\" content=\"Telinha\" \/>\n\t<meta name=\"twitter:label2\" content=\"Tempo estimado de leitura\" \/>\n\t<meta name=\"twitter:data2\" content=\"3 minutos\" \/>\n<script type=\"application\/ld+json\" class=\"yoast-schema-graph\">{\"@context\":\"https:\/\/schema.org\",\"@graph\":[{\"@type\":\"Article\",\"@id\":\"https:\/\/portaltela.pt\/noticias\/2026\/04\/01\/mudancas-no-ensino-superior-entre-exigencia-e-exclusao\/#article\",\"isPartOf\":{\"@id\":\"https:\/\/portaltela.pt\/noticias\/2026\/04\/01\/mudancas-no-ensino-superior-entre-exigencia-e-exclusao\/\"},\"author\":{\"name\":\"Telinha\",\"@id\":\"https:\/\/portaltela.pt\/#\/schema\/person\/c4278d4a6028830caff9ee44b42d32ed\"},\"headline\":\"Mudan\u00e7as no ensino superior: entre exig\u00eancia e exclus\u00e3o\",\"datePublished\":\"2026-04-02T00:00:00+00:00\",\"mainEntityOfPage\":{\"@id\":\"https:\/\/portaltela.pt\/noticias\/2026\/04\/01\/mudancas-no-ensino-superior-entre-exigencia-e-exclusao\/\"},\"wordCount\":518,\"image\":{\"@id\":\"https:\/\/portaltela.pt\/noticias\/2026\/04\/01\/mudancas-no-ensino-superior-entre-exigencia-e-exclusao\/#primaryimage\"},\"thumbnailUrl\":\"https:\/\/portaltela.pt\/s.01k8rhncp4jt1\/2026\/04\/1602146.jpg\",\"keywords\":[\"educa\u00e7\u00e3o\",\"Ensino Superior\",\"governo\",\"internacionais\",\"investiga\u00e7\u00e3o\",\"literacia\"],\"articleSection\":[\"Not\u00edcias\",\"Sociedade\"],\"inLanguage\":\"pt-PT\"},{\"@type\":\"WebPage\",\"@id\":\"https:\/\/portaltela.pt\/noticias\/2026\/04\/01\/mudancas-no-ensino-superior-entre-exigencia-e-exclusao\/\",\"url\":\"https:\/\/portaltela.pt\/noticias\/2026\/04\/01\/mudancas-no-ensino-superior-entre-exigencia-e-exclusao\/\",\"name\":\"Mudan\u00e7as no ensino superior: entre exig\u00eancia e exclus\u00e3o - Portal Tela Portugal\",\"isPartOf\":{\"@id\":\"https:\/\/portaltela.pt\/#website\"},\"primaryImageOfPage\":{\"@id\":\"https:\/\/portaltela.pt\/noticias\/2026\/04\/01\/mudancas-no-ensino-superior-entre-exigencia-e-exclusao\/#primaryimage\"},\"image\":{\"@id\":\"https:\/\/portaltela.pt\/noticias\/2026\/04\/01\/mudancas-no-ensino-superior-entre-exigencia-e-exclusao\/#primaryimage\"},\"thumbnailUrl\":\"https:\/\/portaltela.pt\/s.01k8rhncp4jt1\/2026\/04\/1602146.jpg\",\"datePublished\":\"2026-04-02T00:00:00+00:00\",\"author\":{\"@id\":\"https:\/\/portaltela.pt\/#\/schema\/person\/c4278d4a6028830caff9ee44b42d32ed\"},\"breadcrumb\":{\"@id\":\"https:\/\/portaltela.pt\/noticias\/2026\/04\/01\/mudancas-no-ensino-superior-entre-exigencia-e-exclusao\/#breadcrumb\"},\"inLanguage\":\"pt-PT\",\"potentialAction\":[{\"@type\":\"ReadAction\",\"target\":[\"https:\/\/portaltela.pt\/noticias\/2026\/04\/01\/mudancas-no-ensino-superior-entre-exigencia-e-exclusao\/\"]}]},{\"@type\":\"ImageObject\",\"inLanguage\":\"pt-PT\",\"@id\":\"https:\/\/portaltela.pt\/noticias\/2026\/04\/01\/mudancas-no-ensino-superior-entre-exigencia-e-exclusao\/#primaryimage\",\"url\":\"https:\/\/portaltela.pt\/s.01k8rhncp4jt1\/2026\/04\/1602146.jpg\",\"contentUrl\":\"https:\/\/portaltela.pt\/s.01k8rhncp4jt1\/2026\/04\/1602146.jpg\",\"width\":796,\"height\":448,\"caption\":\"Photo\"},{\"@type\":\"BreadcrumbList\",\"@id\":\"https:\/\/portaltela.pt\/noticias\/2026\/04\/01\/mudancas-no-ensino-superior-entre-exigencia-e-exclusao\/#breadcrumb\",\"itemListElement\":[{\"@type\":\"ListItem\",\"position\":1,\"name\":\"In\u00edcio\",\"item\":\"https:\/\/portaltela.pt\/\"},{\"@type\":\"ListItem\",\"position\":2,\"name\":\"Mudan\u00e7as no ensino superior: entre exig\u00eancia e exclus\u00e3o\"}]},{\"@type\":\"WebSite\",\"@id\":\"https:\/\/portaltela.pt\/#website\",\"url\":\"https:\/\/portaltela.pt\/\",\"name\":\"Portal Tela Portugal\",\"description\":\"\",\"potentialAction\":[{\"@type\":\"SearchAction\",\"target\":{\"@type\":\"EntryPoint\",\"urlTemplate\":\"https:\/\/portaltela.pt\/?s={search_term_string}\"},\"query-input\":{\"@type\":\"PropertyValueSpecification\",\"valueRequired\":true,\"valueName\":\"search_term_string\"}}],\"inLanguage\":\"pt-PT\"},{\"@type\":\"Person\",\"@id\":\"https:\/\/portaltela.pt\/#\/schema\/person\/c4278d4a6028830caff9ee44b42d32ed\",\"name\":\"Telinha\",\"image\":{\"@type\":\"ImageObject\",\"inLanguage\":\"pt-PT\",\"@id\":\"https:\/\/portaltela.pt\/s.01k8rhncp4jt1\/2025\/11\/talking-bot-125x125.png\",\"url\":\"https:\/\/portaltela.pt\/s.01k8rhncp4jt1\/2025\/11\/talking-bot-125x125.png\",\"contentUrl\":\"https:\/\/portaltela.pt\/s.01k8rhncp4jt1\/2025\/11\/talking-bot-125x125.png\",\"caption\":\"Telinha\"},\"sameAs\":[\"https:\/\/portaltela.pt\/\"],\"url\":\"https:\/\/portaltela.pt\/por\/367410592786\/\"}]}<\/script>\n<!-- \/ Yoast SEO plugin. -->","yoast_head_json":{"title":"Mudan\u00e7as no ensino superior: entre exig\u00eancia e exclus\u00e3o - Portal Tela Portugal","robots":{"index":"index","follow":"follow","max-snippet":"max-snippet:-1","max-image-preview":"max-image-preview:large","max-video-preview":"max-video-preview:-1"},"og_locale":"pt_PT","og_type":"article","og_title":"Mudan\u00e7as no ensino superior: entre exig\u00eancia e exclus\u00e3o - Portal Tela Portugal","og_description":"O governo avan\u00e7a com altera\u00e7\u00f5es no ensino superior, incluindo novos regimes jur\u00eddicos para as institui\u00e7\u00f5es, graus e diplomas, e um novo regime de ac\u00e7\u00e3o social. Prop\u00f5em-se n\u00edveis m\u00ednimos de literacia, numeracia e ingl\u00eas para aceder a licenciaturas, com aplica\u00e7\u00e3o principal nos concursos especiais para maiores de dezoito e vias alternativas, n\u00e3o no concurso nacional de acesso. Para o acesso a cursos de ciclo curto e licenciaturas, destinam-se requisitos de literacia de n\u00edvel tr\u00eas e de numeracia de n\u00edvel tr\u00eas; para ingl\u00eas, aponta-se o m\u00ednimo no n\u00edvel B2, conforme o QECR, ainda que sujeito a verifica\u00e7\u00e3o em concursos especiais. Os mestrados e doutoramentos tamb\u00e9m ter\u00e3o requisitos de literacia e numeracia por \u00e1reas, com n\u00edveis mais elevados, e o regime jur\u00eddico pode incluir limites na orienta\u00e7\u00e3o de docentes e refor\u00e7o da investiga\u00e7\u00e3o. H\u00e1 receio de elitiza\u00e7\u00e3o do ensino superior e de impacto desproporcional em estudantes de contextos vulner\u00e1veis, al\u00e9m de d\u00favidas sobre como medir compet\u00eancias, quem avalia e como funcionar\u00e3o os instrumentos de avalia\u00e7\u00e3o.","og_url":"https:\/\/portaltela.pt\/noticias\/2026\/04\/01\/mudancas-no-ensino-superior-entre-exigencia-e-exclusao\/","og_site_name":"Portal Tela Portugal","article_published_time":"2026-04-02T00:00:00+00:00","author":"Telinha","twitter_card":"summary_large_image","twitter_misc":{"Escrito por":"Telinha","Tempo estimado de leitura":"3 minutos"},"schema":{"@context":"https:\/\/schema.org","@graph":[{"@type":"Article","@id":"https:\/\/portaltela.pt\/noticias\/2026\/04\/01\/mudancas-no-ensino-superior-entre-exigencia-e-exclusao\/#article","isPartOf":{"@id":"https:\/\/portaltela.pt\/noticias\/2026\/04\/01\/mudancas-no-ensino-superior-entre-exigencia-e-exclusao\/"},"author":{"name":"Telinha","@id":"https:\/\/portaltela.pt\/#\/schema\/person\/c4278d4a6028830caff9ee44b42d32ed"},"headline":"Mudan\u00e7as no ensino superior: entre exig\u00eancia e exclus\u00e3o","datePublished":"2026-04-02T00:00:00+00:00","mainEntityOfPage":{"@id":"https:\/\/portaltela.pt\/noticias\/2026\/04\/01\/mudancas-no-ensino-superior-entre-exigencia-e-exclusao\/"},"wordCount":518,"image":{"@id":"https:\/\/portaltela.pt\/noticias\/2026\/04\/01\/mudancas-no-ensino-superior-entre-exigencia-e-exclusao\/#primaryimage"},"thumbnailUrl":"https:\/\/portaltela.pt\/s.01k8rhncp4jt1\/2026\/04\/1602146.jpg","keywords":["educa\u00e7\u00e3o","Ensino Superior","governo","internacionais","investiga\u00e7\u00e3o","literacia"],"articleSection":["Not\u00edcias","Sociedade"],"inLanguage":"pt-PT"},{"@type":"WebPage","@id":"https:\/\/portaltela.pt\/noticias\/2026\/04\/01\/mudancas-no-ensino-superior-entre-exigencia-e-exclusao\/","url":"https:\/\/portaltela.pt\/noticias\/2026\/04\/01\/mudancas-no-ensino-superior-entre-exigencia-e-exclusao\/","name":"Mudan\u00e7as no ensino superior: entre exig\u00eancia e exclus\u00e3o - Portal Tela Portugal","isPartOf":{"@id":"https:\/\/portaltela.pt\/#website"},"primaryImageOfPage":{"@id":"https:\/\/portaltela.pt\/noticias\/2026\/04\/01\/mudancas-no-ensino-superior-entre-exigencia-e-exclusao\/#primaryimage"},"image":{"@id":"https:\/\/portaltela.pt\/noticias\/2026\/04\/01\/mudancas-no-ensino-superior-entre-exigencia-e-exclusao\/#primaryimage"},"thumbnailUrl":"https:\/\/portaltela.pt\/s.01k8rhncp4jt1\/2026\/04\/1602146.jpg","datePublished":"2026-04-02T00:00:00+00:00","author":{"@id":"https:\/\/portaltela.pt\/#\/schema\/person\/c4278d4a6028830caff9ee44b42d32ed"},"breadcrumb":{"@id":"https:\/\/portaltela.pt\/noticias\/2026\/04\/01\/mudancas-no-ensino-superior-entre-exigencia-e-exclusao\/#breadcrumb"},"inLanguage":"pt-PT","potentialAction":[{"@type":"ReadAction","target":["https:\/\/portaltela.pt\/noticias\/2026\/04\/01\/mudancas-no-ensino-superior-entre-exigencia-e-exclusao\/"]}]},{"@type":"ImageObject","inLanguage":"pt-PT","@id":"https:\/\/portaltela.pt\/noticias\/2026\/04\/01\/mudancas-no-ensino-superior-entre-exigencia-e-exclusao\/#primaryimage","url":"https:\/\/portaltela.pt\/s.01k8rhncp4jt1\/2026\/04\/1602146.jpg","contentUrl":"https:\/\/portaltela.pt\/s.01k8rhncp4jt1\/2026\/04\/1602146.jpg","width":796,"height":448,"caption":"Photo"},{"@type":"BreadcrumbList","@id":"https:\/\/portaltela.pt\/noticias\/2026\/04\/01\/mudancas-no-ensino-superior-entre-exigencia-e-exclusao\/#breadcrumb","itemListElement":[{"@type":"ListItem","position":1,"name":"In\u00edcio","item":"https:\/\/portaltela.pt\/"},{"@type":"ListItem","position":2,"name":"Mudan\u00e7as no ensino superior: entre exig\u00eancia e exclus\u00e3o"}]},{"@type":"WebSite","@id":"https:\/\/portaltela.pt\/#website","url":"https:\/\/portaltela.pt\/","name":"Portal Tela Portugal","description":"","potentialAction":[{"@type":"SearchAction","target":{"@type":"EntryPoint","urlTemplate":"https:\/\/portaltela.pt\/?s={search_term_string}"},"query-input":{"@type":"PropertyValueSpecification","valueRequired":true,"valueName":"search_term_string"}}],"inLanguage":"pt-PT"},{"@type":"Person","@id":"https:\/\/portaltela.pt\/#\/schema\/person\/c4278d4a6028830caff9ee44b42d32ed","name":"Telinha","image":{"@type":"ImageObject","inLanguage":"pt-PT","@id":"https:\/\/portaltela.pt\/s.01k8rhncp4jt1\/2025\/11\/talking-bot-125x125.png","url":"https:\/\/portaltela.pt\/s.01k8rhncp4jt1\/2025\/11\/talking-bot-125x125.png","contentUrl":"https:\/\/portaltela.pt\/s.01k8rhncp4jt1\/2025\/11\/talking-bot-125x125.png","caption":"Telinha"},"sameAs":["https:\/\/portaltela.pt\/"],"url":"https:\/\/portaltela.pt\/por\/367410592786\/"}]}},"_links":{"self":[{"href":"https:\/\/portaltela.pt\/api\/wp\/v2\/posts\/430663","targetHints":{"allow":["GET"]}}],"collection":[{"href":"https:\/\/portaltela.pt\/api\/wp\/v2\/posts"}],"about":[{"href":"https:\/\/portaltela.pt\/api\/wp\/v2\/types\/post"}],"author":[{"embeddable":true,"href":"https:\/\/portaltela.pt\/api\/wp\/v2\/users\/2"}],"replies":[{"embeddable":true,"href":"https:\/\/portaltela.pt\/api\/wp\/v2\/comments?post=430663"}],"version-history":[{"count":0,"href":"https:\/\/portaltela.pt\/api\/wp\/v2\/posts\/430663\/revisions"}],"wp:featuredmedia":[{"embeddable":true,"href":"https:\/\/portaltela.pt\/api\/wp\/v2\/media\/430664"}],"wp:attachment":[{"href":"https:\/\/portaltela.pt\/api\/wp\/v2\/media?parent=430663"}],"wp:term":[{"taxonomy":"category","embeddable":true,"href":"https:\/\/portaltela.pt\/api\/wp\/v2\/categories?post=430663"},{"taxonomy":"post_tag","embeddable":true,"href":"https:\/\/portaltela.pt\/api\/wp\/v2\/tags?post=430663"}],"curies":[{"name":"wp","href":"https:\/\/api.w.org\/{rel}","templated":true}]}}