{"id":430645,"date":"2026-04-02T12:47:12","date_gmt":"2026-04-02T15:47:12","guid":{"rendered":"https:\/\/portaltela.pt\/noticias\/2026\/04\/02\/rodrigo-mora-com-regresso-a-vista-ao-fc-porto\/"},"modified":"2026-04-02T12:47:12","modified_gmt":"2026-04-02T15:47:12","slug":"rodrigo-mora-com-regresso-a-vista-ao-fc-porto","status":"publish","type":"post","link":"https:\/\/portaltela.pt\/desporto\/futebol\/2026\/04\/02\/rodrigo-mora-com-regresso-a-vista-ao-fc-porto\/","title":{"rendered":"Rodrigo Mora com regresso \u00e0 vista ao FC Porto"},"content":{"rendered":"<p>O F. C. Porto acelera a prepara\u00e7\u00e3o para o regresso ao campeonato, ap\u00f3s a paragem de sele\u00e7\u00f5es. No treino desta quinta-feira, o t\u00e9cnico Francesco Farioli contou com nove selecionados que estiveram ao servi\u00e7o dos seus pa\u00edses.<\/p>\n<p>Entre os de volta est\u00e3o Bednarek, Kiwior, Zaidu, Prpic, Fofana, Pablo Rosario, Froholdt, Pietuszewski e Deniz Gul, conforme boletim cl\u00ednico do clube.<\/p>\n<p>Rodrigo Mora, quase recuperado de les\u00e3o muscular, realizou um treino integrado condicionado e pode entrar nas escolhas para o jogo de s\u00e1bado frente ao Famalic\u00e3o. A partida est\u00e1 marcada para as 20h30, no Est\u00e1dio do Drag\u00e3o.<\/p>\n<p>Diogo Costa tamb\u00e9m participou num treino condicionado, com a les\u00e3o nos adutores a evoluir favoravelmente e a apontar para a titularidade diante dos famalicenses. O guarda-redes tem presen\u00e7a em risco de confirma\u00e7\u00e3o nos \u00faltimos dias.<\/p>\n<p>No boletim cl\u00ednico, continuam fora do encontro Nehu\u00e9n P\u00e9rez, Luuk de Jong e Samu, que n\u00e3o integram a convocat\u00f3ria para o jogo de s\u00e1bado, cuja equipa busca a terceira vit\u00f3ria consecutiva no campeonato e manter o avan\u00e7o na luta pelo t\u00edtulo.<\/p>\n<h3>Regresso de Mora e situa\u00e7\u00e3o de les\u00f5es<\/h3>\n<p>O regresso de Mora ainda \u00e9 incerto a 48 horas do encontro, mas o jogador aproxima-se de voltar aos convocados, depois de duas semanas afastado por indisponibilidade muscular. O plantel mant\u00e9m-se mobilizado para a jornada com o Famalic\u00e3o.<\/p>\n","protected":false},"excerpt":{"rendered":"<ul>\n<li>O plantel do F. C. Porto j\u00e1 contava com todos os internacionais a dois dias do jogo com o Famalic\u00e3o.<\/li>\n<li>Nove jogadores regressaram aos treinos ap\u00f3s defenderem as respetivas sele\u00e7\u00f5es: Bednarek, Kiwior, Zaidu, Prpic, Fofana, Pablo Rosario, Froholdt, Pietuszewski e Deniz Gul.<\/li>\n<li>Rodrigo Mora esteve quase totalmente recuperado da les\u00e3o muscular e realizou treino integrado condicionado, ausente ainda da parte final de recupera\u00e7\u00e3o.<\/li>\n<li>Diogo Costa realizou treino condicionado e pode ser titular frente ao Famalic\u00e3o, se a recupera\u00e7\u00e3o dos adutores assim permitir.<\/li>\n<li>Nehu\u00e9n P\u00e9rez, Luuk de Jong e Samu permanecem fora do jogo de s\u00e1bado, procurando o Porto somar a terceira vit\u00f3ria consecutiva no campeonato.<\/li>\n<\/ul>\n","protected":false},"author":2,"featured_media":430651,"comment_status":"closed","ping_status":"closed","sticky":false,"template":"","format":"standard","meta":{"footnotes":""},"categories":[21,24],"tags":[4143,262,152,32,2538,982],"class_list":["post-430645","post","type-post","status-publish","format-standard","has-post-thumbnail","hentry","category-desporto","category-futebol","tag-1-liga","tag-convocados","tag-desporto","tag-futebol","tag-lesoes","tag-porto"],"yoast_head":"<!-- This site is optimized with the Yoast SEO plugin v27.2 - https:\/\/yoast.com\/product\/yoast-seo-wordpress\/ -->\n<title>Rodrigo Mora com regresso \u00e0 vista ao FC Porto - Portal Tela Portugal<\/title>\n<meta name=\"robots\" content=\"index, follow, max-snippet:-1, max-image-preview:large, max-video-preview:-1\" \/>\n<meta property=\"og:locale\" content=\"pt_PT\" \/>\n<meta property=\"og:type\" content=\"article\" \/>\n<meta property=\"og:title\" content=\"Rodrigo Mora com regresso \u00e0 vista ao FC Porto - Portal Tela Portugal\" \/>\n<meta property=\"og:description\" content=\"O plantel do F. C. Porto j\u00e1 contava com todos os internacionais a dois dias do jogo com o Famalic\u00e3o. Nove jogadores regressaram aos treinos ap\u00f3s defenderem as respetivas sele\u00e7\u00f5es: Bednarek, Kiwior, Zaidu, Prpic, Fofana, Pablo Rosario, Froholdt, Pietuszewski e Deniz Gul. Rodrigo Mora esteve quase totalmente recuperado da les\u00e3o muscular e realizou treino integrado condicionado, ausente ainda da parte final de recupera\u00e7\u00e3o. Diogo Costa realizou treino condicionado e pode ser titular frente ao Famalic\u00e3o, se a recupera\u00e7\u00e3o dos adutores assim permitir. Nehu\u00e9n P\u00e9rez, Luuk de Jong e Samu permanecem fora do jogo de s\u00e1bado, procurando o Porto somar a terceira vit\u00f3ria consecutiva no campeonato.\" \/>\n<meta property=\"og:url\" content=\"https:\/\/portaltela.pt\/noticias\/2026\/04\/02\/rodrigo-mora-com-regresso-a-vista-ao-fc-porto\/\" \/>\n<meta property=\"og:site_name\" content=\"Portal Tela Portugal\" \/>\n<meta property=\"article:published_time\" content=\"2026-04-02T15:47:12+00:00\" \/>\n<meta name=\"author\" content=\"Telinha\" \/>\n<meta name=\"twitter:card\" content=\"summary_large_image\" \/>\n<meta name=\"twitter:label1\" content=\"Escrito por\" \/>\n\t<meta name=\"twitter:data1\" content=\"Telinha\" \/>\n\t<meta name=\"twitter:label2\" content=\"Tempo estimado de leitura\" \/>\n\t<meta name=\"twitter:data2\" content=\"1 minuto\" \/>\n<script type=\"application\/ld+json\" class=\"yoast-schema-graph\">{\"@context\":\"https:\/\/schema.org\",\"@graph\":[{\"@type\":\"Article\",\"@id\":\"https:\/\/portaltela.pt\/noticias\/2026\/04\/02\/rodrigo-mora-com-regresso-a-vista-ao-fc-porto\/#article\",\"isPartOf\":{\"@id\":\"https:\/\/portaltela.pt\/noticias\/2026\/04\/02\/rodrigo-mora-com-regresso-a-vista-ao-fc-porto\/\"},\"author\":{\"name\":\"Telinha\",\"@id\":\"https:\/\/portaltela.pt\/#\/schema\/person\/c4278d4a6028830caff9ee44b42d32ed\"},\"headline\":\"Rodrigo Mora com regresso \u00e0 vista ao FC Porto\",\"datePublished\":\"2026-04-02T15:47:12+00:00\",\"mainEntityOfPage\":{\"@id\":\"https:\/\/portaltela.pt\/noticias\/2026\/04\/02\/rodrigo-mora-com-regresso-a-vista-ao-fc-porto\/\"},\"wordCount\":251,\"image\":{\"@id\":\"https:\/\/portaltela.pt\/noticias\/2026\/04\/02\/rodrigo-mora-com-regresso-a-vista-ao-fc-porto\/#primaryimage\"},\"thumbnailUrl\":\"https:\/\/portaltela.pt\/s.01k8rhncp4jt1\/2026\/04\/482d3ae7-65a8-48ec-9f80-2996d80d2640_1200x675.jpg\",\"keywords\":[\"1. Liga\",\"convocados\",\"desporto\",\"futebol\",\"les\u00f5es\",\"Porto\"],\"articleSection\":[\"Desporto\",\"Futebol\"],\"inLanguage\":\"pt-PT\"},{\"@type\":\"WebPage\",\"@id\":\"https:\/\/portaltela.pt\/noticias\/2026\/04\/02\/rodrigo-mora-com-regresso-a-vista-ao-fc-porto\/\",\"url\":\"https:\/\/portaltela.pt\/noticias\/2026\/04\/02\/rodrigo-mora-com-regresso-a-vista-ao-fc-porto\/\",\"name\":\"Rodrigo Mora com regresso \u00e0 vista ao FC Porto - Portal Tela Portugal\",\"isPartOf\":{\"@id\":\"https:\/\/portaltela.pt\/#website\"},\"primaryImageOfPage\":{\"@id\":\"https:\/\/portaltela.pt\/noticias\/2026\/04\/02\/rodrigo-mora-com-regresso-a-vista-ao-fc-porto\/#primaryimage\"},\"image\":{\"@id\":\"https:\/\/portaltela.pt\/noticias\/2026\/04\/02\/rodrigo-mora-com-regresso-a-vista-ao-fc-porto\/#primaryimage\"},\"thumbnailUrl\":\"https:\/\/portaltela.pt\/s.01k8rhncp4jt1\/2026\/04\/482d3ae7-65a8-48ec-9f80-2996d80d2640_1200x675.jpg\",\"datePublished\":\"2026-04-02T15:47:12+00:00\",\"author\":{\"@id\":\"https:\/\/portaltela.pt\/#\/schema\/person\/c4278d4a6028830caff9ee44b42d32ed\"},\"breadcrumb\":{\"@id\":\"https:\/\/portaltela.pt\/noticias\/2026\/04\/02\/rodrigo-mora-com-regresso-a-vista-ao-fc-porto\/#breadcrumb\"},\"inLanguage\":\"pt-PT\",\"potentialAction\":[{\"@type\":\"ReadAction\",\"target\":[\"https:\/\/portaltela.pt\/noticias\/2026\/04\/02\/rodrigo-mora-com-regresso-a-vista-ao-fc-porto\/\"]}]},{\"@type\":\"ImageObject\",\"inLanguage\":\"pt-PT\",\"@id\":\"https:\/\/portaltela.pt\/noticias\/2026\/04\/02\/rodrigo-mora-com-regresso-a-vista-ao-fc-porto\/#primaryimage\",\"url\":\"https:\/\/portaltela.pt\/s.01k8rhncp4jt1\/2026\/04\/482d3ae7-65a8-48ec-9f80-2996d80d2640_1200x675.jpg\",\"contentUrl\":\"https:\/\/portaltela.pt\/s.01k8rhncp4jt1\/2026\/04\/482d3ae7-65a8-48ec-9f80-2996d80d2640_1200x675.jpg\",\"width\":796,\"height\":448,\"caption\":\"Rodrigo Mora n\u00e3o joga desde a partida em casa com o Estugarda\"},{\"@type\":\"BreadcrumbList\",\"@id\":\"https:\/\/portaltela.pt\/noticias\/2026\/04\/02\/rodrigo-mora-com-regresso-a-vista-ao-fc-porto\/#breadcrumb\",\"itemListElement\":[{\"@type\":\"ListItem\",\"position\":1,\"name\":\"In\u00edcio\",\"item\":\"https:\/\/portaltela.pt\/\"},{\"@type\":\"ListItem\",\"position\":2,\"name\":\"Rodrigo Mora com regresso \u00e0 vista ao FC Porto\"}]},{\"@type\":\"WebSite\",\"@id\":\"https:\/\/portaltela.pt\/#website\",\"url\":\"https:\/\/portaltela.pt\/\",\"name\":\"Portal Tela Portugal\",\"description\":\"\",\"potentialAction\":[{\"@type\":\"SearchAction\",\"target\":{\"@type\":\"EntryPoint\",\"urlTemplate\":\"https:\/\/portaltela.pt\/?s={search_term_string}\"},\"query-input\":{\"@type\":\"PropertyValueSpecification\",\"valueRequired\":true,\"valueName\":\"search_term_string\"}}],\"inLanguage\":\"pt-PT\"},{\"@type\":\"Person\",\"@id\":\"https:\/\/portaltela.pt\/#\/schema\/person\/c4278d4a6028830caff9ee44b42d32ed\",\"name\":\"Telinha\",\"image\":{\"@type\":\"ImageObject\",\"inLanguage\":\"pt-PT\",\"@id\":\"https:\/\/portaltela.pt\/s.01k8rhncp4jt1\/2025\/11\/talking-bot-125x125.png\",\"url\":\"https:\/\/portaltela.pt\/s.01k8rhncp4jt1\/2025\/11\/talking-bot-125x125.png\",\"contentUrl\":\"https:\/\/portaltela.pt\/s.01k8rhncp4jt1\/2025\/11\/talking-bot-125x125.png\",\"caption\":\"Telinha\"},\"sameAs\":[\"https:\/\/portaltela.pt\/\"],\"url\":\"https:\/\/portaltela.pt\/por\/367410592786\/\"}]}<\/script>\n<!-- \/ Yoast SEO plugin. -->","yoast_head_json":{"title":"Rodrigo Mora com regresso \u00e0 vista ao FC Porto - Portal Tela Portugal","robots":{"index":"index","follow":"follow","max-snippet":"max-snippet:-1","max-image-preview":"max-image-preview:large","max-video-preview":"max-video-preview:-1"},"og_locale":"pt_PT","og_type":"article","og_title":"Rodrigo Mora com regresso \u00e0 vista ao FC Porto - Portal Tela Portugal","og_description":"O plantel do F. C. Porto j\u00e1 contava com todos os internacionais a dois dias do jogo com o Famalic\u00e3o. Nove jogadores regressaram aos treinos ap\u00f3s defenderem as respetivas sele\u00e7\u00f5es: Bednarek, Kiwior, Zaidu, Prpic, Fofana, Pablo Rosario, Froholdt, Pietuszewski e Deniz Gul. Rodrigo Mora esteve quase totalmente recuperado da les\u00e3o muscular e realizou treino integrado condicionado, ausente ainda da parte final de recupera\u00e7\u00e3o. Diogo Costa realizou treino condicionado e pode ser titular frente ao Famalic\u00e3o, se a recupera\u00e7\u00e3o dos adutores assim permitir. Nehu\u00e9n P\u00e9rez, Luuk de Jong e Samu permanecem fora do jogo de s\u00e1bado, procurando o Porto somar a terceira vit\u00f3ria consecutiva no campeonato.","og_url":"https:\/\/portaltela.pt\/noticias\/2026\/04\/02\/rodrigo-mora-com-regresso-a-vista-ao-fc-porto\/","og_site_name":"Portal Tela Portugal","article_published_time":"2026-04-02T15:47:12+00:00","author":"Telinha","twitter_card":"summary_large_image","twitter_misc":{"Escrito por":"Telinha","Tempo estimado de leitura":"1 minuto"},"schema":{"@context":"https:\/\/schema.org","@graph":[{"@type":"Article","@id":"https:\/\/portaltela.pt\/noticias\/2026\/04\/02\/rodrigo-mora-com-regresso-a-vista-ao-fc-porto\/#article","isPartOf":{"@id":"https:\/\/portaltela.pt\/noticias\/2026\/04\/02\/rodrigo-mora-com-regresso-a-vista-ao-fc-porto\/"},"author":{"name":"Telinha","@id":"https:\/\/portaltela.pt\/#\/schema\/person\/c4278d4a6028830caff9ee44b42d32ed"},"headline":"Rodrigo Mora com regresso \u00e0 vista ao FC Porto","datePublished":"2026-04-02T15:47:12+00:00","mainEntityOfPage":{"@id":"https:\/\/portaltela.pt\/noticias\/2026\/04\/02\/rodrigo-mora-com-regresso-a-vista-ao-fc-porto\/"},"wordCount":251,"image":{"@id":"https:\/\/portaltela.pt\/noticias\/2026\/04\/02\/rodrigo-mora-com-regresso-a-vista-ao-fc-porto\/#primaryimage"},"thumbnailUrl":"https:\/\/portaltela.pt\/s.01k8rhncp4jt1\/2026\/04\/482d3ae7-65a8-48ec-9f80-2996d80d2640_1200x675.jpg","keywords":["1. Liga","convocados","desporto","futebol","les\u00f5es","Porto"],"articleSection":["Desporto","Futebol"],"inLanguage":"pt-PT"},{"@type":"WebPage","@id":"https:\/\/portaltela.pt\/noticias\/2026\/04\/02\/rodrigo-mora-com-regresso-a-vista-ao-fc-porto\/","url":"https:\/\/portaltela.pt\/noticias\/2026\/04\/02\/rodrigo-mora-com-regresso-a-vista-ao-fc-porto\/","name":"Rodrigo Mora com regresso \u00e0 vista ao FC Porto - Portal Tela Portugal","isPartOf":{"@id":"https:\/\/portaltela.pt\/#website"},"primaryImageOfPage":{"@id":"https:\/\/portaltela.pt\/noticias\/2026\/04\/02\/rodrigo-mora-com-regresso-a-vista-ao-fc-porto\/#primaryimage"},"image":{"@id":"https:\/\/portaltela.pt\/noticias\/2026\/04\/02\/rodrigo-mora-com-regresso-a-vista-ao-fc-porto\/#primaryimage"},"thumbnailUrl":"https:\/\/portaltela.pt\/s.01k8rhncp4jt1\/2026\/04\/482d3ae7-65a8-48ec-9f80-2996d80d2640_1200x675.jpg","datePublished":"2026-04-02T15:47:12+00:00","author":{"@id":"https:\/\/portaltela.pt\/#\/schema\/person\/c4278d4a6028830caff9ee44b42d32ed"},"breadcrumb":{"@id":"https:\/\/portaltela.pt\/noticias\/2026\/04\/02\/rodrigo-mora-com-regresso-a-vista-ao-fc-porto\/#breadcrumb"},"inLanguage":"pt-PT","potentialAction":[{"@type":"ReadAction","target":["https:\/\/portaltela.pt\/noticias\/2026\/04\/02\/rodrigo-mora-com-regresso-a-vista-ao-fc-porto\/"]}]},{"@type":"ImageObject","inLanguage":"pt-PT","@id":"https:\/\/portaltela.pt\/noticias\/2026\/04\/02\/rodrigo-mora-com-regresso-a-vista-ao-fc-porto\/#primaryimage","url":"https:\/\/portaltela.pt\/s.01k8rhncp4jt1\/2026\/04\/482d3ae7-65a8-48ec-9f80-2996d80d2640_1200x675.jpg","contentUrl":"https:\/\/portaltela.pt\/s.01k8rhncp4jt1\/2026\/04\/482d3ae7-65a8-48ec-9f80-2996d80d2640_1200x675.jpg","width":796,"height":448,"caption":"Rodrigo Mora n\u00e3o joga desde a partida em casa com o Estugarda"},{"@type":"BreadcrumbList","@id":"https:\/\/portaltela.pt\/noticias\/2026\/04\/02\/rodrigo-mora-com-regresso-a-vista-ao-fc-porto\/#breadcrumb","itemListElement":[{"@type":"ListItem","position":1,"name":"In\u00edcio","item":"https:\/\/portaltela.pt\/"},{"@type":"ListItem","position":2,"name":"Rodrigo Mora com regresso \u00e0 vista ao FC Porto"}]},{"@type":"WebSite","@id":"https:\/\/portaltela.pt\/#website","url":"https:\/\/portaltela.pt\/","name":"Portal Tela Portugal","description":"","potentialAction":[{"@type":"SearchAction","target":{"@type":"EntryPoint","urlTemplate":"https:\/\/portaltela.pt\/?s={search_term_string}"},"query-input":{"@type":"PropertyValueSpecification","valueRequired":true,"valueName":"search_term_string"}}],"inLanguage":"pt-PT"},{"@type":"Person","@id":"https:\/\/portaltela.pt\/#\/schema\/person\/c4278d4a6028830caff9ee44b42d32ed","name":"Telinha","image":{"@type":"ImageObject","inLanguage":"pt-PT","@id":"https:\/\/portaltela.pt\/s.01k8rhncp4jt1\/2025\/11\/talking-bot-125x125.png","url":"https:\/\/portaltela.pt\/s.01k8rhncp4jt1\/2025\/11\/talking-bot-125x125.png","contentUrl":"https:\/\/portaltela.pt\/s.01k8rhncp4jt1\/2025\/11\/talking-bot-125x125.png","caption":"Telinha"},"sameAs":["https:\/\/portaltela.pt\/"],"url":"https:\/\/portaltela.pt\/por\/367410592786\/"}]}},"_links":{"self":[{"href":"https:\/\/portaltela.pt\/api\/wp\/v2\/posts\/430645","targetHints":{"allow":["GET"]}}],"collection":[{"href":"https:\/\/portaltela.pt\/api\/wp\/v2\/posts"}],"about":[{"href":"https:\/\/portaltela.pt\/api\/wp\/v2\/types\/post"}],"author":[{"embeddable":true,"href":"https:\/\/portaltela.pt\/api\/wp\/v2\/users\/2"}],"replies":[{"embeddable":true,"href":"https:\/\/portaltela.pt\/api\/wp\/v2\/comments?post=430645"}],"version-history":[{"count":0,"href":"https:\/\/portaltela.pt\/api\/wp\/v2\/posts\/430645\/revisions"}],"wp:featuredmedia":[{"embeddable":true,"href":"https:\/\/portaltela.pt\/api\/wp\/v2\/media\/430651"}],"wp:attachment":[{"href":"https:\/\/portaltela.pt\/api\/wp\/v2\/media?parent=430645"}],"wp:term":[{"taxonomy":"category","embeddable":true,"href":"https:\/\/portaltela.pt\/api\/wp\/v2\/categories?post=430645"},{"taxonomy":"post_tag","embeddable":true,"href":"https:\/\/portaltela.pt\/api\/wp\/v2\/tags?post=430645"}],"curies":[{"name":"wp","href":"https:\/\/api.w.org\/{rel}","templated":true}]}}