{"id":430619,"date":"2026-04-02T12:32:26","date_gmt":"2026-04-02T15:32:26","guid":{"rendered":"https:\/\/portaltela.pt\/noticias\/2026\/04\/02\/cedric-teguia-a-disposicao-do-sp-braga\/"},"modified":"2026-04-02T12:32:26","modified_gmt":"2026-04-02T15:32:26","slug":"cedric-teguia-a-disposicao-do-sp-braga","status":"publish","type":"post","link":"https:\/\/portaltela.pt\/desporto\/futebol\/2026\/04\/02\/cedric-teguia-a-disposicao-do-sp-braga\/","title":{"rendered":"C\u00e9dric Teguia \u00e0 disposi\u00e7\u00e3o do Sp. Braga"},"content":{"rendered":"<p>C\u00e9dric Teguia est\u00e1 de volta aos planos do Moreirense para a rece\u00e7\u00e3o ao Sp. Braga, este s\u00e1bado. O extremo recuperou das queixas na coxa esquerda e j\u00e1 treinou com o plantel sem limita\u00e7\u00f5es na \u00faltima semana. A not\u00edcia aumenta as op\u00e7\u00f5es de Vasco Botelho da Costa para o onze inicial.<\/p>\n<p>Teguia esteve afastado da competi\u00e7\u00e3o durante um m\u00eas, mas os indicios apontam para convoca\u00e7\u00e3o imminente, tendo em conta o elevado n\u00famero de les\u00f5es na turma verde. O regresso do jogador surge numa altura em que o departamento m\u00e9dico trabalha para recuperar mais atletas.<\/p>\n<p>Com Alanzinho j\u00e1 recuperado da les\u00e3o que o afastou do duelo com o Arouca, o clube passa a dispor de cinco jogadores sob vigil\u00e2ncia m\u00e9dica. Dinis Pinto j\u00e1 foi operado ao ombro esquerdo e n\u00e3o voltar\u00e1 a jogar esta \u00e9poca. Michel, Yan Lincon, \u00c1lvaro Mart\u00ednez e Leandro Santos continuam afastados.<\/p>\n<h3>Estado f\u00edsico e op\u00e7\u00f5es m\u00e9dicas<\/h3>\n<ul>\n<li>O clube mant\u00e9m o foco na gest\u00e3o do plantel durante a recupera\u00e7\u00e3o dos atletas, aguardando evolu\u00e7\u00e3o de todos os casos.<\/li>\n<li>A equipa m\u00e9dica n\u00e3o indicou previs\u00f5es de regresso para os que ainda n\u00e3o est\u00e3o dispon\u00edveis, mantendo o plano atual de op\u00e7\u00f5es para o t\u00e9cnico.<\/li>\n<\/ul>\n","protected":false},"excerpt":{"rendered":"<ul>\n<li>C\u00e9dric Teguia est\u00e1 recuperado de queixas na coxa esquerda e pode entrar nos planos do Moreirense para a rece\u00e7\u00e3o ao Sp. Braga.<\/li>\n<li>O extremo esteve afastado da competi\u00e7\u00e3o durante um m\u00eas e, na \u00faltima semana, treinou sem limita\u00e7\u00f5es, sinalizando condi\u00e7\u00e3o para ser convocado.<\/li>\n<li>O regresso de Teguia ocorre num plantel com v\u00e1rios jogadores lesionados, aumentando as op\u00e7\u00f5es de Vasco Botelho da Costa.<\/li>\n<li>Alanzinho j\u00e1 est\u00e1 restabelecido da les\u00e3o, de forma que o departamento m\u00e9dico passa a ter cinco jogadores sob supervis\u00e3o.<\/li>\n<li>Dinis Pinto foi operado ao ombro esquerdo e n\u00e3o volta esta \u00e9poca; Michel, Yan Lincon, \u00c1lvaro Mart\u00ednez e Leandro Santos continuam afastados.<\/li>\n<\/ul>\n","protected":false},"author":2,"featured_media":430621,"comment_status":"closed","ping_status":"closed","sticky":false,"template":"","format":"standard","meta":{"footnotes":""},"categories":[21,24],"tags":[262,32,2538,5579,6346,2070],"class_list":["post-430619","post","type-post","status-publish","format-standard","has-post-thumbnail","hentry","category-desporto","category-futebol","tag-convocados","tag-futebol","tag-lesoes","tag-moreirense","tag-recuperacao","tag-sp-braga"],"yoast_head":"<!-- This site is optimized with the Yoast SEO plugin v27.2 - https:\/\/yoast.com\/product\/yoast-seo-wordpress\/ -->\n<title>C\u00e9dric Teguia \u00e0 disposi\u00e7\u00e3o do Sp. Braga - Portal Tela Portugal<\/title>\n<meta name=\"robots\" content=\"index, follow, max-snippet:-1, max-image-preview:large, max-video-preview:-1\" \/>\n<meta property=\"og:locale\" content=\"pt_PT\" \/>\n<meta property=\"og:type\" content=\"article\" \/>\n<meta property=\"og:title\" content=\"C\u00e9dric Teguia \u00e0 disposi\u00e7\u00e3o do Sp. Braga - Portal Tela Portugal\" \/>\n<meta property=\"og:description\" content=\"C\u00e9dric Teguia est\u00e1 recuperado de queixas na coxa esquerda e pode entrar nos planos do Moreirense para a rece\u00e7\u00e3o ao Sp. Braga. O extremo esteve afastado da competi\u00e7\u00e3o durante um m\u00eas e, na \u00faltima semana, treinou sem limita\u00e7\u00f5es, sinalizando condi\u00e7\u00e3o para ser convocado. O regresso de Teguia ocorre num plantel com v\u00e1rios jogadores lesionados, aumentando as op\u00e7\u00f5es de Vasco Botelho da Costa. Alanzinho j\u00e1 est\u00e1 restabelecido da les\u00e3o, de forma que o departamento m\u00e9dico passa a ter cinco jogadores sob supervis\u00e3o. Dinis Pinto foi operado ao ombro esquerdo e n\u00e3o volta esta \u00e9poca; Michel, Yan Lincon, \u00c1lvaro Mart\u00ednez e Leandro Santos continuam afastados.\" \/>\n<meta property=\"og:url\" content=\"https:\/\/portaltela.pt\/noticias\/2026\/04\/02\/cedric-teguia-a-disposicao-do-sp-braga\/\" \/>\n<meta property=\"og:site_name\" content=\"Portal Tela Portugal\" \/>\n<meta property=\"article:published_time\" content=\"2026-04-02T15:32:26+00:00\" \/>\n<meta name=\"author\" content=\"Telinha\" \/>\n<meta name=\"twitter:card\" content=\"summary_large_image\" \/>\n<meta name=\"twitter:label1\" content=\"Escrito por\" \/>\n\t<meta name=\"twitter:data1\" content=\"Telinha\" \/>\n\t<meta name=\"twitter:label2\" content=\"Tempo estimado de leitura\" \/>\n\t<meta name=\"twitter:data2\" content=\"1 minuto\" \/>\n<script type=\"application\/ld+json\" class=\"yoast-schema-graph\">{\"@context\":\"https:\/\/schema.org\",\"@graph\":[{\"@type\":\"Article\",\"@id\":\"https:\/\/portaltela.pt\/noticias\/2026\/04\/02\/cedric-teguia-a-disposicao-do-sp-braga\/#article\",\"isPartOf\":{\"@id\":\"https:\/\/portaltela.pt\/noticias\/2026\/04\/02\/cedric-teguia-a-disposicao-do-sp-braga\/\"},\"author\":{\"name\":\"Telinha\",\"@id\":\"https:\/\/portaltela.pt\/#\/schema\/person\/c4278d4a6028830caff9ee44b42d32ed\"},\"headline\":\"C\u00e9dric Teguia \u00e0 disposi\u00e7\u00e3o do Sp. Braga\",\"datePublished\":\"2026-04-02T15:32:26+00:00\",\"mainEntityOfPage\":{\"@id\":\"https:\/\/portaltela.pt\/noticias\/2026\/04\/02\/cedric-teguia-a-disposicao-do-sp-braga\/\"},\"wordCount\":232,\"image\":{\"@id\":\"https:\/\/portaltela.pt\/noticias\/2026\/04\/02\/cedric-teguia-a-disposicao-do-sp-braga\/#primaryimage\"},\"thumbnailUrl\":\"https:\/\/portaltela.pt\/s.01k8rhncp4jt1\/2026\/04\/img_920x518uu2026-04-02-16-25-23-2430697-im-639107439461585662.jpg\",\"keywords\":[\"convocados\",\"futebol\",\"les\u00f5es\",\"Moreirense\",\"recupera\u00e7\u00e3o\",\"Sp. Braga\"],\"articleSection\":[\"Desporto\",\"Futebol\"],\"inLanguage\":\"pt-PT\"},{\"@type\":\"WebPage\",\"@id\":\"https:\/\/portaltela.pt\/noticias\/2026\/04\/02\/cedric-teguia-a-disposicao-do-sp-braga\/\",\"url\":\"https:\/\/portaltela.pt\/noticias\/2026\/04\/02\/cedric-teguia-a-disposicao-do-sp-braga\/\",\"name\":\"C\u00e9dric Teguia \u00e0 disposi\u00e7\u00e3o do Sp. Braga - Portal Tela Portugal\",\"isPartOf\":{\"@id\":\"https:\/\/portaltela.pt\/#website\"},\"primaryImageOfPage\":{\"@id\":\"https:\/\/portaltela.pt\/noticias\/2026\/04\/02\/cedric-teguia-a-disposicao-do-sp-braga\/#primaryimage\"},\"image\":{\"@id\":\"https:\/\/portaltela.pt\/noticias\/2026\/04\/02\/cedric-teguia-a-disposicao-do-sp-braga\/#primaryimage\"},\"thumbnailUrl\":\"https:\/\/portaltela.pt\/s.01k8rhncp4jt1\/2026\/04\/img_920x518uu2026-04-02-16-25-23-2430697-im-639107439461585662.jpg\",\"datePublished\":\"2026-04-02T15:32:26+00:00\",\"author\":{\"@id\":\"https:\/\/portaltela.pt\/#\/schema\/person\/c4278d4a6028830caff9ee44b42d32ed\"},\"breadcrumb\":{\"@id\":\"https:\/\/portaltela.pt\/noticias\/2026\/04\/02\/cedric-teguia-a-disposicao-do-sp-braga\/#breadcrumb\"},\"inLanguage\":\"pt-PT\",\"potentialAction\":[{\"@type\":\"ReadAction\",\"target\":[\"https:\/\/portaltela.pt\/noticias\/2026\/04\/02\/cedric-teguia-a-disposicao-do-sp-braga\/\"]}]},{\"@type\":\"ImageObject\",\"inLanguage\":\"pt-PT\",\"@id\":\"https:\/\/portaltela.pt\/noticias\/2026\/04\/02\/cedric-teguia-a-disposicao-do-sp-braga\/#primaryimage\",\"url\":\"https:\/\/portaltela.pt\/s.01k8rhncp4jt1\/2026\/04\/img_920x518uu2026-04-02-16-25-23-2430697-im-639107439461585662.jpg\",\"contentUrl\":\"https:\/\/portaltela.pt\/s.01k8rhncp4jt1\/2026\/04\/img_920x518uu2026-04-02-16-25-23-2430697-im-639107439461585662.jpg\",\"width\":796,\"height\":448,\"caption\":\"Teguia em a\u00e7\u00e3o\"},{\"@type\":\"BreadcrumbList\",\"@id\":\"https:\/\/portaltela.pt\/noticias\/2026\/04\/02\/cedric-teguia-a-disposicao-do-sp-braga\/#breadcrumb\",\"itemListElement\":[{\"@type\":\"ListItem\",\"position\":1,\"name\":\"In\u00edcio\",\"item\":\"https:\/\/portaltela.pt\/\"},{\"@type\":\"ListItem\",\"position\":2,\"name\":\"C\u00e9dric Teguia \u00e0 disposi\u00e7\u00e3o do Sp. Braga\"}]},{\"@type\":\"WebSite\",\"@id\":\"https:\/\/portaltela.pt\/#website\",\"url\":\"https:\/\/portaltela.pt\/\",\"name\":\"Portal Tela Portugal\",\"description\":\"\",\"potentialAction\":[{\"@type\":\"SearchAction\",\"target\":{\"@type\":\"EntryPoint\",\"urlTemplate\":\"https:\/\/portaltela.pt\/?s={search_term_string}\"},\"query-input\":{\"@type\":\"PropertyValueSpecification\",\"valueRequired\":true,\"valueName\":\"search_term_string\"}}],\"inLanguage\":\"pt-PT\"},{\"@type\":\"Person\",\"@id\":\"https:\/\/portaltela.pt\/#\/schema\/person\/c4278d4a6028830caff9ee44b42d32ed\",\"name\":\"Telinha\",\"image\":{\"@type\":\"ImageObject\",\"inLanguage\":\"pt-PT\",\"@id\":\"https:\/\/portaltela.pt\/s.01k8rhncp4jt1\/2025\/11\/talking-bot-125x125.png\",\"url\":\"https:\/\/portaltela.pt\/s.01k8rhncp4jt1\/2025\/11\/talking-bot-125x125.png\",\"contentUrl\":\"https:\/\/portaltela.pt\/s.01k8rhncp4jt1\/2025\/11\/talking-bot-125x125.png\",\"caption\":\"Telinha\"},\"sameAs\":[\"https:\/\/portaltela.pt\/\"],\"url\":\"https:\/\/portaltela.pt\/por\/367410592786\/\"}]}<\/script>\n<!-- \/ Yoast SEO plugin. -->","yoast_head_json":{"title":"C\u00e9dric Teguia \u00e0 disposi\u00e7\u00e3o do Sp. Braga - Portal Tela Portugal","robots":{"index":"index","follow":"follow","max-snippet":"max-snippet:-1","max-image-preview":"max-image-preview:large","max-video-preview":"max-video-preview:-1"},"og_locale":"pt_PT","og_type":"article","og_title":"C\u00e9dric Teguia \u00e0 disposi\u00e7\u00e3o do Sp. Braga - Portal Tela Portugal","og_description":"C\u00e9dric Teguia est\u00e1 recuperado de queixas na coxa esquerda e pode entrar nos planos do Moreirense para a rece\u00e7\u00e3o ao Sp. Braga. O extremo esteve afastado da competi\u00e7\u00e3o durante um m\u00eas e, na \u00faltima semana, treinou sem limita\u00e7\u00f5es, sinalizando condi\u00e7\u00e3o para ser convocado. O regresso de Teguia ocorre num plantel com v\u00e1rios jogadores lesionados, aumentando as op\u00e7\u00f5es de Vasco Botelho da Costa. Alanzinho j\u00e1 est\u00e1 restabelecido da les\u00e3o, de forma que o departamento m\u00e9dico passa a ter cinco jogadores sob supervis\u00e3o. Dinis Pinto foi operado ao ombro esquerdo e n\u00e3o volta esta \u00e9poca; Michel, Yan Lincon, \u00c1lvaro Mart\u00ednez e Leandro Santos continuam afastados.","og_url":"https:\/\/portaltela.pt\/noticias\/2026\/04\/02\/cedric-teguia-a-disposicao-do-sp-braga\/","og_site_name":"Portal Tela Portugal","article_published_time":"2026-04-02T15:32:26+00:00","author":"Telinha","twitter_card":"summary_large_image","twitter_misc":{"Escrito por":"Telinha","Tempo estimado de leitura":"1 minuto"},"schema":{"@context":"https:\/\/schema.org","@graph":[{"@type":"Article","@id":"https:\/\/portaltela.pt\/noticias\/2026\/04\/02\/cedric-teguia-a-disposicao-do-sp-braga\/#article","isPartOf":{"@id":"https:\/\/portaltela.pt\/noticias\/2026\/04\/02\/cedric-teguia-a-disposicao-do-sp-braga\/"},"author":{"name":"Telinha","@id":"https:\/\/portaltela.pt\/#\/schema\/person\/c4278d4a6028830caff9ee44b42d32ed"},"headline":"C\u00e9dric Teguia \u00e0 disposi\u00e7\u00e3o do Sp. Braga","datePublished":"2026-04-02T15:32:26+00:00","mainEntityOfPage":{"@id":"https:\/\/portaltela.pt\/noticias\/2026\/04\/02\/cedric-teguia-a-disposicao-do-sp-braga\/"},"wordCount":232,"image":{"@id":"https:\/\/portaltela.pt\/noticias\/2026\/04\/02\/cedric-teguia-a-disposicao-do-sp-braga\/#primaryimage"},"thumbnailUrl":"https:\/\/portaltela.pt\/s.01k8rhncp4jt1\/2026\/04\/img_920x518uu2026-04-02-16-25-23-2430697-im-639107439461585662.jpg","keywords":["convocados","futebol","les\u00f5es","Moreirense","recupera\u00e7\u00e3o","Sp. Braga"],"articleSection":["Desporto","Futebol"],"inLanguage":"pt-PT"},{"@type":"WebPage","@id":"https:\/\/portaltela.pt\/noticias\/2026\/04\/02\/cedric-teguia-a-disposicao-do-sp-braga\/","url":"https:\/\/portaltela.pt\/noticias\/2026\/04\/02\/cedric-teguia-a-disposicao-do-sp-braga\/","name":"C\u00e9dric Teguia \u00e0 disposi\u00e7\u00e3o do Sp. Braga - Portal Tela Portugal","isPartOf":{"@id":"https:\/\/portaltela.pt\/#website"},"primaryImageOfPage":{"@id":"https:\/\/portaltela.pt\/noticias\/2026\/04\/02\/cedric-teguia-a-disposicao-do-sp-braga\/#primaryimage"},"image":{"@id":"https:\/\/portaltela.pt\/noticias\/2026\/04\/02\/cedric-teguia-a-disposicao-do-sp-braga\/#primaryimage"},"thumbnailUrl":"https:\/\/portaltela.pt\/s.01k8rhncp4jt1\/2026\/04\/img_920x518uu2026-04-02-16-25-23-2430697-im-639107439461585662.jpg","datePublished":"2026-04-02T15:32:26+00:00","author":{"@id":"https:\/\/portaltela.pt\/#\/schema\/person\/c4278d4a6028830caff9ee44b42d32ed"},"breadcrumb":{"@id":"https:\/\/portaltela.pt\/noticias\/2026\/04\/02\/cedric-teguia-a-disposicao-do-sp-braga\/#breadcrumb"},"inLanguage":"pt-PT","potentialAction":[{"@type":"ReadAction","target":["https:\/\/portaltela.pt\/noticias\/2026\/04\/02\/cedric-teguia-a-disposicao-do-sp-braga\/"]}]},{"@type":"ImageObject","inLanguage":"pt-PT","@id":"https:\/\/portaltela.pt\/noticias\/2026\/04\/02\/cedric-teguia-a-disposicao-do-sp-braga\/#primaryimage","url":"https:\/\/portaltela.pt\/s.01k8rhncp4jt1\/2026\/04\/img_920x518uu2026-04-02-16-25-23-2430697-im-639107439461585662.jpg","contentUrl":"https:\/\/portaltela.pt\/s.01k8rhncp4jt1\/2026\/04\/img_920x518uu2026-04-02-16-25-23-2430697-im-639107439461585662.jpg","width":796,"height":448,"caption":"Teguia em a\u00e7\u00e3o"},{"@type":"BreadcrumbList","@id":"https:\/\/portaltela.pt\/noticias\/2026\/04\/02\/cedric-teguia-a-disposicao-do-sp-braga\/#breadcrumb","itemListElement":[{"@type":"ListItem","position":1,"name":"In\u00edcio","item":"https:\/\/portaltela.pt\/"},{"@type":"ListItem","position":2,"name":"C\u00e9dric Teguia \u00e0 disposi\u00e7\u00e3o do Sp. Braga"}]},{"@type":"WebSite","@id":"https:\/\/portaltela.pt\/#website","url":"https:\/\/portaltela.pt\/","name":"Portal Tela Portugal","description":"","potentialAction":[{"@type":"SearchAction","target":{"@type":"EntryPoint","urlTemplate":"https:\/\/portaltela.pt\/?s={search_term_string}"},"query-input":{"@type":"PropertyValueSpecification","valueRequired":true,"valueName":"search_term_string"}}],"inLanguage":"pt-PT"},{"@type":"Person","@id":"https:\/\/portaltela.pt\/#\/schema\/person\/c4278d4a6028830caff9ee44b42d32ed","name":"Telinha","image":{"@type":"ImageObject","inLanguage":"pt-PT","@id":"https:\/\/portaltela.pt\/s.01k8rhncp4jt1\/2025\/11\/talking-bot-125x125.png","url":"https:\/\/portaltela.pt\/s.01k8rhncp4jt1\/2025\/11\/talking-bot-125x125.png","contentUrl":"https:\/\/portaltela.pt\/s.01k8rhncp4jt1\/2025\/11\/talking-bot-125x125.png","caption":"Telinha"},"sameAs":["https:\/\/portaltela.pt\/"],"url":"https:\/\/portaltela.pt\/por\/367410592786\/"}]}},"_links":{"self":[{"href":"https:\/\/portaltela.pt\/api\/wp\/v2\/posts\/430619","targetHints":{"allow":["GET"]}}],"collection":[{"href":"https:\/\/portaltela.pt\/api\/wp\/v2\/posts"}],"about":[{"href":"https:\/\/portaltela.pt\/api\/wp\/v2\/types\/post"}],"author":[{"embeddable":true,"href":"https:\/\/portaltela.pt\/api\/wp\/v2\/users\/2"}],"replies":[{"embeddable":true,"href":"https:\/\/portaltela.pt\/api\/wp\/v2\/comments?post=430619"}],"version-history":[{"count":0,"href":"https:\/\/portaltela.pt\/api\/wp\/v2\/posts\/430619\/revisions"}],"wp:featuredmedia":[{"embeddable":true,"href":"https:\/\/portaltela.pt\/api\/wp\/v2\/media\/430621"}],"wp:attachment":[{"href":"https:\/\/portaltela.pt\/api\/wp\/v2\/media?parent=430619"}],"wp:term":[{"taxonomy":"category","embeddable":true,"href":"https:\/\/portaltela.pt\/api\/wp\/v2\/categories?post=430619"},{"taxonomy":"post_tag","embeddable":true,"href":"https:\/\/portaltela.pt\/api\/wp\/v2\/tags?post=430619"}],"curies":[{"name":"wp","href":"https:\/\/api.w.org\/{rel}","templated":true}]}}