{"id":430615,"date":"2026-04-02T12:32:20","date_gmt":"2026-04-02T15:32:20","guid":{"rendered":"https:\/\/portaltela.pt\/noticias\/2026\/04\/02\/jorge-jesus-ve-regresso-de-cristiano-ronaldo-e-mane\/"},"modified":"2026-04-02T12:32:20","modified_gmt":"2026-04-02T15:32:20","slug":"jorge-jesus-ve-regresso-de-cristiano-ronaldo-e-mane","status":"publish","type":"post","link":"https:\/\/portaltela.pt\/desporto\/futebol\/2026\/04\/02\/jorge-jesus-ve-regresso-de-cristiano-ronaldo-e-mane\/","title":{"rendered":"Jorge Jesus v\u00ea regresso de Cristiano Ronaldo e Man\u00e9"},"content":{"rendered":"<p>O treinador Jorge Jesus revelou que Cristiano Ronaldo e Sadio Man\u00e9 devem regressar ao plantel do Al Nassr para a visita ao Al Najma, nesta sexta-feira, a contar para a 27.\u00aa jornada da Saudi Pro League. Os dois jogadores est\u00e3o recuperados de les\u00e3o e podem voltar aos planos do t\u00e9cnico portugu\u00eas.<\/p>\n<p>Al\u00e9m disso, Simakan apresenta uma les\u00e3o menor mas dever\u00e1 treinar com o grupo, enquanto Coman continua a ser avaliado por estar fatigado. O clube n\u00e3o avan\u00e7ou com nova baixa, mantendo o foco na prepara\u00e7\u00e3o para o encontro.<\/p>\n<p>Jo\u00e3o F\u00e9lix tem sido uma pe\u00e7a-chave, com 14 assist\u00eancias, 11 na liga. Jesus destacou a qualidade do jogador e a raz\u00e3o da contrata\u00e7\u00e3o, refor\u00e7ando que F\u00e9lix lidera o campeonato nesse aspeto e ainda h\u00e1 jogos pela frente.<\/p>\n<p>Na an\u00e1lise da fase final, o t\u00e9cnico destacou que faltam oito finais e a prioridade \u00e9 manter a lideran\u00e7a. O Al Nassr contabiliza 71 golos e pretende preservar a condi\u00e7\u00e3o f\u00edsica dos jogadores num calend\u00e1rio intenso.<\/p>\n","protected":false},"excerpt":{"rendered":"<ul>\n<li>Jorge Jesus revelou que Cristiano Ronaldo e Sadio Man\u00e9 devem estar de volta ao Al Nassr na sexta-feira, frente ao Al Najma, na 27.\u00aa jornada da Saudi Pro League.<\/li>\n<li>Simakan tem uma les\u00e3o menor e treinar\u00e1 com o plantel; Kingsley Coman est\u00e1 fatigado e ser\u00e1 avaliado durante a sess\u00e3o de treino.<\/li>\n<li>Jo\u00e3o F\u00e9lix soma 14 assist\u00eancias, onze na liga saudita, e \u00e9 o jogador com mais passes para golo do campeonato.<\/li>\n<li>O treinador refor\u00e7ou a meta de vencer a pr\u00f3xima final da equipa, faltando oito no total, e manter a lideran\u00e7a com o Al Nassr a destacar-se pelos 71 golos marcados.<\/li>\n<li>O foco passa por preservar a condi\u00e7\u00e3o f\u00edsica dos jogadores devido ao calend\u00e1rio preenchido e evitar les\u00f5es.<\/li>\n<\/ul>\n","protected":false},"author":2,"featured_media":430617,"comment_status":"closed","ping_status":"closed","sticky":false,"template":"","format":"standard","meta":{"footnotes":""},"categories":[21,24],"tags":[1016,1947,32,3338,2188,6381],"class_list":["post-430615","post","type-post","status-publish","format-standard","has-post-thumbnail","hentry","category-desporto","category-futebol","tag-arabia-saudita","tag-cristiano-ronaldo","tag-futebol","tag-futebol-internacional","tag-joao-felix","tag-sadio-mane"],"yoast_head":"<!-- This site is optimized with the Yoast SEO plugin v27.2 - https:\/\/yoast.com\/product\/yoast-seo-wordpress\/ -->\n<title>Jorge Jesus v\u00ea regresso de Cristiano Ronaldo e Man\u00e9 - Portal Tela Portugal<\/title>\n<meta name=\"robots\" content=\"index, follow, max-snippet:-1, max-image-preview:large, max-video-preview:-1\" \/>\n<meta property=\"og:locale\" content=\"pt_PT\" \/>\n<meta property=\"og:type\" content=\"article\" \/>\n<meta property=\"og:title\" content=\"Jorge Jesus v\u00ea regresso de Cristiano Ronaldo e Man\u00e9 - Portal Tela Portugal\" \/>\n<meta property=\"og:description\" content=\"Jorge Jesus revelou que Cristiano Ronaldo e Sadio Man\u00e9 devem estar de volta ao Al Nassr na sexta-feira, frente ao Al Najma, na 27.\u00aa jornada da Saudi Pro League. Simakan tem uma les\u00e3o menor e treinar\u00e1 com o plantel; Kingsley Coman est\u00e1 fatigado e ser\u00e1 avaliado durante a sess\u00e3o de treino. Jo\u00e3o F\u00e9lix soma 14 assist\u00eancias, onze na liga saudita, e \u00e9 o jogador com mais passes para golo do campeonato. O treinador refor\u00e7ou a meta de vencer a pr\u00f3xima final da equipa, faltando oito no total, e manter a lideran\u00e7a com o Al Nassr a destacar-se pelos 71 golos marcados. O foco passa por preservar a condi\u00e7\u00e3o f\u00edsica dos jogadores devido ao calend\u00e1rio preenchido e evitar les\u00f5es.\" \/>\n<meta property=\"og:url\" content=\"https:\/\/portaltela.pt\/noticias\/2026\/04\/02\/jorge-jesus-ve-regresso-de-cristiano-ronaldo-e-mane\/\" \/>\n<meta property=\"og:site_name\" content=\"Portal Tela Portugal\" \/>\n<meta property=\"article:published_time\" content=\"2026-04-02T15:32:20+00:00\" \/>\n<meta name=\"author\" content=\"Telinha\" \/>\n<meta name=\"twitter:card\" content=\"summary_large_image\" \/>\n<meta name=\"twitter:label1\" content=\"Escrito por\" \/>\n\t<meta name=\"twitter:data1\" content=\"Telinha\" \/>\n\t<meta name=\"twitter:label2\" content=\"Tempo estimado de leitura\" \/>\n\t<meta name=\"twitter:data2\" content=\"1 minuto\" \/>\n<script type=\"application\/ld+json\" class=\"yoast-schema-graph\">{\"@context\":\"https:\/\/schema.org\",\"@graph\":[{\"@type\":\"Article\",\"@id\":\"https:\/\/portaltela.pt\/noticias\/2026\/04\/02\/jorge-jesus-ve-regresso-de-cristiano-ronaldo-e-mane\/#article\",\"isPartOf\":{\"@id\":\"https:\/\/portaltela.pt\/noticias\/2026\/04\/02\/jorge-jesus-ve-regresso-de-cristiano-ronaldo-e-mane\/\"},\"author\":{\"name\":\"Telinha\",\"@id\":\"https:\/\/portaltela.pt\/#\/schema\/person\/c4278d4a6028830caff9ee44b42d32ed\"},\"headline\":\"Jorge Jesus v\u00ea regresso de Cristiano Ronaldo e Man\u00e9\",\"datePublished\":\"2026-04-02T15:32:20+00:00\",\"mainEntityOfPage\":{\"@id\":\"https:\/\/portaltela.pt\/noticias\/2026\/04\/02\/jorge-jesus-ve-regresso-de-cristiano-ronaldo-e-mane\/\"},\"wordCount\":188,\"image\":{\"@id\":\"https:\/\/portaltela.pt\/noticias\/2026\/04\/02\/jorge-jesus-ve-regresso-de-cristiano-ronaldo-e-mane\/#primaryimage\"},\"thumbnailUrl\":\"https:\/\/portaltela.pt\/s.01k8rhncp4jt1\/2026\/04\/img_920x518uu2026-03-31-19-30-56-2430342-im-639105822819226406.jpg\",\"keywords\":[\"Ar\u00e1bia Saudita\",\"Cristiano Ronaldo\",\"futebol\",\"futebol internacional\",\"Jo\u00e3o F\u00e9lix\",\"Sadio Man\u00e9\"],\"articleSection\":[\"Desporto\",\"Futebol\"],\"inLanguage\":\"pt-PT\"},{\"@type\":\"WebPage\",\"@id\":\"https:\/\/portaltela.pt\/noticias\/2026\/04\/02\/jorge-jesus-ve-regresso-de-cristiano-ronaldo-e-mane\/\",\"url\":\"https:\/\/portaltela.pt\/noticias\/2026\/04\/02\/jorge-jesus-ve-regresso-de-cristiano-ronaldo-e-mane\/\",\"name\":\"Jorge Jesus v\u00ea regresso de Cristiano Ronaldo e Man\u00e9 - Portal Tela Portugal\",\"isPartOf\":{\"@id\":\"https:\/\/portaltela.pt\/#website\"},\"primaryImageOfPage\":{\"@id\":\"https:\/\/portaltela.pt\/noticias\/2026\/04\/02\/jorge-jesus-ve-regresso-de-cristiano-ronaldo-e-mane\/#primaryimage\"},\"image\":{\"@id\":\"https:\/\/portaltela.pt\/noticias\/2026\/04\/02\/jorge-jesus-ve-regresso-de-cristiano-ronaldo-e-mane\/#primaryimage\"},\"thumbnailUrl\":\"https:\/\/portaltela.pt\/s.01k8rhncp4jt1\/2026\/04\/img_920x518uu2026-03-31-19-30-56-2430342-im-639105822819226406.jpg\",\"datePublished\":\"2026-04-02T15:32:20+00:00\",\"author\":{\"@id\":\"https:\/\/portaltela.pt\/#\/schema\/person\/c4278d4a6028830caff9ee44b42d32ed\"},\"breadcrumb\":{\"@id\":\"https:\/\/portaltela.pt\/noticias\/2026\/04\/02\/jorge-jesus-ve-regresso-de-cristiano-ronaldo-e-mane\/#breadcrumb\"},\"inLanguage\":\"pt-PT\",\"potentialAction\":[{\"@type\":\"ReadAction\",\"target\":[\"https:\/\/portaltela.pt\/noticias\/2026\/04\/02\/jorge-jesus-ve-regresso-de-cristiano-ronaldo-e-mane\/\"]}]},{\"@type\":\"ImageObject\",\"inLanguage\":\"pt-PT\",\"@id\":\"https:\/\/portaltela.pt\/noticias\/2026\/04\/02\/jorge-jesus-ve-regresso-de-cristiano-ronaldo-e-mane\/#primaryimage\",\"url\":\"https:\/\/portaltela.pt\/s.01k8rhncp4jt1\/2026\/04\/img_920x518uu2026-03-31-19-30-56-2430342-im-639105822819226406.jpg\",\"contentUrl\":\"https:\/\/portaltela.pt\/s.01k8rhncp4jt1\/2026\/04\/img_920x518uu2026-03-31-19-30-56-2430342-im-639105822819226406.jpg\",\"width\":796,\"height\":448,\"caption\":\"Cristiano Ronaldo e Jorge Jesus em momento descontra\u00eddo no gin\u00e1sio do Al Nassr\"},{\"@type\":\"BreadcrumbList\",\"@id\":\"https:\/\/portaltela.pt\/noticias\/2026\/04\/02\/jorge-jesus-ve-regresso-de-cristiano-ronaldo-e-mane\/#breadcrumb\",\"itemListElement\":[{\"@type\":\"ListItem\",\"position\":1,\"name\":\"In\u00edcio\",\"item\":\"https:\/\/portaltela.pt\/\"},{\"@type\":\"ListItem\",\"position\":2,\"name\":\"Jorge Jesus v\u00ea regresso de Cristiano Ronaldo e Man\u00e9\"}]},{\"@type\":\"WebSite\",\"@id\":\"https:\/\/portaltela.pt\/#website\",\"url\":\"https:\/\/portaltela.pt\/\",\"name\":\"Portal Tela Portugal\",\"description\":\"\",\"potentialAction\":[{\"@type\":\"SearchAction\",\"target\":{\"@type\":\"EntryPoint\",\"urlTemplate\":\"https:\/\/portaltela.pt\/?s={search_term_string}\"},\"query-input\":{\"@type\":\"PropertyValueSpecification\",\"valueRequired\":true,\"valueName\":\"search_term_string\"}}],\"inLanguage\":\"pt-PT\"},{\"@type\":\"Person\",\"@id\":\"https:\/\/portaltela.pt\/#\/schema\/person\/c4278d4a6028830caff9ee44b42d32ed\",\"name\":\"Telinha\",\"image\":{\"@type\":\"ImageObject\",\"inLanguage\":\"pt-PT\",\"@id\":\"https:\/\/portaltela.pt\/s.01k8rhncp4jt1\/2025\/11\/talking-bot-125x125.png\",\"url\":\"https:\/\/portaltela.pt\/s.01k8rhncp4jt1\/2025\/11\/talking-bot-125x125.png\",\"contentUrl\":\"https:\/\/portaltela.pt\/s.01k8rhncp4jt1\/2025\/11\/talking-bot-125x125.png\",\"caption\":\"Telinha\"},\"sameAs\":[\"https:\/\/portaltela.pt\/\"],\"url\":\"https:\/\/portaltela.pt\/por\/367410592786\/\"}]}<\/script>\n<!-- \/ Yoast SEO plugin. -->","yoast_head_json":{"title":"Jorge Jesus v\u00ea regresso de Cristiano Ronaldo e Man\u00e9 - Portal Tela Portugal","robots":{"index":"index","follow":"follow","max-snippet":"max-snippet:-1","max-image-preview":"max-image-preview:large","max-video-preview":"max-video-preview:-1"},"og_locale":"pt_PT","og_type":"article","og_title":"Jorge Jesus v\u00ea regresso de Cristiano Ronaldo e Man\u00e9 - Portal Tela Portugal","og_description":"Jorge Jesus revelou que Cristiano Ronaldo e Sadio Man\u00e9 devem estar de volta ao Al Nassr na sexta-feira, frente ao Al Najma, na 27.\u00aa jornada da Saudi Pro League. Simakan tem uma les\u00e3o menor e treinar\u00e1 com o plantel; Kingsley Coman est\u00e1 fatigado e ser\u00e1 avaliado durante a sess\u00e3o de treino. Jo\u00e3o F\u00e9lix soma 14 assist\u00eancias, onze na liga saudita, e \u00e9 o jogador com mais passes para golo do campeonato. O treinador refor\u00e7ou a meta de vencer a pr\u00f3xima final da equipa, faltando oito no total, e manter a lideran\u00e7a com o Al Nassr a destacar-se pelos 71 golos marcados. O foco passa por preservar a condi\u00e7\u00e3o f\u00edsica dos jogadores devido ao calend\u00e1rio preenchido e evitar les\u00f5es.","og_url":"https:\/\/portaltela.pt\/noticias\/2026\/04\/02\/jorge-jesus-ve-regresso-de-cristiano-ronaldo-e-mane\/","og_site_name":"Portal Tela Portugal","article_published_time":"2026-04-02T15:32:20+00:00","author":"Telinha","twitter_card":"summary_large_image","twitter_misc":{"Escrito por":"Telinha","Tempo estimado de leitura":"1 minuto"},"schema":{"@context":"https:\/\/schema.org","@graph":[{"@type":"Article","@id":"https:\/\/portaltela.pt\/noticias\/2026\/04\/02\/jorge-jesus-ve-regresso-de-cristiano-ronaldo-e-mane\/#article","isPartOf":{"@id":"https:\/\/portaltela.pt\/noticias\/2026\/04\/02\/jorge-jesus-ve-regresso-de-cristiano-ronaldo-e-mane\/"},"author":{"name":"Telinha","@id":"https:\/\/portaltela.pt\/#\/schema\/person\/c4278d4a6028830caff9ee44b42d32ed"},"headline":"Jorge Jesus v\u00ea regresso de Cristiano Ronaldo e Man\u00e9","datePublished":"2026-04-02T15:32:20+00:00","mainEntityOfPage":{"@id":"https:\/\/portaltela.pt\/noticias\/2026\/04\/02\/jorge-jesus-ve-regresso-de-cristiano-ronaldo-e-mane\/"},"wordCount":188,"image":{"@id":"https:\/\/portaltela.pt\/noticias\/2026\/04\/02\/jorge-jesus-ve-regresso-de-cristiano-ronaldo-e-mane\/#primaryimage"},"thumbnailUrl":"https:\/\/portaltela.pt\/s.01k8rhncp4jt1\/2026\/04\/img_920x518uu2026-03-31-19-30-56-2430342-im-639105822819226406.jpg","keywords":["Ar\u00e1bia Saudita","Cristiano Ronaldo","futebol","futebol internacional","Jo\u00e3o F\u00e9lix","Sadio Man\u00e9"],"articleSection":["Desporto","Futebol"],"inLanguage":"pt-PT"},{"@type":"WebPage","@id":"https:\/\/portaltela.pt\/noticias\/2026\/04\/02\/jorge-jesus-ve-regresso-de-cristiano-ronaldo-e-mane\/","url":"https:\/\/portaltela.pt\/noticias\/2026\/04\/02\/jorge-jesus-ve-regresso-de-cristiano-ronaldo-e-mane\/","name":"Jorge Jesus v\u00ea regresso de Cristiano Ronaldo e Man\u00e9 - Portal Tela Portugal","isPartOf":{"@id":"https:\/\/portaltela.pt\/#website"},"primaryImageOfPage":{"@id":"https:\/\/portaltela.pt\/noticias\/2026\/04\/02\/jorge-jesus-ve-regresso-de-cristiano-ronaldo-e-mane\/#primaryimage"},"image":{"@id":"https:\/\/portaltela.pt\/noticias\/2026\/04\/02\/jorge-jesus-ve-regresso-de-cristiano-ronaldo-e-mane\/#primaryimage"},"thumbnailUrl":"https:\/\/portaltela.pt\/s.01k8rhncp4jt1\/2026\/04\/img_920x518uu2026-03-31-19-30-56-2430342-im-639105822819226406.jpg","datePublished":"2026-04-02T15:32:20+00:00","author":{"@id":"https:\/\/portaltela.pt\/#\/schema\/person\/c4278d4a6028830caff9ee44b42d32ed"},"breadcrumb":{"@id":"https:\/\/portaltela.pt\/noticias\/2026\/04\/02\/jorge-jesus-ve-regresso-de-cristiano-ronaldo-e-mane\/#breadcrumb"},"inLanguage":"pt-PT","potentialAction":[{"@type":"ReadAction","target":["https:\/\/portaltela.pt\/noticias\/2026\/04\/02\/jorge-jesus-ve-regresso-de-cristiano-ronaldo-e-mane\/"]}]},{"@type":"ImageObject","inLanguage":"pt-PT","@id":"https:\/\/portaltela.pt\/noticias\/2026\/04\/02\/jorge-jesus-ve-regresso-de-cristiano-ronaldo-e-mane\/#primaryimage","url":"https:\/\/portaltela.pt\/s.01k8rhncp4jt1\/2026\/04\/img_920x518uu2026-03-31-19-30-56-2430342-im-639105822819226406.jpg","contentUrl":"https:\/\/portaltela.pt\/s.01k8rhncp4jt1\/2026\/04\/img_920x518uu2026-03-31-19-30-56-2430342-im-639105822819226406.jpg","width":796,"height":448,"caption":"Cristiano Ronaldo e Jorge Jesus em momento descontra\u00eddo no gin\u00e1sio do Al Nassr"},{"@type":"BreadcrumbList","@id":"https:\/\/portaltela.pt\/noticias\/2026\/04\/02\/jorge-jesus-ve-regresso-de-cristiano-ronaldo-e-mane\/#breadcrumb","itemListElement":[{"@type":"ListItem","position":1,"name":"In\u00edcio","item":"https:\/\/portaltela.pt\/"},{"@type":"ListItem","position":2,"name":"Jorge Jesus v\u00ea regresso de Cristiano Ronaldo e Man\u00e9"}]},{"@type":"WebSite","@id":"https:\/\/portaltela.pt\/#website","url":"https:\/\/portaltela.pt\/","name":"Portal Tela Portugal","description":"","potentialAction":[{"@type":"SearchAction","target":{"@type":"EntryPoint","urlTemplate":"https:\/\/portaltela.pt\/?s={search_term_string}"},"query-input":{"@type":"PropertyValueSpecification","valueRequired":true,"valueName":"search_term_string"}}],"inLanguage":"pt-PT"},{"@type":"Person","@id":"https:\/\/portaltela.pt\/#\/schema\/person\/c4278d4a6028830caff9ee44b42d32ed","name":"Telinha","image":{"@type":"ImageObject","inLanguage":"pt-PT","@id":"https:\/\/portaltela.pt\/s.01k8rhncp4jt1\/2025\/11\/talking-bot-125x125.png","url":"https:\/\/portaltela.pt\/s.01k8rhncp4jt1\/2025\/11\/talking-bot-125x125.png","contentUrl":"https:\/\/portaltela.pt\/s.01k8rhncp4jt1\/2025\/11\/talking-bot-125x125.png","caption":"Telinha"},"sameAs":["https:\/\/portaltela.pt\/"],"url":"https:\/\/portaltela.pt\/por\/367410592786\/"}]}},"_links":{"self":[{"href":"https:\/\/portaltela.pt\/api\/wp\/v2\/posts\/430615","targetHints":{"allow":["GET"]}}],"collection":[{"href":"https:\/\/portaltela.pt\/api\/wp\/v2\/posts"}],"about":[{"href":"https:\/\/portaltela.pt\/api\/wp\/v2\/types\/post"}],"author":[{"embeddable":true,"href":"https:\/\/portaltela.pt\/api\/wp\/v2\/users\/2"}],"replies":[{"embeddable":true,"href":"https:\/\/portaltela.pt\/api\/wp\/v2\/comments?post=430615"}],"version-history":[{"count":0,"href":"https:\/\/portaltela.pt\/api\/wp\/v2\/posts\/430615\/revisions"}],"wp:featuredmedia":[{"embeddable":true,"href":"https:\/\/portaltela.pt\/api\/wp\/v2\/media\/430617"}],"wp:attachment":[{"href":"https:\/\/portaltela.pt\/api\/wp\/v2\/media?parent=430615"}],"wp:term":[{"taxonomy":"category","embeddable":true,"href":"https:\/\/portaltela.pt\/api\/wp\/v2\/categories?post=430615"},{"taxonomy":"post_tag","embeddable":true,"href":"https:\/\/portaltela.pt\/api\/wp\/v2\/tags?post=430615"}],"curies":[{"name":"wp","href":"https:\/\/api.w.org\/{rel}","templated":true}]}}