{"id":430575,"date":"2026-04-02T11:24:00","date_gmt":"2026-04-02T14:24:00","guid":{"rendered":"https:\/\/portaltela.pt\/noticias\/2026\/04\/02\/regiao-de-coimbra-denuncia-atrasos-nos-pagamentos-apoios-aos-incendios-de-2025\/"},"modified":"2026-04-02T11:24:00","modified_gmt":"2026-04-02T14:24:00","slug":"regiao-de-coimbra-denuncia-atrasos-nos-pagamentos-apoios-aos-incendios-de-2025","status":"publish","type":"post","link":"https:\/\/portaltela.pt\/sociedade\/2026\/04\/02\/regiao-de-coimbra-denuncia-atrasos-nos-pagamentos-apoios-aos-incendios-de-2025\/","title":{"rendered":"Regi\u00e3o de Coimbra denuncia atrasos nos pagamentos apoios aos inc\u00eandios de 2025"},"content":{"rendered":"<p>A regi\u00e3o de Coimbra denuncia atrasos nos pagamentos de apoios destinados aos inc\u00eandios de 2025. O problema foi tornado p\u00fablico pelos respons\u00e1veis locais, que apontam impactos na recupera\u00e7\u00e3o de privados e entidades envolvidas na resposta \u00e0s queimadas.<\/p>\n<p>Segundo as fontes regionais, os pagamentos contemplam agricultores, propriet\u00e1rios e estruturas de prote\u00e7\u00e3o civil afetadas pelos inc\u00eandios de 2025. Os atrasos dificultam a reconstru\u00e7\u00e3o e a estabilidade financeira das comunidades atingidas.<\/p>\n<p>As autoridades n\u00e3o divulgaram uma data concreta para a regulariza\u00e7\u00e3o dos pagamentos. Contactadas pelas autarquias, as entidades competentes comunicaram estar a acompanhar o processo, com a\u00e7\u00f5es para acelerar as transfer\u00eancias.<\/p>\n","protected":false},"excerpt":{"rendered":"<ul>\n<li>A regi\u00e3o de Coimbra denunciou atrasos no pagamento de apoios ligados aos inc\u00eandios de 2025.<\/li>\n<li>O conte\u00fado completo da not\u00edcia est\u00e1 dispon\u00edvel apenas para subscritores.<\/li>\n<li>O trecho dispon\u00edvel n\u00e3o detalha prazos, montantes ou quem \u00e9 respons\u00e1vel pelos pagamentos.<\/li>\n<li>N\u00e3o h\u00e1 informa\u00e7\u00f5es adicionais sobre eventuais medidas anunciadas ou pr\u00f3ximas a\u00e7\u00f5es.<\/li>\n<\/ul>\n","protected":false},"author":2,"featured_media":430578,"comment_status":"closed","ping_status":"closed","sticky":false,"template":"","format":"standard","meta":{"footnotes":""},"categories":[7384,6871],"tags":[6416,1070,2617,4693,320,4650],"class_list":["post-430575","post","type-post","status-publish","format-standard","has-post-thumbnail","hentry","category-curiosidades","category-sociedade","tag-agricultores","tag-coimbra","tag-incendios","tag-pagamentos","tag-protecao-civil","tag-regiao-centro"],"yoast_head":"<!-- This site is optimized with the Yoast SEO plugin v27.2 - https:\/\/yoast.com\/product\/yoast-seo-wordpress\/ -->\n<title>Regi\u00e3o de Coimbra denuncia atrasos nos pagamentos apoios aos inc\u00eandios de 2025 - Portal Tela Portugal<\/title>\n<meta name=\"robots\" content=\"index, follow, max-snippet:-1, max-image-preview:large, max-video-preview:-1\" \/>\n<meta property=\"og:locale\" content=\"pt_PT\" \/>\n<meta property=\"og:type\" content=\"article\" \/>\n<meta property=\"og:title\" content=\"Regi\u00e3o de Coimbra denuncia atrasos nos pagamentos apoios aos inc\u00eandios de 2025 - Portal Tela Portugal\" \/>\n<meta property=\"og:description\" content=\"A regi\u00e3o de Coimbra denunciou atrasos no pagamento de apoios ligados aos inc\u00eandios de 2025. O conte\u00fado completo da not\u00edcia est\u00e1 dispon\u00edvel apenas para subscritores. O trecho dispon\u00edvel n\u00e3o detalha prazos, montantes ou quem \u00e9 respons\u00e1vel pelos pagamentos. N\u00e3o h\u00e1 informa\u00e7\u00f5es adicionais sobre eventuais medidas anunciadas ou pr\u00f3ximas a\u00e7\u00f5es.\" \/>\n<meta property=\"og:url\" content=\"https:\/\/portaltela.pt\/noticias\/2026\/04\/02\/regiao-de-coimbra-denuncia-atrasos-nos-pagamentos-apoios-aos-incendios-de-2025\/\" \/>\n<meta property=\"og:site_name\" content=\"Portal Tela Portugal\" \/>\n<meta property=\"article:published_time\" content=\"2026-04-02T14:24:00+00:00\" \/>\n<meta name=\"author\" content=\"Telinha\" \/>\n<meta name=\"twitter:card\" content=\"summary_large_image\" \/>\n<meta name=\"twitter:label1\" content=\"Escrito por\" \/>\n\t<meta name=\"twitter:data1\" content=\"Telinha\" \/>\n\t<meta name=\"twitter:label2\" content=\"Tempo estimado de leitura\" \/>\n\t<meta name=\"twitter:data2\" content=\"1 minuto\" \/>\n<script type=\"application\/ld+json\" class=\"yoast-schema-graph\">{\"@context\":\"https:\/\/schema.org\",\"@graph\":[{\"@type\":\"Article\",\"@id\":\"https:\/\/portaltela.pt\/noticias\/2026\/04\/02\/regiao-de-coimbra-denuncia-atrasos-nos-pagamentos-apoios-aos-incendios-de-2025\/#article\",\"isPartOf\":{\"@id\":\"https:\/\/portaltela.pt\/noticias\/2026\/04\/02\/regiao-de-coimbra-denuncia-atrasos-nos-pagamentos-apoios-aos-incendios-de-2025\/\"},\"author\":{\"name\":\"Telinha\",\"@id\":\"https:\/\/portaltela.pt\/#\/schema\/person\/c4278d4a6028830caff9ee44b42d32ed\"},\"headline\":\"Regi\u00e3o de Coimbra denuncia atrasos nos pagamentos apoios aos inc\u00eandios de 2025\",\"datePublished\":\"2026-04-02T14:24:00+00:00\",\"mainEntityOfPage\":{\"@id\":\"https:\/\/portaltela.pt\/noticias\/2026\/04\/02\/regiao-de-coimbra-denuncia-atrasos-nos-pagamentos-apoios-aos-incendios-de-2025\/\"},\"wordCount\":122,\"image\":{\"@id\":\"https:\/\/portaltela.pt\/noticias\/2026\/04\/02\/regiao-de-coimbra-denuncia-atrasos-nos-pagamentos-apoios-aos-incendios-de-2025\/#primaryimage\"},\"thumbnailUrl\":\"https:\/\/portaltela.pt\/s.01k8rhncp4jt1\/2026\/04\/CACHE_780X1200_ANALOG_WATERMARKED_45692126_6256852_19092025083027.jpg\",\"keywords\":[\"agricultores\",\"Coimbra\",\"inc\u00eandios\",\"pagamentos\",\"prote\u00e7\u00e3o civil\",\"Regi\u00e3o Centro\"],\"articleSection\":[\"Curiosidades\",\"Sociedade\"],\"inLanguage\":\"pt-PT\"},{\"@type\":\"WebPage\",\"@id\":\"https:\/\/portaltela.pt\/noticias\/2026\/04\/02\/regiao-de-coimbra-denuncia-atrasos-nos-pagamentos-apoios-aos-incendios-de-2025\/\",\"url\":\"https:\/\/portaltela.pt\/noticias\/2026\/04\/02\/regiao-de-coimbra-denuncia-atrasos-nos-pagamentos-apoios-aos-incendios-de-2025\/\",\"name\":\"Regi\u00e3o de Coimbra denuncia atrasos nos pagamentos apoios aos inc\u00eandios de 2025 - Portal Tela Portugal\",\"isPartOf\":{\"@id\":\"https:\/\/portaltela.pt\/#website\"},\"primaryImageOfPage\":{\"@id\":\"https:\/\/portaltela.pt\/noticias\/2026\/04\/02\/regiao-de-coimbra-denuncia-atrasos-nos-pagamentos-apoios-aos-incendios-de-2025\/#primaryimage\"},\"image\":{\"@id\":\"https:\/\/portaltela.pt\/noticias\/2026\/04\/02\/regiao-de-coimbra-denuncia-atrasos-nos-pagamentos-apoios-aos-incendios-de-2025\/#primaryimage\"},\"thumbnailUrl\":\"https:\/\/portaltela.pt\/s.01k8rhncp4jt1\/2026\/04\/CACHE_780X1200_ANALOG_WATERMARKED_45692126_6256852_19092025083027.jpg\",\"datePublished\":\"2026-04-02T14:24:00+00:00\",\"author\":{\"@id\":\"https:\/\/portaltela.pt\/#\/schema\/person\/c4278d4a6028830caff9ee44b42d32ed\"},\"breadcrumb\":{\"@id\":\"https:\/\/portaltela.pt\/noticias\/2026\/04\/02\/regiao-de-coimbra-denuncia-atrasos-nos-pagamentos-apoios-aos-incendios-de-2025\/#breadcrumb\"},\"inLanguage\":\"pt-PT\",\"potentialAction\":[{\"@type\":\"ReadAction\",\"target\":[\"https:\/\/portaltela.pt\/noticias\/2026\/04\/02\/regiao-de-coimbra-denuncia-atrasos-nos-pagamentos-apoios-aos-incendios-de-2025\/\"]}]},{\"@type\":\"ImageObject\",\"inLanguage\":\"pt-PT\",\"@id\":\"https:\/\/portaltela.pt\/noticias\/2026\/04\/02\/regiao-de-coimbra-denuncia-atrasos-nos-pagamentos-apoios-aos-incendios-de-2025\/#primaryimage\",\"url\":\"https:\/\/portaltela.pt\/s.01k8rhncp4jt1\/2026\/04\/CACHE_780X1200_ANALOG_WATERMARKED_45692126_6256852_19092025083027.jpg\",\"contentUrl\":\"https:\/\/portaltela.pt\/s.01k8rhncp4jt1\/2026\/04\/CACHE_780X1200_ANALOG_WATERMARKED_45692126_6256852_19092025083027.jpg\",\"width\":796,\"height\":448,\"caption\":\"Regi\u00e3o de Coimbra denuncia atrasos nos pagamentos de apoios dos inc\u00eandios de 2025\"},{\"@type\":\"BreadcrumbList\",\"@id\":\"https:\/\/portaltela.pt\/noticias\/2026\/04\/02\/regiao-de-coimbra-denuncia-atrasos-nos-pagamentos-apoios-aos-incendios-de-2025\/#breadcrumb\",\"itemListElement\":[{\"@type\":\"ListItem\",\"position\":1,\"name\":\"In\u00edcio\",\"item\":\"https:\/\/portaltela.pt\/\"},{\"@type\":\"ListItem\",\"position\":2,\"name\":\"Regi\u00e3o de Coimbra denuncia atrasos nos pagamentos apoios aos inc\u00eandios de 2025\"}]},{\"@type\":\"WebSite\",\"@id\":\"https:\/\/portaltela.pt\/#website\",\"url\":\"https:\/\/portaltela.pt\/\",\"name\":\"Portal Tela Portugal\",\"description\":\"\",\"potentialAction\":[{\"@type\":\"SearchAction\",\"target\":{\"@type\":\"EntryPoint\",\"urlTemplate\":\"https:\/\/portaltela.pt\/?s={search_term_string}\"},\"query-input\":{\"@type\":\"PropertyValueSpecification\",\"valueRequired\":true,\"valueName\":\"search_term_string\"}}],\"inLanguage\":\"pt-PT\"},{\"@type\":\"Person\",\"@id\":\"https:\/\/portaltela.pt\/#\/schema\/person\/c4278d4a6028830caff9ee44b42d32ed\",\"name\":\"Telinha\",\"image\":{\"@type\":\"ImageObject\",\"inLanguage\":\"pt-PT\",\"@id\":\"https:\/\/portaltela.pt\/s.01k8rhncp4jt1\/2025\/11\/talking-bot-125x125.png\",\"url\":\"https:\/\/portaltela.pt\/s.01k8rhncp4jt1\/2025\/11\/talking-bot-125x125.png\",\"contentUrl\":\"https:\/\/portaltela.pt\/s.01k8rhncp4jt1\/2025\/11\/talking-bot-125x125.png\",\"caption\":\"Telinha\"},\"sameAs\":[\"https:\/\/portaltela.pt\/\"],\"url\":\"https:\/\/portaltela.pt\/por\/367410592786\/\"}]}<\/script>\n<!-- \/ Yoast SEO plugin. -->","yoast_head_json":{"title":"Regi\u00e3o de Coimbra denuncia atrasos nos pagamentos apoios aos inc\u00eandios de 2025 - Portal Tela Portugal","robots":{"index":"index","follow":"follow","max-snippet":"max-snippet:-1","max-image-preview":"max-image-preview:large","max-video-preview":"max-video-preview:-1"},"og_locale":"pt_PT","og_type":"article","og_title":"Regi\u00e3o de Coimbra denuncia atrasos nos pagamentos apoios aos inc\u00eandios de 2025 - Portal Tela Portugal","og_description":"A regi\u00e3o de Coimbra denunciou atrasos no pagamento de apoios ligados aos inc\u00eandios de 2025. O conte\u00fado completo da not\u00edcia est\u00e1 dispon\u00edvel apenas para subscritores. O trecho dispon\u00edvel n\u00e3o detalha prazos, montantes ou quem \u00e9 respons\u00e1vel pelos pagamentos. N\u00e3o h\u00e1 informa\u00e7\u00f5es adicionais sobre eventuais medidas anunciadas ou pr\u00f3ximas a\u00e7\u00f5es.","og_url":"https:\/\/portaltela.pt\/noticias\/2026\/04\/02\/regiao-de-coimbra-denuncia-atrasos-nos-pagamentos-apoios-aos-incendios-de-2025\/","og_site_name":"Portal Tela Portugal","article_published_time":"2026-04-02T14:24:00+00:00","author":"Telinha","twitter_card":"summary_large_image","twitter_misc":{"Escrito por":"Telinha","Tempo estimado de leitura":"1 minuto"},"schema":{"@context":"https:\/\/schema.org","@graph":[{"@type":"Article","@id":"https:\/\/portaltela.pt\/noticias\/2026\/04\/02\/regiao-de-coimbra-denuncia-atrasos-nos-pagamentos-apoios-aos-incendios-de-2025\/#article","isPartOf":{"@id":"https:\/\/portaltela.pt\/noticias\/2026\/04\/02\/regiao-de-coimbra-denuncia-atrasos-nos-pagamentos-apoios-aos-incendios-de-2025\/"},"author":{"name":"Telinha","@id":"https:\/\/portaltela.pt\/#\/schema\/person\/c4278d4a6028830caff9ee44b42d32ed"},"headline":"Regi\u00e3o de Coimbra denuncia atrasos nos pagamentos apoios aos inc\u00eandios de 2025","datePublished":"2026-04-02T14:24:00+00:00","mainEntityOfPage":{"@id":"https:\/\/portaltela.pt\/noticias\/2026\/04\/02\/regiao-de-coimbra-denuncia-atrasos-nos-pagamentos-apoios-aos-incendios-de-2025\/"},"wordCount":122,"image":{"@id":"https:\/\/portaltela.pt\/noticias\/2026\/04\/02\/regiao-de-coimbra-denuncia-atrasos-nos-pagamentos-apoios-aos-incendios-de-2025\/#primaryimage"},"thumbnailUrl":"https:\/\/portaltela.pt\/s.01k8rhncp4jt1\/2026\/04\/CACHE_780X1200_ANALOG_WATERMARKED_45692126_6256852_19092025083027.jpg","keywords":["agricultores","Coimbra","inc\u00eandios","pagamentos","prote\u00e7\u00e3o civil","Regi\u00e3o Centro"],"articleSection":["Curiosidades","Sociedade"],"inLanguage":"pt-PT"},{"@type":"WebPage","@id":"https:\/\/portaltela.pt\/noticias\/2026\/04\/02\/regiao-de-coimbra-denuncia-atrasos-nos-pagamentos-apoios-aos-incendios-de-2025\/","url":"https:\/\/portaltela.pt\/noticias\/2026\/04\/02\/regiao-de-coimbra-denuncia-atrasos-nos-pagamentos-apoios-aos-incendios-de-2025\/","name":"Regi\u00e3o de Coimbra denuncia atrasos nos pagamentos apoios aos inc\u00eandios de 2025 - Portal Tela Portugal","isPartOf":{"@id":"https:\/\/portaltela.pt\/#website"},"primaryImageOfPage":{"@id":"https:\/\/portaltela.pt\/noticias\/2026\/04\/02\/regiao-de-coimbra-denuncia-atrasos-nos-pagamentos-apoios-aos-incendios-de-2025\/#primaryimage"},"image":{"@id":"https:\/\/portaltela.pt\/noticias\/2026\/04\/02\/regiao-de-coimbra-denuncia-atrasos-nos-pagamentos-apoios-aos-incendios-de-2025\/#primaryimage"},"thumbnailUrl":"https:\/\/portaltela.pt\/s.01k8rhncp4jt1\/2026\/04\/CACHE_780X1200_ANALOG_WATERMARKED_45692126_6256852_19092025083027.jpg","datePublished":"2026-04-02T14:24:00+00:00","author":{"@id":"https:\/\/portaltela.pt\/#\/schema\/person\/c4278d4a6028830caff9ee44b42d32ed"},"breadcrumb":{"@id":"https:\/\/portaltela.pt\/noticias\/2026\/04\/02\/regiao-de-coimbra-denuncia-atrasos-nos-pagamentos-apoios-aos-incendios-de-2025\/#breadcrumb"},"inLanguage":"pt-PT","potentialAction":[{"@type":"ReadAction","target":["https:\/\/portaltela.pt\/noticias\/2026\/04\/02\/regiao-de-coimbra-denuncia-atrasos-nos-pagamentos-apoios-aos-incendios-de-2025\/"]}]},{"@type":"ImageObject","inLanguage":"pt-PT","@id":"https:\/\/portaltela.pt\/noticias\/2026\/04\/02\/regiao-de-coimbra-denuncia-atrasos-nos-pagamentos-apoios-aos-incendios-de-2025\/#primaryimage","url":"https:\/\/portaltela.pt\/s.01k8rhncp4jt1\/2026\/04\/CACHE_780X1200_ANALOG_WATERMARKED_45692126_6256852_19092025083027.jpg","contentUrl":"https:\/\/portaltela.pt\/s.01k8rhncp4jt1\/2026\/04\/CACHE_780X1200_ANALOG_WATERMARKED_45692126_6256852_19092025083027.jpg","width":796,"height":448,"caption":"Regi\u00e3o de Coimbra denuncia atrasos nos pagamentos de apoios dos inc\u00eandios de 2025"},{"@type":"BreadcrumbList","@id":"https:\/\/portaltela.pt\/noticias\/2026\/04\/02\/regiao-de-coimbra-denuncia-atrasos-nos-pagamentos-apoios-aos-incendios-de-2025\/#breadcrumb","itemListElement":[{"@type":"ListItem","position":1,"name":"In\u00edcio","item":"https:\/\/portaltela.pt\/"},{"@type":"ListItem","position":2,"name":"Regi\u00e3o de Coimbra denuncia atrasos nos pagamentos apoios aos inc\u00eandios de 2025"}]},{"@type":"WebSite","@id":"https:\/\/portaltela.pt\/#website","url":"https:\/\/portaltela.pt\/","name":"Portal Tela Portugal","description":"","potentialAction":[{"@type":"SearchAction","target":{"@type":"EntryPoint","urlTemplate":"https:\/\/portaltela.pt\/?s={search_term_string}"},"query-input":{"@type":"PropertyValueSpecification","valueRequired":true,"valueName":"search_term_string"}}],"inLanguage":"pt-PT"},{"@type":"Person","@id":"https:\/\/portaltela.pt\/#\/schema\/person\/c4278d4a6028830caff9ee44b42d32ed","name":"Telinha","image":{"@type":"ImageObject","inLanguage":"pt-PT","@id":"https:\/\/portaltela.pt\/s.01k8rhncp4jt1\/2025\/11\/talking-bot-125x125.png","url":"https:\/\/portaltela.pt\/s.01k8rhncp4jt1\/2025\/11\/talking-bot-125x125.png","contentUrl":"https:\/\/portaltela.pt\/s.01k8rhncp4jt1\/2025\/11\/talking-bot-125x125.png","caption":"Telinha"},"sameAs":["https:\/\/portaltela.pt\/"],"url":"https:\/\/portaltela.pt\/por\/367410592786\/"}]}},"_links":{"self":[{"href":"https:\/\/portaltela.pt\/api\/wp\/v2\/posts\/430575","targetHints":{"allow":["GET"]}}],"collection":[{"href":"https:\/\/portaltela.pt\/api\/wp\/v2\/posts"}],"about":[{"href":"https:\/\/portaltela.pt\/api\/wp\/v2\/types\/post"}],"author":[{"embeddable":true,"href":"https:\/\/portaltela.pt\/api\/wp\/v2\/users\/2"}],"replies":[{"embeddable":true,"href":"https:\/\/portaltela.pt\/api\/wp\/v2\/comments?post=430575"}],"version-history":[{"count":0,"href":"https:\/\/portaltela.pt\/api\/wp\/v2\/posts\/430575\/revisions"}],"wp:featuredmedia":[{"embeddable":true,"href":"https:\/\/portaltela.pt\/api\/wp\/v2\/media\/430578"}],"wp:attachment":[{"href":"https:\/\/portaltela.pt\/api\/wp\/v2\/media?parent=430575"}],"wp:term":[{"taxonomy":"category","embeddable":true,"href":"https:\/\/portaltela.pt\/api\/wp\/v2\/categories?post=430575"},{"taxonomy":"post_tag","embeddable":true,"href":"https:\/\/portaltela.pt\/api\/wp\/v2\/tags?post=430575"}],"curies":[{"name":"wp","href":"https:\/\/api.w.org\/{rel}","templated":true}]}}