{"id":430561,"date":"2026-04-02T12:01:54","date_gmt":"2026-04-02T15:01:54","guid":{"rendered":"https:\/\/portaltela.pt\/noticias\/2026\/04\/02\/calor-leva-nadadores-salvadores-a-alertar-afogamentos-em-praias-nao-vigiadas\/"},"modified":"2026-04-02T12:01:54","modified_gmt":"2026-04-02T15:01:54","slug":"calor-leva-nadadores-salvadores-a-alertar-afogamentos-em-praias-nao-vigiadas","status":"publish","type":"post","link":"https:\/\/portaltela.pt\/tempo\/2026\/04\/02\/calor-leva-nadadores-salvadores-a-alertar-afogamentos-em-praias-nao-vigiadas\/","title":{"rendered":"Calor leva nadadores-salvadores a alertar afogamentos em praias n\u00e3o vigiadas"},"content":{"rendered":"<p>O calor aproxima-se de regime estival e promete fim de semana de P\u00e1scoa com temperaturas altas. Camadas da popula\u00e7\u00e3o devem considerar o mar como op\u00e7\u00e3o de lazer, especialmente em praias abertas ao p\u00fablico sem vigil\u00e2ncia.<\/p>\n<p>A Federa\u00e7\u00e3o Portuguesa de Nadadores Salvadores (FEPONS) alerta para os riscos em praias n\u00e3o vigiadas. Entre 2022 e 2025, registaram-se 42 mortes por afogamento durante o per\u00edodo da P\u00e1scoa, sendo 2024 o ano com mais casos, 20.<\/p>\n<p>O presidente da FEPONS, Alexandre Tadeia, indicou que nestes dois primeiros meses da P\u00e1scoa as ocorr\u00eancias ficam acima da m\u00e9dia hist\u00f3rica. O fator \u00e9 agravado pela aus\u00eancia de vigil\u00e2ncia, tempo bom e f\u00e9rias escolares.<\/p>\n<h3>Contexto e explica\u00e7\u00f5es<\/h3>\n<p>Os nadadores salvadores destacam que praias sem vigil\u00e2ncia concentram maior exposi\u00e7\u00e3o a riscos. A recomenda\u00e7\u00e3o \u00e9 evitar zonas sem presen\u00e7a de nadadores, manter aten\u00e7\u00e3o constante \u00e0 \u00e1gua e n\u00e3o virar as costas ao oceano.<\/p>\n<p>A popula\u00e7\u00e3o \u00e9 ainda aconselhada a redobrar a vigil\u00e2ncia quando h\u00e1 crian\u00e7as nas praias. Os profissionais defendem que a vigil\u00e2ncia deveria existir durante todo o ano, n\u00e3o apenas na \u00e9poca balnear.<\/p>\n<h3>Caso recente na Costa da Caparica<\/h3>\n<p>Um jovem de 17 anos est\u00e1 desaparecido no mar da Costa da Caparica, no concelho de Almada. Desapareceu por volta das 16h55 de quarta-feira, na praia do Drag\u00e3o Vermelho, ap\u00f3s jogar futebol com amigos.<\/p>\n<p>A autarquia e as autoridades prosseguem as buscas. O caso evidencia a prioridade de refor\u00e7ar a vigil\u00e2ncia e o apelo para evitar zonas sem supervis\u00e3o, especialmente com tempo quente.<\/p>\n<p>A \u00e9poca balnear em Portugal come\u00e7a, na maioria dos locais, no in\u00edcio de junho e estende-se at\u00e9 meados de setembro. As datas costumam ser definidas pelos munic\u00edpios.<\/p>\n<p>Para este fim de semana, o IPMA prev\u00ea temperaturas de ver\u00e3o, com m\u00e1ximas entre 25 e 27 graus e noites frias. A pr\u00f3xima semana dever\u00e1 trazer queda de temperaturas e chuva prov\u00e1vel.<\/p>\n","protected":false},"excerpt":{"rendered":"<ul>\n<li>O tempo de ver\u00e3o aproxima-se e o tempo de P\u00e1scoa dever\u00e1 rondar os 30 graus em v\u00e1rias regi\u00f5es, atraindo banhistas para o litoral.<\/li>\n<li>A Federa\u00e7\u00e3o Portuguesa de Nadadores Salvadores (FEPONS) alerta para riscos em praias sem vigil\u00e2ncia durante este per\u00edodo festivo.<\/li>\n<li>Entre 2022 e 2025, houve quarenta e duas mortes por afogamento na P\u00e1scoa, com o recorde de vinte em 2024; a FEPONS aponta fatores como praias n\u00e3o vigiadas e tempo quente.<\/li>\n<li>O caso mais recente envolve um rapaz de 17 anos, ainda desaparecido no mar da Costa da Caparica, ap\u00f3s entrar no mar com amigos.<\/li>\n<li>Os nadadores-salvadores apelam a cautela, principalmente nas praias n\u00e3o vigiadas e com crian\u00e7as, defendendo vigil\u00e2ncia constante e um sistema de prote\u00e7\u00e3o semelhante ao dos bombeiros.<\/li>\n<li>O fim de semana prolongado deve ter temperaturas muito altas, com m\u00e1ximas entre vinte e sete e vinte e sete graus, e a pr\u00f3xima semana dever\u00e1 registar queda de temperaturas e alguma precipita\u00e7\u00e3o, segundo o IPMA.<\/li>\n<\/ul>\n","protected":false},"author":2,"featured_media":430562,"comment_status":"closed","ping_status":"closed","sticky":false,"template":"","format":"standard","meta":{"footnotes":""},"categories":[7365],"tags":[1373,5442,45,7698,320],"class_list":["post-430561","post","type-post","status-publish","format-standard","has-post-thumbnail","hentry","category-tempo","tag-almada","tag-costa-da-caparica","tag-meio-ambiente","tag-nadadores-salvadores","tag-protecao-civil"],"yoast_head":"<!-- This site is optimized with the Yoast SEO plugin v27.2 - https:\/\/yoast.com\/product\/yoast-seo-wordpress\/ -->\n<title>Calor leva nadadores-salvadores a alertar afogamentos em praias n\u00e3o vigiadas - Portal Tela Portugal<\/title>\n<meta name=\"robots\" content=\"index, follow, max-snippet:-1, max-image-preview:large, max-video-preview:-1\" \/>\n<meta property=\"og:locale\" content=\"pt_PT\" \/>\n<meta property=\"og:type\" content=\"article\" \/>\n<meta property=\"og:title\" content=\"Calor leva nadadores-salvadores a alertar afogamentos em praias n\u00e3o vigiadas - Portal Tela Portugal\" \/>\n<meta property=\"og:description\" content=\"O tempo de ver\u00e3o aproxima-se e o tempo de P\u00e1scoa dever\u00e1 rondar os 30 graus em v\u00e1rias regi\u00f5es, atraindo banhistas para o litoral. A Federa\u00e7\u00e3o Portuguesa de Nadadores Salvadores (FEPONS) alerta para riscos em praias sem vigil\u00e2ncia durante este per\u00edodo festivo. Entre 2022 e 2025, houve quarenta e duas mortes por afogamento na P\u00e1scoa, com o recorde de vinte em 2024; a FEPONS aponta fatores como praias n\u00e3o vigiadas e tempo quente. O caso mais recente envolve um rapaz de 17 anos, ainda desaparecido no mar da Costa da Caparica, ap\u00f3s entrar no mar com amigos. Os nadadores-salvadores apelam a cautela, principalmente nas praias n\u00e3o vigiadas e com crian\u00e7as, defendendo vigil\u00e2ncia constante e um sistema de prote\u00e7\u00e3o semelhante ao dos bombeiros. O fim de semana prolongado deve ter temperaturas muito altas, com m\u00e1ximas entre vinte e sete e vinte e sete graus, e a pr\u00f3xima semana dever\u00e1 registar queda de temperaturas e alguma precipita\u00e7\u00e3o, segundo o IPMA.\" \/>\n<meta property=\"og:url\" content=\"https:\/\/portaltela.pt\/noticias\/2026\/04\/02\/calor-leva-nadadores-salvadores-a-alertar-afogamentos-em-praias-nao-vigiadas\/\" \/>\n<meta property=\"og:site_name\" content=\"Portal Tela Portugal\" \/>\n<meta property=\"article:published_time\" content=\"2026-04-02T15:01:54+00:00\" \/>\n<meta name=\"author\" content=\"Telinha\" \/>\n<meta name=\"twitter:card\" content=\"summary_large_image\" \/>\n<meta name=\"twitter:label1\" content=\"Escrito por\" \/>\n\t<meta name=\"twitter:data1\" content=\"Telinha\" \/>\n\t<meta name=\"twitter:label2\" content=\"Tempo estimado de leitura\" \/>\n\t<meta name=\"twitter:data2\" content=\"2 minutos\" \/>\n<script type=\"application\/ld+json\" class=\"yoast-schema-graph\">{\"@context\":\"https:\/\/schema.org\",\"@graph\":[{\"@type\":\"Article\",\"@id\":\"https:\/\/portaltela.pt\/noticias\/2026\/04\/02\/calor-leva-nadadores-salvadores-a-alertar-afogamentos-em-praias-nao-vigiadas\/#article\",\"isPartOf\":{\"@id\":\"https:\/\/portaltela.pt\/noticias\/2026\/04\/02\/calor-leva-nadadores-salvadores-a-alertar-afogamentos-em-praias-nao-vigiadas\/\"},\"author\":{\"name\":\"Telinha\",\"@id\":\"https:\/\/portaltela.pt\/#\/schema\/person\/c4278d4a6028830caff9ee44b42d32ed\"},\"headline\":\"Calor leva nadadores-salvadores a alertar afogamentos em praias n\u00e3o vigiadas\",\"datePublished\":\"2026-04-02T15:01:54+00:00\",\"mainEntityOfPage\":{\"@id\":\"https:\/\/portaltela.pt\/noticias\/2026\/04\/02\/calor-leva-nadadores-salvadores-a-alertar-afogamentos-em-praias-nao-vigiadas\/\"},\"wordCount\":341,\"image\":{\"@id\":\"https:\/\/portaltela.pt\/noticias\/2026\/04\/02\/calor-leva-nadadores-salvadores-a-alertar-afogamentos-em-praias-nao-vigiadas\/#primaryimage\"},\"thumbnailUrl\":\"https:\/\/portaltela.pt\/s.01k8rhncp4jt1\/2026\/04\/1536x864_cmsv2_ca433322-a4e4-5bab-b847-475e69c9598f-9708226.jpg\",\"keywords\":[\"Almada\",\"Costa da Caparica\",\"meio-ambiente\",\"nadadores-salvadores\",\"prote\u00e7\u00e3o civil\"],\"articleSection\":[\"Tempo\"],\"inLanguage\":\"pt-PT\"},{\"@type\":\"WebPage\",\"@id\":\"https:\/\/portaltela.pt\/noticias\/2026\/04\/02\/calor-leva-nadadores-salvadores-a-alertar-afogamentos-em-praias-nao-vigiadas\/\",\"url\":\"https:\/\/portaltela.pt\/noticias\/2026\/04\/02\/calor-leva-nadadores-salvadores-a-alertar-afogamentos-em-praias-nao-vigiadas\/\",\"name\":\"Calor leva nadadores-salvadores a alertar afogamentos em praias n\u00e3o vigiadas - Portal Tela Portugal\",\"isPartOf\":{\"@id\":\"https:\/\/portaltela.pt\/#website\"},\"primaryImageOfPage\":{\"@id\":\"https:\/\/portaltela.pt\/noticias\/2026\/04\/02\/calor-leva-nadadores-salvadores-a-alertar-afogamentos-em-praias-nao-vigiadas\/#primaryimage\"},\"image\":{\"@id\":\"https:\/\/portaltela.pt\/noticias\/2026\/04\/02\/calor-leva-nadadores-salvadores-a-alertar-afogamentos-em-praias-nao-vigiadas\/#primaryimage\"},\"thumbnailUrl\":\"https:\/\/portaltela.pt\/s.01k8rhncp4jt1\/2026\/04\/1536x864_cmsv2_ca433322-a4e4-5bab-b847-475e69c9598f-9708226.jpg\",\"datePublished\":\"2026-04-02T15:01:54+00:00\",\"author\":{\"@id\":\"https:\/\/portaltela.pt\/#\/schema\/person\/c4278d4a6028830caff9ee44b42d32ed\"},\"breadcrumb\":{\"@id\":\"https:\/\/portaltela.pt\/noticias\/2026\/04\/02\/calor-leva-nadadores-salvadores-a-alertar-afogamentos-em-praias-nao-vigiadas\/#breadcrumb\"},\"inLanguage\":\"pt-PT\",\"potentialAction\":[{\"@type\":\"ReadAction\",\"target\":[\"https:\/\/portaltela.pt\/noticias\/2026\/04\/02\/calor-leva-nadadores-salvadores-a-alertar-afogamentos-em-praias-nao-vigiadas\/\"]}]},{\"@type\":\"ImageObject\",\"inLanguage\":\"pt-PT\",\"@id\":\"https:\/\/portaltela.pt\/noticias\/2026\/04\/02\/calor-leva-nadadores-salvadores-a-alertar-afogamentos-em-praias-nao-vigiadas\/#primaryimage\",\"url\":\"https:\/\/portaltela.pt\/s.01k8rhncp4jt1\/2026\/04\/1536x864_cmsv2_ca433322-a4e4-5bab-b847-475e69c9598f-9708226.jpg\",\"contentUrl\":\"https:\/\/portaltela.pt\/s.01k8rhncp4jt1\/2026\/04\/1536x864_cmsv2_ca433322-a4e4-5bab-b847-475e69c9598f-9708226.jpg\",\"width\":796,\"height\":448,\"caption\":\"P\u00e1scoa a banhos? Nadadores-salvadores alertam para afogamentos em praias n\u00e3o vigiadas\"},{\"@type\":\"BreadcrumbList\",\"@id\":\"https:\/\/portaltela.pt\/noticias\/2026\/04\/02\/calor-leva-nadadores-salvadores-a-alertar-afogamentos-em-praias-nao-vigiadas\/#breadcrumb\",\"itemListElement\":[{\"@type\":\"ListItem\",\"position\":1,\"name\":\"In\u00edcio\",\"item\":\"https:\/\/portaltela.pt\/\"},{\"@type\":\"ListItem\",\"position\":2,\"name\":\"Calor leva nadadores-salvadores a alertar afogamentos em praias n\u00e3o vigiadas\"}]},{\"@type\":\"WebSite\",\"@id\":\"https:\/\/portaltela.pt\/#website\",\"url\":\"https:\/\/portaltela.pt\/\",\"name\":\"Portal Tela Portugal\",\"description\":\"\",\"potentialAction\":[{\"@type\":\"SearchAction\",\"target\":{\"@type\":\"EntryPoint\",\"urlTemplate\":\"https:\/\/portaltela.pt\/?s={search_term_string}\"},\"query-input\":{\"@type\":\"PropertyValueSpecification\",\"valueRequired\":true,\"valueName\":\"search_term_string\"}}],\"inLanguage\":\"pt-PT\"},{\"@type\":\"Person\",\"@id\":\"https:\/\/portaltela.pt\/#\/schema\/person\/c4278d4a6028830caff9ee44b42d32ed\",\"name\":\"Telinha\",\"image\":{\"@type\":\"ImageObject\",\"inLanguage\":\"pt-PT\",\"@id\":\"https:\/\/portaltela.pt\/s.01k8rhncp4jt1\/2025\/11\/talking-bot-125x125.png\",\"url\":\"https:\/\/portaltela.pt\/s.01k8rhncp4jt1\/2025\/11\/talking-bot-125x125.png\",\"contentUrl\":\"https:\/\/portaltela.pt\/s.01k8rhncp4jt1\/2025\/11\/talking-bot-125x125.png\",\"caption\":\"Telinha\"},\"sameAs\":[\"https:\/\/portaltela.pt\/\"],\"url\":\"https:\/\/portaltela.pt\/por\/367410592786\/\"}]}<\/script>\n<!-- \/ Yoast SEO plugin. -->","yoast_head_json":{"title":"Calor leva nadadores-salvadores a alertar afogamentos em praias n\u00e3o vigiadas - Portal Tela Portugal","robots":{"index":"index","follow":"follow","max-snippet":"max-snippet:-1","max-image-preview":"max-image-preview:large","max-video-preview":"max-video-preview:-1"},"og_locale":"pt_PT","og_type":"article","og_title":"Calor leva nadadores-salvadores a alertar afogamentos em praias n\u00e3o vigiadas - Portal Tela Portugal","og_description":"O tempo de ver\u00e3o aproxima-se e o tempo de P\u00e1scoa dever\u00e1 rondar os 30 graus em v\u00e1rias regi\u00f5es, atraindo banhistas para o litoral. A Federa\u00e7\u00e3o Portuguesa de Nadadores Salvadores (FEPONS) alerta para riscos em praias sem vigil\u00e2ncia durante este per\u00edodo festivo. Entre 2022 e 2025, houve quarenta e duas mortes por afogamento na P\u00e1scoa, com o recorde de vinte em 2024; a FEPONS aponta fatores como praias n\u00e3o vigiadas e tempo quente. O caso mais recente envolve um rapaz de 17 anos, ainda desaparecido no mar da Costa da Caparica, ap\u00f3s entrar no mar com amigos. Os nadadores-salvadores apelam a cautela, principalmente nas praias n\u00e3o vigiadas e com crian\u00e7as, defendendo vigil\u00e2ncia constante e um sistema de prote\u00e7\u00e3o semelhante ao dos bombeiros. O fim de semana prolongado deve ter temperaturas muito altas, com m\u00e1ximas entre vinte e sete e vinte e sete graus, e a pr\u00f3xima semana dever\u00e1 registar queda de temperaturas e alguma precipita\u00e7\u00e3o, segundo o IPMA.","og_url":"https:\/\/portaltela.pt\/noticias\/2026\/04\/02\/calor-leva-nadadores-salvadores-a-alertar-afogamentos-em-praias-nao-vigiadas\/","og_site_name":"Portal Tela Portugal","article_published_time":"2026-04-02T15:01:54+00:00","author":"Telinha","twitter_card":"summary_large_image","twitter_misc":{"Escrito por":"Telinha","Tempo estimado de leitura":"2 minutos"},"schema":{"@context":"https:\/\/schema.org","@graph":[{"@type":"Article","@id":"https:\/\/portaltela.pt\/noticias\/2026\/04\/02\/calor-leva-nadadores-salvadores-a-alertar-afogamentos-em-praias-nao-vigiadas\/#article","isPartOf":{"@id":"https:\/\/portaltela.pt\/noticias\/2026\/04\/02\/calor-leva-nadadores-salvadores-a-alertar-afogamentos-em-praias-nao-vigiadas\/"},"author":{"name":"Telinha","@id":"https:\/\/portaltela.pt\/#\/schema\/person\/c4278d4a6028830caff9ee44b42d32ed"},"headline":"Calor leva nadadores-salvadores a alertar afogamentos em praias n\u00e3o vigiadas","datePublished":"2026-04-02T15:01:54+00:00","mainEntityOfPage":{"@id":"https:\/\/portaltela.pt\/noticias\/2026\/04\/02\/calor-leva-nadadores-salvadores-a-alertar-afogamentos-em-praias-nao-vigiadas\/"},"wordCount":341,"image":{"@id":"https:\/\/portaltela.pt\/noticias\/2026\/04\/02\/calor-leva-nadadores-salvadores-a-alertar-afogamentos-em-praias-nao-vigiadas\/#primaryimage"},"thumbnailUrl":"https:\/\/portaltela.pt\/s.01k8rhncp4jt1\/2026\/04\/1536x864_cmsv2_ca433322-a4e4-5bab-b847-475e69c9598f-9708226.jpg","keywords":["Almada","Costa da Caparica","meio-ambiente","nadadores-salvadores","prote\u00e7\u00e3o civil"],"articleSection":["Tempo"],"inLanguage":"pt-PT"},{"@type":"WebPage","@id":"https:\/\/portaltela.pt\/noticias\/2026\/04\/02\/calor-leva-nadadores-salvadores-a-alertar-afogamentos-em-praias-nao-vigiadas\/","url":"https:\/\/portaltela.pt\/noticias\/2026\/04\/02\/calor-leva-nadadores-salvadores-a-alertar-afogamentos-em-praias-nao-vigiadas\/","name":"Calor leva nadadores-salvadores a alertar afogamentos em praias n\u00e3o vigiadas - Portal Tela Portugal","isPartOf":{"@id":"https:\/\/portaltela.pt\/#website"},"primaryImageOfPage":{"@id":"https:\/\/portaltela.pt\/noticias\/2026\/04\/02\/calor-leva-nadadores-salvadores-a-alertar-afogamentos-em-praias-nao-vigiadas\/#primaryimage"},"image":{"@id":"https:\/\/portaltela.pt\/noticias\/2026\/04\/02\/calor-leva-nadadores-salvadores-a-alertar-afogamentos-em-praias-nao-vigiadas\/#primaryimage"},"thumbnailUrl":"https:\/\/portaltela.pt\/s.01k8rhncp4jt1\/2026\/04\/1536x864_cmsv2_ca433322-a4e4-5bab-b847-475e69c9598f-9708226.jpg","datePublished":"2026-04-02T15:01:54+00:00","author":{"@id":"https:\/\/portaltela.pt\/#\/schema\/person\/c4278d4a6028830caff9ee44b42d32ed"},"breadcrumb":{"@id":"https:\/\/portaltela.pt\/noticias\/2026\/04\/02\/calor-leva-nadadores-salvadores-a-alertar-afogamentos-em-praias-nao-vigiadas\/#breadcrumb"},"inLanguage":"pt-PT","potentialAction":[{"@type":"ReadAction","target":["https:\/\/portaltela.pt\/noticias\/2026\/04\/02\/calor-leva-nadadores-salvadores-a-alertar-afogamentos-em-praias-nao-vigiadas\/"]}]},{"@type":"ImageObject","inLanguage":"pt-PT","@id":"https:\/\/portaltela.pt\/noticias\/2026\/04\/02\/calor-leva-nadadores-salvadores-a-alertar-afogamentos-em-praias-nao-vigiadas\/#primaryimage","url":"https:\/\/portaltela.pt\/s.01k8rhncp4jt1\/2026\/04\/1536x864_cmsv2_ca433322-a4e4-5bab-b847-475e69c9598f-9708226.jpg","contentUrl":"https:\/\/portaltela.pt\/s.01k8rhncp4jt1\/2026\/04\/1536x864_cmsv2_ca433322-a4e4-5bab-b847-475e69c9598f-9708226.jpg","width":796,"height":448,"caption":"P\u00e1scoa a banhos? Nadadores-salvadores alertam para afogamentos em praias n\u00e3o vigiadas"},{"@type":"BreadcrumbList","@id":"https:\/\/portaltela.pt\/noticias\/2026\/04\/02\/calor-leva-nadadores-salvadores-a-alertar-afogamentos-em-praias-nao-vigiadas\/#breadcrumb","itemListElement":[{"@type":"ListItem","position":1,"name":"In\u00edcio","item":"https:\/\/portaltela.pt\/"},{"@type":"ListItem","position":2,"name":"Calor leva nadadores-salvadores a alertar afogamentos em praias n\u00e3o vigiadas"}]},{"@type":"WebSite","@id":"https:\/\/portaltela.pt\/#website","url":"https:\/\/portaltela.pt\/","name":"Portal Tela Portugal","description":"","potentialAction":[{"@type":"SearchAction","target":{"@type":"EntryPoint","urlTemplate":"https:\/\/portaltela.pt\/?s={search_term_string}"},"query-input":{"@type":"PropertyValueSpecification","valueRequired":true,"valueName":"search_term_string"}}],"inLanguage":"pt-PT"},{"@type":"Person","@id":"https:\/\/portaltela.pt\/#\/schema\/person\/c4278d4a6028830caff9ee44b42d32ed","name":"Telinha","image":{"@type":"ImageObject","inLanguage":"pt-PT","@id":"https:\/\/portaltela.pt\/s.01k8rhncp4jt1\/2025\/11\/talking-bot-125x125.png","url":"https:\/\/portaltela.pt\/s.01k8rhncp4jt1\/2025\/11\/talking-bot-125x125.png","contentUrl":"https:\/\/portaltela.pt\/s.01k8rhncp4jt1\/2025\/11\/talking-bot-125x125.png","caption":"Telinha"},"sameAs":["https:\/\/portaltela.pt\/"],"url":"https:\/\/portaltela.pt\/por\/367410592786\/"}]}},"_links":{"self":[{"href":"https:\/\/portaltela.pt\/api\/wp\/v2\/posts\/430561","targetHints":{"allow":["GET"]}}],"collection":[{"href":"https:\/\/portaltela.pt\/api\/wp\/v2\/posts"}],"about":[{"href":"https:\/\/portaltela.pt\/api\/wp\/v2\/types\/post"}],"author":[{"embeddable":true,"href":"https:\/\/portaltela.pt\/api\/wp\/v2\/users\/2"}],"replies":[{"embeddable":true,"href":"https:\/\/portaltela.pt\/api\/wp\/v2\/comments?post=430561"}],"version-history":[{"count":0,"href":"https:\/\/portaltela.pt\/api\/wp\/v2\/posts\/430561\/revisions"}],"wp:featuredmedia":[{"embeddable":true,"href":"https:\/\/portaltela.pt\/api\/wp\/v2\/media\/430562"}],"wp:attachment":[{"href":"https:\/\/portaltela.pt\/api\/wp\/v2\/media?parent=430561"}],"wp:term":[{"taxonomy":"category","embeddable":true,"href":"https:\/\/portaltela.pt\/api\/wp\/v2\/categories?post=430561"},{"taxonomy":"post_tag","embeddable":true,"href":"https:\/\/portaltela.pt\/api\/wp\/v2\/tags?post=430561"}],"curies":[{"name":"wp","href":"https:\/\/api.w.org\/{rel}","templated":true}]}}