{"id":430501,"date":"2026-04-02T11:02:41","date_gmt":"2026-04-02T14:02:41","guid":{"rendered":"https:\/\/portaltela.pt\/noticias\/2026\/04\/02\/cerca-de-50-tecnicos-escolares-protestam-contra-transferencia-para-ipss\/"},"modified":"2026-04-02T11:02:41","modified_gmt":"2026-04-02T14:02:41","slug":"cerca-de-50-tecnicos-escolares-protestam-contra-transferencia-para-ipss","status":"publish","type":"post","link":"https:\/\/portaltela.pt\/noticias\/politica\/2026\/04\/02\/cerca-de-50-tecnicos-escolares-protestam-contra-transferencia-para-ipss\/","title":{"rendered":"Cerca de 50 t\u00e9cnicos escolares protestam contra transfer\u00eancia para IPSS"},"content":{"rendered":"<p>Cerca de 50 t\u00e9cnicos escolares cumpriram hoje uma manifesta\u00e7\u00e3o em frente \u00e0 C\u00e2mara de Gaia, durante as pausas letivas, contra a transfer\u00eancia para IPSS. O protesto insere-se no \u00e2mbito do programa Gaia Aprende+, que transfere trabalhadores entre escolas e IPSS para ocupa\u00e7\u00e3o de tempos livres nas pausas letivas.<\/p>\n<p>Os trabalhadores denunciam promessas n\u00e3o cumpridas pelo executivo municipal. A dirigente do STFPSN, Lurdes Ribeiro, afirma que, em 20 de janeiro, a c\u00e2mara garantiu a progressiva transfer\u00eancia de trabalhadores das escolas para as IPSS, n\u00e3o para as escolas.<\/p>\n<p>O protesto decorre tamb\u00e9m de uma greve que se estende at\u00e9 10 de abril, j\u00e1 tendo ocorrido durante as f\u00e9rias de Natal. O objetivo \u00e9 impedir a transfer\u00eancia para as IPSS durante per\u00edodos de pausa letiva, incluindo P\u00e1scoa e outros intervalos.<\/p>\n<h3>Rea\u00e7\u00e3o institucional e evid\u00eancias de comunica\u00e7\u00e3o<\/h3>\n<p>Lurdes Ribeiro sustenta que houve promessas de reuni\u00e3o com o vice-presidente e o presidente, para discutir a escala e evitar que os trabalhadores fossem para as IPSS na P\u00e1scoa. A dirigente aponta que chegaram escalas com per\u00edodos de pausa que n\u00e3o tinham sido discutidos previamente.<\/p>\n<p>A C\u00e2mara de Gaia, por seu lado, afirmou n\u00e3o ter recebido pedidos de reuni\u00e3o do presidente ou do vice-presidente. O munic\u00edpio referiu que o problema em causa remete ao anterior executivo, assegurando disponibilidade para resolver a situa\u00e7\u00e3o no futuro e observando dificuldades de di\u00e1logo.<\/p>\n","protected":false},"excerpt":{"rendered":"<ul>\n<li>Cerca de cinquenta t\u00e9cnicos escolares protestam em Gaia contra a transfer\u00eancia para Institui\u00e7\u00f5es Particulares de Solidariedade Social (IPSS) durante as pausas letivas, em greve at\u00e9 10 de abril.<\/li>\n<li>O movimento decorre em frente \u00e0 C\u00e2mara de Gaia e envolve o Gaia Aprende+, programa que cede trabalhadores das escolas para ocupa\u00e7\u00e3o de tempos livres durante interrup\u00e7\u00f5es letivas.<\/li>\n<li>O STFPSN acusa promessas n\u00e3o cumpridas; a dirigente Lurdes Ribeiro diz que o vice-presidente garantiu, em reuni\u00e3o, que a ideia era transferir progressivamente trabalhadores da c\u00e2mara para as escolas, n\u00e3o para as IPSS.<\/li>\n<li>Segundo a sindicalista, foram enviados emails ao gabinete de apoio \u00e0 vice-presid\u00eancia e ao email geral; a C\u00e2mara afirmou n\u00e3o ter recebido pedidos de reuni\u00e3o, levando a acusa\u00e7\u00f5es de mentira ou falha de cumprimento.<\/li>\n<li>A C\u00e2mara de Gaia sustenta que o problema vem do anterior executivo; o novo executivo diz querer resolver a situa\u00e7\u00e3o no futuro, mantendo falta de di\u00e1logo com o sindicato e expectativa de mais a\u00e7\u00f5es durante as f\u00e9rias.<\/li>\n<\/ul>\n","protected":false},"author":2,"featured_media":430502,"comment_status":"closed","ping_status":"closed","sticky":false,"template":"","format":"standard","meta":{"footnotes":""},"categories":[5,6871],"tags":[163,1761,1164,3129,2841,2050],"class_list":["post-430501","post","type-post","status-publish","format-standard","has-post-thumbnail","hentry","category-politica","category-sociedade","tag-educacao","tag-gaia","tag-greve","tag-ipss","tag-trabalhadores","tag-transferencias"],"yoast_head":"<!-- This site is optimized with the Yoast SEO plugin v27.2 - https:\/\/yoast.com\/product\/yoast-seo-wordpress\/ -->\n<title>Cerca de 50 t\u00e9cnicos escolares protestam contra transfer\u00eancia para IPSS - Portal Tela Portugal<\/title>\n<meta name=\"robots\" content=\"index, follow, max-snippet:-1, max-image-preview:large, max-video-preview:-1\" \/>\n<meta property=\"og:locale\" content=\"pt_PT\" \/>\n<meta property=\"og:type\" content=\"article\" \/>\n<meta property=\"og:title\" content=\"Cerca de 50 t\u00e9cnicos escolares protestam contra transfer\u00eancia para IPSS - Portal Tela Portugal\" \/>\n<meta property=\"og:description\" content=\"Cerca de cinquenta t\u00e9cnicos escolares protestam em Gaia contra a transfer\u00eancia para Institui\u00e7\u00f5es Particulares de Solidariedade Social (IPSS) durante as pausas letivas, em greve at\u00e9 10 de abril. O movimento decorre em frente \u00e0 C\u00e2mara de Gaia e envolve o Gaia Aprende+, programa que cede trabalhadores das escolas para ocupa\u00e7\u00e3o de tempos livres durante interrup\u00e7\u00f5es letivas. O STFPSN acusa promessas n\u00e3o cumpridas; a dirigente Lurdes Ribeiro diz que o vice-presidente garantiu, em reuni\u00e3o, que a ideia era transferir progressivamente trabalhadores da c\u00e2mara para as escolas, n\u00e3o para as IPSS. Segundo a sindicalista, foram enviados emails ao gabinete de apoio \u00e0 vice-presid\u00eancia e ao email geral; a C\u00e2mara afirmou n\u00e3o ter recebido pedidos de reuni\u00e3o, levando a acusa\u00e7\u00f5es de mentira ou falha de cumprimento. A C\u00e2mara de Gaia sustenta que o problema vem do anterior executivo; o novo executivo diz querer resolver a situa\u00e7\u00e3o no futuro, mantendo falta de di\u00e1logo com o sindicato e expectativa de mais a\u00e7\u00f5es durante as f\u00e9rias.\" \/>\n<meta property=\"og:url\" content=\"https:\/\/portaltela.pt\/noticias\/2026\/04\/02\/cerca-de-50-tecnicos-escolares-protestam-contra-transferencia-para-ipss\/\" \/>\n<meta property=\"og:site_name\" content=\"Portal Tela Portugal\" \/>\n<meta property=\"article:published_time\" content=\"2026-04-02T14:02:41+00:00\" \/>\n<meta name=\"author\" content=\"Telinha\" \/>\n<meta name=\"twitter:card\" content=\"summary_large_image\" \/>\n<meta name=\"twitter:label1\" content=\"Escrito por\" \/>\n\t<meta name=\"twitter:data1\" content=\"Telinha\" \/>\n\t<meta name=\"twitter:label2\" content=\"Tempo estimado de leitura\" \/>\n\t<meta name=\"twitter:data2\" content=\"1 minuto\" \/>\n<script type=\"application\/ld+json\" class=\"yoast-schema-graph\">{\"@context\":\"https:\/\/schema.org\",\"@graph\":[{\"@type\":\"Article\",\"@id\":\"https:\/\/portaltela.pt\/noticias\/2026\/04\/02\/cerca-de-50-tecnicos-escolares-protestam-contra-transferencia-para-ipss\/#article\",\"isPartOf\":{\"@id\":\"https:\/\/portaltela.pt\/noticias\/2026\/04\/02\/cerca-de-50-tecnicos-escolares-protestam-contra-transferencia-para-ipss\/\"},\"author\":{\"name\":\"Telinha\",\"@id\":\"https:\/\/portaltela.pt\/#\/schema\/person\/c4278d4a6028830caff9ee44b42d32ed\"},\"headline\":\"Cerca de 50 t\u00e9cnicos escolares protestam contra transfer\u00eancia para IPSS\",\"datePublished\":\"2026-04-02T14:02:41+00:00\",\"mainEntityOfPage\":{\"@id\":\"https:\/\/portaltela.pt\/noticias\/2026\/04\/02\/cerca-de-50-tecnicos-escolares-protestam-contra-transferencia-para-ipss\/\"},\"wordCount\":255,\"image\":{\"@id\":\"https:\/\/portaltela.pt\/noticias\/2026\/04\/02\/cerca-de-50-tecnicos-escolares-protestam-contra-transferencia-para-ipss\/#primaryimage\"},\"thumbnailUrl\":\"https:\/\/portaltela.pt\/s.01k8rhncp4jt1\/2026\/04\/e026c983-0d7f-4f1c-8015-030f944a5450_1200x675.jpg\",\"keywords\":[\"educa\u00e7\u00e3o\",\"Gaia\",\"greve\",\"IPSS\",\"trabalhadores\",\"transfer\u00eancias\"],\"articleSection\":[\"Pol\u00edtica\",\"Sociedade\"],\"inLanguage\":\"pt-PT\"},{\"@type\":\"WebPage\",\"@id\":\"https:\/\/portaltela.pt\/noticias\/2026\/04\/02\/cerca-de-50-tecnicos-escolares-protestam-contra-transferencia-para-ipss\/\",\"url\":\"https:\/\/portaltela.pt\/noticias\/2026\/04\/02\/cerca-de-50-tecnicos-escolares-protestam-contra-transferencia-para-ipss\/\",\"name\":\"Cerca de 50 t\u00e9cnicos escolares protestam contra transfer\u00eancia para IPSS - Portal Tela Portugal\",\"isPartOf\":{\"@id\":\"https:\/\/portaltela.pt\/#website\"},\"primaryImageOfPage\":{\"@id\":\"https:\/\/portaltela.pt\/noticias\/2026\/04\/02\/cerca-de-50-tecnicos-escolares-protestam-contra-transferencia-para-ipss\/#primaryimage\"},\"image\":{\"@id\":\"https:\/\/portaltela.pt\/noticias\/2026\/04\/02\/cerca-de-50-tecnicos-escolares-protestam-contra-transferencia-para-ipss\/#primaryimage\"},\"thumbnailUrl\":\"https:\/\/portaltela.pt\/s.01k8rhncp4jt1\/2026\/04\/e026c983-0d7f-4f1c-8015-030f944a5450_1200x675.jpg\",\"datePublished\":\"2026-04-02T14:02:41+00:00\",\"author\":{\"@id\":\"https:\/\/portaltela.pt\/#\/schema\/person\/c4278d4a6028830caff9ee44b42d32ed\"},\"breadcrumb\":{\"@id\":\"https:\/\/portaltela.pt\/noticias\/2026\/04\/02\/cerca-de-50-tecnicos-escolares-protestam-contra-transferencia-para-ipss\/#breadcrumb\"},\"inLanguage\":\"pt-PT\",\"potentialAction\":[{\"@type\":\"ReadAction\",\"target\":[\"https:\/\/portaltela.pt\/noticias\/2026\/04\/02\/cerca-de-50-tecnicos-escolares-protestam-contra-transferencia-para-ipss\/\"]}]},{\"@type\":\"ImageObject\",\"inLanguage\":\"pt-PT\",\"@id\":\"https:\/\/portaltela.pt\/noticias\/2026\/04\/02\/cerca-de-50-tecnicos-escolares-protestam-contra-transferencia-para-ipss\/#primaryimage\",\"url\":\"https:\/\/portaltela.pt\/s.01k8rhncp4jt1\/2026\/04\/e026c983-0d7f-4f1c-8015-030f944a5450_1200x675.jpg\",\"contentUrl\":\"https:\/\/portaltela.pt\/s.01k8rhncp4jt1\/2026\/04\/e026c983-0d7f-4f1c-8015-030f944a5450_1200x675.jpg\",\"width\":1200,\"height\":675,\"caption\":\"Foto: Artur Machado\"},{\"@type\":\"BreadcrumbList\",\"@id\":\"https:\/\/portaltela.pt\/noticias\/2026\/04\/02\/cerca-de-50-tecnicos-escolares-protestam-contra-transferencia-para-ipss\/#breadcrumb\",\"itemListElement\":[{\"@type\":\"ListItem\",\"position\":1,\"name\":\"In\u00edcio\",\"item\":\"https:\/\/portaltela.pt\/\"},{\"@type\":\"ListItem\",\"position\":2,\"name\":\"Cerca de 50 t\u00e9cnicos escolares protestam contra transfer\u00eancia para IPSS\"}]},{\"@type\":\"WebSite\",\"@id\":\"https:\/\/portaltela.pt\/#website\",\"url\":\"https:\/\/portaltela.pt\/\",\"name\":\"Portal Tela Portugal\",\"description\":\"\",\"potentialAction\":[{\"@type\":\"SearchAction\",\"target\":{\"@type\":\"EntryPoint\",\"urlTemplate\":\"https:\/\/portaltela.pt\/?s={search_term_string}\"},\"query-input\":{\"@type\":\"PropertyValueSpecification\",\"valueRequired\":true,\"valueName\":\"search_term_string\"}}],\"inLanguage\":\"pt-PT\"},{\"@type\":\"Person\",\"@id\":\"https:\/\/portaltela.pt\/#\/schema\/person\/c4278d4a6028830caff9ee44b42d32ed\",\"name\":\"Telinha\",\"image\":{\"@type\":\"ImageObject\",\"inLanguage\":\"pt-PT\",\"@id\":\"https:\/\/portaltela.pt\/s.01k8rhncp4jt1\/2025\/11\/talking-bot-125x125.png\",\"url\":\"https:\/\/portaltela.pt\/s.01k8rhncp4jt1\/2025\/11\/talking-bot-125x125.png\",\"contentUrl\":\"https:\/\/portaltela.pt\/s.01k8rhncp4jt1\/2025\/11\/talking-bot-125x125.png\",\"caption\":\"Telinha\"},\"sameAs\":[\"https:\/\/portaltela.pt\/\"],\"url\":\"https:\/\/portaltela.pt\/por\/367410592786\/\"}]}<\/script>\n<!-- \/ Yoast SEO plugin. -->","yoast_head_json":{"title":"Cerca de 50 t\u00e9cnicos escolares protestam contra transfer\u00eancia para IPSS - Portal Tela Portugal","robots":{"index":"index","follow":"follow","max-snippet":"max-snippet:-1","max-image-preview":"max-image-preview:large","max-video-preview":"max-video-preview:-1"},"og_locale":"pt_PT","og_type":"article","og_title":"Cerca de 50 t\u00e9cnicos escolares protestam contra transfer\u00eancia para IPSS - Portal Tela Portugal","og_description":"Cerca de cinquenta t\u00e9cnicos escolares protestam em Gaia contra a transfer\u00eancia para Institui\u00e7\u00f5es Particulares de Solidariedade Social (IPSS) durante as pausas letivas, em greve at\u00e9 10 de abril. O movimento decorre em frente \u00e0 C\u00e2mara de Gaia e envolve o Gaia Aprende+, programa que cede trabalhadores das escolas para ocupa\u00e7\u00e3o de tempos livres durante interrup\u00e7\u00f5es letivas. O STFPSN acusa promessas n\u00e3o cumpridas; a dirigente Lurdes Ribeiro diz que o vice-presidente garantiu, em reuni\u00e3o, que a ideia era transferir progressivamente trabalhadores da c\u00e2mara para as escolas, n\u00e3o para as IPSS. Segundo a sindicalista, foram enviados emails ao gabinete de apoio \u00e0 vice-presid\u00eancia e ao email geral; a C\u00e2mara afirmou n\u00e3o ter recebido pedidos de reuni\u00e3o, levando a acusa\u00e7\u00f5es de mentira ou falha de cumprimento. A C\u00e2mara de Gaia sustenta que o problema vem do anterior executivo; o novo executivo diz querer resolver a situa\u00e7\u00e3o no futuro, mantendo falta de di\u00e1logo com o sindicato e expectativa de mais a\u00e7\u00f5es durante as f\u00e9rias.","og_url":"https:\/\/portaltela.pt\/noticias\/2026\/04\/02\/cerca-de-50-tecnicos-escolares-protestam-contra-transferencia-para-ipss\/","og_site_name":"Portal Tela Portugal","article_published_time":"2026-04-02T14:02:41+00:00","author":"Telinha","twitter_card":"summary_large_image","twitter_misc":{"Escrito por":"Telinha","Tempo estimado de leitura":"1 minuto"},"schema":{"@context":"https:\/\/schema.org","@graph":[{"@type":"Article","@id":"https:\/\/portaltela.pt\/noticias\/2026\/04\/02\/cerca-de-50-tecnicos-escolares-protestam-contra-transferencia-para-ipss\/#article","isPartOf":{"@id":"https:\/\/portaltela.pt\/noticias\/2026\/04\/02\/cerca-de-50-tecnicos-escolares-protestam-contra-transferencia-para-ipss\/"},"author":{"name":"Telinha","@id":"https:\/\/portaltela.pt\/#\/schema\/person\/c4278d4a6028830caff9ee44b42d32ed"},"headline":"Cerca de 50 t\u00e9cnicos escolares protestam contra transfer\u00eancia para IPSS","datePublished":"2026-04-02T14:02:41+00:00","mainEntityOfPage":{"@id":"https:\/\/portaltela.pt\/noticias\/2026\/04\/02\/cerca-de-50-tecnicos-escolares-protestam-contra-transferencia-para-ipss\/"},"wordCount":255,"image":{"@id":"https:\/\/portaltela.pt\/noticias\/2026\/04\/02\/cerca-de-50-tecnicos-escolares-protestam-contra-transferencia-para-ipss\/#primaryimage"},"thumbnailUrl":"https:\/\/portaltela.pt\/s.01k8rhncp4jt1\/2026\/04\/e026c983-0d7f-4f1c-8015-030f944a5450_1200x675.jpg","keywords":["educa\u00e7\u00e3o","Gaia","greve","IPSS","trabalhadores","transfer\u00eancias"],"articleSection":["Pol\u00edtica","Sociedade"],"inLanguage":"pt-PT"},{"@type":"WebPage","@id":"https:\/\/portaltela.pt\/noticias\/2026\/04\/02\/cerca-de-50-tecnicos-escolares-protestam-contra-transferencia-para-ipss\/","url":"https:\/\/portaltela.pt\/noticias\/2026\/04\/02\/cerca-de-50-tecnicos-escolares-protestam-contra-transferencia-para-ipss\/","name":"Cerca de 50 t\u00e9cnicos escolares protestam contra transfer\u00eancia para IPSS - Portal Tela Portugal","isPartOf":{"@id":"https:\/\/portaltela.pt\/#website"},"primaryImageOfPage":{"@id":"https:\/\/portaltela.pt\/noticias\/2026\/04\/02\/cerca-de-50-tecnicos-escolares-protestam-contra-transferencia-para-ipss\/#primaryimage"},"image":{"@id":"https:\/\/portaltela.pt\/noticias\/2026\/04\/02\/cerca-de-50-tecnicos-escolares-protestam-contra-transferencia-para-ipss\/#primaryimage"},"thumbnailUrl":"https:\/\/portaltela.pt\/s.01k8rhncp4jt1\/2026\/04\/e026c983-0d7f-4f1c-8015-030f944a5450_1200x675.jpg","datePublished":"2026-04-02T14:02:41+00:00","author":{"@id":"https:\/\/portaltela.pt\/#\/schema\/person\/c4278d4a6028830caff9ee44b42d32ed"},"breadcrumb":{"@id":"https:\/\/portaltela.pt\/noticias\/2026\/04\/02\/cerca-de-50-tecnicos-escolares-protestam-contra-transferencia-para-ipss\/#breadcrumb"},"inLanguage":"pt-PT","potentialAction":[{"@type":"ReadAction","target":["https:\/\/portaltela.pt\/noticias\/2026\/04\/02\/cerca-de-50-tecnicos-escolares-protestam-contra-transferencia-para-ipss\/"]}]},{"@type":"ImageObject","inLanguage":"pt-PT","@id":"https:\/\/portaltela.pt\/noticias\/2026\/04\/02\/cerca-de-50-tecnicos-escolares-protestam-contra-transferencia-para-ipss\/#primaryimage","url":"https:\/\/portaltela.pt\/s.01k8rhncp4jt1\/2026\/04\/e026c983-0d7f-4f1c-8015-030f944a5450_1200x675.jpg","contentUrl":"https:\/\/portaltela.pt\/s.01k8rhncp4jt1\/2026\/04\/e026c983-0d7f-4f1c-8015-030f944a5450_1200x675.jpg","width":1200,"height":675,"caption":"Foto: Artur Machado"},{"@type":"BreadcrumbList","@id":"https:\/\/portaltela.pt\/noticias\/2026\/04\/02\/cerca-de-50-tecnicos-escolares-protestam-contra-transferencia-para-ipss\/#breadcrumb","itemListElement":[{"@type":"ListItem","position":1,"name":"In\u00edcio","item":"https:\/\/portaltela.pt\/"},{"@type":"ListItem","position":2,"name":"Cerca de 50 t\u00e9cnicos escolares protestam contra transfer\u00eancia para IPSS"}]},{"@type":"WebSite","@id":"https:\/\/portaltela.pt\/#website","url":"https:\/\/portaltela.pt\/","name":"Portal Tela Portugal","description":"","potentialAction":[{"@type":"SearchAction","target":{"@type":"EntryPoint","urlTemplate":"https:\/\/portaltela.pt\/?s={search_term_string}"},"query-input":{"@type":"PropertyValueSpecification","valueRequired":true,"valueName":"search_term_string"}}],"inLanguage":"pt-PT"},{"@type":"Person","@id":"https:\/\/portaltela.pt\/#\/schema\/person\/c4278d4a6028830caff9ee44b42d32ed","name":"Telinha","image":{"@type":"ImageObject","inLanguage":"pt-PT","@id":"https:\/\/portaltela.pt\/s.01k8rhncp4jt1\/2025\/11\/talking-bot-125x125.png","url":"https:\/\/portaltela.pt\/s.01k8rhncp4jt1\/2025\/11\/talking-bot-125x125.png","contentUrl":"https:\/\/portaltela.pt\/s.01k8rhncp4jt1\/2025\/11\/talking-bot-125x125.png","caption":"Telinha"},"sameAs":["https:\/\/portaltela.pt\/"],"url":"https:\/\/portaltela.pt\/por\/367410592786\/"}]}},"_links":{"self":[{"href":"https:\/\/portaltela.pt\/api\/wp\/v2\/posts\/430501","targetHints":{"allow":["GET"]}}],"collection":[{"href":"https:\/\/portaltela.pt\/api\/wp\/v2\/posts"}],"about":[{"href":"https:\/\/portaltela.pt\/api\/wp\/v2\/types\/post"}],"author":[{"embeddable":true,"href":"https:\/\/portaltela.pt\/api\/wp\/v2\/users\/2"}],"replies":[{"embeddable":true,"href":"https:\/\/portaltela.pt\/api\/wp\/v2\/comments?post=430501"}],"version-history":[{"count":0,"href":"https:\/\/portaltela.pt\/api\/wp\/v2\/posts\/430501\/revisions"}],"wp:featuredmedia":[{"embeddable":true,"href":"https:\/\/portaltela.pt\/api\/wp\/v2\/media\/430502"}],"wp:attachment":[{"href":"https:\/\/portaltela.pt\/api\/wp\/v2\/media?parent=430501"}],"wp:term":[{"taxonomy":"category","embeddable":true,"href":"https:\/\/portaltela.pt\/api\/wp\/v2\/categories?post=430501"},{"taxonomy":"post_tag","embeddable":true,"href":"https:\/\/portaltela.pt\/api\/wp\/v2\/tags?post=430501"}],"curies":[{"name":"wp","href":"https:\/\/api.w.org\/{rel}","templated":true}]}}