{"id":430464,"date":"2026-04-02T10:47:18","date_gmt":"2026-04-02T13:47:18","guid":{"rendered":"https:\/\/portaltela.pt\/noticias\/2026\/04\/02\/um-morto-e-um-ferido-grave-em-colisao-na-en-13-vila-nova-de-cerveira\/"},"modified":"2026-04-02T10:47:18","modified_gmt":"2026-04-02T13:47:18","slug":"um-morto-e-um-ferido-grave-em-colisao-na-en-13-vila-nova-de-cerveira","status":"publish","type":"post","link":"https:\/\/portaltela.pt\/acidentes\/2026\/04\/02\/um-morto-e-um-ferido-grave-em-colisao-na-en-13-vila-nova-de-cerveira\/","title":{"rendered":"Um morto e um ferido grave em colis\u00e3o na EN 13, Vila Nova de Cerveira"},"content":{"rendered":"<p>Um homem de 30 anos morreu e uma mulher de 28 ficou gravemente ferida ap\u00f3s uma colis\u00e3o entre um motociclo e um ve\u00edculo ligeiro na Estrada Nacional 13, em Reboreda, Vila Nova de Cerveira. O acidente ocorreu ao in\u00edcio da tarde de quinta-feira, perto das 12h38.<\/p>\n<p>Os dois ocupantes do motociclo seguiam no ve\u00edculo \u00e0 data do acidente. A mulher foi encaminhada para o Hospital de Braga em estado grave, enquanto o condutor do motociclo ficou sem vida no local.<\/p>\n<p>A circula\u00e7\u00e3o na EN 13 ficou condicionada, mas, segundo a GNR de Viana do Castelo, a via n\u00e3o chegou a ser encerrada ao tr\u00e2nsito. As circunst\u00e2ncias do acidente est\u00e3o a ser apuradas.<\/p>\n<h3>Investiga\u00e7\u00e3o em curso<\/h3>\n<p>O N\u00facleo de Investiga\u00e7\u00e3o em Acidentes de Via\u00e7\u00e3o da GNR de Viana do Castelo conduz as dilig\u00eancias para determinar as causas do incidente. Do outro ve\u00edculo envolvido n\u00e3o resultaram ferimentos.<\/p>\n","protected":false},"excerpt":{"rendered":"<ul>\n<li>Um motociclista de 30 anos morreu e uma mulher de 28 ficou ferida grave numa colis\u00e3o entre moto e carro na Estrada Nacional 13, em Reboreda, Vila Nova de Cerveira, ao in\u00edcio da tarde.<\/li>\n<li>A mulher, que seguia na moto, foi transportada para o Hospital de Braga.<\/li>\n<li>O acidente ocorreu \u00e0s 12h38 e est\u00e1 a ser investigado pela Guarda Nacional Republicana (GNR).<\/li>\n<li>O tr\u00e2nsito na EN 13 ficou condicionado, mas a via n\u00e3o ficou totalmente cortada.<\/li>\n<li>O N\u00facleo de Investiga\u00e7\u00e3o de Acidentes de Via\u00e7\u00e3o da GNR de Viana do Castelo analisa as causas; n\u00e3o houve feridos no ve\u00edculo ligeiro envolvido.<\/li>\n<\/ul>\n","protected":false},"author":2,"featured_media":430468,"comment_status":"closed","ping_status":"closed","sticky":false,"template":"","format":"standard","meta":{"footnotes":""},"categories":[6849],"tags":[4169,2335,4216,3449,6421,1530],"class_list":["post-430464","post","type-post","status-publish","format-standard","has-post-thumbnail","hentry","category-acidentes","tag-acidente-rodoviario","tag-acidentes-rodoviarios","tag-condicoes-de-transito","tag-feridos","tag-mortos","tag-viana-do-castelo"],"yoast_head":"<!-- This site is optimized with the Yoast SEO plugin v27.2 - https:\/\/yoast.com\/product\/yoast-seo-wordpress\/ -->\n<title>Um morto e um ferido grave em colis\u00e3o na EN 13, Vila Nova de Cerveira - Portal Tela Portugal<\/title>\n<meta name=\"robots\" content=\"index, follow, max-snippet:-1, max-image-preview:large, max-video-preview:-1\" \/>\n<meta property=\"og:locale\" content=\"pt_PT\" \/>\n<meta property=\"og:type\" content=\"article\" \/>\n<meta property=\"og:title\" content=\"Um morto e um ferido grave em colis\u00e3o na EN 13, Vila Nova de Cerveira - Portal Tela Portugal\" \/>\n<meta property=\"og:description\" content=\"Um motociclista de 30 anos morreu e uma mulher de 28 ficou ferida grave numa colis\u00e3o entre moto e carro na Estrada Nacional 13, em Reboreda, Vila Nova de Cerveira, ao in\u00edcio da tarde. A mulher, que seguia na moto, foi transportada para o Hospital de Braga. O acidente ocorreu \u00e0s 12h38 e est\u00e1 a ser investigado pela Guarda Nacional Republicana (GNR). O tr\u00e2nsito na EN 13 ficou condicionado, mas a via n\u00e3o ficou totalmente cortada. O N\u00facleo de Investiga\u00e7\u00e3o de Acidentes de Via\u00e7\u00e3o da GNR de Viana do Castelo analisa as causas; n\u00e3o houve feridos no ve\u00edculo ligeiro envolvido.\" \/>\n<meta property=\"og:url\" content=\"https:\/\/portaltela.pt\/noticias\/2026\/04\/02\/um-morto-e-um-ferido-grave-em-colisao-na-en-13-vila-nova-de-cerveira\/\" \/>\n<meta property=\"og:site_name\" content=\"Portal Tela Portugal\" \/>\n<meta property=\"article:published_time\" content=\"2026-04-02T13:47:18+00:00\" \/>\n<meta name=\"author\" content=\"Telinha\" \/>\n<meta name=\"twitter:card\" content=\"summary_large_image\" \/>\n<meta name=\"twitter:label1\" content=\"Escrito por\" \/>\n\t<meta name=\"twitter:data1\" content=\"Telinha\" \/>\n\t<meta name=\"twitter:label2\" content=\"Tempo estimado de leitura\" \/>\n\t<meta name=\"twitter:data2\" content=\"1 minuto\" \/>\n<script type=\"application\/ld+json\" class=\"yoast-schema-graph\">{\"@context\":\"https:\/\/schema.org\",\"@graph\":[{\"@type\":\"Article\",\"@id\":\"https:\/\/portaltela.pt\/noticias\/2026\/04\/02\/um-morto-e-um-ferido-grave-em-colisao-na-en-13-vila-nova-de-cerveira\/#article\",\"isPartOf\":{\"@id\":\"https:\/\/portaltela.pt\/noticias\/2026\/04\/02\/um-morto-e-um-ferido-grave-em-colisao-na-en-13-vila-nova-de-cerveira\/\"},\"author\":{\"name\":\"Telinha\",\"@id\":\"https:\/\/portaltela.pt\/#\/schema\/person\/c4278d4a6028830caff9ee44b42d32ed\"},\"headline\":\"Um morto e um ferido grave em colis\u00e3o na EN 13, Vila Nova de Cerveira\",\"datePublished\":\"2026-04-02T13:47:18+00:00\",\"mainEntityOfPage\":{\"@id\":\"https:\/\/portaltela.pt\/noticias\/2026\/04\/02\/um-morto-e-um-ferido-grave-em-colisao-na-en-13-vila-nova-de-cerveira\/\"},\"wordCount\":172,\"image\":{\"@id\":\"https:\/\/portaltela.pt\/noticias\/2026\/04\/02\/um-morto-e-um-ferido-grave-em-colisao-na-en-13-vila-nova-de-cerveira\/#primaryimage\"},\"thumbnailUrl\":\"https:\/\/portaltela.pt\/s.01k8rhncp4jt1\/2026\/04\/img_1500x1000uu2024-03-26-20-10-54-1610282.jpg\",\"keywords\":[\"acidente rodovi\u00e1rio\",\"acidentes rodovi\u00e1rios\",\"condi\u00e7\u00f5es de tr\u00e2nsito\",\"feridos\",\"mortos\",\"Viana do Castelo\"],\"articleSection\":[\"Acidentes\"],\"inLanguage\":\"pt-PT\"},{\"@type\":\"WebPage\",\"@id\":\"https:\/\/portaltela.pt\/noticias\/2026\/04\/02\/um-morto-e-um-ferido-grave-em-colisao-na-en-13-vila-nova-de-cerveira\/\",\"url\":\"https:\/\/portaltela.pt\/noticias\/2026\/04\/02\/um-morto-e-um-ferido-grave-em-colisao-na-en-13-vila-nova-de-cerveira\/\",\"name\":\"Um morto e um ferido grave em colis\u00e3o na EN 13, Vila Nova de Cerveira - Portal Tela Portugal\",\"isPartOf\":{\"@id\":\"https:\/\/portaltela.pt\/#website\"},\"primaryImageOfPage\":{\"@id\":\"https:\/\/portaltela.pt\/noticias\/2026\/04\/02\/um-morto-e-um-ferido-grave-em-colisao-na-en-13-vila-nova-de-cerveira\/#primaryimage\"},\"image\":{\"@id\":\"https:\/\/portaltela.pt\/noticias\/2026\/04\/02\/um-morto-e-um-ferido-grave-em-colisao-na-en-13-vila-nova-de-cerveira\/#primaryimage\"},\"thumbnailUrl\":\"https:\/\/portaltela.pt\/s.01k8rhncp4jt1\/2026\/04\/img_1500x1000uu2024-03-26-20-10-54-1610282.jpg\",\"datePublished\":\"2026-04-02T13:47:18+00:00\",\"author\":{\"@id\":\"https:\/\/portaltela.pt\/#\/schema\/person\/c4278d4a6028830caff9ee44b42d32ed\"},\"breadcrumb\":{\"@id\":\"https:\/\/portaltela.pt\/noticias\/2026\/04\/02\/um-morto-e-um-ferido-grave-em-colisao-na-en-13-vila-nova-de-cerveira\/#breadcrumb\"},\"inLanguage\":\"pt-PT\",\"potentialAction\":[{\"@type\":\"ReadAction\",\"target\":[\"https:\/\/portaltela.pt\/noticias\/2026\/04\/02\/um-morto-e-um-ferido-grave-em-colisao-na-en-13-vila-nova-de-cerveira\/\"]}]},{\"@type\":\"ImageObject\",\"inLanguage\":\"pt-PT\",\"@id\":\"https:\/\/portaltela.pt\/noticias\/2026\/04\/02\/um-morto-e-um-ferido-grave-em-colisao-na-en-13-vila-nova-de-cerveira\/#primaryimage\",\"url\":\"https:\/\/portaltela.pt\/s.01k8rhncp4jt1\/2026\/04\/img_1500x1000uu2024-03-26-20-10-54-1610282.jpg\",\"contentUrl\":\"https:\/\/portaltela.pt\/s.01k8rhncp4jt1\/2026\/04\/img_1500x1000uu2024-03-26-20-10-54-1610282.jpg\",\"width\":796,\"height\":448,\"caption\":\"Mulher foi transportada para o Hospital de Braga, em estado grave\"},{\"@type\":\"BreadcrumbList\",\"@id\":\"https:\/\/portaltela.pt\/noticias\/2026\/04\/02\/um-morto-e-um-ferido-grave-em-colisao-na-en-13-vila-nova-de-cerveira\/#breadcrumb\",\"itemListElement\":[{\"@type\":\"ListItem\",\"position\":1,\"name\":\"In\u00edcio\",\"item\":\"https:\/\/portaltela.pt\/\"},{\"@type\":\"ListItem\",\"position\":2,\"name\":\"Um morto e um ferido grave em colis\u00e3o na EN 13, Vila Nova de Cerveira\"}]},{\"@type\":\"WebSite\",\"@id\":\"https:\/\/portaltela.pt\/#website\",\"url\":\"https:\/\/portaltela.pt\/\",\"name\":\"Portal Tela Portugal\",\"description\":\"\",\"potentialAction\":[{\"@type\":\"SearchAction\",\"target\":{\"@type\":\"EntryPoint\",\"urlTemplate\":\"https:\/\/portaltela.pt\/?s={search_term_string}\"},\"query-input\":{\"@type\":\"PropertyValueSpecification\",\"valueRequired\":true,\"valueName\":\"search_term_string\"}}],\"inLanguage\":\"pt-PT\"},{\"@type\":\"Person\",\"@id\":\"https:\/\/portaltela.pt\/#\/schema\/person\/c4278d4a6028830caff9ee44b42d32ed\",\"name\":\"Telinha\",\"image\":{\"@type\":\"ImageObject\",\"inLanguage\":\"pt-PT\",\"@id\":\"https:\/\/portaltela.pt\/s.01k8rhncp4jt1\/2025\/11\/talking-bot-125x125.png\",\"url\":\"https:\/\/portaltela.pt\/s.01k8rhncp4jt1\/2025\/11\/talking-bot-125x125.png\",\"contentUrl\":\"https:\/\/portaltela.pt\/s.01k8rhncp4jt1\/2025\/11\/talking-bot-125x125.png\",\"caption\":\"Telinha\"},\"sameAs\":[\"https:\/\/portaltela.pt\/\"],\"url\":\"https:\/\/portaltela.pt\/por\/367410592786\/\"}]}<\/script>\n<!-- \/ Yoast SEO plugin. -->","yoast_head_json":{"title":"Um morto e um ferido grave em colis\u00e3o na EN 13, Vila Nova de Cerveira - Portal Tela Portugal","robots":{"index":"index","follow":"follow","max-snippet":"max-snippet:-1","max-image-preview":"max-image-preview:large","max-video-preview":"max-video-preview:-1"},"og_locale":"pt_PT","og_type":"article","og_title":"Um morto e um ferido grave em colis\u00e3o na EN 13, Vila Nova de Cerveira - Portal Tela Portugal","og_description":"Um motociclista de 30 anos morreu e uma mulher de 28 ficou ferida grave numa colis\u00e3o entre moto e carro na Estrada Nacional 13, em Reboreda, Vila Nova de Cerveira, ao in\u00edcio da tarde. A mulher, que seguia na moto, foi transportada para o Hospital de Braga. O acidente ocorreu \u00e0s 12h38 e est\u00e1 a ser investigado pela Guarda Nacional Republicana (GNR). O tr\u00e2nsito na EN 13 ficou condicionado, mas a via n\u00e3o ficou totalmente cortada. O N\u00facleo de Investiga\u00e7\u00e3o de Acidentes de Via\u00e7\u00e3o da GNR de Viana do Castelo analisa as causas; n\u00e3o houve feridos no ve\u00edculo ligeiro envolvido.","og_url":"https:\/\/portaltela.pt\/noticias\/2026\/04\/02\/um-morto-e-um-ferido-grave-em-colisao-na-en-13-vila-nova-de-cerveira\/","og_site_name":"Portal Tela Portugal","article_published_time":"2026-04-02T13:47:18+00:00","author":"Telinha","twitter_card":"summary_large_image","twitter_misc":{"Escrito por":"Telinha","Tempo estimado de leitura":"1 minuto"},"schema":{"@context":"https:\/\/schema.org","@graph":[{"@type":"Article","@id":"https:\/\/portaltela.pt\/noticias\/2026\/04\/02\/um-morto-e-um-ferido-grave-em-colisao-na-en-13-vila-nova-de-cerveira\/#article","isPartOf":{"@id":"https:\/\/portaltela.pt\/noticias\/2026\/04\/02\/um-morto-e-um-ferido-grave-em-colisao-na-en-13-vila-nova-de-cerveira\/"},"author":{"name":"Telinha","@id":"https:\/\/portaltela.pt\/#\/schema\/person\/c4278d4a6028830caff9ee44b42d32ed"},"headline":"Um morto e um ferido grave em colis\u00e3o na EN 13, Vila Nova de Cerveira","datePublished":"2026-04-02T13:47:18+00:00","mainEntityOfPage":{"@id":"https:\/\/portaltela.pt\/noticias\/2026\/04\/02\/um-morto-e-um-ferido-grave-em-colisao-na-en-13-vila-nova-de-cerveira\/"},"wordCount":172,"image":{"@id":"https:\/\/portaltela.pt\/noticias\/2026\/04\/02\/um-morto-e-um-ferido-grave-em-colisao-na-en-13-vila-nova-de-cerveira\/#primaryimage"},"thumbnailUrl":"https:\/\/portaltela.pt\/s.01k8rhncp4jt1\/2026\/04\/img_1500x1000uu2024-03-26-20-10-54-1610282.jpg","keywords":["acidente rodovi\u00e1rio","acidentes rodovi\u00e1rios","condi\u00e7\u00f5es de tr\u00e2nsito","feridos","mortos","Viana do Castelo"],"articleSection":["Acidentes"],"inLanguage":"pt-PT"},{"@type":"WebPage","@id":"https:\/\/portaltela.pt\/noticias\/2026\/04\/02\/um-morto-e-um-ferido-grave-em-colisao-na-en-13-vila-nova-de-cerveira\/","url":"https:\/\/portaltela.pt\/noticias\/2026\/04\/02\/um-morto-e-um-ferido-grave-em-colisao-na-en-13-vila-nova-de-cerveira\/","name":"Um morto e um ferido grave em colis\u00e3o na EN 13, Vila Nova de Cerveira - Portal Tela Portugal","isPartOf":{"@id":"https:\/\/portaltela.pt\/#website"},"primaryImageOfPage":{"@id":"https:\/\/portaltela.pt\/noticias\/2026\/04\/02\/um-morto-e-um-ferido-grave-em-colisao-na-en-13-vila-nova-de-cerveira\/#primaryimage"},"image":{"@id":"https:\/\/portaltela.pt\/noticias\/2026\/04\/02\/um-morto-e-um-ferido-grave-em-colisao-na-en-13-vila-nova-de-cerveira\/#primaryimage"},"thumbnailUrl":"https:\/\/portaltela.pt\/s.01k8rhncp4jt1\/2026\/04\/img_1500x1000uu2024-03-26-20-10-54-1610282.jpg","datePublished":"2026-04-02T13:47:18+00:00","author":{"@id":"https:\/\/portaltela.pt\/#\/schema\/person\/c4278d4a6028830caff9ee44b42d32ed"},"breadcrumb":{"@id":"https:\/\/portaltela.pt\/noticias\/2026\/04\/02\/um-morto-e-um-ferido-grave-em-colisao-na-en-13-vila-nova-de-cerveira\/#breadcrumb"},"inLanguage":"pt-PT","potentialAction":[{"@type":"ReadAction","target":["https:\/\/portaltela.pt\/noticias\/2026\/04\/02\/um-morto-e-um-ferido-grave-em-colisao-na-en-13-vila-nova-de-cerveira\/"]}]},{"@type":"ImageObject","inLanguage":"pt-PT","@id":"https:\/\/portaltela.pt\/noticias\/2026\/04\/02\/um-morto-e-um-ferido-grave-em-colisao-na-en-13-vila-nova-de-cerveira\/#primaryimage","url":"https:\/\/portaltela.pt\/s.01k8rhncp4jt1\/2026\/04\/img_1500x1000uu2024-03-26-20-10-54-1610282.jpg","contentUrl":"https:\/\/portaltela.pt\/s.01k8rhncp4jt1\/2026\/04\/img_1500x1000uu2024-03-26-20-10-54-1610282.jpg","width":796,"height":448,"caption":"Mulher foi transportada para o Hospital de Braga, em estado grave"},{"@type":"BreadcrumbList","@id":"https:\/\/portaltela.pt\/noticias\/2026\/04\/02\/um-morto-e-um-ferido-grave-em-colisao-na-en-13-vila-nova-de-cerveira\/#breadcrumb","itemListElement":[{"@type":"ListItem","position":1,"name":"In\u00edcio","item":"https:\/\/portaltela.pt\/"},{"@type":"ListItem","position":2,"name":"Um morto e um ferido grave em colis\u00e3o na EN 13, Vila Nova de Cerveira"}]},{"@type":"WebSite","@id":"https:\/\/portaltela.pt\/#website","url":"https:\/\/portaltela.pt\/","name":"Portal Tela Portugal","description":"","potentialAction":[{"@type":"SearchAction","target":{"@type":"EntryPoint","urlTemplate":"https:\/\/portaltela.pt\/?s={search_term_string}"},"query-input":{"@type":"PropertyValueSpecification","valueRequired":true,"valueName":"search_term_string"}}],"inLanguage":"pt-PT"},{"@type":"Person","@id":"https:\/\/portaltela.pt\/#\/schema\/person\/c4278d4a6028830caff9ee44b42d32ed","name":"Telinha","image":{"@type":"ImageObject","inLanguage":"pt-PT","@id":"https:\/\/portaltela.pt\/s.01k8rhncp4jt1\/2025\/11\/talking-bot-125x125.png","url":"https:\/\/portaltela.pt\/s.01k8rhncp4jt1\/2025\/11\/talking-bot-125x125.png","contentUrl":"https:\/\/portaltela.pt\/s.01k8rhncp4jt1\/2025\/11\/talking-bot-125x125.png","caption":"Telinha"},"sameAs":["https:\/\/portaltela.pt\/"],"url":"https:\/\/portaltela.pt\/por\/367410592786\/"}]}},"_links":{"self":[{"href":"https:\/\/portaltela.pt\/api\/wp\/v2\/posts\/430464","targetHints":{"allow":["GET"]}}],"collection":[{"href":"https:\/\/portaltela.pt\/api\/wp\/v2\/posts"}],"about":[{"href":"https:\/\/portaltela.pt\/api\/wp\/v2\/types\/post"}],"author":[{"embeddable":true,"href":"https:\/\/portaltela.pt\/api\/wp\/v2\/users\/2"}],"replies":[{"embeddable":true,"href":"https:\/\/portaltela.pt\/api\/wp\/v2\/comments?post=430464"}],"version-history":[{"count":0,"href":"https:\/\/portaltela.pt\/api\/wp\/v2\/posts\/430464\/revisions"}],"wp:featuredmedia":[{"embeddable":true,"href":"https:\/\/portaltela.pt\/api\/wp\/v2\/media\/430468"}],"wp:attachment":[{"href":"https:\/\/portaltela.pt\/api\/wp\/v2\/media?parent=430464"}],"wp:term":[{"taxonomy":"category","embeddable":true,"href":"https:\/\/portaltela.pt\/api\/wp\/v2\/categories?post=430464"},{"taxonomy":"post_tag","embeddable":true,"href":"https:\/\/portaltela.pt\/api\/wp\/v2\/tags?post=430464"}],"curies":[{"name":"wp","href":"https:\/\/api.w.org\/{rel}","templated":true}]}}