{"id":430395,"date":"2026-04-02T09:47:31","date_gmt":"2026-04-02T12:47:31","guid":{"rendered":"https:\/\/portaltela.pt\/noticias\/2026\/04\/02\/obras-de-27-milhoes-no-litoral-apos-tempestades-avancam-dentro-do-previsto\/"},"modified":"2026-04-02T09:47:31","modified_gmt":"2026-04-02T12:47:31","slug":"obras-de-27-milhoes-no-litoral-apos-tempestades-avancam-dentro-do-previsto","status":"publish","type":"post","link":"https:\/\/portaltela.pt\/meio-ambiente\/2026\/04\/02\/obras-de-27-milhoes-no-litoral-apos-tempestades-avancam-dentro-do-previsto\/","title":{"rendered":"Obras de 27 milh\u00f5es no litoral, ap\u00f3s tempestades, avan\u00e7am dentro do previsto"},"content":{"rendered":"<p>Os trabalhos de melhoria costeira, com investimento de 27 milh\u00f5es de euros, avan\u00e7am no litoral de Portugal. As interven\u00e7\u00f5es, consideradas urgentes, decorrem dentro do calend\u00e1rio tra\u00e7ado pela APA e visam mitigar danos provocados pelas tempestades de inverno. A\u00e7\u00e3o ocorre sobretudo em \u00e1reas abaladas pela a\u00e7\u00e3o do mar.<\/p>\n<p>O presidente da Ag\u00eancia Portuguesa do Ambiente, Pimenta Machado, confirmou que o programa abrange a\u00e7\u00f5es imediatas e emergentes, com o objetivo de reduzir os impactos sobre a orla costeira. A obra em Moledo, no pared\u00e3o de Caminha, foi mencionada como exemplo de progresso.<\/p>\n<p>Mais de 20% da faixa costeira nacional, num total de cerca de 1000 quil\u00f3metros, est\u00e1 em processo erosivo com risco de perda de territ\u00f3rio, segundo avalia\u00e7\u00e3o da APA. O conjunto de interven\u00e7\u00f5es cobre v\u00e1rias regi\u00f5es ap\u00f3s um inverno particularmente exigente.<\/p>\n<h3>Zonas de atua\u00e7\u00e3o e etapas<\/h3>\n<p>Neste ano, o cronograma inclui trabalhos em Esposende, Espinho e Ovar, com o concelho de Mafra tamb\u00e9m sinalizado como prioridade. A maior opera\u00e7\u00e3o de alimenta\u00e7\u00e3o de areia no Algarve teve in\u00edcio entre Quarteira e o Garr\u00e3o, acompanhada pela recupera\u00e7\u00e3o em Forte Novo, fortemente danificada.<\/p>\n<p>At\u00e9 ao fim de abril, a APA prev\u00ea avan\u00e7ar com novas alimenta\u00e7\u00f5es de areia na Costa da Caparica, considerada opera\u00e7\u00e3o de grande dimens\u00e3o. O processo de adjudica\u00e7\u00e3o e a fase processual ocorrem antes do in\u00edcio das obras previstas.<\/p>\n<p>As praias de Mafra j\u00e1 tiveram a adjudica\u00e7\u00e3o fechada, com a expectativa de iniciar a empreitada dentro de aproximadamente 15 dias. O presidente da APA sublinhou que este \u00e9 um ano de grande exig\u00eancia para a estrutura, com v\u00e1rias empreitadas em todo o pa\u00eds.<\/p>\n","protected":false},"excerpt":{"rendered":"<ul>\n<li>Obras urgentes de 27 milh\u00f5es de euros da APA avan\u00e7am dentro do calend\u00e1rio, ap\u00f3s as tempestades do inverno.<\/li>\n<li>O presidente da APA, Pimenta Machado, afirmou que as a\u00e7\u00f5es urgentes e imediatas est\u00e3o em curso para reparar os danos na orla costeira.<\/li>\n<li>O respons\u00e1vel alertou que mais de 20% da faixa costeira do pa\u00eds, cerca de mil quil\u00f3metros, est\u00e1 em eros\u00e3o com amea\u00e7a de perda de territ\u00f3rio.<\/li>\n<li>As obras de curto prazo decorrem em Esposende, Espinho e Ovar, este \u00faltimo o concelho mais afetado.<\/li>\n<li>Iniciam-se opera\u00e7\u00f5es de alimenta\u00e7\u00e3o de areia no Algarve (entre Quarteira e Garr\u00e3o) e na praia de Forte Novo; at\u00e9 ao fim de abril prev\u00ea-se interven\u00e7\u00e3o na Costa da Caparica e Mafra espera iniciar dentro de 15 dias.<\/li>\n<\/ul>\n","protected":false},"author":2,"featured_media":430396,"comment_status":"closed","ping_status":"closed","sticky":false,"template":"","format":"standard","meta":{"footnotes":""},"categories":[6725],"tags":[928,167,5442,1545,2600,3210],"class_list":["post-430395","post","type-post","status-publish","format-standard","has-post-thumbnail","hentry","category-meio-ambiente","tag-algarve","tag-ambiente","tag-costa-da-caparica","tag-esposende","tag-mafra","tag-ovar"],"yoast_head":"<!-- This site is optimized with the Yoast SEO plugin v27.2 - https:\/\/yoast.com\/product\/yoast-seo-wordpress\/ -->\n<title>Obras de 27 milh\u00f5es no litoral, ap\u00f3s tempestades, avan\u00e7am dentro do previsto - Portal Tela Portugal<\/title>\n<meta name=\"robots\" content=\"index, follow, max-snippet:-1, max-image-preview:large, max-video-preview:-1\" \/>\n<meta property=\"og:locale\" content=\"pt_PT\" \/>\n<meta property=\"og:type\" content=\"article\" \/>\n<meta property=\"og:title\" content=\"Obras de 27 milh\u00f5es no litoral, ap\u00f3s tempestades, avan\u00e7am dentro do previsto - Portal Tela Portugal\" \/>\n<meta property=\"og:description\" content=\"Obras urgentes de 27 milh\u00f5es de euros da APA avan\u00e7am dentro do calend\u00e1rio, ap\u00f3s as tempestades do inverno. O presidente da APA, Pimenta Machado, afirmou que as a\u00e7\u00f5es urgentes e imediatas est\u00e3o em curso para reparar os danos na orla costeira. O respons\u00e1vel alertou que mais de 20% da faixa costeira do pa\u00eds, cerca de mil quil\u00f3metros, est\u00e1 em eros\u00e3o com amea\u00e7a de perda de territ\u00f3rio. As obras de curto prazo decorrem em Esposende, Espinho e Ovar, este \u00faltimo o concelho mais afetado. Iniciam-se opera\u00e7\u00f5es de alimenta\u00e7\u00e3o de areia no Algarve (entre Quarteira e Garr\u00e3o) e na praia de Forte Novo; at\u00e9 ao fim de abril prev\u00ea-se interven\u00e7\u00e3o na Costa da Caparica e Mafra espera iniciar dentro de 15 dias.\" \/>\n<meta property=\"og:url\" content=\"https:\/\/portaltela.pt\/noticias\/2026\/04\/02\/obras-de-27-milhoes-no-litoral-apos-tempestades-avancam-dentro-do-previsto\/\" \/>\n<meta property=\"og:site_name\" content=\"Portal Tela Portugal\" \/>\n<meta property=\"article:published_time\" content=\"2026-04-02T12:47:31+00:00\" \/>\n<meta name=\"author\" content=\"Telinha\" \/>\n<meta name=\"twitter:card\" content=\"summary_large_image\" \/>\n<meta name=\"twitter:label1\" content=\"Escrito por\" \/>\n\t<meta name=\"twitter:data1\" content=\"Telinha\" \/>\n\t<meta name=\"twitter:label2\" content=\"Tempo estimado de leitura\" \/>\n\t<meta name=\"twitter:data2\" content=\"1 minuto\" \/>\n<script type=\"application\/ld+json\" class=\"yoast-schema-graph\">{\"@context\":\"https:\/\/schema.org\",\"@graph\":[{\"@type\":\"Article\",\"@id\":\"https:\/\/portaltela.pt\/noticias\/2026\/04\/02\/obras-de-27-milhoes-no-litoral-apos-tempestades-avancam-dentro-do-previsto\/#article\",\"isPartOf\":{\"@id\":\"https:\/\/portaltela.pt\/noticias\/2026\/04\/02\/obras-de-27-milhoes-no-litoral-apos-tempestades-avancam-dentro-do-previsto\/\"},\"author\":{\"name\":\"Telinha\",\"@id\":\"https:\/\/portaltela.pt\/#\/schema\/person\/c4278d4a6028830caff9ee44b42d32ed\"},\"headline\":\"Obras de 27 milh\u00f5es no litoral, ap\u00f3s tempestades, avan\u00e7am dentro do previsto\",\"datePublished\":\"2026-04-02T12:47:31+00:00\",\"mainEntityOfPage\":{\"@id\":\"https:\/\/portaltela.pt\/noticias\/2026\/04\/02\/obras-de-27-milhoes-no-litoral-apos-tempestades-avancam-dentro-do-previsto\/\"},\"wordCount\":304,\"image\":{\"@id\":\"https:\/\/portaltela.pt\/noticias\/2026\/04\/02\/obras-de-27-milhoes-no-litoral-apos-tempestades-avancam-dentro-do-previsto\/#primaryimage\"},\"thumbnailUrl\":\"https:\/\/portaltela.pt\/s.01k8rhncp4jt1\/2026\/04\/img_1500x1000uu2026-02-14-23-37-09-2266946.jpg\",\"keywords\":[\"Algarve\",\"ambiente\",\"Costa da Caparica\",\"Esposende\",\"Mafra\",\"Ovar\"],\"articleSection\":[\"Meio Ambiente\"],\"inLanguage\":\"pt-PT\"},{\"@type\":\"WebPage\",\"@id\":\"https:\/\/portaltela.pt\/noticias\/2026\/04\/02\/obras-de-27-milhoes-no-litoral-apos-tempestades-avancam-dentro-do-previsto\/\",\"url\":\"https:\/\/portaltela.pt\/noticias\/2026\/04\/02\/obras-de-27-milhoes-no-litoral-apos-tempestades-avancam-dentro-do-previsto\/\",\"name\":\"Obras de 27 milh\u00f5es no litoral, ap\u00f3s tempestades, avan\u00e7am dentro do previsto - Portal Tela Portugal\",\"isPartOf\":{\"@id\":\"https:\/\/portaltela.pt\/#website\"},\"primaryImageOfPage\":{\"@id\":\"https:\/\/portaltela.pt\/noticias\/2026\/04\/02\/obras-de-27-milhoes-no-litoral-apos-tempestades-avancam-dentro-do-previsto\/#primaryimage\"},\"image\":{\"@id\":\"https:\/\/portaltela.pt\/noticias\/2026\/04\/02\/obras-de-27-milhoes-no-litoral-apos-tempestades-avancam-dentro-do-previsto\/#primaryimage\"},\"thumbnailUrl\":\"https:\/\/portaltela.pt\/s.01k8rhncp4jt1\/2026\/04\/img_1500x1000uu2026-02-14-23-37-09-2266946.jpg\",\"datePublished\":\"2026-04-02T12:47:31+00:00\",\"author\":{\"@id\":\"https:\/\/portaltela.pt\/#\/schema\/person\/c4278d4a6028830caff9ee44b42d32ed\"},\"breadcrumb\":{\"@id\":\"https:\/\/portaltela.pt\/noticias\/2026\/04\/02\/obras-de-27-milhoes-no-litoral-apos-tempestades-avancam-dentro-do-previsto\/#breadcrumb\"},\"inLanguage\":\"pt-PT\",\"potentialAction\":[{\"@type\":\"ReadAction\",\"target\":[\"https:\/\/portaltela.pt\/noticias\/2026\/04\/02\/obras-de-27-milhoes-no-litoral-apos-tempestades-avancam-dentro-do-previsto\/\"]}]},{\"@type\":\"ImageObject\",\"inLanguage\":\"pt-PT\",\"@id\":\"https:\/\/portaltela.pt\/noticias\/2026\/04\/02\/obras-de-27-milhoes-no-litoral-apos-tempestades-avancam-dentro-do-previsto\/#primaryimage\",\"url\":\"https:\/\/portaltela.pt\/s.01k8rhncp4jt1\/2026\/04\/img_1500x1000uu2026-02-14-23-37-09-2266946.jpg\",\"contentUrl\":\"https:\/\/portaltela.pt\/s.01k8rhncp4jt1\/2026\/04\/img_1500x1000uu2026-02-14-23-37-09-2266946.jpg\",\"width\":796,\"height\":448,\"caption\":\"Tempestades em Portugal\"},{\"@type\":\"BreadcrumbList\",\"@id\":\"https:\/\/portaltela.pt\/noticias\/2026\/04\/02\/obras-de-27-milhoes-no-litoral-apos-tempestades-avancam-dentro-do-previsto\/#breadcrumb\",\"itemListElement\":[{\"@type\":\"ListItem\",\"position\":1,\"name\":\"In\u00edcio\",\"item\":\"https:\/\/portaltela.pt\/\"},{\"@type\":\"ListItem\",\"position\":2,\"name\":\"Obras de 27 milh\u00f5es no litoral, ap\u00f3s tempestades, avan\u00e7am dentro do previsto\"}]},{\"@type\":\"WebSite\",\"@id\":\"https:\/\/portaltela.pt\/#website\",\"url\":\"https:\/\/portaltela.pt\/\",\"name\":\"Portal Tela Portugal\",\"description\":\"\",\"potentialAction\":[{\"@type\":\"SearchAction\",\"target\":{\"@type\":\"EntryPoint\",\"urlTemplate\":\"https:\/\/portaltela.pt\/?s={search_term_string}\"},\"query-input\":{\"@type\":\"PropertyValueSpecification\",\"valueRequired\":true,\"valueName\":\"search_term_string\"}}],\"inLanguage\":\"pt-PT\"},{\"@type\":\"Person\",\"@id\":\"https:\/\/portaltela.pt\/#\/schema\/person\/c4278d4a6028830caff9ee44b42d32ed\",\"name\":\"Telinha\",\"image\":{\"@type\":\"ImageObject\",\"inLanguage\":\"pt-PT\",\"@id\":\"https:\/\/portaltela.pt\/s.01k8rhncp4jt1\/2025\/11\/talking-bot-125x125.png\",\"url\":\"https:\/\/portaltela.pt\/s.01k8rhncp4jt1\/2025\/11\/talking-bot-125x125.png\",\"contentUrl\":\"https:\/\/portaltela.pt\/s.01k8rhncp4jt1\/2025\/11\/talking-bot-125x125.png\",\"caption\":\"Telinha\"},\"sameAs\":[\"https:\/\/portaltela.pt\/\"],\"url\":\"https:\/\/portaltela.pt\/por\/367410592786\/\"}]}<\/script>\n<!-- \/ Yoast SEO plugin. -->","yoast_head_json":{"title":"Obras de 27 milh\u00f5es no litoral, ap\u00f3s tempestades, avan\u00e7am dentro do previsto - Portal Tela Portugal","robots":{"index":"index","follow":"follow","max-snippet":"max-snippet:-1","max-image-preview":"max-image-preview:large","max-video-preview":"max-video-preview:-1"},"og_locale":"pt_PT","og_type":"article","og_title":"Obras de 27 milh\u00f5es no litoral, ap\u00f3s tempestades, avan\u00e7am dentro do previsto - Portal Tela Portugal","og_description":"Obras urgentes de 27 milh\u00f5es de euros da APA avan\u00e7am dentro do calend\u00e1rio, ap\u00f3s as tempestades do inverno. O presidente da APA, Pimenta Machado, afirmou que as a\u00e7\u00f5es urgentes e imediatas est\u00e3o em curso para reparar os danos na orla costeira. O respons\u00e1vel alertou que mais de 20% da faixa costeira do pa\u00eds, cerca de mil quil\u00f3metros, est\u00e1 em eros\u00e3o com amea\u00e7a de perda de territ\u00f3rio. As obras de curto prazo decorrem em Esposende, Espinho e Ovar, este \u00faltimo o concelho mais afetado. Iniciam-se opera\u00e7\u00f5es de alimenta\u00e7\u00e3o de areia no Algarve (entre Quarteira e Garr\u00e3o) e na praia de Forte Novo; at\u00e9 ao fim de abril prev\u00ea-se interven\u00e7\u00e3o na Costa da Caparica e Mafra espera iniciar dentro de 15 dias.","og_url":"https:\/\/portaltela.pt\/noticias\/2026\/04\/02\/obras-de-27-milhoes-no-litoral-apos-tempestades-avancam-dentro-do-previsto\/","og_site_name":"Portal Tela Portugal","article_published_time":"2026-04-02T12:47:31+00:00","author":"Telinha","twitter_card":"summary_large_image","twitter_misc":{"Escrito por":"Telinha","Tempo estimado de leitura":"1 minuto"},"schema":{"@context":"https:\/\/schema.org","@graph":[{"@type":"Article","@id":"https:\/\/portaltela.pt\/noticias\/2026\/04\/02\/obras-de-27-milhoes-no-litoral-apos-tempestades-avancam-dentro-do-previsto\/#article","isPartOf":{"@id":"https:\/\/portaltela.pt\/noticias\/2026\/04\/02\/obras-de-27-milhoes-no-litoral-apos-tempestades-avancam-dentro-do-previsto\/"},"author":{"name":"Telinha","@id":"https:\/\/portaltela.pt\/#\/schema\/person\/c4278d4a6028830caff9ee44b42d32ed"},"headline":"Obras de 27 milh\u00f5es no litoral, ap\u00f3s tempestades, avan\u00e7am dentro do previsto","datePublished":"2026-04-02T12:47:31+00:00","mainEntityOfPage":{"@id":"https:\/\/portaltela.pt\/noticias\/2026\/04\/02\/obras-de-27-milhoes-no-litoral-apos-tempestades-avancam-dentro-do-previsto\/"},"wordCount":304,"image":{"@id":"https:\/\/portaltela.pt\/noticias\/2026\/04\/02\/obras-de-27-milhoes-no-litoral-apos-tempestades-avancam-dentro-do-previsto\/#primaryimage"},"thumbnailUrl":"https:\/\/portaltela.pt\/s.01k8rhncp4jt1\/2026\/04\/img_1500x1000uu2026-02-14-23-37-09-2266946.jpg","keywords":["Algarve","ambiente","Costa da Caparica","Esposende","Mafra","Ovar"],"articleSection":["Meio Ambiente"],"inLanguage":"pt-PT"},{"@type":"WebPage","@id":"https:\/\/portaltela.pt\/noticias\/2026\/04\/02\/obras-de-27-milhoes-no-litoral-apos-tempestades-avancam-dentro-do-previsto\/","url":"https:\/\/portaltela.pt\/noticias\/2026\/04\/02\/obras-de-27-milhoes-no-litoral-apos-tempestades-avancam-dentro-do-previsto\/","name":"Obras de 27 milh\u00f5es no litoral, ap\u00f3s tempestades, avan\u00e7am dentro do previsto - Portal Tela Portugal","isPartOf":{"@id":"https:\/\/portaltela.pt\/#website"},"primaryImageOfPage":{"@id":"https:\/\/portaltela.pt\/noticias\/2026\/04\/02\/obras-de-27-milhoes-no-litoral-apos-tempestades-avancam-dentro-do-previsto\/#primaryimage"},"image":{"@id":"https:\/\/portaltela.pt\/noticias\/2026\/04\/02\/obras-de-27-milhoes-no-litoral-apos-tempestades-avancam-dentro-do-previsto\/#primaryimage"},"thumbnailUrl":"https:\/\/portaltela.pt\/s.01k8rhncp4jt1\/2026\/04\/img_1500x1000uu2026-02-14-23-37-09-2266946.jpg","datePublished":"2026-04-02T12:47:31+00:00","author":{"@id":"https:\/\/portaltela.pt\/#\/schema\/person\/c4278d4a6028830caff9ee44b42d32ed"},"breadcrumb":{"@id":"https:\/\/portaltela.pt\/noticias\/2026\/04\/02\/obras-de-27-milhoes-no-litoral-apos-tempestades-avancam-dentro-do-previsto\/#breadcrumb"},"inLanguage":"pt-PT","potentialAction":[{"@type":"ReadAction","target":["https:\/\/portaltela.pt\/noticias\/2026\/04\/02\/obras-de-27-milhoes-no-litoral-apos-tempestades-avancam-dentro-do-previsto\/"]}]},{"@type":"ImageObject","inLanguage":"pt-PT","@id":"https:\/\/portaltela.pt\/noticias\/2026\/04\/02\/obras-de-27-milhoes-no-litoral-apos-tempestades-avancam-dentro-do-previsto\/#primaryimage","url":"https:\/\/portaltela.pt\/s.01k8rhncp4jt1\/2026\/04\/img_1500x1000uu2026-02-14-23-37-09-2266946.jpg","contentUrl":"https:\/\/portaltela.pt\/s.01k8rhncp4jt1\/2026\/04\/img_1500x1000uu2026-02-14-23-37-09-2266946.jpg","width":796,"height":448,"caption":"Tempestades em Portugal"},{"@type":"BreadcrumbList","@id":"https:\/\/portaltela.pt\/noticias\/2026\/04\/02\/obras-de-27-milhoes-no-litoral-apos-tempestades-avancam-dentro-do-previsto\/#breadcrumb","itemListElement":[{"@type":"ListItem","position":1,"name":"In\u00edcio","item":"https:\/\/portaltela.pt\/"},{"@type":"ListItem","position":2,"name":"Obras de 27 milh\u00f5es no litoral, ap\u00f3s tempestades, avan\u00e7am dentro do previsto"}]},{"@type":"WebSite","@id":"https:\/\/portaltela.pt\/#website","url":"https:\/\/portaltela.pt\/","name":"Portal Tela Portugal","description":"","potentialAction":[{"@type":"SearchAction","target":{"@type":"EntryPoint","urlTemplate":"https:\/\/portaltela.pt\/?s={search_term_string}"},"query-input":{"@type":"PropertyValueSpecification","valueRequired":true,"valueName":"search_term_string"}}],"inLanguage":"pt-PT"},{"@type":"Person","@id":"https:\/\/portaltela.pt\/#\/schema\/person\/c4278d4a6028830caff9ee44b42d32ed","name":"Telinha","image":{"@type":"ImageObject","inLanguage":"pt-PT","@id":"https:\/\/portaltela.pt\/s.01k8rhncp4jt1\/2025\/11\/talking-bot-125x125.png","url":"https:\/\/portaltela.pt\/s.01k8rhncp4jt1\/2025\/11\/talking-bot-125x125.png","contentUrl":"https:\/\/portaltela.pt\/s.01k8rhncp4jt1\/2025\/11\/talking-bot-125x125.png","caption":"Telinha"},"sameAs":["https:\/\/portaltela.pt\/"],"url":"https:\/\/portaltela.pt\/por\/367410592786\/"}]}},"_links":{"self":[{"href":"https:\/\/portaltela.pt\/api\/wp\/v2\/posts\/430395","targetHints":{"allow":["GET"]}}],"collection":[{"href":"https:\/\/portaltela.pt\/api\/wp\/v2\/posts"}],"about":[{"href":"https:\/\/portaltela.pt\/api\/wp\/v2\/types\/post"}],"author":[{"embeddable":true,"href":"https:\/\/portaltela.pt\/api\/wp\/v2\/users\/2"}],"replies":[{"embeddable":true,"href":"https:\/\/portaltela.pt\/api\/wp\/v2\/comments?post=430395"}],"version-history":[{"count":0,"href":"https:\/\/portaltela.pt\/api\/wp\/v2\/posts\/430395\/revisions"}],"wp:featuredmedia":[{"embeddable":true,"href":"https:\/\/portaltela.pt\/api\/wp\/v2\/media\/430396"}],"wp:attachment":[{"href":"https:\/\/portaltela.pt\/api\/wp\/v2\/media?parent=430395"}],"wp:term":[{"taxonomy":"category","embeddable":true,"href":"https:\/\/portaltela.pt\/api\/wp\/v2\/categories?post=430395"},{"taxonomy":"post_tag","embeddable":true,"href":"https:\/\/portaltela.pt\/api\/wp\/v2\/tags?post=430395"}],"curies":[{"name":"wp","href":"https:\/\/api.w.org\/{rel}","templated":true}]}}