{"id":430393,"date":"2026-04-02T09:47:28","date_gmt":"2026-04-02T12:47:28","guid":{"rendered":"https:\/\/portaltela.pt\/noticias\/2026\/04\/02\/militares-feridos-apos-capotamento-em-tomar\/"},"modified":"2026-04-02T09:47:28","modified_gmt":"2026-04-02T12:47:28","slug":"militares-feridos-apos-capotamento-em-tomar","status":"publish","type":"post","link":"https:\/\/portaltela.pt\/noticias\/2026\/04\/02\/militares-feridos-apos-capotamento-em-tomar\/","title":{"rendered":"Militares feridos ap\u00f3s capotamento em Tomar"},"content":{"rendered":"<p>Dois militares do Ex\u00e9rcito ficaram feridos numa colis\u00e3o entre uma viatura militar todo-o-terreno e um autom\u00f3vel ligeiro, na A13, em Tomar, esta quinta-feira. O ve\u00edculo militar capotou durante o acidente, ainda sem causas definitivas conhecidas.<\/p>\n<p>A viatura militar era oriunda de Coimbra e seguia em dire\u00e7\u00e3o ao Campo Militar de Santa Margarida. O autom\u00f3vel ligeiro seguia no sentido Entroncamento, quando ocorreu o embate.<\/p>\n<p>Durante as opera\u00e7\u00f5es de socorro, o tr\u00e1fego circulou apenas na via mais \u00e0 esquerda. A Guarda Nacional Republicana esteve no local a gerir a ocorr\u00eancia e a assegurar a seguran\u00e7a dos trabalhadores.<\/p>\n<p>Os feridos foram encaminhados para apoio m\u00e9dico ainda n\u00e3o foram divulgadas informa\u00e7\u00f5es sobre a gravidade dos ferimentos. A investiga\u00e7\u00e3o ficar\u00e1 a cargo das autoridades competentes.<\/p>\n","protected":false},"excerpt":{"rendered":"<ul>\n<li>Dois militares, de 24 e 27 anos, ficaram feridos numa colis\u00e3o com um carro civil na A-13, em Tomar, quando o ve\u00edculo todo-o-terreno que seguiam capotou.<\/li>\n<li>A viatura militar era proveniente de Coimbra e seguia para o Campo Militar de Santa Margarida; o ligeiro civil dirigia-se ao Entroncamento.<\/li>\n<li>O acidente aconteceu nesta quinta-feira, durante as opera\u00e7\u00f5es de socorro.<\/li>\n<li>Durante o socorro, o tr\u00e2nsito circulou apenas na via mais \u00e0 esquerda.<\/li>\n<li>A Guarda Nacional Republicana (GNR) competente para a ocorr\u00eancia.<\/li>\n<\/ul>\n","protected":false},"author":2,"featured_media":430394,"comment_status":"closed","ping_status":"closed","sticky":false,"template":"","format":"standard","meta":{"footnotes":""},"categories":[6849,1],"tags":[5487,4169,1070,1398,1088,6699],"class_list":["post-430393","post","type-post","status-publish","format-standard","has-post-thumbnail","hentry","category-acidentes","category-noticias","tag-acidente","tag-acidente-rodoviario","tag-coimbra","tag-guarda-nacional-republicana","tag-tomar","tag-viaturas"],"yoast_head":"<!-- This site is optimized with the Yoast SEO plugin v27.2 - https:\/\/yoast.com\/product\/yoast-seo-wordpress\/ -->\n<title>Militares feridos ap\u00f3s capotamento em Tomar - Portal Tela Portugal<\/title>\n<meta name=\"robots\" content=\"index, follow, max-snippet:-1, max-image-preview:large, max-video-preview:-1\" \/>\n<meta property=\"og:locale\" content=\"pt_PT\" \/>\n<meta property=\"og:type\" content=\"article\" \/>\n<meta property=\"og:title\" content=\"Militares feridos ap\u00f3s capotamento em Tomar - Portal Tela Portugal\" \/>\n<meta property=\"og:description\" content=\"Dois militares, de 24 e 27 anos, ficaram feridos numa colis\u00e3o com um carro civil na A-13, em Tomar, quando o ve\u00edculo todo-o-terreno que seguiam capotou. A viatura militar era proveniente de Coimbra e seguia para o Campo Militar de Santa Margarida; o ligeiro civil dirigia-se ao Entroncamento. O acidente aconteceu nesta quinta-feira, durante as opera\u00e7\u00f5es de socorro. Durante o socorro, o tr\u00e2nsito circulou apenas na via mais \u00e0 esquerda. A Guarda Nacional Republicana (GNR) competente para a ocorr\u00eancia.\" \/>\n<meta property=\"og:url\" content=\"https:\/\/portaltela.pt\/noticias\/2026\/04\/02\/militares-feridos-apos-capotamento-em-tomar\/\" \/>\n<meta property=\"og:site_name\" content=\"Portal Tela Portugal\" \/>\n<meta property=\"article:published_time\" content=\"2026-04-02T12:47:28+00:00\" \/>\n<meta name=\"author\" content=\"Telinha\" \/>\n<meta name=\"twitter:card\" content=\"summary_large_image\" \/>\n<meta name=\"twitter:label1\" content=\"Escrito por\" \/>\n\t<meta name=\"twitter:data1\" content=\"Telinha\" \/>\n\t<meta name=\"twitter:label2\" content=\"Tempo estimado de leitura\" \/>\n\t<meta name=\"twitter:data2\" content=\"1 minuto\" \/>\n<script type=\"application\/ld+json\" class=\"yoast-schema-graph\">{\"@context\":\"https:\/\/schema.org\",\"@graph\":[{\"@type\":\"Article\",\"@id\":\"https:\/\/portaltela.pt\/noticias\/2026\/04\/02\/militares-feridos-apos-capotamento-em-tomar\/#article\",\"isPartOf\":{\"@id\":\"https:\/\/portaltela.pt\/noticias\/2026\/04\/02\/militares-feridos-apos-capotamento-em-tomar\/\"},\"author\":{\"name\":\"Telinha\",\"@id\":\"https:\/\/portaltela.pt\/#\/schema\/person\/c4278d4a6028830caff9ee44b42d32ed\"},\"headline\":\"Militares feridos ap\u00f3s capotamento em Tomar\",\"datePublished\":\"2026-04-02T12:47:28+00:00\",\"mainEntityOfPage\":{\"@id\":\"https:\/\/portaltela.pt\/noticias\/2026\/04\/02\/militares-feridos-apos-capotamento-em-tomar\/\"},\"wordCount\":140,\"image\":{\"@id\":\"https:\/\/portaltela.pt\/noticias\/2026\/04\/02\/militares-feridos-apos-capotamento-em-tomar\/#primaryimage\"},\"thumbnailUrl\":\"https:\/\/portaltela.pt\/s.01k8rhncp4jt1\/2026\/04\/img_1500x1000uu2026-04-02-13-12-38-2276235.jpg\",\"keywords\":[\"acidente\",\"acidente rodovi\u00e1rio\",\"Coimbra\",\"Guarda Nacional Republicana\",\"Tomar\",\"viaturas\"],\"articleSection\":[\"Acidentes\",\"Not\u00edcias\"],\"inLanguage\":\"pt-PT\"},{\"@type\":\"WebPage\",\"@id\":\"https:\/\/portaltela.pt\/noticias\/2026\/04\/02\/militares-feridos-apos-capotamento-em-tomar\/\",\"url\":\"https:\/\/portaltela.pt\/noticias\/2026\/04\/02\/militares-feridos-apos-capotamento-em-tomar\/\",\"name\":\"Militares feridos ap\u00f3s capotamento em Tomar - Portal Tela Portugal\",\"isPartOf\":{\"@id\":\"https:\/\/portaltela.pt\/#website\"},\"primaryImageOfPage\":{\"@id\":\"https:\/\/portaltela.pt\/noticias\/2026\/04\/02\/militares-feridos-apos-capotamento-em-tomar\/#primaryimage\"},\"image\":{\"@id\":\"https:\/\/portaltela.pt\/noticias\/2026\/04\/02\/militares-feridos-apos-capotamento-em-tomar\/#primaryimage\"},\"thumbnailUrl\":\"https:\/\/portaltela.pt\/s.01k8rhncp4jt1\/2026\/04\/img_1500x1000uu2026-04-02-13-12-38-2276235.jpg\",\"datePublished\":\"2026-04-02T12:47:28+00:00\",\"author\":{\"@id\":\"https:\/\/portaltela.pt\/#\/schema\/person\/c4278d4a6028830caff9ee44b42d32ed\"},\"breadcrumb\":{\"@id\":\"https:\/\/portaltela.pt\/noticias\/2026\/04\/02\/militares-feridos-apos-capotamento-em-tomar\/#breadcrumb\"},\"inLanguage\":\"pt-PT\",\"potentialAction\":[{\"@type\":\"ReadAction\",\"target\":[\"https:\/\/portaltela.pt\/noticias\/2026\/04\/02\/militares-feridos-apos-capotamento-em-tomar\/\"]}]},{\"@type\":\"ImageObject\",\"inLanguage\":\"pt-PT\",\"@id\":\"https:\/\/portaltela.pt\/noticias\/2026\/04\/02\/militares-feridos-apos-capotamento-em-tomar\/#primaryimage\",\"url\":\"https:\/\/portaltela.pt\/s.01k8rhncp4jt1\/2026\/04\/img_1500x1000uu2026-04-02-13-12-38-2276235.jpg\",\"contentUrl\":\"https:\/\/portaltela.pt\/s.01k8rhncp4jt1\/2026\/04\/img_1500x1000uu2026-04-02-13-12-38-2276235.jpg\",\"width\":796,\"height\":448,\"caption\":\"Militares feridos ap\u00f3s capotamento de ve\u00edculo em Tomar, na A13\"},{\"@type\":\"BreadcrumbList\",\"@id\":\"https:\/\/portaltela.pt\/noticias\/2026\/04\/02\/militares-feridos-apos-capotamento-em-tomar\/#breadcrumb\",\"itemListElement\":[{\"@type\":\"ListItem\",\"position\":1,\"name\":\"In\u00edcio\",\"item\":\"https:\/\/portaltela.pt\/\"},{\"@type\":\"ListItem\",\"position\":2,\"name\":\"Militares feridos ap\u00f3s capotamento em Tomar\"}]},{\"@type\":\"WebSite\",\"@id\":\"https:\/\/portaltela.pt\/#website\",\"url\":\"https:\/\/portaltela.pt\/\",\"name\":\"Portal Tela Portugal\",\"description\":\"\",\"potentialAction\":[{\"@type\":\"SearchAction\",\"target\":{\"@type\":\"EntryPoint\",\"urlTemplate\":\"https:\/\/portaltela.pt\/?s={search_term_string}\"},\"query-input\":{\"@type\":\"PropertyValueSpecification\",\"valueRequired\":true,\"valueName\":\"search_term_string\"}}],\"inLanguage\":\"pt-PT\"},{\"@type\":\"Person\",\"@id\":\"https:\/\/portaltela.pt\/#\/schema\/person\/c4278d4a6028830caff9ee44b42d32ed\",\"name\":\"Telinha\",\"image\":{\"@type\":\"ImageObject\",\"inLanguage\":\"pt-PT\",\"@id\":\"https:\/\/portaltela.pt\/s.01k8rhncp4jt1\/2025\/11\/talking-bot-125x125.png\",\"url\":\"https:\/\/portaltela.pt\/s.01k8rhncp4jt1\/2025\/11\/talking-bot-125x125.png\",\"contentUrl\":\"https:\/\/portaltela.pt\/s.01k8rhncp4jt1\/2025\/11\/talking-bot-125x125.png\",\"caption\":\"Telinha\"},\"sameAs\":[\"https:\/\/portaltela.pt\/\"],\"url\":\"https:\/\/portaltela.pt\/por\/367410592786\/\"}]}<\/script>\n<!-- \/ Yoast SEO plugin. -->","yoast_head_json":{"title":"Militares feridos ap\u00f3s capotamento em Tomar - Portal Tela Portugal","robots":{"index":"index","follow":"follow","max-snippet":"max-snippet:-1","max-image-preview":"max-image-preview:large","max-video-preview":"max-video-preview:-1"},"og_locale":"pt_PT","og_type":"article","og_title":"Militares feridos ap\u00f3s capotamento em Tomar - Portal Tela Portugal","og_description":"Dois militares, de 24 e 27 anos, ficaram feridos numa colis\u00e3o com um carro civil na A-13, em Tomar, quando o ve\u00edculo todo-o-terreno que seguiam capotou. A viatura militar era proveniente de Coimbra e seguia para o Campo Militar de Santa Margarida; o ligeiro civil dirigia-se ao Entroncamento. O acidente aconteceu nesta quinta-feira, durante as opera\u00e7\u00f5es de socorro. Durante o socorro, o tr\u00e2nsito circulou apenas na via mais \u00e0 esquerda. A Guarda Nacional Republicana (GNR) competente para a ocorr\u00eancia.","og_url":"https:\/\/portaltela.pt\/noticias\/2026\/04\/02\/militares-feridos-apos-capotamento-em-tomar\/","og_site_name":"Portal Tela Portugal","article_published_time":"2026-04-02T12:47:28+00:00","author":"Telinha","twitter_card":"summary_large_image","twitter_misc":{"Escrito por":"Telinha","Tempo estimado de leitura":"1 minuto"},"schema":{"@context":"https:\/\/schema.org","@graph":[{"@type":"Article","@id":"https:\/\/portaltela.pt\/noticias\/2026\/04\/02\/militares-feridos-apos-capotamento-em-tomar\/#article","isPartOf":{"@id":"https:\/\/portaltela.pt\/noticias\/2026\/04\/02\/militares-feridos-apos-capotamento-em-tomar\/"},"author":{"name":"Telinha","@id":"https:\/\/portaltela.pt\/#\/schema\/person\/c4278d4a6028830caff9ee44b42d32ed"},"headline":"Militares feridos ap\u00f3s capotamento em Tomar","datePublished":"2026-04-02T12:47:28+00:00","mainEntityOfPage":{"@id":"https:\/\/portaltela.pt\/noticias\/2026\/04\/02\/militares-feridos-apos-capotamento-em-tomar\/"},"wordCount":140,"image":{"@id":"https:\/\/portaltela.pt\/noticias\/2026\/04\/02\/militares-feridos-apos-capotamento-em-tomar\/#primaryimage"},"thumbnailUrl":"https:\/\/portaltela.pt\/s.01k8rhncp4jt1\/2026\/04\/img_1500x1000uu2026-04-02-13-12-38-2276235.jpg","keywords":["acidente","acidente rodovi\u00e1rio","Coimbra","Guarda Nacional Republicana","Tomar","viaturas"],"articleSection":["Acidentes","Not\u00edcias"],"inLanguage":"pt-PT"},{"@type":"WebPage","@id":"https:\/\/portaltela.pt\/noticias\/2026\/04\/02\/militares-feridos-apos-capotamento-em-tomar\/","url":"https:\/\/portaltela.pt\/noticias\/2026\/04\/02\/militares-feridos-apos-capotamento-em-tomar\/","name":"Militares feridos ap\u00f3s capotamento em Tomar - Portal Tela Portugal","isPartOf":{"@id":"https:\/\/portaltela.pt\/#website"},"primaryImageOfPage":{"@id":"https:\/\/portaltela.pt\/noticias\/2026\/04\/02\/militares-feridos-apos-capotamento-em-tomar\/#primaryimage"},"image":{"@id":"https:\/\/portaltela.pt\/noticias\/2026\/04\/02\/militares-feridos-apos-capotamento-em-tomar\/#primaryimage"},"thumbnailUrl":"https:\/\/portaltela.pt\/s.01k8rhncp4jt1\/2026\/04\/img_1500x1000uu2026-04-02-13-12-38-2276235.jpg","datePublished":"2026-04-02T12:47:28+00:00","author":{"@id":"https:\/\/portaltela.pt\/#\/schema\/person\/c4278d4a6028830caff9ee44b42d32ed"},"breadcrumb":{"@id":"https:\/\/portaltela.pt\/noticias\/2026\/04\/02\/militares-feridos-apos-capotamento-em-tomar\/#breadcrumb"},"inLanguage":"pt-PT","potentialAction":[{"@type":"ReadAction","target":["https:\/\/portaltela.pt\/noticias\/2026\/04\/02\/militares-feridos-apos-capotamento-em-tomar\/"]}]},{"@type":"ImageObject","inLanguage":"pt-PT","@id":"https:\/\/portaltela.pt\/noticias\/2026\/04\/02\/militares-feridos-apos-capotamento-em-tomar\/#primaryimage","url":"https:\/\/portaltela.pt\/s.01k8rhncp4jt1\/2026\/04\/img_1500x1000uu2026-04-02-13-12-38-2276235.jpg","contentUrl":"https:\/\/portaltela.pt\/s.01k8rhncp4jt1\/2026\/04\/img_1500x1000uu2026-04-02-13-12-38-2276235.jpg","width":796,"height":448,"caption":"Militares feridos ap\u00f3s capotamento de ve\u00edculo em Tomar, na A13"},{"@type":"BreadcrumbList","@id":"https:\/\/portaltela.pt\/noticias\/2026\/04\/02\/militares-feridos-apos-capotamento-em-tomar\/#breadcrumb","itemListElement":[{"@type":"ListItem","position":1,"name":"In\u00edcio","item":"https:\/\/portaltela.pt\/"},{"@type":"ListItem","position":2,"name":"Militares feridos ap\u00f3s capotamento em Tomar"}]},{"@type":"WebSite","@id":"https:\/\/portaltela.pt\/#website","url":"https:\/\/portaltela.pt\/","name":"Portal Tela Portugal","description":"","potentialAction":[{"@type":"SearchAction","target":{"@type":"EntryPoint","urlTemplate":"https:\/\/portaltela.pt\/?s={search_term_string}"},"query-input":{"@type":"PropertyValueSpecification","valueRequired":true,"valueName":"search_term_string"}}],"inLanguage":"pt-PT"},{"@type":"Person","@id":"https:\/\/portaltela.pt\/#\/schema\/person\/c4278d4a6028830caff9ee44b42d32ed","name":"Telinha","image":{"@type":"ImageObject","inLanguage":"pt-PT","@id":"https:\/\/portaltela.pt\/s.01k8rhncp4jt1\/2025\/11\/talking-bot-125x125.png","url":"https:\/\/portaltela.pt\/s.01k8rhncp4jt1\/2025\/11\/talking-bot-125x125.png","contentUrl":"https:\/\/portaltela.pt\/s.01k8rhncp4jt1\/2025\/11\/talking-bot-125x125.png","caption":"Telinha"},"sameAs":["https:\/\/portaltela.pt\/"],"url":"https:\/\/portaltela.pt\/por\/367410592786\/"}]}},"_links":{"self":[{"href":"https:\/\/portaltela.pt\/api\/wp\/v2\/posts\/430393","targetHints":{"allow":["GET"]}}],"collection":[{"href":"https:\/\/portaltela.pt\/api\/wp\/v2\/posts"}],"about":[{"href":"https:\/\/portaltela.pt\/api\/wp\/v2\/types\/post"}],"author":[{"embeddable":true,"href":"https:\/\/portaltela.pt\/api\/wp\/v2\/users\/2"}],"replies":[{"embeddable":true,"href":"https:\/\/portaltela.pt\/api\/wp\/v2\/comments?post=430393"}],"version-history":[{"count":0,"href":"https:\/\/portaltela.pt\/api\/wp\/v2\/posts\/430393\/revisions"}],"wp:featuredmedia":[{"embeddable":true,"href":"https:\/\/portaltela.pt\/api\/wp\/v2\/media\/430394"}],"wp:attachment":[{"href":"https:\/\/portaltela.pt\/api\/wp\/v2\/media?parent=430393"}],"wp:term":[{"taxonomy":"category","embeddable":true,"href":"https:\/\/portaltela.pt\/api\/wp\/v2\/categories?post=430393"},{"taxonomy":"post_tag","embeddable":true,"href":"https:\/\/portaltela.pt\/api\/wp\/v2\/tags?post=430393"}],"curies":[{"name":"wp","href":"https:\/\/api.w.org\/{rel}","templated":true}]}}