{"id":430386,"date":"2026-04-02T09:47:22","date_gmt":"2026-04-02T12:47:22","guid":{"rendered":"https:\/\/portaltela.pt\/noticias\/2026\/04\/02\/fabio-silva-ve-inicio-no-dortmund-como-promissor\/"},"modified":"2026-04-02T09:47:22","modified_gmt":"2026-04-02T12:47:22","slug":"fabio-silva-ve-inicio-no-dortmund-como-promissor","status":"publish","type":"post","link":"https:\/\/portaltela.pt\/desporto\/futebol\/2026\/04\/02\/fabio-silva-ve-inicio-no-dortmund-como-promissor\/","title":{"rendered":"F\u00e1bio Silva v\u00ea in\u00edcio no Dortmund como promissor"},"content":{"rendered":"<p>F\u00e1bio Silva est\u00e1 a fam\u00edlia do Dortmund a caminho de afirmar-se na primeira \u00e9poca na Bundesliga. Em entrevista \u00e0 Sky Sports Alemanha, o avan\u00e7ado portugu\u00eas aborda a eventual chamada \u00e0 Sele\u00e7\u00e3o para o Mundial deste ano, destacando o equil\u00edbrio entre ambi\u00e7\u00e3o e foco no dia a dia no clube.<\/p>\n<p>O ponta-de-lan\u00e7a revela que a sele\u00e7\u00e3o portuguesa tem talento suficiente para uma convoca\u00e7\u00e3o, mas sublinha que a decis\u00e3o cabe ao selecionador. Enquanto aguarda, concentra-se em manter competi\u00e7\u00e3o interna saud\u00e1vel e em evoluir atrav\u00e9s de treino di\u00e1rio no Borussia Dortmund.<\/p>\n<p>Na an\u00e1lise da temporada, Silva aponta n\u00fameros importantes: 2 golos e 6 assist\u00eancias em 32 jogos. Apesar de reconhecer que o futebol moderno valoriza os registos, afirma que o rendimento global e o desempenho coletivo s\u00e3o determinantes para o seu contributo ao clube.<\/p>\n<p>O jogador recorda ainda o momento dif\u00edcil de integra\u00e7\u00e3o, com les\u00e3o e opera\u00e7\u00e3o ao in\u00edcio da \u00e9poca, e explica que n\u00e3o deixou de trabalhar no gin\u00e1sio para regressar em boa forma. O objetivo \u00e9 manter progressos cont\u00ednuos e contribuir para o sucesso do Dortmund.<\/p>\n<p>Agradecido pela rece\u00e7\u00e3o dos adeptos, Silva descreve o ambiente do est\u00e1dio com a &#8220;muralha amarela&#8221; como motivador. Diz que j\u00e1 acompanhava o clube como f\u00e3 e que agora sente a responsabilidade de corresponder \u00e0s expetativas em cada jogo.<\/p>\n","protected":false},"excerpt":{"rendered":"<ul>\n<li>F\u00e1bio Silva, na primeira \u00e9poca pelo Borussia Dortmund, soma 2 golos e 6 assist\u00eancias em 32 jogos.<\/li>\n<li>O avan\u00e7ado admitiu a possibilidade de vir a ser chamado \u00e0 Sele\u00e7\u00e3o Nacional pelo treinador Roberto Mart\u00ednez para o Mundial deste ano.<\/li>\n<li>Diz que h\u00e1 muitos jogadores de qualidade em Portugal e que o foco dele \u00e9 o treino di\u00e1rio para melhorar e render nos jogos.<\/li>\n<li>Refere ter passado por les\u00e3o e cirurgia, mas sente-se bem e continua a trabalhar para manter a melhor forma f\u00edsica.<\/li>\n<li>Destaca o clube e os adeptos, descrevendo-os como a \u201cmuralha amarela\u201d e o apoio que recebem nos jogos.<\/li>\n<\/ul>\n","protected":false},"author":2,"featured_media":430389,"comment_status":"closed","ping_status":"closed","sticky":false,"template":"","format":"standard","meta":{"footnotes":""},"categories":[21,24],"tags":[4811,32,3338,242,1014,2057],"class_list":["post-430386","post","type-post","status-publish","format-standard","has-post-thumbnail","hentry","category-desporto","category-futebol","tag-borussia-dortmund","tag-futebol","tag-futebol-internacional","tag-jogadores","tag-portugal","tag-selecao-nacional"],"yoast_head":"<!-- This site is optimized with the Yoast SEO plugin v27.2 - https:\/\/yoast.com\/product\/yoast-seo-wordpress\/ -->\n<title>F\u00e1bio Silva v\u00ea in\u00edcio no Dortmund como promissor - Portal Tela Portugal<\/title>\n<meta name=\"robots\" content=\"index, follow, max-snippet:-1, max-image-preview:large, max-video-preview:-1\" \/>\n<meta property=\"og:locale\" content=\"pt_PT\" \/>\n<meta property=\"og:type\" content=\"article\" \/>\n<meta property=\"og:title\" content=\"F\u00e1bio Silva v\u00ea in\u00edcio no Dortmund como promissor - Portal Tela Portugal\" \/>\n<meta property=\"og:description\" content=\"F\u00e1bio Silva, na primeira \u00e9poca pelo Borussia Dortmund, soma 2 golos e 6 assist\u00eancias em 32 jogos. O avan\u00e7ado admitiu a possibilidade de vir a ser chamado \u00e0 Sele\u00e7\u00e3o Nacional pelo treinador Roberto Mart\u00ednez para o Mundial deste ano. Diz que h\u00e1 muitos jogadores de qualidade em Portugal e que o foco dele \u00e9 o treino di\u00e1rio para melhorar e render nos jogos. Refere ter passado por les\u00e3o e cirurgia, mas sente-se bem e continua a trabalhar para manter a melhor forma f\u00edsica. Destaca o clube e os adeptos, descrevendo-os como a \u201cmuralha amarela\u201d e o apoio que recebem nos jogos.\" \/>\n<meta property=\"og:url\" content=\"https:\/\/portaltela.pt\/noticias\/2026\/04\/02\/fabio-silva-ve-inicio-no-dortmund-como-promissor\/\" \/>\n<meta property=\"og:site_name\" content=\"Portal Tela Portugal\" \/>\n<meta property=\"article:published_time\" content=\"2026-04-02T12:47:22+00:00\" \/>\n<meta name=\"author\" content=\"Telinha\" \/>\n<meta name=\"twitter:card\" content=\"summary_large_image\" \/>\n<meta name=\"twitter:label1\" content=\"Escrito por\" \/>\n\t<meta name=\"twitter:data1\" content=\"Telinha\" \/>\n\t<meta name=\"twitter:label2\" content=\"Tempo estimado de leitura\" \/>\n\t<meta name=\"twitter:data2\" content=\"1 minuto\" \/>\n<script type=\"application\/ld+json\" class=\"yoast-schema-graph\">{\"@context\":\"https:\/\/schema.org\",\"@graph\":[{\"@type\":\"Article\",\"@id\":\"https:\/\/portaltela.pt\/noticias\/2026\/04\/02\/fabio-silva-ve-inicio-no-dortmund-como-promissor\/#article\",\"isPartOf\":{\"@id\":\"https:\/\/portaltela.pt\/noticias\/2026\/04\/02\/fabio-silva-ve-inicio-no-dortmund-como-promissor\/\"},\"author\":{\"name\":\"Telinha\",\"@id\":\"https:\/\/portaltela.pt\/#\/schema\/person\/c4278d4a6028830caff9ee44b42d32ed\"},\"headline\":\"F\u00e1bio Silva v\u00ea in\u00edcio no Dortmund como promissor\",\"datePublished\":\"2026-04-02T12:47:22+00:00\",\"mainEntityOfPage\":{\"@id\":\"https:\/\/portaltela.pt\/noticias\/2026\/04\/02\/fabio-silva-ve-inicio-no-dortmund-como-promissor\/\"},\"wordCount\":246,\"image\":{\"@id\":\"https:\/\/portaltela.pt\/noticias\/2026\/04\/02\/fabio-silva-ve-inicio-no-dortmund-como-promissor\/#primaryimage\"},\"thumbnailUrl\":\"https:\/\/portaltela.pt\/s.01k8rhncp4jt1\/2026\/04\/img_920x518uu2025-11-29-20-45-27-2405954-im-639076129186506575.jpg\",\"keywords\":[\"Borussia Dortmund\",\"futebol\",\"futebol internacional\",\"jogadores\",\"Portugal\",\"Sele\u00e7\u00e3o Nacional\"],\"articleSection\":[\"Desporto\",\"Futebol\"],\"inLanguage\":\"pt-PT\"},{\"@type\":\"WebPage\",\"@id\":\"https:\/\/portaltela.pt\/noticias\/2026\/04\/02\/fabio-silva-ve-inicio-no-dortmund-como-promissor\/\",\"url\":\"https:\/\/portaltela.pt\/noticias\/2026\/04\/02\/fabio-silva-ve-inicio-no-dortmund-como-promissor\/\",\"name\":\"F\u00e1bio Silva v\u00ea in\u00edcio no Dortmund como promissor - Portal Tela Portugal\",\"isPartOf\":{\"@id\":\"https:\/\/portaltela.pt\/#website\"},\"primaryImageOfPage\":{\"@id\":\"https:\/\/portaltela.pt\/noticias\/2026\/04\/02\/fabio-silva-ve-inicio-no-dortmund-como-promissor\/#primaryimage\"},\"image\":{\"@id\":\"https:\/\/portaltela.pt\/noticias\/2026\/04\/02\/fabio-silva-ve-inicio-no-dortmund-como-promissor\/#primaryimage\"},\"thumbnailUrl\":\"https:\/\/portaltela.pt\/s.01k8rhncp4jt1\/2026\/04\/img_920x518uu2025-11-29-20-45-27-2405954-im-639076129186506575.jpg\",\"datePublished\":\"2026-04-02T12:47:22+00:00\",\"author\":{\"@id\":\"https:\/\/portaltela.pt\/#\/schema\/person\/c4278d4a6028830caff9ee44b42d32ed\"},\"breadcrumb\":{\"@id\":\"https:\/\/portaltela.pt\/noticias\/2026\/04\/02\/fabio-silva-ve-inicio-no-dortmund-como-promissor\/#breadcrumb\"},\"inLanguage\":\"pt-PT\",\"potentialAction\":[{\"@type\":\"ReadAction\",\"target\":[\"https:\/\/portaltela.pt\/noticias\/2026\/04\/02\/fabio-silva-ve-inicio-no-dortmund-como-promissor\/\"]}]},{\"@type\":\"ImageObject\",\"inLanguage\":\"pt-PT\",\"@id\":\"https:\/\/portaltela.pt\/noticias\/2026\/04\/02\/fabio-silva-ve-inicio-no-dortmund-como-promissor\/#primaryimage\",\"url\":\"https:\/\/portaltela.pt\/s.01k8rhncp4jt1\/2026\/04\/img_920x518uu2025-11-29-20-45-27-2405954-im-639076129186506575.jpg\",\"contentUrl\":\"https:\/\/portaltela.pt\/s.01k8rhncp4jt1\/2026\/04\/img_920x518uu2025-11-29-20-45-27-2405954-im-639076129186506575.jpg\",\"width\":796,\"height\":448,\"caption\":\"F\u00e1bio Silva e a primeira \u00e9poca no Dortmund: \u00abAcho que estou a fazer um bom trabalho\u00bb\"},{\"@type\":\"BreadcrumbList\",\"@id\":\"https:\/\/portaltela.pt\/noticias\/2026\/04\/02\/fabio-silva-ve-inicio-no-dortmund-como-promissor\/#breadcrumb\",\"itemListElement\":[{\"@type\":\"ListItem\",\"position\":1,\"name\":\"In\u00edcio\",\"item\":\"https:\/\/portaltela.pt\/\"},{\"@type\":\"ListItem\",\"position\":2,\"name\":\"F\u00e1bio Silva v\u00ea in\u00edcio no Dortmund como promissor\"}]},{\"@type\":\"WebSite\",\"@id\":\"https:\/\/portaltela.pt\/#website\",\"url\":\"https:\/\/portaltela.pt\/\",\"name\":\"Portal Tela Portugal\",\"description\":\"\",\"potentialAction\":[{\"@type\":\"SearchAction\",\"target\":{\"@type\":\"EntryPoint\",\"urlTemplate\":\"https:\/\/portaltela.pt\/?s={search_term_string}\"},\"query-input\":{\"@type\":\"PropertyValueSpecification\",\"valueRequired\":true,\"valueName\":\"search_term_string\"}}],\"inLanguage\":\"pt-PT\"},{\"@type\":\"Person\",\"@id\":\"https:\/\/portaltela.pt\/#\/schema\/person\/c4278d4a6028830caff9ee44b42d32ed\",\"name\":\"Telinha\",\"image\":{\"@type\":\"ImageObject\",\"inLanguage\":\"pt-PT\",\"@id\":\"https:\/\/portaltela.pt\/s.01k8rhncp4jt1\/2025\/11\/talking-bot-125x125.png\",\"url\":\"https:\/\/portaltela.pt\/s.01k8rhncp4jt1\/2025\/11\/talking-bot-125x125.png\",\"contentUrl\":\"https:\/\/portaltela.pt\/s.01k8rhncp4jt1\/2025\/11\/talking-bot-125x125.png\",\"caption\":\"Telinha\"},\"sameAs\":[\"https:\/\/portaltela.pt\/\"],\"url\":\"https:\/\/portaltela.pt\/por\/367410592786\/\"}]}<\/script>\n<!-- \/ Yoast SEO plugin. -->","yoast_head_json":{"title":"F\u00e1bio Silva v\u00ea in\u00edcio no Dortmund como promissor - Portal Tela Portugal","robots":{"index":"index","follow":"follow","max-snippet":"max-snippet:-1","max-image-preview":"max-image-preview:large","max-video-preview":"max-video-preview:-1"},"og_locale":"pt_PT","og_type":"article","og_title":"F\u00e1bio Silva v\u00ea in\u00edcio no Dortmund como promissor - Portal Tela Portugal","og_description":"F\u00e1bio Silva, na primeira \u00e9poca pelo Borussia Dortmund, soma 2 golos e 6 assist\u00eancias em 32 jogos. O avan\u00e7ado admitiu a possibilidade de vir a ser chamado \u00e0 Sele\u00e7\u00e3o Nacional pelo treinador Roberto Mart\u00ednez para o Mundial deste ano. Diz que h\u00e1 muitos jogadores de qualidade em Portugal e que o foco dele \u00e9 o treino di\u00e1rio para melhorar e render nos jogos. Refere ter passado por les\u00e3o e cirurgia, mas sente-se bem e continua a trabalhar para manter a melhor forma f\u00edsica. Destaca o clube e os adeptos, descrevendo-os como a \u201cmuralha amarela\u201d e o apoio que recebem nos jogos.","og_url":"https:\/\/portaltela.pt\/noticias\/2026\/04\/02\/fabio-silva-ve-inicio-no-dortmund-como-promissor\/","og_site_name":"Portal Tela Portugal","article_published_time":"2026-04-02T12:47:22+00:00","author":"Telinha","twitter_card":"summary_large_image","twitter_misc":{"Escrito por":"Telinha","Tempo estimado de leitura":"1 minuto"},"schema":{"@context":"https:\/\/schema.org","@graph":[{"@type":"Article","@id":"https:\/\/portaltela.pt\/noticias\/2026\/04\/02\/fabio-silva-ve-inicio-no-dortmund-como-promissor\/#article","isPartOf":{"@id":"https:\/\/portaltela.pt\/noticias\/2026\/04\/02\/fabio-silva-ve-inicio-no-dortmund-como-promissor\/"},"author":{"name":"Telinha","@id":"https:\/\/portaltela.pt\/#\/schema\/person\/c4278d4a6028830caff9ee44b42d32ed"},"headline":"F\u00e1bio Silva v\u00ea in\u00edcio no Dortmund como promissor","datePublished":"2026-04-02T12:47:22+00:00","mainEntityOfPage":{"@id":"https:\/\/portaltela.pt\/noticias\/2026\/04\/02\/fabio-silva-ve-inicio-no-dortmund-como-promissor\/"},"wordCount":246,"image":{"@id":"https:\/\/portaltela.pt\/noticias\/2026\/04\/02\/fabio-silva-ve-inicio-no-dortmund-como-promissor\/#primaryimage"},"thumbnailUrl":"https:\/\/portaltela.pt\/s.01k8rhncp4jt1\/2026\/04\/img_920x518uu2025-11-29-20-45-27-2405954-im-639076129186506575.jpg","keywords":["Borussia Dortmund","futebol","futebol internacional","jogadores","Portugal","Sele\u00e7\u00e3o Nacional"],"articleSection":["Desporto","Futebol"],"inLanguage":"pt-PT"},{"@type":"WebPage","@id":"https:\/\/portaltela.pt\/noticias\/2026\/04\/02\/fabio-silva-ve-inicio-no-dortmund-como-promissor\/","url":"https:\/\/portaltela.pt\/noticias\/2026\/04\/02\/fabio-silva-ve-inicio-no-dortmund-como-promissor\/","name":"F\u00e1bio Silva v\u00ea in\u00edcio no Dortmund como promissor - Portal Tela Portugal","isPartOf":{"@id":"https:\/\/portaltela.pt\/#website"},"primaryImageOfPage":{"@id":"https:\/\/portaltela.pt\/noticias\/2026\/04\/02\/fabio-silva-ve-inicio-no-dortmund-como-promissor\/#primaryimage"},"image":{"@id":"https:\/\/portaltela.pt\/noticias\/2026\/04\/02\/fabio-silva-ve-inicio-no-dortmund-como-promissor\/#primaryimage"},"thumbnailUrl":"https:\/\/portaltela.pt\/s.01k8rhncp4jt1\/2026\/04\/img_920x518uu2025-11-29-20-45-27-2405954-im-639076129186506575.jpg","datePublished":"2026-04-02T12:47:22+00:00","author":{"@id":"https:\/\/portaltela.pt\/#\/schema\/person\/c4278d4a6028830caff9ee44b42d32ed"},"breadcrumb":{"@id":"https:\/\/portaltela.pt\/noticias\/2026\/04\/02\/fabio-silva-ve-inicio-no-dortmund-como-promissor\/#breadcrumb"},"inLanguage":"pt-PT","potentialAction":[{"@type":"ReadAction","target":["https:\/\/portaltela.pt\/noticias\/2026\/04\/02\/fabio-silva-ve-inicio-no-dortmund-como-promissor\/"]}]},{"@type":"ImageObject","inLanguage":"pt-PT","@id":"https:\/\/portaltela.pt\/noticias\/2026\/04\/02\/fabio-silva-ve-inicio-no-dortmund-como-promissor\/#primaryimage","url":"https:\/\/portaltela.pt\/s.01k8rhncp4jt1\/2026\/04\/img_920x518uu2025-11-29-20-45-27-2405954-im-639076129186506575.jpg","contentUrl":"https:\/\/portaltela.pt\/s.01k8rhncp4jt1\/2026\/04\/img_920x518uu2025-11-29-20-45-27-2405954-im-639076129186506575.jpg","width":796,"height":448,"caption":"F\u00e1bio Silva e a primeira \u00e9poca no Dortmund: \u00abAcho que estou a fazer um bom trabalho\u00bb"},{"@type":"BreadcrumbList","@id":"https:\/\/portaltela.pt\/noticias\/2026\/04\/02\/fabio-silva-ve-inicio-no-dortmund-como-promissor\/#breadcrumb","itemListElement":[{"@type":"ListItem","position":1,"name":"In\u00edcio","item":"https:\/\/portaltela.pt\/"},{"@type":"ListItem","position":2,"name":"F\u00e1bio Silva v\u00ea in\u00edcio no Dortmund como promissor"}]},{"@type":"WebSite","@id":"https:\/\/portaltela.pt\/#website","url":"https:\/\/portaltela.pt\/","name":"Portal Tela Portugal","description":"","potentialAction":[{"@type":"SearchAction","target":{"@type":"EntryPoint","urlTemplate":"https:\/\/portaltela.pt\/?s={search_term_string}"},"query-input":{"@type":"PropertyValueSpecification","valueRequired":true,"valueName":"search_term_string"}}],"inLanguage":"pt-PT"},{"@type":"Person","@id":"https:\/\/portaltela.pt\/#\/schema\/person\/c4278d4a6028830caff9ee44b42d32ed","name":"Telinha","image":{"@type":"ImageObject","inLanguage":"pt-PT","@id":"https:\/\/portaltela.pt\/s.01k8rhncp4jt1\/2025\/11\/talking-bot-125x125.png","url":"https:\/\/portaltela.pt\/s.01k8rhncp4jt1\/2025\/11\/talking-bot-125x125.png","contentUrl":"https:\/\/portaltela.pt\/s.01k8rhncp4jt1\/2025\/11\/talking-bot-125x125.png","caption":"Telinha"},"sameAs":["https:\/\/portaltela.pt\/"],"url":"https:\/\/portaltela.pt\/por\/367410592786\/"}]}},"_links":{"self":[{"href":"https:\/\/portaltela.pt\/api\/wp\/v2\/posts\/430386","targetHints":{"allow":["GET"]}}],"collection":[{"href":"https:\/\/portaltela.pt\/api\/wp\/v2\/posts"}],"about":[{"href":"https:\/\/portaltela.pt\/api\/wp\/v2\/types\/post"}],"author":[{"embeddable":true,"href":"https:\/\/portaltela.pt\/api\/wp\/v2\/users\/2"}],"replies":[{"embeddable":true,"href":"https:\/\/portaltela.pt\/api\/wp\/v2\/comments?post=430386"}],"version-history":[{"count":0,"href":"https:\/\/portaltela.pt\/api\/wp\/v2\/posts\/430386\/revisions"}],"wp:featuredmedia":[{"embeddable":true,"href":"https:\/\/portaltela.pt\/api\/wp\/v2\/media\/430389"}],"wp:attachment":[{"href":"https:\/\/portaltela.pt\/api\/wp\/v2\/media?parent=430386"}],"wp:term":[{"taxonomy":"category","embeddable":true,"href":"https:\/\/portaltela.pt\/api\/wp\/v2\/categories?post=430386"},{"taxonomy":"post_tag","embeddable":true,"href":"https:\/\/portaltela.pt\/api\/wp\/v2\/tags?post=430386"}],"curies":[{"name":"wp","href":"https:\/\/api.w.org\/{rel}","templated":true}]}}