{"id":430385,"date":"2026-04-02T09:47:21","date_gmt":"2026-04-02T12:47:21","guid":{"rendered":"https:\/\/portaltela.pt\/noticias\/2026\/04\/02\/reabertura-urgente-do-estreito-de-ormuz-em-foco-diz-ministra-britanica\/"},"modified":"2026-04-02T09:47:21","modified_gmt":"2026-04-02T12:47:21","slug":"reabertura-urgente-do-estreito-de-ormuz-em-foco-diz-ministra-britanica","status":"publish","type":"post","link":"https:\/\/portaltela.pt\/geopolitica\/2026\/04\/02\/reabertura-urgente-do-estreito-de-ormuz-em-foco-diz-ministra-britanica\/","title":{"rendered":"Reabertura urgente do estreito de Ormuz em foco, diz Ministra brit\u00e2nica"},"content":{"rendered":"<p>A ministra dos Neg\u00f3cios Estrangeiros brit\u00e2nica destacou a necessidade urgente de reabrir o estreito de Ormuz, no in\u00edcio de uma reuni\u00e3o virtual com representantes de mais de 40 pa\u00edses, incluindo Portugal. A reuni\u00e3o visa debater as consequ\u00eancias do encerramento e garantir a liberdade de navega\u00e7\u00e3o no transporte mar\u00edtimo internacional.<\/p>\n<p>Yvette Cooper preside a reuni\u00e3o e sublinha a determina\u00e7\u00e3o internacional em ver o estreito reaberto. Al\u00e9m do encontro diplom\u00e1tico, o Governo brit\u00e2nico planeia reunir planeadores militares para estudar mobiliza\u00e7\u00e3o de capacidades defensivas, incluindo remo\u00e7\u00e3o de minas, quando o conflito abrandar.<\/p>\n<p>A reuni\u00e3o concentra-se em medidas diplom\u00e1ticas e planeamento internacional, com foco na mobiliza\u00e7\u00e3o de instrumentos diplom\u00e1ticos, econ\u00f3micos e de garantir a seguran\u00e7a de navios e tripulantes. O objetivo \u00e9 uma abertura segura e sustent\u00e1vel do estreito, coordena\u00e7\u00e3o global necess\u00e1ria.<\/p>\n<p>Portugal est\u00e1 representado pelo ministro dos Neg\u00f3cios Estrangeiros, Paulo Rangel, numa iniciativa liderada por Londres com Fran\u00e7a, Alemanha, It\u00e1lia, Pa\u00edses Baixos e Jap\u00e3o. Cerca de 30 pa\u00edses subscrevem a declara\u00e7\u00e3o publicada a 19 de mar\u00e7o.<\/p>\n<h3>Contexto internacional<\/h3>\n<p>O texto conjunto exige que o Ir\u00e3o cesse as tentativas de bloquear Ormuz e compromete os signat\u00e1rios a contribuir para a passagem segura da via mar\u00edtima. Normalmente, passa ali uma parcela relevante da produ\u00e7\u00e3o mundial de petr\u00f3leo e g\u00e1s natural liquefeito.<\/p>\n<p>Os ataques iranianos a navios comerciais e a amea\u00e7a de novos ataques paralisaram o tr\u00e1fego na via que liga o Golfo P\u00e9rsico aos oceanos, elevando os pre\u00e7os de petr\u00f3leo, g\u00e1s natural e fertilizantes.<\/p>\n<p>Analistas e governos temem que um bloqueio prolongado afete setores como agricultura, medicamentos, semicondutores e baterias. O epis\u00f3dio inclui rea\u00e7\u00e3o angular entre EUA e aliados na regi\u00e3o, com impactos ainda por quantificar.<\/p>\n<p>Na v\u00e9spera, o primeiro-ministro brit\u00e2nico afirmou que respons\u00e1veis militares v\u00e3o discutir, em breve, formas de garantir a seguran\u00e7a da navega\u00e7\u00e3o ap\u00f3s o fim dos combates, reconhecendo que a retomada do tr\u00e1fego n\u00e3o ser\u00e1 simples.<\/p>\n","protected":false},"excerpt":{"rendered":"<ul>\n<li>A ministra brit\u00e2nica dos Neg\u00f3cios Estrangeiros, Yvette Cooper, destacou a \u201cneces\u00adsidade urgente\u201d de reabrir o estreito de Ormuz numa reuni\u00e3o virtual com mais de quarenta pa\u00edses, incluindo Portugal.<\/li>\n<li>A reuni\u00e3o visa debater as consequ\u00eancias do encerramento, a liberdade de navega\u00e7\u00e3o e a abertura segura do estreito, com foco em medidas diplom\u00e1ticas e planeamento internacional.<\/li>\n<li>O Governo brit\u00e2nico pretende ainda reunir planeadores militares para avaliar capacidades defensivas coletivas, incluindo remo\u00e7\u00e3o de minas e salvaguardas ap\u00f3s o abrandar do conflito.<\/li>\n<li>Portugal est\u00e1 representado na reuni\u00e3o pelo ministro dos Neg\u00f3cios Estrangeiros, Paulo Rangel, numa iniciativa conjunta de v\u00e1rias na\u00e7\u00f5es subscritoras de uma declara\u00e7\u00e3o de Londres.<\/li>\n<li>O texto, publicado a dezenove de mar\u00e7o, pede ao Ir\u00e3o que cesse as tentativas de bloquear o estreito, que \u00e9 passagem de cerca de um quinto da produ\u00e7\u00e3o mundial de petr\u00f3leo e g\u00e1s natural liquefeito.<\/li>\n<\/ul>\n","protected":false},"author":2,"featured_media":430390,"comment_status":"closed","ping_status":"closed","sticky":false,"template":"","format":"standard","meta":{"footnotes":""},"categories":[6814],"tags":[2198,6703,3153,4556,1840,6750],"class_list":["post-430385","post","type-post","status-publish","format-standard","has-post-thumbnail","hentry","category-geopolitica","tag-conflitos-internacionais","tag-diplomacia-internacional","tag-ira","tag-navios","tag-sancoes-internacionais","tag-tripulantes"],"yoast_head":"<!-- This site is optimized with the Yoast SEO plugin v27.2 - https:\/\/yoast.com\/product\/yoast-seo-wordpress\/ -->\n<title>Reabertura urgente do estreito de Ormuz em foco, diz Ministra brit\u00e2nica - Portal Tela Portugal<\/title>\n<meta name=\"robots\" content=\"index, follow, max-snippet:-1, max-image-preview:large, max-video-preview:-1\" \/>\n<meta property=\"og:locale\" content=\"pt_PT\" \/>\n<meta property=\"og:type\" content=\"article\" \/>\n<meta property=\"og:title\" content=\"Reabertura urgente do estreito de Ormuz em foco, diz Ministra brit\u00e2nica - Portal Tela Portugal\" \/>\n<meta property=\"og:description\" content=\"A ministra brit\u00e2nica dos Neg\u00f3cios Estrangeiros, Yvette Cooper, destacou a \u201cneces\u00adsidade urgente\u201d de reabrir o estreito de Ormuz numa reuni\u00e3o virtual com mais de quarenta pa\u00edses, incluindo Portugal. A reuni\u00e3o visa debater as consequ\u00eancias do encerramento, a liberdade de navega\u00e7\u00e3o e a abertura segura do estreito, com foco em medidas diplom\u00e1ticas e planeamento internacional. O Governo brit\u00e2nico pretende ainda reunir planeadores militares para avaliar capacidades defensivas coletivas, incluindo remo\u00e7\u00e3o de minas e salvaguardas ap\u00f3s o abrandar do conflito. Portugal est\u00e1 representado na reuni\u00e3o pelo ministro dos Neg\u00f3cios Estrangeiros, Paulo Rangel, numa iniciativa conjunta de v\u00e1rias na\u00e7\u00f5es subscritoras de uma declara\u00e7\u00e3o de Londres. O texto, publicado a dezenove de mar\u00e7o, pede ao Ir\u00e3o que cesse as tentativas de bloquear o estreito, que \u00e9 passagem de cerca de um quinto da produ\u00e7\u00e3o mundial de petr\u00f3leo e g\u00e1s natural liquefeito.\" \/>\n<meta property=\"og:url\" content=\"https:\/\/portaltela.pt\/noticias\/2026\/04\/02\/reabertura-urgente-do-estreito-de-ormuz-em-foco-diz-ministra-britanica\/\" \/>\n<meta property=\"og:site_name\" content=\"Portal Tela Portugal\" \/>\n<meta property=\"article:published_time\" content=\"2026-04-02T12:47:21+00:00\" \/>\n<meta name=\"author\" content=\"Telinha\" \/>\n<meta name=\"twitter:card\" content=\"summary_large_image\" \/>\n<meta name=\"twitter:label1\" content=\"Escrito por\" \/>\n\t<meta name=\"twitter:data1\" content=\"Telinha\" \/>\n\t<meta name=\"twitter:label2\" content=\"Tempo estimado de leitura\" \/>\n\t<meta name=\"twitter:data2\" content=\"2 minutos\" \/>\n<script type=\"application\/ld+json\" class=\"yoast-schema-graph\">{\"@context\":\"https:\/\/schema.org\",\"@graph\":[{\"@type\":\"Article\",\"@id\":\"https:\/\/portaltela.pt\/noticias\/2026\/04\/02\/reabertura-urgente-do-estreito-de-ormuz-em-foco-diz-ministra-britanica\/#article\",\"isPartOf\":{\"@id\":\"https:\/\/portaltela.pt\/noticias\/2026\/04\/02\/reabertura-urgente-do-estreito-de-ormuz-em-foco-diz-ministra-britanica\/\"},\"author\":{\"name\":\"Telinha\",\"@id\":\"https:\/\/portaltela.pt\/#\/schema\/person\/c4278d4a6028830caff9ee44b42d32ed\"},\"headline\":\"Reabertura urgente do estreito de Ormuz em foco, diz Ministra brit\u00e2nica\",\"datePublished\":\"2026-04-02T12:47:21+00:00\",\"mainEntityOfPage\":{\"@id\":\"https:\/\/portaltela.pt\/noticias\/2026\/04\/02\/reabertura-urgente-do-estreito-de-ormuz-em-foco-diz-ministra-britanica\/\"},\"wordCount\":370,\"image\":{\"@id\":\"https:\/\/portaltela.pt\/noticias\/2026\/04\/02\/reabertura-urgente-do-estreito-de-ormuz-em-foco-diz-ministra-britanica\/#primaryimage\"},\"thumbnailUrl\":\"https:\/\/portaltela.pt\/s.01k8rhncp4jt1\/2026\/04\/img_1500x1000uu2026-04-02-13-32-10-2276247.jpg\",\"keywords\":[\"conflitos internacionais\",\"diplomacia internacional\",\"Ir\u00e3\",\"navios\",\"san\u00e7\u00f5es internacionais\",\"tripulantes\"],\"articleSection\":[\"Geopol\u00edtica\"],\"inLanguage\":\"pt-PT\"},{\"@type\":\"WebPage\",\"@id\":\"https:\/\/portaltela.pt\/noticias\/2026\/04\/02\/reabertura-urgente-do-estreito-de-ormuz-em-foco-diz-ministra-britanica\/\",\"url\":\"https:\/\/portaltela.pt\/noticias\/2026\/04\/02\/reabertura-urgente-do-estreito-de-ormuz-em-foco-diz-ministra-britanica\/\",\"name\":\"Reabertura urgente do estreito de Ormuz em foco, diz Ministra brit\u00e2nica - Portal Tela Portugal\",\"isPartOf\":{\"@id\":\"https:\/\/portaltela.pt\/#website\"},\"primaryImageOfPage\":{\"@id\":\"https:\/\/portaltela.pt\/noticias\/2026\/04\/02\/reabertura-urgente-do-estreito-de-ormuz-em-foco-diz-ministra-britanica\/#primaryimage\"},\"image\":{\"@id\":\"https:\/\/portaltela.pt\/noticias\/2026\/04\/02\/reabertura-urgente-do-estreito-de-ormuz-em-foco-diz-ministra-britanica\/#primaryimage\"},\"thumbnailUrl\":\"https:\/\/portaltela.pt\/s.01k8rhncp4jt1\/2026\/04\/img_1500x1000uu2026-04-02-13-32-10-2276247.jpg\",\"datePublished\":\"2026-04-02T12:47:21+00:00\",\"author\":{\"@id\":\"https:\/\/portaltela.pt\/#\/schema\/person\/c4278d4a6028830caff9ee44b42d32ed\"},\"breadcrumb\":{\"@id\":\"https:\/\/portaltela.pt\/noticias\/2026\/04\/02\/reabertura-urgente-do-estreito-de-ormuz-em-foco-diz-ministra-britanica\/#breadcrumb\"},\"inLanguage\":\"pt-PT\",\"potentialAction\":[{\"@type\":\"ReadAction\",\"target\":[\"https:\/\/portaltela.pt\/noticias\/2026\/04\/02\/reabertura-urgente-do-estreito-de-ormuz-em-foco-diz-ministra-britanica\/\"]}]},{\"@type\":\"ImageObject\",\"inLanguage\":\"pt-PT\",\"@id\":\"https:\/\/portaltela.pt\/noticias\/2026\/04\/02\/reabertura-urgente-do-estreito-de-ormuz-em-foco-diz-ministra-britanica\/#primaryimage\",\"url\":\"https:\/\/portaltela.pt\/s.01k8rhncp4jt1\/2026\/04\/img_1500x1000uu2026-04-02-13-32-10-2276247.jpg\",\"contentUrl\":\"https:\/\/portaltela.pt\/s.01k8rhncp4jt1\/2026\/04\/img_1500x1000uu2026-04-02-13-32-10-2276247.jpg\",\"width\":1500,\"height\":1000,\"caption\":\"Reuni\u00e3o entre os l\u00edderes europeus sobre o Estreito de Ormuz\"},{\"@type\":\"BreadcrumbList\",\"@id\":\"https:\/\/portaltela.pt\/noticias\/2026\/04\/02\/reabertura-urgente-do-estreito-de-ormuz-em-foco-diz-ministra-britanica\/#breadcrumb\",\"itemListElement\":[{\"@type\":\"ListItem\",\"position\":1,\"name\":\"In\u00edcio\",\"item\":\"https:\/\/portaltela.pt\/\"},{\"@type\":\"ListItem\",\"position\":2,\"name\":\"Reabertura urgente do estreito de Ormuz em foco, diz Ministra brit\u00e2nica\"}]},{\"@type\":\"WebSite\",\"@id\":\"https:\/\/portaltela.pt\/#website\",\"url\":\"https:\/\/portaltela.pt\/\",\"name\":\"Portal Tela Portugal\",\"description\":\"\",\"potentialAction\":[{\"@type\":\"SearchAction\",\"target\":{\"@type\":\"EntryPoint\",\"urlTemplate\":\"https:\/\/portaltela.pt\/?s={search_term_string}\"},\"query-input\":{\"@type\":\"PropertyValueSpecification\",\"valueRequired\":true,\"valueName\":\"search_term_string\"}}],\"inLanguage\":\"pt-PT\"},{\"@type\":\"Person\",\"@id\":\"https:\/\/portaltela.pt\/#\/schema\/person\/c4278d4a6028830caff9ee44b42d32ed\",\"name\":\"Telinha\",\"image\":{\"@type\":\"ImageObject\",\"inLanguage\":\"pt-PT\",\"@id\":\"https:\/\/portaltela.pt\/s.01k8rhncp4jt1\/2025\/11\/talking-bot-125x125.png\",\"url\":\"https:\/\/portaltela.pt\/s.01k8rhncp4jt1\/2025\/11\/talking-bot-125x125.png\",\"contentUrl\":\"https:\/\/portaltela.pt\/s.01k8rhncp4jt1\/2025\/11\/talking-bot-125x125.png\",\"caption\":\"Telinha\"},\"sameAs\":[\"https:\/\/portaltela.pt\/\"],\"url\":\"https:\/\/portaltela.pt\/por\/367410592786\/\"}]}<\/script>\n<!-- \/ Yoast SEO plugin. -->","yoast_head_json":{"title":"Reabertura urgente do estreito de Ormuz em foco, diz Ministra brit\u00e2nica - Portal Tela Portugal","robots":{"index":"index","follow":"follow","max-snippet":"max-snippet:-1","max-image-preview":"max-image-preview:large","max-video-preview":"max-video-preview:-1"},"og_locale":"pt_PT","og_type":"article","og_title":"Reabertura urgente do estreito de Ormuz em foco, diz Ministra brit\u00e2nica - Portal Tela Portugal","og_description":"A ministra brit\u00e2nica dos Neg\u00f3cios Estrangeiros, Yvette Cooper, destacou a \u201cneces\u00adsidade urgente\u201d de reabrir o estreito de Ormuz numa reuni\u00e3o virtual com mais de quarenta pa\u00edses, incluindo Portugal. A reuni\u00e3o visa debater as consequ\u00eancias do encerramento, a liberdade de navega\u00e7\u00e3o e a abertura segura do estreito, com foco em medidas diplom\u00e1ticas e planeamento internacional. O Governo brit\u00e2nico pretende ainda reunir planeadores militares para avaliar capacidades defensivas coletivas, incluindo remo\u00e7\u00e3o de minas e salvaguardas ap\u00f3s o abrandar do conflito. Portugal est\u00e1 representado na reuni\u00e3o pelo ministro dos Neg\u00f3cios Estrangeiros, Paulo Rangel, numa iniciativa conjunta de v\u00e1rias na\u00e7\u00f5es subscritoras de uma declara\u00e7\u00e3o de Londres. O texto, publicado a dezenove de mar\u00e7o, pede ao Ir\u00e3o que cesse as tentativas de bloquear o estreito, que \u00e9 passagem de cerca de um quinto da produ\u00e7\u00e3o mundial de petr\u00f3leo e g\u00e1s natural liquefeito.","og_url":"https:\/\/portaltela.pt\/noticias\/2026\/04\/02\/reabertura-urgente-do-estreito-de-ormuz-em-foco-diz-ministra-britanica\/","og_site_name":"Portal Tela Portugal","article_published_time":"2026-04-02T12:47:21+00:00","author":"Telinha","twitter_card":"summary_large_image","twitter_misc":{"Escrito por":"Telinha","Tempo estimado de leitura":"2 minutos"},"schema":{"@context":"https:\/\/schema.org","@graph":[{"@type":"Article","@id":"https:\/\/portaltela.pt\/noticias\/2026\/04\/02\/reabertura-urgente-do-estreito-de-ormuz-em-foco-diz-ministra-britanica\/#article","isPartOf":{"@id":"https:\/\/portaltela.pt\/noticias\/2026\/04\/02\/reabertura-urgente-do-estreito-de-ormuz-em-foco-diz-ministra-britanica\/"},"author":{"name":"Telinha","@id":"https:\/\/portaltela.pt\/#\/schema\/person\/c4278d4a6028830caff9ee44b42d32ed"},"headline":"Reabertura urgente do estreito de Ormuz em foco, diz Ministra brit\u00e2nica","datePublished":"2026-04-02T12:47:21+00:00","mainEntityOfPage":{"@id":"https:\/\/portaltela.pt\/noticias\/2026\/04\/02\/reabertura-urgente-do-estreito-de-ormuz-em-foco-diz-ministra-britanica\/"},"wordCount":370,"image":{"@id":"https:\/\/portaltela.pt\/noticias\/2026\/04\/02\/reabertura-urgente-do-estreito-de-ormuz-em-foco-diz-ministra-britanica\/#primaryimage"},"thumbnailUrl":"https:\/\/portaltela.pt\/s.01k8rhncp4jt1\/2026\/04\/img_1500x1000uu2026-04-02-13-32-10-2276247.jpg","keywords":["conflitos internacionais","diplomacia internacional","Ir\u00e3","navios","san\u00e7\u00f5es internacionais","tripulantes"],"articleSection":["Geopol\u00edtica"],"inLanguage":"pt-PT"},{"@type":"WebPage","@id":"https:\/\/portaltela.pt\/noticias\/2026\/04\/02\/reabertura-urgente-do-estreito-de-ormuz-em-foco-diz-ministra-britanica\/","url":"https:\/\/portaltela.pt\/noticias\/2026\/04\/02\/reabertura-urgente-do-estreito-de-ormuz-em-foco-diz-ministra-britanica\/","name":"Reabertura urgente do estreito de Ormuz em foco, diz Ministra brit\u00e2nica - Portal Tela Portugal","isPartOf":{"@id":"https:\/\/portaltela.pt\/#website"},"primaryImageOfPage":{"@id":"https:\/\/portaltela.pt\/noticias\/2026\/04\/02\/reabertura-urgente-do-estreito-de-ormuz-em-foco-diz-ministra-britanica\/#primaryimage"},"image":{"@id":"https:\/\/portaltela.pt\/noticias\/2026\/04\/02\/reabertura-urgente-do-estreito-de-ormuz-em-foco-diz-ministra-britanica\/#primaryimage"},"thumbnailUrl":"https:\/\/portaltela.pt\/s.01k8rhncp4jt1\/2026\/04\/img_1500x1000uu2026-04-02-13-32-10-2276247.jpg","datePublished":"2026-04-02T12:47:21+00:00","author":{"@id":"https:\/\/portaltela.pt\/#\/schema\/person\/c4278d4a6028830caff9ee44b42d32ed"},"breadcrumb":{"@id":"https:\/\/portaltela.pt\/noticias\/2026\/04\/02\/reabertura-urgente-do-estreito-de-ormuz-em-foco-diz-ministra-britanica\/#breadcrumb"},"inLanguage":"pt-PT","potentialAction":[{"@type":"ReadAction","target":["https:\/\/portaltela.pt\/noticias\/2026\/04\/02\/reabertura-urgente-do-estreito-de-ormuz-em-foco-diz-ministra-britanica\/"]}]},{"@type":"ImageObject","inLanguage":"pt-PT","@id":"https:\/\/portaltela.pt\/noticias\/2026\/04\/02\/reabertura-urgente-do-estreito-de-ormuz-em-foco-diz-ministra-britanica\/#primaryimage","url":"https:\/\/portaltela.pt\/s.01k8rhncp4jt1\/2026\/04\/img_1500x1000uu2026-04-02-13-32-10-2276247.jpg","contentUrl":"https:\/\/portaltela.pt\/s.01k8rhncp4jt1\/2026\/04\/img_1500x1000uu2026-04-02-13-32-10-2276247.jpg","width":1500,"height":1000,"caption":"Reuni\u00e3o entre os l\u00edderes europeus sobre o Estreito de Ormuz"},{"@type":"BreadcrumbList","@id":"https:\/\/portaltela.pt\/noticias\/2026\/04\/02\/reabertura-urgente-do-estreito-de-ormuz-em-foco-diz-ministra-britanica\/#breadcrumb","itemListElement":[{"@type":"ListItem","position":1,"name":"In\u00edcio","item":"https:\/\/portaltela.pt\/"},{"@type":"ListItem","position":2,"name":"Reabertura urgente do estreito de Ormuz em foco, diz Ministra brit\u00e2nica"}]},{"@type":"WebSite","@id":"https:\/\/portaltela.pt\/#website","url":"https:\/\/portaltela.pt\/","name":"Portal Tela Portugal","description":"","potentialAction":[{"@type":"SearchAction","target":{"@type":"EntryPoint","urlTemplate":"https:\/\/portaltela.pt\/?s={search_term_string}"},"query-input":{"@type":"PropertyValueSpecification","valueRequired":true,"valueName":"search_term_string"}}],"inLanguage":"pt-PT"},{"@type":"Person","@id":"https:\/\/portaltela.pt\/#\/schema\/person\/c4278d4a6028830caff9ee44b42d32ed","name":"Telinha","image":{"@type":"ImageObject","inLanguage":"pt-PT","@id":"https:\/\/portaltela.pt\/s.01k8rhncp4jt1\/2025\/11\/talking-bot-125x125.png","url":"https:\/\/portaltela.pt\/s.01k8rhncp4jt1\/2025\/11\/talking-bot-125x125.png","contentUrl":"https:\/\/portaltela.pt\/s.01k8rhncp4jt1\/2025\/11\/talking-bot-125x125.png","caption":"Telinha"},"sameAs":["https:\/\/portaltela.pt\/"],"url":"https:\/\/portaltela.pt\/por\/367410592786\/"}]}},"_links":{"self":[{"href":"https:\/\/portaltela.pt\/api\/wp\/v2\/posts\/430385","targetHints":{"allow":["GET"]}}],"collection":[{"href":"https:\/\/portaltela.pt\/api\/wp\/v2\/posts"}],"about":[{"href":"https:\/\/portaltela.pt\/api\/wp\/v2\/types\/post"}],"author":[{"embeddable":true,"href":"https:\/\/portaltela.pt\/api\/wp\/v2\/users\/2"}],"replies":[{"embeddable":true,"href":"https:\/\/portaltela.pt\/api\/wp\/v2\/comments?post=430385"}],"version-history":[{"count":0,"href":"https:\/\/portaltela.pt\/api\/wp\/v2\/posts\/430385\/revisions"}],"wp:featuredmedia":[{"embeddable":true,"href":"https:\/\/portaltela.pt\/api\/wp\/v2\/media\/430390"}],"wp:attachment":[{"href":"https:\/\/portaltela.pt\/api\/wp\/v2\/media?parent=430385"}],"wp:term":[{"taxonomy":"category","embeddable":true,"href":"https:\/\/portaltela.pt\/api\/wp\/v2\/categories?post=430385"},{"taxonomy":"post_tag","embeddable":true,"href":"https:\/\/portaltela.pt\/api\/wp\/v2\/tags?post=430385"}],"curies":[{"name":"wp","href":"https:\/\/api.w.org\/{rel}","templated":true}]}}