{"id":430381,"date":"2026-04-02T09:47:16","date_gmt":"2026-04-02T12:47:16","guid":{"rendered":"https:\/\/portaltela.pt\/noticias\/2026\/04\/02\/biblioteca-joanina-inicia-digitalizacao-macica-de-acervo-de-obras\/"},"modified":"2026-04-02T09:47:16","modified_gmt":"2026-04-02T12:47:16","slug":"biblioteca-joanina-inicia-digitalizacao-macica-de-acervo-de-obras","status":"publish","type":"post","link":"https:\/\/portaltela.pt\/noticias\/2026\/04\/02\/biblioteca-joanina-inicia-digitalizacao-macica-de-acervo-de-obras\/","title":{"rendered":"Biblioteca Joanina inicia digitaliza\u00e7\u00e3o maci\u00e7a de acervo de obras"},"content":{"rendered":"<p>A digitaliza\u00e7\u00e3o das obras da Biblioteca Joanina, da Universidade de Coimbra (UC), entra numa fase massiva. O an\u00fancio foi feito esta quinta-feira pela UC, que pretende tornar cerca de 30 mil livros centen\u00e1rios acess\u00edveis digitalmente at\u00e9 2030. O procedimento publicado em Di\u00e1rio da Rep\u00fablica define um concurso com valor base de aproximadamente 1,3 milh\u00f5es de euros e um prazo de execu\u00e7\u00e3o de 12 meses.<\/p>\n<p>O projeto Joanina Digital resulta de uma parceria entre a Universidade de Coimbra e a Sharjah Book Authority, com o alto patroc\u00ednio do Chefe de Estado do Emirado de Sharjah. O investimento total anunciado ascende a oito milh\u00f5es de euros, refor\u00e7ando o vasto arquivamento patrimonial da biblioteca.<\/p>\n<p>Em outubro de 2025, a UC lan\u00e7ou publicamente a plataforma Joanina Digital, apresentando resultados do projeto-piloto. Destacou-se a cole\u00e7\u00e3o digital dedicada ao M\u00e9dio Oriente, relevante para estudos sobre a presen\u00e7a portuguesa na regi\u00e3o.<\/p>\n<h3>Em curso e plataforma de acesso<\/h3>\n<p>Desenvolvida pela UC Framework, a plataforma disponibiliza imagens fac-similadas e texto pesquis\u00e1vel, com ades\u00e3o a princ\u00edpios de ci\u00eancia aberta e interoperabilidade. A publica\u00e7\u00e3o das futuras cole\u00e7\u00f5es visa integrar o acervo na rede Europeana.<\/p>\n<p>O projeto oferece acesso gratuito ao acervo, que abrange obras desde os prim\u00f3rdios da tipografia at\u00e9 ao final do s\u00e9culo XVIII, incluindo cartografia e documentos hist\u00f3ricos. A ferramenta de pesquisa utiliza intelig\u00eancia artificial para ampliar formas de leitura e an\u00e1lise, incluindo minera\u00e7\u00e3o de dados.<\/p>\n","protected":false},"excerpt":{"rendered":"<ul>\n<li>A Universidade de Coimbra indica que a fase massiva de digitaliza\u00e7\u00e3o da Biblioteca Joanina envolve cerca de 30 mil volumes do Piso Nobre at\u00e9 2030, gerando quase 20 milh\u00f5es de imagens.<\/li>\n<li>O concurso publicado em Di\u00e1rio da Rep\u00fablica tem pre\u00e7o base de cerca de \u20ac 1,3 milh\u00f5es e prazo de execu\u00e7\u00e3o de 12 meses.<\/li>\n<li>O projeto Joanina Digital resulta de uma parceria entre a Universidade de Coimbra e a Sharjah Book Authority, com alto patroc\u00ednio do Chefe de Estado de Sharjah, num investimento de \u20ac 8 milh\u00f5es.<\/li>\n<li>No piloto, foram digitalizadas cerca de 160 mil p\u00e1ginas e catalogados 3.343 volumes; em outubro de 2025 foi lan\u00e7ada a plataforma Joanina Digital, destacando a cole\u00e7\u00e3o dedicada ao M\u00e9dio Oriente.<\/li>\n<li>A plataforma oferece imagens fac-similadas e texto pesquis\u00e1vel, visa interoperabilidade com a rede Europeana, proporciona acesso gratuito e utiliza intelig\u00eancia artificial para nova leitura e an\u00e1lise de dados.<\/li>\n<\/ul>\n","protected":false},"author":2,"featured_media":430384,"comment_status":"closed","ping_status":"closed","sticky":false,"template":"","format":"standard","meta":{"footnotes":""},"categories":[7375,1],"tags":[1078,145,195,814,1175,153],"class_list":["post-430381","post","type-post","status-publish","format-standard","has-post-thumbnail","hentry","category-cultura","category-noticias","tag-bibliotecas-arquivos","tag-cultura","tag-informacao","tag-patrimonio","tag-patrimonio-cultural","tag-tecnologia"],"yoast_head":"<!-- This site is optimized with the Yoast SEO plugin v27.2 - https:\/\/yoast.com\/product\/yoast-seo-wordpress\/ -->\n<title>Biblioteca Joanina inicia digitaliza\u00e7\u00e3o maci\u00e7a de acervo de obras - Portal Tela Portugal<\/title>\n<meta name=\"robots\" content=\"index, follow, max-snippet:-1, max-image-preview:large, max-video-preview:-1\" \/>\n<meta property=\"og:locale\" content=\"pt_PT\" \/>\n<meta property=\"og:type\" content=\"article\" \/>\n<meta property=\"og:title\" content=\"Biblioteca Joanina inicia digitaliza\u00e7\u00e3o maci\u00e7a de acervo de obras - Portal Tela Portugal\" \/>\n<meta property=\"og:description\" content=\"A Universidade de Coimbra indica que a fase massiva de digitaliza\u00e7\u00e3o da Biblioteca Joanina envolve cerca de 30 mil volumes do Piso Nobre at\u00e9 2030, gerando quase 20 milh\u00f5es de imagens. O concurso publicado em Di\u00e1rio da Rep\u00fablica tem pre\u00e7o base de cerca de \u20ac 1,3 milh\u00f5es e prazo de execu\u00e7\u00e3o de 12 meses. O projeto Joanina Digital resulta de uma parceria entre a Universidade de Coimbra e a Sharjah Book Authority, com alto patroc\u00ednio do Chefe de Estado de Sharjah, num investimento de \u20ac 8 milh\u00f5es. No piloto, foram digitalizadas cerca de 160 mil p\u00e1ginas e catalogados 3.343 volumes; em outubro de 2025 foi lan\u00e7ada a plataforma Joanina Digital, destacando a cole\u00e7\u00e3o dedicada ao M\u00e9dio Oriente. A plataforma oferece imagens fac-similadas e texto pesquis\u00e1vel, visa interoperabilidade com a rede Europeana, proporciona acesso gratuito e utiliza intelig\u00eancia artificial para nova leitura e an\u00e1lise de dados.\" \/>\n<meta property=\"og:url\" content=\"https:\/\/portaltela.pt\/noticias\/2026\/04\/02\/biblioteca-joanina-inicia-digitalizacao-macica-de-acervo-de-obras\/\" \/>\n<meta property=\"og:site_name\" content=\"Portal Tela Portugal\" \/>\n<meta property=\"article:published_time\" content=\"2026-04-02T12:47:16+00:00\" \/>\n<meta name=\"author\" content=\"Telinha\" \/>\n<meta name=\"twitter:card\" content=\"summary_large_image\" \/>\n<meta name=\"twitter:label1\" content=\"Escrito por\" \/>\n\t<meta name=\"twitter:data1\" content=\"Telinha\" \/>\n\t<meta name=\"twitter:label2\" content=\"Tempo estimado de leitura\" \/>\n\t<meta name=\"twitter:data2\" content=\"1 minuto\" \/>\n<script type=\"application\/ld+json\" class=\"yoast-schema-graph\">{\"@context\":\"https:\/\/schema.org\",\"@graph\":[{\"@type\":\"Article\",\"@id\":\"https:\/\/portaltela.pt\/noticias\/2026\/04\/02\/biblioteca-joanina-inicia-digitalizacao-macica-de-acervo-de-obras\/#article\",\"isPartOf\":{\"@id\":\"https:\/\/portaltela.pt\/noticias\/2026\/04\/02\/biblioteca-joanina-inicia-digitalizacao-macica-de-acervo-de-obras\/\"},\"author\":{\"name\":\"Telinha\",\"@id\":\"https:\/\/portaltela.pt\/#\/schema\/person\/c4278d4a6028830caff9ee44b42d32ed\"},\"headline\":\"Biblioteca Joanina inicia digitaliza\u00e7\u00e3o maci\u00e7a de acervo de obras\",\"datePublished\":\"2026-04-02T12:47:16+00:00\",\"mainEntityOfPage\":{\"@id\":\"https:\/\/portaltela.pt\/noticias\/2026\/04\/02\/biblioteca-joanina-inicia-digitalizacao-macica-de-acervo-de-obras\/\"},\"wordCount\":261,\"image\":{\"@id\":\"https:\/\/portaltela.pt\/noticias\/2026\/04\/02\/biblioteca-joanina-inicia-digitalizacao-macica-de-acervo-de-obras\/#primaryimage\"},\"thumbnailUrl\":\"https:\/\/portaltela.pt\/s.01k8rhncp4jt1\/2026\/04\/img_1500x1000uu2024-02-21-23-12-16-1578071.jpg\",\"keywords\":[\"bibliotecas\/arquivos\",\"cultura\",\"informa\u00e7\u00e3o\",\"patrim\u00f3nio\",\"Patrim\u00f3nio Cultural\",\"tecnologia\"],\"articleSection\":[\"Cultura\",\"Not\u00edcias\"],\"inLanguage\":\"pt-PT\"},{\"@type\":\"WebPage\",\"@id\":\"https:\/\/portaltela.pt\/noticias\/2026\/04\/02\/biblioteca-joanina-inicia-digitalizacao-macica-de-acervo-de-obras\/\",\"url\":\"https:\/\/portaltela.pt\/noticias\/2026\/04\/02\/biblioteca-joanina-inicia-digitalizacao-macica-de-acervo-de-obras\/\",\"name\":\"Biblioteca Joanina inicia digitaliza\u00e7\u00e3o maci\u00e7a de acervo de obras - Portal Tela Portugal\",\"isPartOf\":{\"@id\":\"https:\/\/portaltela.pt\/#website\"},\"primaryImageOfPage\":{\"@id\":\"https:\/\/portaltela.pt\/noticias\/2026\/04\/02\/biblioteca-joanina-inicia-digitalizacao-macica-de-acervo-de-obras\/#primaryimage\"},\"image\":{\"@id\":\"https:\/\/portaltela.pt\/noticias\/2026\/04\/02\/biblioteca-joanina-inicia-digitalizacao-macica-de-acervo-de-obras\/#primaryimage\"},\"thumbnailUrl\":\"https:\/\/portaltela.pt\/s.01k8rhncp4jt1\/2026\/04\/img_1500x1000uu2024-02-21-23-12-16-1578071.jpg\",\"datePublished\":\"2026-04-02T12:47:16+00:00\",\"author\":{\"@id\":\"https:\/\/portaltela.pt\/#\/schema\/person\/c4278d4a6028830caff9ee44b42d32ed\"},\"breadcrumb\":{\"@id\":\"https:\/\/portaltela.pt\/noticias\/2026\/04\/02\/biblioteca-joanina-inicia-digitalizacao-macica-de-acervo-de-obras\/#breadcrumb\"},\"inLanguage\":\"pt-PT\",\"potentialAction\":[{\"@type\":\"ReadAction\",\"target\":[\"https:\/\/portaltela.pt\/noticias\/2026\/04\/02\/biblioteca-joanina-inicia-digitalizacao-macica-de-acervo-de-obras\/\"]}]},{\"@type\":\"ImageObject\",\"inLanguage\":\"pt-PT\",\"@id\":\"https:\/\/portaltela.pt\/noticias\/2026\/04\/02\/biblioteca-joanina-inicia-digitalizacao-macica-de-acervo-de-obras\/#primaryimage\",\"url\":\"https:\/\/portaltela.pt\/s.01k8rhncp4jt1\/2026\/04\/img_1500x1000uu2024-02-21-23-12-16-1578071.jpg\",\"contentUrl\":\"https:\/\/portaltela.pt\/s.01k8rhncp4jt1\/2026\/04\/img_1500x1000uu2024-02-21-23-12-16-1578071.jpg\",\"width\":796,\"height\":448,\"caption\":\"Biblioteca Joanina\"},{\"@type\":\"BreadcrumbList\",\"@id\":\"https:\/\/portaltela.pt\/noticias\/2026\/04\/02\/biblioteca-joanina-inicia-digitalizacao-macica-de-acervo-de-obras\/#breadcrumb\",\"itemListElement\":[{\"@type\":\"ListItem\",\"position\":1,\"name\":\"In\u00edcio\",\"item\":\"https:\/\/portaltela.pt\/\"},{\"@type\":\"ListItem\",\"position\":2,\"name\":\"Biblioteca Joanina inicia digitaliza\u00e7\u00e3o maci\u00e7a de acervo de obras\"}]},{\"@type\":\"WebSite\",\"@id\":\"https:\/\/portaltela.pt\/#website\",\"url\":\"https:\/\/portaltela.pt\/\",\"name\":\"Portal Tela Portugal\",\"description\":\"\",\"potentialAction\":[{\"@type\":\"SearchAction\",\"target\":{\"@type\":\"EntryPoint\",\"urlTemplate\":\"https:\/\/portaltela.pt\/?s={search_term_string}\"},\"query-input\":{\"@type\":\"PropertyValueSpecification\",\"valueRequired\":true,\"valueName\":\"search_term_string\"}}],\"inLanguage\":\"pt-PT\"},{\"@type\":\"Person\",\"@id\":\"https:\/\/portaltela.pt\/#\/schema\/person\/c4278d4a6028830caff9ee44b42d32ed\",\"name\":\"Telinha\",\"image\":{\"@type\":\"ImageObject\",\"inLanguage\":\"pt-PT\",\"@id\":\"https:\/\/portaltela.pt\/s.01k8rhncp4jt1\/2025\/11\/talking-bot-125x125.png\",\"url\":\"https:\/\/portaltela.pt\/s.01k8rhncp4jt1\/2025\/11\/talking-bot-125x125.png\",\"contentUrl\":\"https:\/\/portaltela.pt\/s.01k8rhncp4jt1\/2025\/11\/talking-bot-125x125.png\",\"caption\":\"Telinha\"},\"sameAs\":[\"https:\/\/portaltela.pt\/\"],\"url\":\"https:\/\/portaltela.pt\/por\/367410592786\/\"}]}<\/script>\n<!-- \/ Yoast SEO plugin. -->","yoast_head_json":{"title":"Biblioteca Joanina inicia digitaliza\u00e7\u00e3o maci\u00e7a de acervo de obras - Portal Tela Portugal","robots":{"index":"index","follow":"follow","max-snippet":"max-snippet:-1","max-image-preview":"max-image-preview:large","max-video-preview":"max-video-preview:-1"},"og_locale":"pt_PT","og_type":"article","og_title":"Biblioteca Joanina inicia digitaliza\u00e7\u00e3o maci\u00e7a de acervo de obras - Portal Tela Portugal","og_description":"A Universidade de Coimbra indica que a fase massiva de digitaliza\u00e7\u00e3o da Biblioteca Joanina envolve cerca de 30 mil volumes do Piso Nobre at\u00e9 2030, gerando quase 20 milh\u00f5es de imagens. O concurso publicado em Di\u00e1rio da Rep\u00fablica tem pre\u00e7o base de cerca de \u20ac 1,3 milh\u00f5es e prazo de execu\u00e7\u00e3o de 12 meses. O projeto Joanina Digital resulta de uma parceria entre a Universidade de Coimbra e a Sharjah Book Authority, com alto patroc\u00ednio do Chefe de Estado de Sharjah, num investimento de \u20ac 8 milh\u00f5es. No piloto, foram digitalizadas cerca de 160 mil p\u00e1ginas e catalogados 3.343 volumes; em outubro de 2025 foi lan\u00e7ada a plataforma Joanina Digital, destacando a cole\u00e7\u00e3o dedicada ao M\u00e9dio Oriente. A plataforma oferece imagens fac-similadas e texto pesquis\u00e1vel, visa interoperabilidade com a rede Europeana, proporciona acesso gratuito e utiliza intelig\u00eancia artificial para nova leitura e an\u00e1lise de dados.","og_url":"https:\/\/portaltela.pt\/noticias\/2026\/04\/02\/biblioteca-joanina-inicia-digitalizacao-macica-de-acervo-de-obras\/","og_site_name":"Portal Tela Portugal","article_published_time":"2026-04-02T12:47:16+00:00","author":"Telinha","twitter_card":"summary_large_image","twitter_misc":{"Escrito por":"Telinha","Tempo estimado de leitura":"1 minuto"},"schema":{"@context":"https:\/\/schema.org","@graph":[{"@type":"Article","@id":"https:\/\/portaltela.pt\/noticias\/2026\/04\/02\/biblioteca-joanina-inicia-digitalizacao-macica-de-acervo-de-obras\/#article","isPartOf":{"@id":"https:\/\/portaltela.pt\/noticias\/2026\/04\/02\/biblioteca-joanina-inicia-digitalizacao-macica-de-acervo-de-obras\/"},"author":{"name":"Telinha","@id":"https:\/\/portaltela.pt\/#\/schema\/person\/c4278d4a6028830caff9ee44b42d32ed"},"headline":"Biblioteca Joanina inicia digitaliza\u00e7\u00e3o maci\u00e7a de acervo de obras","datePublished":"2026-04-02T12:47:16+00:00","mainEntityOfPage":{"@id":"https:\/\/portaltela.pt\/noticias\/2026\/04\/02\/biblioteca-joanina-inicia-digitalizacao-macica-de-acervo-de-obras\/"},"wordCount":261,"image":{"@id":"https:\/\/portaltela.pt\/noticias\/2026\/04\/02\/biblioteca-joanina-inicia-digitalizacao-macica-de-acervo-de-obras\/#primaryimage"},"thumbnailUrl":"https:\/\/portaltela.pt\/s.01k8rhncp4jt1\/2026\/04\/img_1500x1000uu2024-02-21-23-12-16-1578071.jpg","keywords":["bibliotecas\/arquivos","cultura","informa\u00e7\u00e3o","patrim\u00f3nio","Patrim\u00f3nio Cultural","tecnologia"],"articleSection":["Cultura","Not\u00edcias"],"inLanguage":"pt-PT"},{"@type":"WebPage","@id":"https:\/\/portaltela.pt\/noticias\/2026\/04\/02\/biblioteca-joanina-inicia-digitalizacao-macica-de-acervo-de-obras\/","url":"https:\/\/portaltela.pt\/noticias\/2026\/04\/02\/biblioteca-joanina-inicia-digitalizacao-macica-de-acervo-de-obras\/","name":"Biblioteca Joanina inicia digitaliza\u00e7\u00e3o maci\u00e7a de acervo de obras - Portal Tela Portugal","isPartOf":{"@id":"https:\/\/portaltela.pt\/#website"},"primaryImageOfPage":{"@id":"https:\/\/portaltela.pt\/noticias\/2026\/04\/02\/biblioteca-joanina-inicia-digitalizacao-macica-de-acervo-de-obras\/#primaryimage"},"image":{"@id":"https:\/\/portaltela.pt\/noticias\/2026\/04\/02\/biblioteca-joanina-inicia-digitalizacao-macica-de-acervo-de-obras\/#primaryimage"},"thumbnailUrl":"https:\/\/portaltela.pt\/s.01k8rhncp4jt1\/2026\/04\/img_1500x1000uu2024-02-21-23-12-16-1578071.jpg","datePublished":"2026-04-02T12:47:16+00:00","author":{"@id":"https:\/\/portaltela.pt\/#\/schema\/person\/c4278d4a6028830caff9ee44b42d32ed"},"breadcrumb":{"@id":"https:\/\/portaltela.pt\/noticias\/2026\/04\/02\/biblioteca-joanina-inicia-digitalizacao-macica-de-acervo-de-obras\/#breadcrumb"},"inLanguage":"pt-PT","potentialAction":[{"@type":"ReadAction","target":["https:\/\/portaltela.pt\/noticias\/2026\/04\/02\/biblioteca-joanina-inicia-digitalizacao-macica-de-acervo-de-obras\/"]}]},{"@type":"ImageObject","inLanguage":"pt-PT","@id":"https:\/\/portaltela.pt\/noticias\/2026\/04\/02\/biblioteca-joanina-inicia-digitalizacao-macica-de-acervo-de-obras\/#primaryimage","url":"https:\/\/portaltela.pt\/s.01k8rhncp4jt1\/2026\/04\/img_1500x1000uu2024-02-21-23-12-16-1578071.jpg","contentUrl":"https:\/\/portaltela.pt\/s.01k8rhncp4jt1\/2026\/04\/img_1500x1000uu2024-02-21-23-12-16-1578071.jpg","width":796,"height":448,"caption":"Biblioteca Joanina"},{"@type":"BreadcrumbList","@id":"https:\/\/portaltela.pt\/noticias\/2026\/04\/02\/biblioteca-joanina-inicia-digitalizacao-macica-de-acervo-de-obras\/#breadcrumb","itemListElement":[{"@type":"ListItem","position":1,"name":"In\u00edcio","item":"https:\/\/portaltela.pt\/"},{"@type":"ListItem","position":2,"name":"Biblioteca Joanina inicia digitaliza\u00e7\u00e3o maci\u00e7a de acervo de obras"}]},{"@type":"WebSite","@id":"https:\/\/portaltela.pt\/#website","url":"https:\/\/portaltela.pt\/","name":"Portal Tela Portugal","description":"","potentialAction":[{"@type":"SearchAction","target":{"@type":"EntryPoint","urlTemplate":"https:\/\/portaltela.pt\/?s={search_term_string}"},"query-input":{"@type":"PropertyValueSpecification","valueRequired":true,"valueName":"search_term_string"}}],"inLanguage":"pt-PT"},{"@type":"Person","@id":"https:\/\/portaltela.pt\/#\/schema\/person\/c4278d4a6028830caff9ee44b42d32ed","name":"Telinha","image":{"@type":"ImageObject","inLanguage":"pt-PT","@id":"https:\/\/portaltela.pt\/s.01k8rhncp4jt1\/2025\/11\/talking-bot-125x125.png","url":"https:\/\/portaltela.pt\/s.01k8rhncp4jt1\/2025\/11\/talking-bot-125x125.png","contentUrl":"https:\/\/portaltela.pt\/s.01k8rhncp4jt1\/2025\/11\/talking-bot-125x125.png","caption":"Telinha"},"sameAs":["https:\/\/portaltela.pt\/"],"url":"https:\/\/portaltela.pt\/por\/367410592786\/"}]}},"_links":{"self":[{"href":"https:\/\/portaltela.pt\/api\/wp\/v2\/posts\/430381","targetHints":{"allow":["GET"]}}],"collection":[{"href":"https:\/\/portaltela.pt\/api\/wp\/v2\/posts"}],"about":[{"href":"https:\/\/portaltela.pt\/api\/wp\/v2\/types\/post"}],"author":[{"embeddable":true,"href":"https:\/\/portaltela.pt\/api\/wp\/v2\/users\/2"}],"replies":[{"embeddable":true,"href":"https:\/\/portaltela.pt\/api\/wp\/v2\/comments?post=430381"}],"version-history":[{"count":0,"href":"https:\/\/portaltela.pt\/api\/wp\/v2\/posts\/430381\/revisions"}],"wp:featuredmedia":[{"embeddable":true,"href":"https:\/\/portaltela.pt\/api\/wp\/v2\/media\/430384"}],"wp:attachment":[{"href":"https:\/\/portaltela.pt\/api\/wp\/v2\/media?parent=430381"}],"wp:term":[{"taxonomy":"category","embeddable":true,"href":"https:\/\/portaltela.pt\/api\/wp\/v2\/categories?post=430381"},{"taxonomy":"post_tag","embeddable":true,"href":"https:\/\/portaltela.pt\/api\/wp\/v2\/tags?post=430381"}],"curies":[{"name":"wp","href":"https:\/\/api.w.org\/{rel}","templated":true}]}}