{"id":430372,"date":"2026-04-02T08:30:00","date_gmt":"2026-04-02T11:30:00","guid":{"rendered":"https:\/\/portaltela.pt\/noticias\/2026\/04\/02\/alguns-deputados-constituintes-deixam-galerias-durante-discurso-de-ventura\/"},"modified":"2026-04-02T08:30:00","modified_gmt":"2026-04-02T11:30:00","slug":"alguns-deputados-constituintes-deixam-galerias-durante-discurso-de-ventura","status":"publish","type":"post","link":"https:\/\/portaltela.pt\/noticias\/politica\/2026\/04\/02\/alguns-deputados-constituintes-deixam-galerias-durante-discurso-de-ventura\/","title":{"rendered":"Alguns deputados constituintes deixam galerias durante discurso de Ventura"},"content":{"rendered":"<p>Durante a cerim\u00f3nia de comemora\u00e7\u00e3o dos 50 anos da Constitui\u00e7\u00e3o, alguns deputados constituintes abandonaram as galerias durante o discurso de Andr\u00e9 Ventura. O incidente ocorreu no \u00e2mbito do evento parlamentar.<\/p>\n<p>A a\u00e7\u00e3o ocorreu em Lisboa, no espa\u00e7o do Parlamento, durante a interven\u00e7\u00e3o do l\u00edder do Chega. N\u00e3o h\u00e1 confirma\u00e7\u00e3o oficial sobre os motivos daqueles que sa\u00edram.<\/p>\n<p>Segundo a organiza\u00e7\u00e3o, n\u00e3o foram apresentadas explica\u00e7\u00f5es p\u00fablicas imediatas pelos deputados envolvidos. O conte\u00fado completo est\u00e1 dispon\u00edvel apenas para subscritores.<\/p>\n","protected":false},"excerpt":{"rendered":"<ul>\n<li>Alguns deputados constituintes abandonaram as galerias durante o discurso de Ventura.<\/li>\n<li>O epis\u00f3dio ocorreu no \u00e2mbito das celebra\u00e7\u00f5es dos cinquenta anos da Constitui\u00e7\u00e3o.<\/li>\n<li>O conte\u00fado completo est\u00e1 dispon\u00edvel apenas para subscritores.<\/li>\n<\/ul>\n","protected":false},"author":2,"featured_media":430376,"comment_status":"closed","ping_status":"closed","sticky":false,"template":"","format":"standard","meta":{"footnotes":""},"categories":[1,5],"tags":[2142,4057,67,981,2832],"class_list":["post-430372","post","type-post","status-publish","format-standard","has-post-thumbnail","hentry","category-noticias","category-politica","tag-chega","tag-constituicao","tag-deputados","tag-lisboa","tag-politica"],"yoast_head":"<!-- This site is optimized with the Yoast SEO plugin v27.2 - https:\/\/yoast.com\/product\/yoast-seo-wordpress\/ -->\n<title>Alguns deputados constituintes deixam galerias durante discurso de Ventura - Portal Tela Portugal<\/title>\n<meta name=\"robots\" content=\"index, follow, max-snippet:-1, max-image-preview:large, max-video-preview:-1\" \/>\n<meta property=\"og:locale\" content=\"pt_PT\" \/>\n<meta property=\"og:type\" content=\"article\" \/>\n<meta property=\"og:title\" content=\"Alguns deputados constituintes deixam galerias durante discurso de Ventura - Portal Tela Portugal\" \/>\n<meta property=\"og:description\" content=\"Alguns deputados constituintes abandonaram as galerias durante o discurso de Ventura. O epis\u00f3dio ocorreu no \u00e2mbito das celebra\u00e7\u00f5es dos cinquenta anos da Constitui\u00e7\u00e3o. O conte\u00fado completo est\u00e1 dispon\u00edvel apenas para subscritores.\" \/>\n<meta property=\"og:url\" content=\"https:\/\/portaltela.pt\/noticias\/2026\/04\/02\/alguns-deputados-constituintes-deixam-galerias-durante-discurso-de-ventura\/\" \/>\n<meta property=\"og:site_name\" content=\"Portal Tela Portugal\" \/>\n<meta property=\"article:published_time\" content=\"2026-04-02T11:30:00+00:00\" \/>\n<meta name=\"author\" content=\"Telinha\" \/>\n<meta name=\"twitter:card\" content=\"summary_large_image\" \/>\n<meta name=\"twitter:label1\" content=\"Escrito por\" \/>\n\t<meta name=\"twitter:data1\" content=\"Telinha\" \/>\n<script type=\"application\/ld+json\" class=\"yoast-schema-graph\">{\"@context\":\"https:\/\/schema.org\",\"@graph\":[{\"@type\":\"Article\",\"@id\":\"https:\/\/portaltela.pt\/noticias\/2026\/04\/02\/alguns-deputados-constituintes-deixam-galerias-durante-discurso-de-ventura\/#article\",\"isPartOf\":{\"@id\":\"https:\/\/portaltela.pt\/noticias\/2026\/04\/02\/alguns-deputados-constituintes-deixam-galerias-durante-discurso-de-ventura\/\"},\"author\":{\"name\":\"Telinha\",\"@id\":\"https:\/\/portaltela.pt\/#\/schema\/person\/c4278d4a6028830caff9ee44b42d32ed\"},\"headline\":\"Alguns deputados constituintes deixam galerias durante discurso de Ventura\",\"datePublished\":\"2026-04-02T11:30:00+00:00\",\"mainEntityOfPage\":{\"@id\":\"https:\/\/portaltela.pt\/noticias\/2026\/04\/02\/alguns-deputados-constituintes-deixam-galerias-durante-discurso-de-ventura\/\"},\"wordCount\":100,\"image\":{\"@id\":\"https:\/\/portaltela.pt\/noticias\/2026\/04\/02\/alguns-deputados-constituintes-deixam-galerias-durante-discurso-de-ventura\/#primaryimage\"},\"thumbnailUrl\":\"https:\/\/portaltela.pt\/s.01k8rhncp4jt1\/2026\/04\/CACHE_780X1200_ANALOG_WATERMARKED_46867162_4218957_02042026112633.jpg\",\"keywords\":[\"CHEGA\",\"constitui\u00e7\u00e3o\",\"deputados\",\"Lisboa\",\"pol\u00edtica\"],\"articleSection\":[\"Not\u00edcias\",\"Pol\u00edtica\"],\"inLanguage\":\"pt-PT\"},{\"@type\":\"WebPage\",\"@id\":\"https:\/\/portaltela.pt\/noticias\/2026\/04\/02\/alguns-deputados-constituintes-deixam-galerias-durante-discurso-de-ventura\/\",\"url\":\"https:\/\/portaltela.pt\/noticias\/2026\/04\/02\/alguns-deputados-constituintes-deixam-galerias-durante-discurso-de-ventura\/\",\"name\":\"Alguns deputados constituintes deixam galerias durante discurso de Ventura - Portal Tela Portugal\",\"isPartOf\":{\"@id\":\"https:\/\/portaltela.pt\/#website\"},\"primaryImageOfPage\":{\"@id\":\"https:\/\/portaltela.pt\/noticias\/2026\/04\/02\/alguns-deputados-constituintes-deixam-galerias-durante-discurso-de-ventura\/#primaryimage\"},\"image\":{\"@id\":\"https:\/\/portaltela.pt\/noticias\/2026\/04\/02\/alguns-deputados-constituintes-deixam-galerias-durante-discurso-de-ventura\/#primaryimage\"},\"thumbnailUrl\":\"https:\/\/portaltela.pt\/s.01k8rhncp4jt1\/2026\/04\/CACHE_780X1200_ANALOG_WATERMARKED_46867162_4218957_02042026112633.jpg\",\"datePublished\":\"2026-04-02T11:30:00+00:00\",\"author\":{\"@id\":\"https:\/\/portaltela.pt\/#\/schema\/person\/c4278d4a6028830caff9ee44b42d32ed\"},\"breadcrumb\":{\"@id\":\"https:\/\/portaltela.pt\/noticias\/2026\/04\/02\/alguns-deputados-constituintes-deixam-galerias-durante-discurso-de-ventura\/#breadcrumb\"},\"inLanguage\":\"pt-PT\",\"potentialAction\":[{\"@type\":\"ReadAction\",\"target\":[\"https:\/\/portaltela.pt\/noticias\/2026\/04\/02\/alguns-deputados-constituintes-deixam-galerias-durante-discurso-de-ventura\/\"]}]},{\"@type\":\"ImageObject\",\"inLanguage\":\"pt-PT\",\"@id\":\"https:\/\/portaltela.pt\/noticias\/2026\/04\/02\/alguns-deputados-constituintes-deixam-galerias-durante-discurso-de-ventura\/#primaryimage\",\"url\":\"https:\/\/portaltela.pt\/s.01k8rhncp4jt1\/2026\/04\/CACHE_780X1200_ANALOG_WATERMARKED_46867162_4218957_02042026112633.jpg\",\"contentUrl\":\"https:\/\/portaltela.pt\/s.01k8rhncp4jt1\/2026\/04\/CACHE_780X1200_ANALOG_WATERMARKED_46867162_4218957_02042026112633.jpg\",\"width\":796,\"height\":448,\"caption\":\"Constitui\u00e7\u00e3o\/50 anos: Alguns deputados constituintes abandonam galerias durante discurso de Ventura\"},{\"@type\":\"BreadcrumbList\",\"@id\":\"https:\/\/portaltela.pt\/noticias\/2026\/04\/02\/alguns-deputados-constituintes-deixam-galerias-durante-discurso-de-ventura\/#breadcrumb\",\"itemListElement\":[{\"@type\":\"ListItem\",\"position\":1,\"name\":\"In\u00edcio\",\"item\":\"https:\/\/portaltela.pt\/\"},{\"@type\":\"ListItem\",\"position\":2,\"name\":\"Alguns deputados constituintes deixam galerias durante discurso de Ventura\"}]},{\"@type\":\"WebSite\",\"@id\":\"https:\/\/portaltela.pt\/#website\",\"url\":\"https:\/\/portaltela.pt\/\",\"name\":\"Portal Tela Portugal\",\"description\":\"\",\"potentialAction\":[{\"@type\":\"SearchAction\",\"target\":{\"@type\":\"EntryPoint\",\"urlTemplate\":\"https:\/\/portaltela.pt\/?s={search_term_string}\"},\"query-input\":{\"@type\":\"PropertyValueSpecification\",\"valueRequired\":true,\"valueName\":\"search_term_string\"}}],\"inLanguage\":\"pt-PT\"},{\"@type\":\"Person\",\"@id\":\"https:\/\/portaltela.pt\/#\/schema\/person\/c4278d4a6028830caff9ee44b42d32ed\",\"name\":\"Telinha\",\"image\":{\"@type\":\"ImageObject\",\"inLanguage\":\"pt-PT\",\"@id\":\"https:\/\/portaltela.pt\/s.01k8rhncp4jt1\/2025\/11\/talking-bot-125x125.png\",\"url\":\"https:\/\/portaltela.pt\/s.01k8rhncp4jt1\/2025\/11\/talking-bot-125x125.png\",\"contentUrl\":\"https:\/\/portaltela.pt\/s.01k8rhncp4jt1\/2025\/11\/talking-bot-125x125.png\",\"caption\":\"Telinha\"},\"sameAs\":[\"https:\/\/portaltela.pt\/\"],\"url\":\"https:\/\/portaltela.pt\/por\/367410592786\/\"}]}<\/script>\n<!-- \/ Yoast SEO plugin. -->","yoast_head_json":{"title":"Alguns deputados constituintes deixam galerias durante discurso de Ventura - Portal Tela Portugal","robots":{"index":"index","follow":"follow","max-snippet":"max-snippet:-1","max-image-preview":"max-image-preview:large","max-video-preview":"max-video-preview:-1"},"og_locale":"pt_PT","og_type":"article","og_title":"Alguns deputados constituintes deixam galerias durante discurso de Ventura - Portal Tela Portugal","og_description":"Alguns deputados constituintes abandonaram as galerias durante o discurso de Ventura. O epis\u00f3dio ocorreu no \u00e2mbito das celebra\u00e7\u00f5es dos cinquenta anos da Constitui\u00e7\u00e3o. O conte\u00fado completo est\u00e1 dispon\u00edvel apenas para subscritores.","og_url":"https:\/\/portaltela.pt\/noticias\/2026\/04\/02\/alguns-deputados-constituintes-deixam-galerias-durante-discurso-de-ventura\/","og_site_name":"Portal Tela Portugal","article_published_time":"2026-04-02T11:30:00+00:00","author":"Telinha","twitter_card":"summary_large_image","twitter_misc":{"Escrito por":"Telinha"},"schema":{"@context":"https:\/\/schema.org","@graph":[{"@type":"Article","@id":"https:\/\/portaltela.pt\/noticias\/2026\/04\/02\/alguns-deputados-constituintes-deixam-galerias-durante-discurso-de-ventura\/#article","isPartOf":{"@id":"https:\/\/portaltela.pt\/noticias\/2026\/04\/02\/alguns-deputados-constituintes-deixam-galerias-durante-discurso-de-ventura\/"},"author":{"name":"Telinha","@id":"https:\/\/portaltela.pt\/#\/schema\/person\/c4278d4a6028830caff9ee44b42d32ed"},"headline":"Alguns deputados constituintes deixam galerias durante discurso de Ventura","datePublished":"2026-04-02T11:30:00+00:00","mainEntityOfPage":{"@id":"https:\/\/portaltela.pt\/noticias\/2026\/04\/02\/alguns-deputados-constituintes-deixam-galerias-durante-discurso-de-ventura\/"},"wordCount":100,"image":{"@id":"https:\/\/portaltela.pt\/noticias\/2026\/04\/02\/alguns-deputados-constituintes-deixam-galerias-durante-discurso-de-ventura\/#primaryimage"},"thumbnailUrl":"https:\/\/portaltela.pt\/s.01k8rhncp4jt1\/2026\/04\/CACHE_780X1200_ANALOG_WATERMARKED_46867162_4218957_02042026112633.jpg","keywords":["CHEGA","constitui\u00e7\u00e3o","deputados","Lisboa","pol\u00edtica"],"articleSection":["Not\u00edcias","Pol\u00edtica"],"inLanguage":"pt-PT"},{"@type":"WebPage","@id":"https:\/\/portaltela.pt\/noticias\/2026\/04\/02\/alguns-deputados-constituintes-deixam-galerias-durante-discurso-de-ventura\/","url":"https:\/\/portaltela.pt\/noticias\/2026\/04\/02\/alguns-deputados-constituintes-deixam-galerias-durante-discurso-de-ventura\/","name":"Alguns deputados constituintes deixam galerias durante discurso de Ventura - Portal Tela Portugal","isPartOf":{"@id":"https:\/\/portaltela.pt\/#website"},"primaryImageOfPage":{"@id":"https:\/\/portaltela.pt\/noticias\/2026\/04\/02\/alguns-deputados-constituintes-deixam-galerias-durante-discurso-de-ventura\/#primaryimage"},"image":{"@id":"https:\/\/portaltela.pt\/noticias\/2026\/04\/02\/alguns-deputados-constituintes-deixam-galerias-durante-discurso-de-ventura\/#primaryimage"},"thumbnailUrl":"https:\/\/portaltela.pt\/s.01k8rhncp4jt1\/2026\/04\/CACHE_780X1200_ANALOG_WATERMARKED_46867162_4218957_02042026112633.jpg","datePublished":"2026-04-02T11:30:00+00:00","author":{"@id":"https:\/\/portaltela.pt\/#\/schema\/person\/c4278d4a6028830caff9ee44b42d32ed"},"breadcrumb":{"@id":"https:\/\/portaltela.pt\/noticias\/2026\/04\/02\/alguns-deputados-constituintes-deixam-galerias-durante-discurso-de-ventura\/#breadcrumb"},"inLanguage":"pt-PT","potentialAction":[{"@type":"ReadAction","target":["https:\/\/portaltela.pt\/noticias\/2026\/04\/02\/alguns-deputados-constituintes-deixam-galerias-durante-discurso-de-ventura\/"]}]},{"@type":"ImageObject","inLanguage":"pt-PT","@id":"https:\/\/portaltela.pt\/noticias\/2026\/04\/02\/alguns-deputados-constituintes-deixam-galerias-durante-discurso-de-ventura\/#primaryimage","url":"https:\/\/portaltela.pt\/s.01k8rhncp4jt1\/2026\/04\/CACHE_780X1200_ANALOG_WATERMARKED_46867162_4218957_02042026112633.jpg","contentUrl":"https:\/\/portaltela.pt\/s.01k8rhncp4jt1\/2026\/04\/CACHE_780X1200_ANALOG_WATERMARKED_46867162_4218957_02042026112633.jpg","width":796,"height":448,"caption":"Constitui\u00e7\u00e3o\/50 anos: Alguns deputados constituintes abandonam galerias durante discurso de Ventura"},{"@type":"BreadcrumbList","@id":"https:\/\/portaltela.pt\/noticias\/2026\/04\/02\/alguns-deputados-constituintes-deixam-galerias-durante-discurso-de-ventura\/#breadcrumb","itemListElement":[{"@type":"ListItem","position":1,"name":"In\u00edcio","item":"https:\/\/portaltela.pt\/"},{"@type":"ListItem","position":2,"name":"Alguns deputados constituintes deixam galerias durante discurso de Ventura"}]},{"@type":"WebSite","@id":"https:\/\/portaltela.pt\/#website","url":"https:\/\/portaltela.pt\/","name":"Portal Tela Portugal","description":"","potentialAction":[{"@type":"SearchAction","target":{"@type":"EntryPoint","urlTemplate":"https:\/\/portaltela.pt\/?s={search_term_string}"},"query-input":{"@type":"PropertyValueSpecification","valueRequired":true,"valueName":"search_term_string"}}],"inLanguage":"pt-PT"},{"@type":"Person","@id":"https:\/\/portaltela.pt\/#\/schema\/person\/c4278d4a6028830caff9ee44b42d32ed","name":"Telinha","image":{"@type":"ImageObject","inLanguage":"pt-PT","@id":"https:\/\/portaltela.pt\/s.01k8rhncp4jt1\/2025\/11\/talking-bot-125x125.png","url":"https:\/\/portaltela.pt\/s.01k8rhncp4jt1\/2025\/11\/talking-bot-125x125.png","contentUrl":"https:\/\/portaltela.pt\/s.01k8rhncp4jt1\/2025\/11\/talking-bot-125x125.png","caption":"Telinha"},"sameAs":["https:\/\/portaltela.pt\/"],"url":"https:\/\/portaltela.pt\/por\/367410592786\/"}]}},"_links":{"self":[{"href":"https:\/\/portaltela.pt\/api\/wp\/v2\/posts\/430372","targetHints":{"allow":["GET"]}}],"collection":[{"href":"https:\/\/portaltela.pt\/api\/wp\/v2\/posts"}],"about":[{"href":"https:\/\/portaltela.pt\/api\/wp\/v2\/types\/post"}],"author":[{"embeddable":true,"href":"https:\/\/portaltela.pt\/api\/wp\/v2\/users\/2"}],"replies":[{"embeddable":true,"href":"https:\/\/portaltela.pt\/api\/wp\/v2\/comments?post=430372"}],"version-history":[{"count":0,"href":"https:\/\/portaltela.pt\/api\/wp\/v2\/posts\/430372\/revisions"}],"wp:featuredmedia":[{"embeddable":true,"href":"https:\/\/portaltela.pt\/api\/wp\/v2\/media\/430376"}],"wp:attachment":[{"href":"https:\/\/portaltela.pt\/api\/wp\/v2\/media?parent=430372"}],"wp:term":[{"taxonomy":"category","embeddable":true,"href":"https:\/\/portaltela.pt\/api\/wp\/v2\/categories?post=430372"},{"taxonomy":"post_tag","embeddable":true,"href":"https:\/\/portaltela.pt\/api\/wp\/v2\/tags?post=430372"}],"curies":[{"name":"wp","href":"https:\/\/api.w.org\/{rel}","templated":true}]}}