{"id":430360,"date":"2026-04-02T09:32:19","date_gmt":"2026-04-02T12:32:19","guid":{"rendered":"https:\/\/portaltela.pt\/noticias\/2026\/04\/02\/ponte-que-liga-duas-regioes-de-italia-colapsa-imagens-impressionantes\/"},"modified":"2026-04-02T09:32:19","modified_gmt":"2026-04-02T12:32:19","slug":"ponte-que-liga-duas-regioes-de-italia-colapsa-imagens-impressionantes","status":"publish","type":"post","link":"https:\/\/portaltela.pt\/acidentes\/2026\/04\/02\/ponte-que-liga-duas-regioes-de-italia-colapsa-imagens-impressionantes\/","title":{"rendered":"Ponte que liga duas regi\u00f5es de It\u00e1lia colapsa, imagens impressionantes"},"content":{"rendered":"<p>A ponte sobre o rio Trigno, no sul de It\u00e1lia, caiu esta quinta-feira depois de v\u00e1rios dias de chuvas intensas. A estrutura que ligava duas regi\u00f5es ficou destru\u00edda, interrompendo a circula\u00e7\u00e3o na \u00e1rea.<\/p>\n<p>Segundo as autoridades locais, o colapso ocorreu durante o dia, quando as chuvas se intensificaram e agravaram o estado da infraestrutura. N\u00e3o h\u00e1 ainda informa\u00e7\u00f5es oficiais sobre feridos ou danos espec\u00edficos nas \u00e1reas cont\u00edguas.<\/p>\n<p>Equipes de emerg\u00eancia foram enviadas ao local para avaliar os danos e garantir a seguran\u00e7a da zona. A circula\u00e7\u00e3o dever\u00e1 permanecer interrompida at\u00e9 um avalia\u00e7\u00e3o t\u00e9cnica detalhada e obras de estabiliza\u00e7\u00e3o serem conclu\u00eddas.<\/p>\n<h3>Desdobramentos<\/h3>\n<p>Fontes oficiais indicam que ser\u00e1 realizada uma avalia\u00e7\u00e3o para determinar as causas exatas do colapso e o estado de conserva\u00e7\u00e3o de pontes semelhantes na regi\u00e3o. N\u00e3o foram avan\u00e7adas previs\u00f5es sobre prazos para reabertura.<\/p>\n","protected":false},"excerpt":{"rendered":"<ul>\n<li>A ponte que liga duas regi\u00f5es de It\u00e1lia, sobre o rio Trigno, colapsou nesta quinta-feira.<\/li>\n<li>O colapso ocorreu ap\u00f3s v\u00e1rios dias de chuvas intensas.<\/li>\n<li>As imagens publicadas mostram o colapso da estrutura.<\/li>\n<li>O texto n\u00e3o fornece detalhes sobre feridos ou danos adicionais.<\/li>\n<li>A not\u00edcia confirma o efeito do mal tempo na infraestrutura da regi\u00e3o.<\/li>\n<\/ul>\n","protected":false},"author":2,"featured_media":430365,"comment_status":"closed","ping_status":"closed","sticky":false,"template":"","format":"standard","meta":{"footnotes":""},"categories":[6849],"tags":[5329,5956,1935,1615,1857,6275],"class_list":["post-430360","post","type-post","status-publish","format-standard","has-post-thumbnail","hentry","category-acidentes","tag-chuva","tag-desabamento","tag-emergencias","tag-infraestrutura","tag-italia","tag-pontes"],"yoast_head":"<!-- This site is optimized with the Yoast SEO plugin v27.2 - https:\/\/yoast.com\/product\/yoast-seo-wordpress\/ -->\n<title>Ponte que liga duas regi\u00f5es de It\u00e1lia colapsa, imagens impressionantes - Portal Tela Portugal<\/title>\n<meta name=\"robots\" content=\"index, follow, max-snippet:-1, max-image-preview:large, max-video-preview:-1\" \/>\n<meta property=\"og:locale\" content=\"pt_PT\" \/>\n<meta property=\"og:type\" content=\"article\" \/>\n<meta property=\"og:title\" content=\"Ponte que liga duas regi\u00f5es de It\u00e1lia colapsa, imagens impressionantes - Portal Tela Portugal\" \/>\n<meta property=\"og:description\" content=\"A ponte que liga duas regi\u00f5es de It\u00e1lia, sobre o rio Trigno, colapsou nesta quinta-feira. O colapso ocorreu ap\u00f3s v\u00e1rios dias de chuvas intensas. As imagens publicadas mostram o colapso da estrutura. O texto n\u00e3o fornece detalhes sobre feridos ou danos adicionais. A not\u00edcia confirma o efeito do mal tempo na infraestrutura da regi\u00e3o.\" \/>\n<meta property=\"og:url\" content=\"https:\/\/portaltela.pt\/noticias\/2026\/04\/02\/ponte-que-liga-duas-regioes-de-italia-colapsa-imagens-impressionantes\/\" \/>\n<meta property=\"og:site_name\" content=\"Portal Tela Portugal\" \/>\n<meta property=\"article:published_time\" content=\"2026-04-02T12:32:19+00:00\" \/>\n<meta name=\"author\" content=\"Telinha\" \/>\n<meta name=\"twitter:card\" content=\"summary_large_image\" \/>\n<meta name=\"twitter:label1\" content=\"Escrito por\" \/>\n\t<meta name=\"twitter:data1\" content=\"Telinha\" \/>\n\t<meta name=\"twitter:label2\" content=\"Tempo estimado de leitura\" \/>\n\t<meta name=\"twitter:data2\" content=\"1 minuto\" \/>\n<script type=\"application\/ld+json\" class=\"yoast-schema-graph\">{\"@context\":\"https:\/\/schema.org\",\"@graph\":[{\"@type\":\"Article\",\"@id\":\"https:\/\/portaltela.pt\/noticias\/2026\/04\/02\/ponte-que-liga-duas-regioes-de-italia-colapsa-imagens-impressionantes\/#article\",\"isPartOf\":{\"@id\":\"https:\/\/portaltela.pt\/noticias\/2026\/04\/02\/ponte-que-liga-duas-regioes-de-italia-colapsa-imagens-impressionantes\/\"},\"author\":{\"name\":\"Telinha\",\"@id\":\"https:\/\/portaltela.pt\/#\/schema\/person\/c4278d4a6028830caff9ee44b42d32ed\"},\"headline\":\"Ponte que liga duas regi\u00f5es de It\u00e1lia colapsa, imagens impressionantes\",\"datePublished\":\"2026-04-02T12:32:19+00:00\",\"mainEntityOfPage\":{\"@id\":\"https:\/\/portaltela.pt\/noticias\/2026\/04\/02\/ponte-que-liga-duas-regioes-de-italia-colapsa-imagens-impressionantes\/\"},\"wordCount\":168,\"image\":{\"@id\":\"https:\/\/portaltela.pt\/noticias\/2026\/04\/02\/ponte-que-liga-duas-regioes-de-italia-colapsa-imagens-impressionantes\/#primaryimage\"},\"thumbnailUrl\":\"https:\/\/portaltela.pt\/s.01k8rhncp4jt1\/2026\/04\/img_1280x722uu2026-04-02-13-23-25-2276243.jpg\",\"keywords\":[\"chuva\",\"desabamento\",\"emerg\u00eancias\",\"infraestrutura\",\"It\u00e1lia\",\"pontes\"],\"articleSection\":[\"Acidentes\"],\"inLanguage\":\"pt-PT\"},{\"@type\":\"WebPage\",\"@id\":\"https:\/\/portaltela.pt\/noticias\/2026\/04\/02\/ponte-que-liga-duas-regioes-de-italia-colapsa-imagens-impressionantes\/\",\"url\":\"https:\/\/portaltela.pt\/noticias\/2026\/04\/02\/ponte-que-liga-duas-regioes-de-italia-colapsa-imagens-impressionantes\/\",\"name\":\"Ponte que liga duas regi\u00f5es de It\u00e1lia colapsa, imagens impressionantes - Portal Tela Portugal\",\"isPartOf\":{\"@id\":\"https:\/\/portaltela.pt\/#website\"},\"primaryImageOfPage\":{\"@id\":\"https:\/\/portaltela.pt\/noticias\/2026\/04\/02\/ponte-que-liga-duas-regioes-de-italia-colapsa-imagens-impressionantes\/#primaryimage\"},\"image\":{\"@id\":\"https:\/\/portaltela.pt\/noticias\/2026\/04\/02\/ponte-que-liga-duas-regioes-de-italia-colapsa-imagens-impressionantes\/#primaryimage\"},\"thumbnailUrl\":\"https:\/\/portaltela.pt\/s.01k8rhncp4jt1\/2026\/04\/img_1280x722uu2026-04-02-13-23-25-2276243.jpg\",\"datePublished\":\"2026-04-02T12:32:19+00:00\",\"author\":{\"@id\":\"https:\/\/portaltela.pt\/#\/schema\/person\/c4278d4a6028830caff9ee44b42d32ed\"},\"breadcrumb\":{\"@id\":\"https:\/\/portaltela.pt\/noticias\/2026\/04\/02\/ponte-que-liga-duas-regioes-de-italia-colapsa-imagens-impressionantes\/#breadcrumb\"},\"inLanguage\":\"pt-PT\",\"potentialAction\":[{\"@type\":\"ReadAction\",\"target\":[\"https:\/\/portaltela.pt\/noticias\/2026\/04\/02\/ponte-que-liga-duas-regioes-de-italia-colapsa-imagens-impressionantes\/\"]}]},{\"@type\":\"ImageObject\",\"inLanguage\":\"pt-PT\",\"@id\":\"https:\/\/portaltela.pt\/noticias\/2026\/04\/02\/ponte-que-liga-duas-regioes-de-italia-colapsa-imagens-impressionantes\/#primaryimage\",\"url\":\"https:\/\/portaltela.pt\/s.01k8rhncp4jt1\/2026\/04\/img_1280x722uu2026-04-02-13-23-25-2276243.jpg\",\"contentUrl\":\"https:\/\/portaltela.pt\/s.01k8rhncp4jt1\/2026\/04\/img_1280x722uu2026-04-02-13-23-25-2276243.jpg\",\"width\":796,\"height\":448,\"caption\":\"Photo\"},{\"@type\":\"BreadcrumbList\",\"@id\":\"https:\/\/portaltela.pt\/noticias\/2026\/04\/02\/ponte-que-liga-duas-regioes-de-italia-colapsa-imagens-impressionantes\/#breadcrumb\",\"itemListElement\":[{\"@type\":\"ListItem\",\"position\":1,\"name\":\"In\u00edcio\",\"item\":\"https:\/\/portaltela.pt\/\"},{\"@type\":\"ListItem\",\"position\":2,\"name\":\"Ponte que liga duas regi\u00f5es de It\u00e1lia colapsa, imagens impressionantes\"}]},{\"@type\":\"WebSite\",\"@id\":\"https:\/\/portaltela.pt\/#website\",\"url\":\"https:\/\/portaltela.pt\/\",\"name\":\"Portal Tela Portugal\",\"description\":\"\",\"potentialAction\":[{\"@type\":\"SearchAction\",\"target\":{\"@type\":\"EntryPoint\",\"urlTemplate\":\"https:\/\/portaltela.pt\/?s={search_term_string}\"},\"query-input\":{\"@type\":\"PropertyValueSpecification\",\"valueRequired\":true,\"valueName\":\"search_term_string\"}}],\"inLanguage\":\"pt-PT\"},{\"@type\":\"Person\",\"@id\":\"https:\/\/portaltela.pt\/#\/schema\/person\/c4278d4a6028830caff9ee44b42d32ed\",\"name\":\"Telinha\",\"image\":{\"@type\":\"ImageObject\",\"inLanguage\":\"pt-PT\",\"@id\":\"https:\/\/portaltela.pt\/s.01k8rhncp4jt1\/2025\/11\/talking-bot-125x125.png\",\"url\":\"https:\/\/portaltela.pt\/s.01k8rhncp4jt1\/2025\/11\/talking-bot-125x125.png\",\"contentUrl\":\"https:\/\/portaltela.pt\/s.01k8rhncp4jt1\/2025\/11\/talking-bot-125x125.png\",\"caption\":\"Telinha\"},\"sameAs\":[\"https:\/\/portaltela.pt\/\"],\"url\":\"https:\/\/portaltela.pt\/por\/367410592786\/\"}]}<\/script>\n<!-- \/ Yoast SEO plugin. -->","yoast_head_json":{"title":"Ponte que liga duas regi\u00f5es de It\u00e1lia colapsa, imagens impressionantes - Portal Tela Portugal","robots":{"index":"index","follow":"follow","max-snippet":"max-snippet:-1","max-image-preview":"max-image-preview:large","max-video-preview":"max-video-preview:-1"},"og_locale":"pt_PT","og_type":"article","og_title":"Ponte que liga duas regi\u00f5es de It\u00e1lia colapsa, imagens impressionantes - Portal Tela Portugal","og_description":"A ponte que liga duas regi\u00f5es de It\u00e1lia, sobre o rio Trigno, colapsou nesta quinta-feira. O colapso ocorreu ap\u00f3s v\u00e1rios dias de chuvas intensas. As imagens publicadas mostram o colapso da estrutura. O texto n\u00e3o fornece detalhes sobre feridos ou danos adicionais. A not\u00edcia confirma o efeito do mal tempo na infraestrutura da regi\u00e3o.","og_url":"https:\/\/portaltela.pt\/noticias\/2026\/04\/02\/ponte-que-liga-duas-regioes-de-italia-colapsa-imagens-impressionantes\/","og_site_name":"Portal Tela Portugal","article_published_time":"2026-04-02T12:32:19+00:00","author":"Telinha","twitter_card":"summary_large_image","twitter_misc":{"Escrito por":"Telinha","Tempo estimado de leitura":"1 minuto"},"schema":{"@context":"https:\/\/schema.org","@graph":[{"@type":"Article","@id":"https:\/\/portaltela.pt\/noticias\/2026\/04\/02\/ponte-que-liga-duas-regioes-de-italia-colapsa-imagens-impressionantes\/#article","isPartOf":{"@id":"https:\/\/portaltela.pt\/noticias\/2026\/04\/02\/ponte-que-liga-duas-regioes-de-italia-colapsa-imagens-impressionantes\/"},"author":{"name":"Telinha","@id":"https:\/\/portaltela.pt\/#\/schema\/person\/c4278d4a6028830caff9ee44b42d32ed"},"headline":"Ponte que liga duas regi\u00f5es de It\u00e1lia colapsa, imagens impressionantes","datePublished":"2026-04-02T12:32:19+00:00","mainEntityOfPage":{"@id":"https:\/\/portaltela.pt\/noticias\/2026\/04\/02\/ponte-que-liga-duas-regioes-de-italia-colapsa-imagens-impressionantes\/"},"wordCount":168,"image":{"@id":"https:\/\/portaltela.pt\/noticias\/2026\/04\/02\/ponte-que-liga-duas-regioes-de-italia-colapsa-imagens-impressionantes\/#primaryimage"},"thumbnailUrl":"https:\/\/portaltela.pt\/s.01k8rhncp4jt1\/2026\/04\/img_1280x722uu2026-04-02-13-23-25-2276243.jpg","keywords":["chuva","desabamento","emerg\u00eancias","infraestrutura","It\u00e1lia","pontes"],"articleSection":["Acidentes"],"inLanguage":"pt-PT"},{"@type":"WebPage","@id":"https:\/\/portaltela.pt\/noticias\/2026\/04\/02\/ponte-que-liga-duas-regioes-de-italia-colapsa-imagens-impressionantes\/","url":"https:\/\/portaltela.pt\/noticias\/2026\/04\/02\/ponte-que-liga-duas-regioes-de-italia-colapsa-imagens-impressionantes\/","name":"Ponte que liga duas regi\u00f5es de It\u00e1lia colapsa, imagens impressionantes - Portal Tela Portugal","isPartOf":{"@id":"https:\/\/portaltela.pt\/#website"},"primaryImageOfPage":{"@id":"https:\/\/portaltela.pt\/noticias\/2026\/04\/02\/ponte-que-liga-duas-regioes-de-italia-colapsa-imagens-impressionantes\/#primaryimage"},"image":{"@id":"https:\/\/portaltela.pt\/noticias\/2026\/04\/02\/ponte-que-liga-duas-regioes-de-italia-colapsa-imagens-impressionantes\/#primaryimage"},"thumbnailUrl":"https:\/\/portaltela.pt\/s.01k8rhncp4jt1\/2026\/04\/img_1280x722uu2026-04-02-13-23-25-2276243.jpg","datePublished":"2026-04-02T12:32:19+00:00","author":{"@id":"https:\/\/portaltela.pt\/#\/schema\/person\/c4278d4a6028830caff9ee44b42d32ed"},"breadcrumb":{"@id":"https:\/\/portaltela.pt\/noticias\/2026\/04\/02\/ponte-que-liga-duas-regioes-de-italia-colapsa-imagens-impressionantes\/#breadcrumb"},"inLanguage":"pt-PT","potentialAction":[{"@type":"ReadAction","target":["https:\/\/portaltela.pt\/noticias\/2026\/04\/02\/ponte-que-liga-duas-regioes-de-italia-colapsa-imagens-impressionantes\/"]}]},{"@type":"ImageObject","inLanguage":"pt-PT","@id":"https:\/\/portaltela.pt\/noticias\/2026\/04\/02\/ponte-que-liga-duas-regioes-de-italia-colapsa-imagens-impressionantes\/#primaryimage","url":"https:\/\/portaltela.pt\/s.01k8rhncp4jt1\/2026\/04\/img_1280x722uu2026-04-02-13-23-25-2276243.jpg","contentUrl":"https:\/\/portaltela.pt\/s.01k8rhncp4jt1\/2026\/04\/img_1280x722uu2026-04-02-13-23-25-2276243.jpg","width":796,"height":448,"caption":"Photo"},{"@type":"BreadcrumbList","@id":"https:\/\/portaltela.pt\/noticias\/2026\/04\/02\/ponte-que-liga-duas-regioes-de-italia-colapsa-imagens-impressionantes\/#breadcrumb","itemListElement":[{"@type":"ListItem","position":1,"name":"In\u00edcio","item":"https:\/\/portaltela.pt\/"},{"@type":"ListItem","position":2,"name":"Ponte que liga duas regi\u00f5es de It\u00e1lia colapsa, imagens impressionantes"}]},{"@type":"WebSite","@id":"https:\/\/portaltela.pt\/#website","url":"https:\/\/portaltela.pt\/","name":"Portal Tela Portugal","description":"","potentialAction":[{"@type":"SearchAction","target":{"@type":"EntryPoint","urlTemplate":"https:\/\/portaltela.pt\/?s={search_term_string}"},"query-input":{"@type":"PropertyValueSpecification","valueRequired":true,"valueName":"search_term_string"}}],"inLanguage":"pt-PT"},{"@type":"Person","@id":"https:\/\/portaltela.pt\/#\/schema\/person\/c4278d4a6028830caff9ee44b42d32ed","name":"Telinha","image":{"@type":"ImageObject","inLanguage":"pt-PT","@id":"https:\/\/portaltela.pt\/s.01k8rhncp4jt1\/2025\/11\/talking-bot-125x125.png","url":"https:\/\/portaltela.pt\/s.01k8rhncp4jt1\/2025\/11\/talking-bot-125x125.png","contentUrl":"https:\/\/portaltela.pt\/s.01k8rhncp4jt1\/2025\/11\/talking-bot-125x125.png","caption":"Telinha"},"sameAs":["https:\/\/portaltela.pt\/"],"url":"https:\/\/portaltela.pt\/por\/367410592786\/"}]}},"_links":{"self":[{"href":"https:\/\/portaltela.pt\/api\/wp\/v2\/posts\/430360","targetHints":{"allow":["GET"]}}],"collection":[{"href":"https:\/\/portaltela.pt\/api\/wp\/v2\/posts"}],"about":[{"href":"https:\/\/portaltela.pt\/api\/wp\/v2\/types\/post"}],"author":[{"embeddable":true,"href":"https:\/\/portaltela.pt\/api\/wp\/v2\/users\/2"}],"replies":[{"embeddable":true,"href":"https:\/\/portaltela.pt\/api\/wp\/v2\/comments?post=430360"}],"version-history":[{"count":0,"href":"https:\/\/portaltela.pt\/api\/wp\/v2\/posts\/430360\/revisions"}],"wp:featuredmedia":[{"embeddable":true,"href":"https:\/\/portaltela.pt\/api\/wp\/v2\/media\/430365"}],"wp:attachment":[{"href":"https:\/\/portaltela.pt\/api\/wp\/v2\/media?parent=430360"}],"wp:term":[{"taxonomy":"category","embeddable":true,"href":"https:\/\/portaltela.pt\/api\/wp\/v2\/categories?post=430360"},{"taxonomy":"post_tag","embeddable":true,"href":"https:\/\/portaltela.pt\/api\/wp\/v2\/tags?post=430360"}],"curies":[{"name":"wp","href":"https:\/\/api.w.org\/{rel}","templated":true}]}}