{"id":430278,"date":"2026-04-02T08:32:23","date_gmt":"2026-04-02T11:32:23","guid":{"rendered":"https:\/\/portaltela.pt\/noticias\/2026\/04\/02\/irao-unesco-alerta-para-destruicao-de-patrimonio-cultural-inestimavel\/"},"modified":"2026-04-02T08:32:23","modified_gmt":"2026-04-02T11:32:23","slug":"irao-unesco-alerta-para-destruicao-de-patrimonio-cultural-inestimavel","status":"publish","type":"post","link":"https:\/\/portaltela.pt\/noticias\/2026\/04\/02\/irao-unesco-alerta-para-destruicao-de-patrimonio-cultural-inestimavel\/","title":{"rendered":"Ir\u00e3o: UNESCO alerta para destrui\u00e7\u00e3o de patrim\u00f3nio cultural inestim\u00e1vel"},"content":{"rendered":"<p>A UNESCO emitiu um novo alerta sobre o patrim\u00f3nio cultural no Ir\u00e3o, na sequ\u00eancia da intensifica\u00e7\u00e3o da guerra no M\u00e9dio Oriente. De acordo com a ag\u00eancia das Na\u00e7\u00f5es Unidas, v\u00e1rios s\u00edtios culturais correm risco de destrui\u00e7\u00e3o devido ao conflito entre for\u00e7as regionais. A abordagem visa salvaguardar bens valiosos e a base social das sociedades afetadas.<\/p>\n<p>Numa reuni\u00e3o entre a UNESCO e a Dire\u00e7\u00e3o-Geral das Antiguidades do L\u00edbano, foram discutidas medidas imediatas para proteger patrim\u00f3nio vulner\u00e1vel em todo o Ir\u00e3o. O objetivo \u00e9 evitar danos adicionais enquanto o conflito continua.<\/p>\n<p>Na\u00e7\u00f5es Unidas destacaram que, na regi\u00e3o, v\u00e1rios s\u00edtios foram sinalizados como atingidos ou danificados pela guerra. A organiza\u00e7\u00e3o reiterou o respeito pelo direito internacional e pediu conten\u00e7\u00e3o para proteger a mem\u00f3ria cultural.<\/p>\n<h3>Locais no Ir\u00e3o afetados<\/h3>\n<p>O Ir\u00e3o alberga 29 s\u00edtios Patrim\u00f3nio Mundial. Entre os afetados est\u00e3o o Pal\u00e1cio Golestan, em Teer\u00e3o, o Pal\u00e1cio Chehel Sotoun, em Isfahan, a mesquita Masjed-e Jameh, e os s\u00edtios pr\u00e9-hist\u00f3ricos do vale de Khorramabad.<\/p>\n<p>O Pal\u00e1cio Golestan sofreu danos com detritos de ataques a\u00e9reos conjuntos entre EUA e Israel, afetando tetos, janelas e arcos. A UNESCO j\u00e1 transmitiu as coordenadas geogr\u00e1ficas para evitar alvos culturais.<\/p>\n<p>O Pal\u00e1cio Chehel Sotoun, pr\u00f3ximo do edif\u00edcio do governador de Isfahan, teve o interior danificado pelos ataques \u00e0 cidade, pertencente ao conjunto jardins persas classificado como Patrim\u00f3nio Mundial.<\/p>\n<p>O Pal\u00e1cio Ali Qapu, tamb\u00e9m em Isfahan, registou danos no interior, incluindo azulejaria, por proximidade com o edif\u00edcio do governador.<\/p>\n<p>A Mesjed-e Jameh, a mesquita de sexta-feira de Isfahan, sofreu danos nas ondas de choque dos ataques, segundo relatos locais.<\/p>\n<p>Observa-se tamb\u00e9m que ataques afetaram outras zonas hist\u00f3ricas, com autoridades locais a apontarem danos a v\u00e1rios locais de relev\u00e2ncia cultural em Teer\u00e3o e nas \u00e1reas vizinhas.<\/p>\n<h3>Situa\u00e7\u00e3o no L\u00edbano e contexto regional<\/h3>\n<p>A cidade de Tiro, no sul do L\u00edbano, classificada como Patrim\u00f3nio Mundial, foi colocada em risco por ataques israelitas, com partes do s\u00edtio a sofrer danos. A UNESCO reiterou a preocupa\u00e7\u00e3o com a prote\u00e7\u00e3o de educa\u00e7\u00e3o, cultura, media e ambiente no contexto do conflito regional.<\/p>\n","protected":false},"excerpt":{"rendered":"<ul>\n<li>UNESCO alerta para destrui\u00e7\u00e3o de patrim\u00f3nio cultural inestim\u00e1vel no Ir\u00e3o devido \u00e0 guerra entre os Estados Unidos e Israel.<\/li>\n<li>Em reuni\u00e3o com a Dire\u00e7\u00e3o-Geral das Antiguidades do L\u00edbano, discutiram-se medidas imediatas para refor\u00e7ar a prote\u00e7\u00e3o de bens culturais vulner\u00e1veis em todo o pa\u00eds.<\/li>\n<li>A organiza\u00e7\u00e3o confirmou que v\u00e1rios s\u00edtios de import\u00e2ncia cultural foram danificados e pediu m\u00e1xima conten\u00e7\u00e3o para poupar a base social das sociedades, respeitando o direito internacional.<\/li>\n<li>O Ir\u00e3o alberga 29 s\u00edtios na lista da UNESCO; entre os afetados est\u00e3o o Pal\u00e1cio Golestan (Teer\u00e3o), o Pal\u00e1cio Chehel Sotoun (Isfahan) e a mesquita Masjed-e Jameh (Isfahan), al\u00e9m de s\u00edtios pr\u00e9-hist\u00f3ricos no vale de Khorramabad.<\/li>\n<li>Segundo Ahmad Alavi, h\u00e1 relatos de danos em pelo menos 120 locais desde o in\u00edcio da guerra; a cidade de Tiro, no L\u00edbano, tamb\u00e9m est\u00e1 em risco devido aos ataques.<\/li>\n<\/ul>\n","protected":false},"author":2,"featured_media":430280,"comment_status":"closed","ping_status":"closed","sticky":false,"template":"","format":"standard","meta":{"footnotes":""},"categories":[7375,1],"tags":[2198,62,3153,814,1175,6320],"class_list":["post-430278","post","type-post","status-publish","format-standard","has-post-thumbnail","hentry","category-cultura","category-noticias","tag-conflitos-internacionais","tag-guerra","tag-ira","tag-patrimonio","tag-patrimonio-cultural","tag-patrimonio-mundial-da-unesco"],"yoast_head":"<!-- This site is optimized with the Yoast SEO plugin v27.2 - https:\/\/yoast.com\/product\/yoast-seo-wordpress\/ -->\n<title>Ir\u00e3o: UNESCO alerta para destrui\u00e7\u00e3o de patrim\u00f3nio cultural inestim\u00e1vel - Portal Tela Portugal<\/title>\n<meta name=\"robots\" content=\"index, follow, max-snippet:-1, max-image-preview:large, max-video-preview:-1\" \/>\n<meta property=\"og:locale\" content=\"pt_PT\" \/>\n<meta property=\"og:type\" content=\"article\" \/>\n<meta property=\"og:title\" content=\"Ir\u00e3o: UNESCO alerta para destrui\u00e7\u00e3o de patrim\u00f3nio cultural inestim\u00e1vel - Portal Tela Portugal\" \/>\n<meta property=\"og:description\" content=\"UNESCO alerta para destrui\u00e7\u00e3o de patrim\u00f3nio cultural inestim\u00e1vel no Ir\u00e3o devido \u00e0 guerra entre os Estados Unidos e Israel. Em reuni\u00e3o com a Dire\u00e7\u00e3o-Geral das Antiguidades do L\u00edbano, discutiram-se medidas imediatas para refor\u00e7ar a prote\u00e7\u00e3o de bens culturais vulner\u00e1veis em todo o pa\u00eds. A organiza\u00e7\u00e3o confirmou que v\u00e1rios s\u00edtios de import\u00e2ncia cultural foram danificados e pediu m\u00e1xima conten\u00e7\u00e3o para poupar a base social das sociedades, respeitando o direito internacional. O Ir\u00e3o alberga 29 s\u00edtios na lista da UNESCO; entre os afetados est\u00e3o o Pal\u00e1cio Golestan (Teer\u00e3o), o Pal\u00e1cio Chehel Sotoun (Isfahan) e a mesquita Masjed-e Jameh (Isfahan), al\u00e9m de s\u00edtios pr\u00e9-hist\u00f3ricos no vale de Khorramabad. Segundo Ahmad Alavi, h\u00e1 relatos de danos em pelo menos 120 locais desde o in\u00edcio da guerra; a cidade de Tiro, no L\u00edbano, tamb\u00e9m est\u00e1 em risco devido aos ataques.\" \/>\n<meta property=\"og:url\" content=\"https:\/\/portaltela.pt\/noticias\/2026\/04\/02\/irao-unesco-alerta-para-destruicao-de-patrimonio-cultural-inestimavel\/\" \/>\n<meta property=\"og:site_name\" content=\"Portal Tela Portugal\" \/>\n<meta property=\"article:published_time\" content=\"2026-04-02T11:32:23+00:00\" \/>\n<meta name=\"author\" content=\"Telinha\" \/>\n<meta name=\"twitter:card\" content=\"summary_large_image\" \/>\n<meta name=\"twitter:label1\" content=\"Escrito por\" \/>\n\t<meta name=\"twitter:data1\" content=\"Telinha\" \/>\n\t<meta name=\"twitter:label2\" content=\"Tempo estimado de leitura\" \/>\n\t<meta name=\"twitter:data2\" content=\"2 minutos\" \/>\n<script type=\"application\/ld+json\" class=\"yoast-schema-graph\">{\"@context\":\"https:\/\/schema.org\",\"@graph\":[{\"@type\":\"Article\",\"@id\":\"https:\/\/portaltela.pt\/noticias\/2026\/04\/02\/irao-unesco-alerta-para-destruicao-de-patrimonio-cultural-inestimavel\/#article\",\"isPartOf\":{\"@id\":\"https:\/\/portaltela.pt\/noticias\/2026\/04\/02\/irao-unesco-alerta-para-destruicao-de-patrimonio-cultural-inestimavel\/\"},\"author\":{\"name\":\"Telinha\",\"@id\":\"https:\/\/portaltela.pt\/#\/schema\/person\/c4278d4a6028830caff9ee44b42d32ed\"},\"headline\":\"Ir\u00e3o: UNESCO alerta para destrui\u00e7\u00e3o de patrim\u00f3nio cultural inestim\u00e1vel\",\"datePublished\":\"2026-04-02T11:32:23+00:00\",\"mainEntityOfPage\":{\"@id\":\"https:\/\/portaltela.pt\/noticias\/2026\/04\/02\/irao-unesco-alerta-para-destruicao-de-patrimonio-cultural-inestimavel\/\"},\"wordCount\":403,\"image\":{\"@id\":\"https:\/\/portaltela.pt\/noticias\/2026\/04\/02\/irao-unesco-alerta-para-destruicao-de-patrimonio-cultural-inestimavel\/#primaryimage\"},\"thumbnailUrl\":\"https:\/\/portaltela.pt\/s.01k8rhncp4jt1\/2026\/04\/1536x864_cmsv2_b3dd5fa2-55cb-5dcf-9ba5-59b80b86cbae-9688835.jpg\",\"keywords\":[\"conflitos internacionais\",\"guerra\",\"Ir\u00e3\",\"patrim\u00f3nio\",\"Patrim\u00f3nio Cultural\",\"Patrim\u00f3nio Mundial da UNESCO\"],\"articleSection\":[\"Cultura\",\"Not\u00edcias\"],\"inLanguage\":\"pt-PT\"},{\"@type\":\"WebPage\",\"@id\":\"https:\/\/portaltela.pt\/noticias\/2026\/04\/02\/irao-unesco-alerta-para-destruicao-de-patrimonio-cultural-inestimavel\/\",\"url\":\"https:\/\/portaltela.pt\/noticias\/2026\/04\/02\/irao-unesco-alerta-para-destruicao-de-patrimonio-cultural-inestimavel\/\",\"name\":\"Ir\u00e3o: UNESCO alerta para destrui\u00e7\u00e3o de patrim\u00f3nio cultural inestim\u00e1vel - Portal Tela Portugal\",\"isPartOf\":{\"@id\":\"https:\/\/portaltela.pt\/#website\"},\"primaryImageOfPage\":{\"@id\":\"https:\/\/portaltela.pt\/noticias\/2026\/04\/02\/irao-unesco-alerta-para-destruicao-de-patrimonio-cultural-inestimavel\/#primaryimage\"},\"image\":{\"@id\":\"https:\/\/portaltela.pt\/noticias\/2026\/04\/02\/irao-unesco-alerta-para-destruicao-de-patrimonio-cultural-inestimavel\/#primaryimage\"},\"thumbnailUrl\":\"https:\/\/portaltela.pt\/s.01k8rhncp4jt1\/2026\/04\/1536x864_cmsv2_b3dd5fa2-55cb-5dcf-9ba5-59b80b86cbae-9688835.jpg\",\"datePublished\":\"2026-04-02T11:32:23+00:00\",\"author\":{\"@id\":\"https:\/\/portaltela.pt\/#\/schema\/person\/c4278d4a6028830caff9ee44b42d32ed\"},\"breadcrumb\":{\"@id\":\"https:\/\/portaltela.pt\/noticias\/2026\/04\/02\/irao-unesco-alerta-para-destruicao-de-patrimonio-cultural-inestimavel\/#breadcrumb\"},\"inLanguage\":\"pt-PT\",\"potentialAction\":[{\"@type\":\"ReadAction\",\"target\":[\"https:\/\/portaltela.pt\/noticias\/2026\/04\/02\/irao-unesco-alerta-para-destruicao-de-patrimonio-cultural-inestimavel\/\"]}]},{\"@type\":\"ImageObject\",\"inLanguage\":\"pt-PT\",\"@id\":\"https:\/\/portaltela.pt\/noticias\/2026\/04\/02\/irao-unesco-alerta-para-destruicao-de-patrimonio-cultural-inestimavel\/#primaryimage\",\"url\":\"https:\/\/portaltela.pt\/s.01k8rhncp4jt1\/2026\/04\/1536x864_cmsv2_b3dd5fa2-55cb-5dcf-9ba5-59b80b86cbae-9688835.jpg\",\"contentUrl\":\"https:\/\/portaltela.pt\/s.01k8rhncp4jt1\/2026\/04\/1536x864_cmsv2_b3dd5fa2-55cb-5dcf-9ba5-59b80b86cbae-9688835.jpg\",\"width\":1536,\"height\":864,\"caption\":\"Danos causados por ataques dos EUA e de Israel ao Ir\u00e3o s\u00e3o vis\u00edveis no Pal\u00e1cio Golestan, em Teer\u00e3o, Ir\u00e3o, a 3 de mar\u00e7o de 2026\"},{\"@type\":\"BreadcrumbList\",\"@id\":\"https:\/\/portaltela.pt\/noticias\/2026\/04\/02\/irao-unesco-alerta-para-destruicao-de-patrimonio-cultural-inestimavel\/#breadcrumb\",\"itemListElement\":[{\"@type\":\"ListItem\",\"position\":1,\"name\":\"In\u00edcio\",\"item\":\"https:\/\/portaltela.pt\/\"},{\"@type\":\"ListItem\",\"position\":2,\"name\":\"Ir\u00e3o: UNESCO alerta para destrui\u00e7\u00e3o de patrim\u00f3nio cultural inestim\u00e1vel\"}]},{\"@type\":\"WebSite\",\"@id\":\"https:\/\/portaltela.pt\/#website\",\"url\":\"https:\/\/portaltela.pt\/\",\"name\":\"Portal Tela Portugal\",\"description\":\"\",\"potentialAction\":[{\"@type\":\"SearchAction\",\"target\":{\"@type\":\"EntryPoint\",\"urlTemplate\":\"https:\/\/portaltela.pt\/?s={search_term_string}\"},\"query-input\":{\"@type\":\"PropertyValueSpecification\",\"valueRequired\":true,\"valueName\":\"search_term_string\"}}],\"inLanguage\":\"pt-PT\"},{\"@type\":\"Person\",\"@id\":\"https:\/\/portaltela.pt\/#\/schema\/person\/c4278d4a6028830caff9ee44b42d32ed\",\"name\":\"Telinha\",\"image\":{\"@type\":\"ImageObject\",\"inLanguage\":\"pt-PT\",\"@id\":\"https:\/\/portaltela.pt\/s.01k8rhncp4jt1\/2025\/11\/talking-bot-125x125.png\",\"url\":\"https:\/\/portaltela.pt\/s.01k8rhncp4jt1\/2025\/11\/talking-bot-125x125.png\",\"contentUrl\":\"https:\/\/portaltela.pt\/s.01k8rhncp4jt1\/2025\/11\/talking-bot-125x125.png\",\"caption\":\"Telinha\"},\"sameAs\":[\"https:\/\/portaltela.pt\/\"],\"url\":\"https:\/\/portaltela.pt\/por\/367410592786\/\"}]}<\/script>\n<!-- \/ Yoast SEO plugin. -->","yoast_head_json":{"title":"Ir\u00e3o: UNESCO alerta para destrui\u00e7\u00e3o de patrim\u00f3nio cultural inestim\u00e1vel - Portal Tela Portugal","robots":{"index":"index","follow":"follow","max-snippet":"max-snippet:-1","max-image-preview":"max-image-preview:large","max-video-preview":"max-video-preview:-1"},"og_locale":"pt_PT","og_type":"article","og_title":"Ir\u00e3o: UNESCO alerta para destrui\u00e7\u00e3o de patrim\u00f3nio cultural inestim\u00e1vel - Portal Tela Portugal","og_description":"UNESCO alerta para destrui\u00e7\u00e3o de patrim\u00f3nio cultural inestim\u00e1vel no Ir\u00e3o devido \u00e0 guerra entre os Estados Unidos e Israel. Em reuni\u00e3o com a Dire\u00e7\u00e3o-Geral das Antiguidades do L\u00edbano, discutiram-se medidas imediatas para refor\u00e7ar a prote\u00e7\u00e3o de bens culturais vulner\u00e1veis em todo o pa\u00eds. A organiza\u00e7\u00e3o confirmou que v\u00e1rios s\u00edtios de import\u00e2ncia cultural foram danificados e pediu m\u00e1xima conten\u00e7\u00e3o para poupar a base social das sociedades, respeitando o direito internacional. O Ir\u00e3o alberga 29 s\u00edtios na lista da UNESCO; entre os afetados est\u00e3o o Pal\u00e1cio Golestan (Teer\u00e3o), o Pal\u00e1cio Chehel Sotoun (Isfahan) e a mesquita Masjed-e Jameh (Isfahan), al\u00e9m de s\u00edtios pr\u00e9-hist\u00f3ricos no vale de Khorramabad. Segundo Ahmad Alavi, h\u00e1 relatos de danos em pelo menos 120 locais desde o in\u00edcio da guerra; a cidade de Tiro, no L\u00edbano, tamb\u00e9m est\u00e1 em risco devido aos ataques.","og_url":"https:\/\/portaltela.pt\/noticias\/2026\/04\/02\/irao-unesco-alerta-para-destruicao-de-patrimonio-cultural-inestimavel\/","og_site_name":"Portal Tela Portugal","article_published_time":"2026-04-02T11:32:23+00:00","author":"Telinha","twitter_card":"summary_large_image","twitter_misc":{"Escrito por":"Telinha","Tempo estimado de leitura":"2 minutos"},"schema":{"@context":"https:\/\/schema.org","@graph":[{"@type":"Article","@id":"https:\/\/portaltela.pt\/noticias\/2026\/04\/02\/irao-unesco-alerta-para-destruicao-de-patrimonio-cultural-inestimavel\/#article","isPartOf":{"@id":"https:\/\/portaltela.pt\/noticias\/2026\/04\/02\/irao-unesco-alerta-para-destruicao-de-patrimonio-cultural-inestimavel\/"},"author":{"name":"Telinha","@id":"https:\/\/portaltela.pt\/#\/schema\/person\/c4278d4a6028830caff9ee44b42d32ed"},"headline":"Ir\u00e3o: UNESCO alerta para destrui\u00e7\u00e3o de patrim\u00f3nio cultural inestim\u00e1vel","datePublished":"2026-04-02T11:32:23+00:00","mainEntityOfPage":{"@id":"https:\/\/portaltela.pt\/noticias\/2026\/04\/02\/irao-unesco-alerta-para-destruicao-de-patrimonio-cultural-inestimavel\/"},"wordCount":403,"image":{"@id":"https:\/\/portaltela.pt\/noticias\/2026\/04\/02\/irao-unesco-alerta-para-destruicao-de-patrimonio-cultural-inestimavel\/#primaryimage"},"thumbnailUrl":"https:\/\/portaltela.pt\/s.01k8rhncp4jt1\/2026\/04\/1536x864_cmsv2_b3dd5fa2-55cb-5dcf-9ba5-59b80b86cbae-9688835.jpg","keywords":["conflitos internacionais","guerra","Ir\u00e3","patrim\u00f3nio","Patrim\u00f3nio Cultural","Patrim\u00f3nio Mundial da UNESCO"],"articleSection":["Cultura","Not\u00edcias"],"inLanguage":"pt-PT"},{"@type":"WebPage","@id":"https:\/\/portaltela.pt\/noticias\/2026\/04\/02\/irao-unesco-alerta-para-destruicao-de-patrimonio-cultural-inestimavel\/","url":"https:\/\/portaltela.pt\/noticias\/2026\/04\/02\/irao-unesco-alerta-para-destruicao-de-patrimonio-cultural-inestimavel\/","name":"Ir\u00e3o: UNESCO alerta para destrui\u00e7\u00e3o de patrim\u00f3nio cultural inestim\u00e1vel - Portal Tela Portugal","isPartOf":{"@id":"https:\/\/portaltela.pt\/#website"},"primaryImageOfPage":{"@id":"https:\/\/portaltela.pt\/noticias\/2026\/04\/02\/irao-unesco-alerta-para-destruicao-de-patrimonio-cultural-inestimavel\/#primaryimage"},"image":{"@id":"https:\/\/portaltela.pt\/noticias\/2026\/04\/02\/irao-unesco-alerta-para-destruicao-de-patrimonio-cultural-inestimavel\/#primaryimage"},"thumbnailUrl":"https:\/\/portaltela.pt\/s.01k8rhncp4jt1\/2026\/04\/1536x864_cmsv2_b3dd5fa2-55cb-5dcf-9ba5-59b80b86cbae-9688835.jpg","datePublished":"2026-04-02T11:32:23+00:00","author":{"@id":"https:\/\/portaltela.pt\/#\/schema\/person\/c4278d4a6028830caff9ee44b42d32ed"},"breadcrumb":{"@id":"https:\/\/portaltela.pt\/noticias\/2026\/04\/02\/irao-unesco-alerta-para-destruicao-de-patrimonio-cultural-inestimavel\/#breadcrumb"},"inLanguage":"pt-PT","potentialAction":[{"@type":"ReadAction","target":["https:\/\/portaltela.pt\/noticias\/2026\/04\/02\/irao-unesco-alerta-para-destruicao-de-patrimonio-cultural-inestimavel\/"]}]},{"@type":"ImageObject","inLanguage":"pt-PT","@id":"https:\/\/portaltela.pt\/noticias\/2026\/04\/02\/irao-unesco-alerta-para-destruicao-de-patrimonio-cultural-inestimavel\/#primaryimage","url":"https:\/\/portaltela.pt\/s.01k8rhncp4jt1\/2026\/04\/1536x864_cmsv2_b3dd5fa2-55cb-5dcf-9ba5-59b80b86cbae-9688835.jpg","contentUrl":"https:\/\/portaltela.pt\/s.01k8rhncp4jt1\/2026\/04\/1536x864_cmsv2_b3dd5fa2-55cb-5dcf-9ba5-59b80b86cbae-9688835.jpg","width":1536,"height":864,"caption":"Danos causados por ataques dos EUA e de Israel ao Ir\u00e3o s\u00e3o vis\u00edveis no Pal\u00e1cio Golestan, em Teer\u00e3o, Ir\u00e3o, a 3 de mar\u00e7o de 2026"},{"@type":"BreadcrumbList","@id":"https:\/\/portaltela.pt\/noticias\/2026\/04\/02\/irao-unesco-alerta-para-destruicao-de-patrimonio-cultural-inestimavel\/#breadcrumb","itemListElement":[{"@type":"ListItem","position":1,"name":"In\u00edcio","item":"https:\/\/portaltela.pt\/"},{"@type":"ListItem","position":2,"name":"Ir\u00e3o: UNESCO alerta para destrui\u00e7\u00e3o de patrim\u00f3nio cultural inestim\u00e1vel"}]},{"@type":"WebSite","@id":"https:\/\/portaltela.pt\/#website","url":"https:\/\/portaltela.pt\/","name":"Portal Tela Portugal","description":"","potentialAction":[{"@type":"SearchAction","target":{"@type":"EntryPoint","urlTemplate":"https:\/\/portaltela.pt\/?s={search_term_string}"},"query-input":{"@type":"PropertyValueSpecification","valueRequired":true,"valueName":"search_term_string"}}],"inLanguage":"pt-PT"},{"@type":"Person","@id":"https:\/\/portaltela.pt\/#\/schema\/person\/c4278d4a6028830caff9ee44b42d32ed","name":"Telinha","image":{"@type":"ImageObject","inLanguage":"pt-PT","@id":"https:\/\/portaltela.pt\/s.01k8rhncp4jt1\/2025\/11\/talking-bot-125x125.png","url":"https:\/\/portaltela.pt\/s.01k8rhncp4jt1\/2025\/11\/talking-bot-125x125.png","contentUrl":"https:\/\/portaltela.pt\/s.01k8rhncp4jt1\/2025\/11\/talking-bot-125x125.png","caption":"Telinha"},"sameAs":["https:\/\/portaltela.pt\/"],"url":"https:\/\/portaltela.pt\/por\/367410592786\/"}]}},"_links":{"self":[{"href":"https:\/\/portaltela.pt\/api\/wp\/v2\/posts\/430278","targetHints":{"allow":["GET"]}}],"collection":[{"href":"https:\/\/portaltela.pt\/api\/wp\/v2\/posts"}],"about":[{"href":"https:\/\/portaltela.pt\/api\/wp\/v2\/types\/post"}],"author":[{"embeddable":true,"href":"https:\/\/portaltela.pt\/api\/wp\/v2\/users\/2"}],"replies":[{"embeddable":true,"href":"https:\/\/portaltela.pt\/api\/wp\/v2\/comments?post=430278"}],"version-history":[{"count":0,"href":"https:\/\/portaltela.pt\/api\/wp\/v2\/posts\/430278\/revisions"}],"wp:featuredmedia":[{"embeddable":true,"href":"https:\/\/portaltela.pt\/api\/wp\/v2\/media\/430280"}],"wp:attachment":[{"href":"https:\/\/portaltela.pt\/api\/wp\/v2\/media?parent=430278"}],"wp:term":[{"taxonomy":"category","embeddable":true,"href":"https:\/\/portaltela.pt\/api\/wp\/v2\/categories?post=430278"},{"taxonomy":"post_tag","embeddable":true,"href":"https:\/\/portaltela.pt\/api\/wp\/v2\/tags?post=430278"}],"curies":[{"name":"wp","href":"https:\/\/api.w.org\/{rel}","templated":true}]}}