{"id":430274,"date":"2026-04-02T08:32:15","date_gmt":"2026-04-02T11:32:15","guid":{"rendered":"https:\/\/portaltela.pt\/noticias\/2026\/04\/02\/joao-cancelo-faz-declaracao-emotiva-apos-morte-da-mae-e-depressao-do-pai\/"},"modified":"2026-04-02T08:32:15","modified_gmt":"2026-04-02T11:32:15","slug":"joao-cancelo-faz-declaracao-emotiva-apos-morte-da-mae-e-depressao-do-pai","status":"publish","type":"post","link":"https:\/\/portaltela.pt\/desporto\/futebol\/2026\/04\/02\/joao-cancelo-faz-declaracao-emotiva-apos-morte-da-mae-e-depressao-do-pai\/","title":{"rendered":"Jo\u00e3o Cancelo faz declara\u00e7\u00e3o emotiva ap\u00f3s morte da m\u00e3e e depress\u00e3o do pai"},"content":{"rendered":"<p>Jo\u00e3o Cancelo pronunciou uma mensagem emotiva nas redes sociais nesta quarta-feira, 1, em resposta \u00e0s dificuldades vividas pela fam\u00edlia ap\u00f3s a morte da m\u00e3e, em 2013. O antigo jogador do Benfica utilizou o Instagram para partilhar o reconhecimento aos seus pais, destacando o papel deles na sua forma\u00e7\u00e3o.<\/p>\n<p>O texto publicado pelo defesa, em formato de testemunho, enfatiza que a sua trajet\u00f3ria foi constru\u00edda com exemplo, consist\u00eancia e verdade. Mant\u00e9m o foco na postura digna que recebeu em casa, em vez de prometer caminhos f\u00e1ceis, ressaltando que o esfor\u00e7o di\u00e1rio sustenta tudo.<\/p>\n<p>Contexto familiar: a m\u00e3e de Cancelo perdeu a vida em janeiro de 2013, num tr\u00e1gico acidente de via\u00e7\u00e3o. O jogador e o irm\u00e3o faziam parte do ve\u00edculo e receberam assist\u00eancia m\u00e9dica. O pai, ent\u00e3o residente na Su\u00ed\u00e7a, enfrentou depress\u00e3o durante esse per\u00edodo.<\/p>\n<p>Em entrevista antiga ao podcast Um para um, de Pedro Pinto, Cancelo revelou que, aos 18 anos, assumiu o papel de pilar da fam\u00edlia devido ao estado mental do pai. A press\u00e3o levou-o a valorizar o futebol com seriedade, reconhecendo que n\u00e3o tinha outra alternativa.<\/p>\n<p>O jogador destacou que o apoio familiar foi decisivo para o seu percurso desportivo, com a trag\u00e9dia a moldar a sua determina\u00e7\u00e3o. A mensagem publicada refor\u00e7a o compromisso com a fam\u00edlia e com o exemplo que pretende manter no dia a dia.<\/p>\n","protected":false},"excerpt":{"rendered":"<ul>\n<li>Jo\u00e3o Cancelo fez uma declara\u00e7\u00e3o emotiva aos pais, partilhada nas stories do Instagram nesta quarta-feira.<\/li>\n<li>A m\u00e3e morreu em janeiro de 2013, num tr\u00e1gico acidente de via\u00e7\u00e3o em que o jogador e o irm\u00e3o estavam no ve\u00edculo, com o pai a enfrentar depress\u00e3o.<\/li>\n<li>Cancelo descreveu que, ap\u00f3s a perda, foi o pilar da fam\u00edlia e que precisou apoiar o pai e o irm\u00e3o.<\/li>\n<li>Chegou a pensar em desistir do futebol, mas o pai convenceu-o a continuar.<\/li>\n<li>A partir desse momento, o futebol passou a ser levado mais a s\u00e9rio, j\u00e1 que n\u00e3o tinha outra hip\u00f3tese de apoio familiar.<\/li>\n<\/ul>\n","protected":false},"author":2,"featured_media":430277,"comment_status":"closed","ping_status":"closed","sticky":false,"template":"","format":"standard","meta":{"footnotes":""},"categories":[21,24],"tags":[2557,64,32,2350,210,1014],"class_list":["post-430274","post","type-post","status-publish","format-standard","has-post-thumbnail","hentry","category-desporto","category-futebol","tag-depressao","tag-familia","tag-futebol","tag-joao-cancelo","tag-pais","tag-portugal"],"yoast_head":"<!-- This site is optimized with the Yoast SEO plugin v27.2 - https:\/\/yoast.com\/product\/yoast-seo-wordpress\/ -->\n<title>Jo\u00e3o Cancelo faz declara\u00e7\u00e3o emotiva ap\u00f3s morte da m\u00e3e e depress\u00e3o do pai - Portal Tela Portugal<\/title>\n<meta name=\"robots\" content=\"index, follow, max-snippet:-1, max-image-preview:large, max-video-preview:-1\" \/>\n<meta property=\"og:locale\" content=\"pt_PT\" \/>\n<meta property=\"og:type\" content=\"article\" \/>\n<meta property=\"og:title\" content=\"Jo\u00e3o Cancelo faz declara\u00e7\u00e3o emotiva ap\u00f3s morte da m\u00e3e e depress\u00e3o do pai - Portal Tela Portugal\" \/>\n<meta property=\"og:description\" content=\"Jo\u00e3o Cancelo fez uma declara\u00e7\u00e3o emotiva aos pais, partilhada nas stories do Instagram nesta quarta-feira. A m\u00e3e morreu em janeiro de 2013, num tr\u00e1gico acidente de via\u00e7\u00e3o em que o jogador e o irm\u00e3o estavam no ve\u00edculo, com o pai a enfrentar depress\u00e3o. Cancelo descreveu que, ap\u00f3s a perda, foi o pilar da fam\u00edlia e que precisou apoiar o pai e o irm\u00e3o. Chegou a pensar em desistir do futebol, mas o pai convenceu-o a continuar. A partir desse momento, o futebol passou a ser levado mais a s\u00e9rio, j\u00e1 que n\u00e3o tinha outra hip\u00f3tese de apoio familiar.\" \/>\n<meta property=\"og:url\" content=\"https:\/\/portaltela.pt\/noticias\/2026\/04\/02\/joao-cancelo-faz-declaracao-emotiva-apos-morte-da-mae-e-depressao-do-pai\/\" \/>\n<meta property=\"og:site_name\" content=\"Portal Tela Portugal\" \/>\n<meta property=\"article:published_time\" content=\"2026-04-02T11:32:15+00:00\" \/>\n<meta name=\"author\" content=\"Telinha\" \/>\n<meta name=\"twitter:card\" content=\"summary_large_image\" \/>\n<meta name=\"twitter:label1\" content=\"Escrito por\" \/>\n\t<meta name=\"twitter:data1\" content=\"Telinha\" \/>\n\t<meta name=\"twitter:label2\" content=\"Tempo estimado de leitura\" \/>\n\t<meta name=\"twitter:data2\" content=\"1 minuto\" \/>\n<script type=\"application\/ld+json\" class=\"yoast-schema-graph\">{\"@context\":\"https:\/\/schema.org\",\"@graph\":[{\"@type\":\"Article\",\"@id\":\"https:\/\/portaltela.pt\/noticias\/2026\/04\/02\/joao-cancelo-faz-declaracao-emotiva-apos-morte-da-mae-e-depressao-do-pai\/#article\",\"isPartOf\":{\"@id\":\"https:\/\/portaltela.pt\/noticias\/2026\/04\/02\/joao-cancelo-faz-declaracao-emotiva-apos-morte-da-mae-e-depressao-do-pai\/\"},\"author\":{\"name\":\"Telinha\",\"@id\":\"https:\/\/portaltela.pt\/#\/schema\/person\/c4278d4a6028830caff9ee44b42d32ed\"},\"headline\":\"Jo\u00e3o Cancelo faz declara\u00e7\u00e3o emotiva ap\u00f3s morte da m\u00e3e e depress\u00e3o do pai\",\"datePublished\":\"2026-04-02T11:32:15+00:00\",\"mainEntityOfPage\":{\"@id\":\"https:\/\/portaltela.pt\/noticias\/2026\/04\/02\/joao-cancelo-faz-declaracao-emotiva-apos-morte-da-mae-e-depressao-do-pai\/\"},\"wordCount\":265,\"image\":{\"@id\":\"https:\/\/portaltela.pt\/noticias\/2026\/04\/02\/joao-cancelo-faz-declaracao-emotiva-apos-morte-da-mae-e-depressao-do-pai\/#primaryimage\"},\"thumbnailUrl\":\"https:\/\/portaltela.pt\/s.01k8rhncp4jt1\/2026\/04\/img_1500x1000uu2026-04-02-11-42-06-2276210-im-639107269585257874.jpg\",\"keywords\":[\"depress\u00e3o\",\"fam\u00edlia\",\"futebol\",\"Jo\u00e3o Cancelo\",\"pais\",\"Portugal\"],\"articleSection\":[\"Desporto\",\"Futebol\"],\"inLanguage\":\"pt-PT\"},{\"@type\":\"WebPage\",\"@id\":\"https:\/\/portaltela.pt\/noticias\/2026\/04\/02\/joao-cancelo-faz-declaracao-emotiva-apos-morte-da-mae-e-depressao-do-pai\/\",\"url\":\"https:\/\/portaltela.pt\/noticias\/2026\/04\/02\/joao-cancelo-faz-declaracao-emotiva-apos-morte-da-mae-e-depressao-do-pai\/\",\"name\":\"Jo\u00e3o Cancelo faz declara\u00e7\u00e3o emotiva ap\u00f3s morte da m\u00e3e e depress\u00e3o do pai - Portal Tela Portugal\",\"isPartOf\":{\"@id\":\"https:\/\/portaltela.pt\/#website\"},\"primaryImageOfPage\":{\"@id\":\"https:\/\/portaltela.pt\/noticias\/2026\/04\/02\/joao-cancelo-faz-declaracao-emotiva-apos-morte-da-mae-e-depressao-do-pai\/#primaryimage\"},\"image\":{\"@id\":\"https:\/\/portaltela.pt\/noticias\/2026\/04\/02\/joao-cancelo-faz-declaracao-emotiva-apos-morte-da-mae-e-depressao-do-pai\/#primaryimage\"},\"thumbnailUrl\":\"https:\/\/portaltela.pt\/s.01k8rhncp4jt1\/2026\/04\/img_1500x1000uu2026-04-02-11-42-06-2276210-im-639107269585257874.jpg\",\"datePublished\":\"2026-04-02T11:32:15+00:00\",\"author\":{\"@id\":\"https:\/\/portaltela.pt\/#\/schema\/person\/c4278d4a6028830caff9ee44b42d32ed\"},\"breadcrumb\":{\"@id\":\"https:\/\/portaltela.pt\/noticias\/2026\/04\/02\/joao-cancelo-faz-declaracao-emotiva-apos-morte-da-mae-e-depressao-do-pai\/#breadcrumb\"},\"inLanguage\":\"pt-PT\",\"potentialAction\":[{\"@type\":\"ReadAction\",\"target\":[\"https:\/\/portaltela.pt\/noticias\/2026\/04\/02\/joao-cancelo-faz-declaracao-emotiva-apos-morte-da-mae-e-depressao-do-pai\/\"]}]},{\"@type\":\"ImageObject\",\"inLanguage\":\"pt-PT\",\"@id\":\"https:\/\/portaltela.pt\/noticias\/2026\/04\/02\/joao-cancelo-faz-declaracao-emotiva-apos-morte-da-mae-e-depressao-do-pai\/#primaryimage\",\"url\":\"https:\/\/portaltela.pt\/s.01k8rhncp4jt1\/2026\/04\/img_1500x1000uu2026-04-02-11-42-06-2276210-im-639107269585257874.jpg\",\"contentUrl\":\"https:\/\/portaltela.pt\/s.01k8rhncp4jt1\/2026\/04\/img_1500x1000uu2026-04-02-11-42-06-2276210-im-639107269585257874.jpg\",\"width\":796,\"height\":448,\"caption\":\"Jo\u00e3o Cancelo\"},{\"@type\":\"BreadcrumbList\",\"@id\":\"https:\/\/portaltela.pt\/noticias\/2026\/04\/02\/joao-cancelo-faz-declaracao-emotiva-apos-morte-da-mae-e-depressao-do-pai\/#breadcrumb\",\"itemListElement\":[{\"@type\":\"ListItem\",\"position\":1,\"name\":\"In\u00edcio\",\"item\":\"https:\/\/portaltela.pt\/\"},{\"@type\":\"ListItem\",\"position\":2,\"name\":\"Jo\u00e3o Cancelo faz declara\u00e7\u00e3o emotiva ap\u00f3s morte da m\u00e3e e depress\u00e3o do pai\"}]},{\"@type\":\"WebSite\",\"@id\":\"https:\/\/portaltela.pt\/#website\",\"url\":\"https:\/\/portaltela.pt\/\",\"name\":\"Portal Tela Portugal\",\"description\":\"\",\"potentialAction\":[{\"@type\":\"SearchAction\",\"target\":{\"@type\":\"EntryPoint\",\"urlTemplate\":\"https:\/\/portaltela.pt\/?s={search_term_string}\"},\"query-input\":{\"@type\":\"PropertyValueSpecification\",\"valueRequired\":true,\"valueName\":\"search_term_string\"}}],\"inLanguage\":\"pt-PT\"},{\"@type\":\"Person\",\"@id\":\"https:\/\/portaltela.pt\/#\/schema\/person\/c4278d4a6028830caff9ee44b42d32ed\",\"name\":\"Telinha\",\"image\":{\"@type\":\"ImageObject\",\"inLanguage\":\"pt-PT\",\"@id\":\"https:\/\/portaltela.pt\/s.01k8rhncp4jt1\/2025\/11\/talking-bot-125x125.png\",\"url\":\"https:\/\/portaltela.pt\/s.01k8rhncp4jt1\/2025\/11\/talking-bot-125x125.png\",\"contentUrl\":\"https:\/\/portaltela.pt\/s.01k8rhncp4jt1\/2025\/11\/talking-bot-125x125.png\",\"caption\":\"Telinha\"},\"sameAs\":[\"https:\/\/portaltela.pt\/\"],\"url\":\"https:\/\/portaltela.pt\/por\/367410592786\/\"}]}<\/script>\n<!-- \/ Yoast SEO plugin. -->","yoast_head_json":{"title":"Jo\u00e3o Cancelo faz declara\u00e7\u00e3o emotiva ap\u00f3s morte da m\u00e3e e depress\u00e3o do pai - Portal Tela Portugal","robots":{"index":"index","follow":"follow","max-snippet":"max-snippet:-1","max-image-preview":"max-image-preview:large","max-video-preview":"max-video-preview:-1"},"og_locale":"pt_PT","og_type":"article","og_title":"Jo\u00e3o Cancelo faz declara\u00e7\u00e3o emotiva ap\u00f3s morte da m\u00e3e e depress\u00e3o do pai - Portal Tela Portugal","og_description":"Jo\u00e3o Cancelo fez uma declara\u00e7\u00e3o emotiva aos pais, partilhada nas stories do Instagram nesta quarta-feira. A m\u00e3e morreu em janeiro de 2013, num tr\u00e1gico acidente de via\u00e7\u00e3o em que o jogador e o irm\u00e3o estavam no ve\u00edculo, com o pai a enfrentar depress\u00e3o. Cancelo descreveu que, ap\u00f3s a perda, foi o pilar da fam\u00edlia e que precisou apoiar o pai e o irm\u00e3o. Chegou a pensar em desistir do futebol, mas o pai convenceu-o a continuar. A partir desse momento, o futebol passou a ser levado mais a s\u00e9rio, j\u00e1 que n\u00e3o tinha outra hip\u00f3tese de apoio familiar.","og_url":"https:\/\/portaltela.pt\/noticias\/2026\/04\/02\/joao-cancelo-faz-declaracao-emotiva-apos-morte-da-mae-e-depressao-do-pai\/","og_site_name":"Portal Tela Portugal","article_published_time":"2026-04-02T11:32:15+00:00","author":"Telinha","twitter_card":"summary_large_image","twitter_misc":{"Escrito por":"Telinha","Tempo estimado de leitura":"1 minuto"},"schema":{"@context":"https:\/\/schema.org","@graph":[{"@type":"Article","@id":"https:\/\/portaltela.pt\/noticias\/2026\/04\/02\/joao-cancelo-faz-declaracao-emotiva-apos-morte-da-mae-e-depressao-do-pai\/#article","isPartOf":{"@id":"https:\/\/portaltela.pt\/noticias\/2026\/04\/02\/joao-cancelo-faz-declaracao-emotiva-apos-morte-da-mae-e-depressao-do-pai\/"},"author":{"name":"Telinha","@id":"https:\/\/portaltela.pt\/#\/schema\/person\/c4278d4a6028830caff9ee44b42d32ed"},"headline":"Jo\u00e3o Cancelo faz declara\u00e7\u00e3o emotiva ap\u00f3s morte da m\u00e3e e depress\u00e3o do pai","datePublished":"2026-04-02T11:32:15+00:00","mainEntityOfPage":{"@id":"https:\/\/portaltela.pt\/noticias\/2026\/04\/02\/joao-cancelo-faz-declaracao-emotiva-apos-morte-da-mae-e-depressao-do-pai\/"},"wordCount":265,"image":{"@id":"https:\/\/portaltela.pt\/noticias\/2026\/04\/02\/joao-cancelo-faz-declaracao-emotiva-apos-morte-da-mae-e-depressao-do-pai\/#primaryimage"},"thumbnailUrl":"https:\/\/portaltela.pt\/s.01k8rhncp4jt1\/2026\/04\/img_1500x1000uu2026-04-02-11-42-06-2276210-im-639107269585257874.jpg","keywords":["depress\u00e3o","fam\u00edlia","futebol","Jo\u00e3o Cancelo","pais","Portugal"],"articleSection":["Desporto","Futebol"],"inLanguage":"pt-PT"},{"@type":"WebPage","@id":"https:\/\/portaltela.pt\/noticias\/2026\/04\/02\/joao-cancelo-faz-declaracao-emotiva-apos-morte-da-mae-e-depressao-do-pai\/","url":"https:\/\/portaltela.pt\/noticias\/2026\/04\/02\/joao-cancelo-faz-declaracao-emotiva-apos-morte-da-mae-e-depressao-do-pai\/","name":"Jo\u00e3o Cancelo faz declara\u00e7\u00e3o emotiva ap\u00f3s morte da m\u00e3e e depress\u00e3o do pai - Portal Tela Portugal","isPartOf":{"@id":"https:\/\/portaltela.pt\/#website"},"primaryImageOfPage":{"@id":"https:\/\/portaltela.pt\/noticias\/2026\/04\/02\/joao-cancelo-faz-declaracao-emotiva-apos-morte-da-mae-e-depressao-do-pai\/#primaryimage"},"image":{"@id":"https:\/\/portaltela.pt\/noticias\/2026\/04\/02\/joao-cancelo-faz-declaracao-emotiva-apos-morte-da-mae-e-depressao-do-pai\/#primaryimage"},"thumbnailUrl":"https:\/\/portaltela.pt\/s.01k8rhncp4jt1\/2026\/04\/img_1500x1000uu2026-04-02-11-42-06-2276210-im-639107269585257874.jpg","datePublished":"2026-04-02T11:32:15+00:00","author":{"@id":"https:\/\/portaltela.pt\/#\/schema\/person\/c4278d4a6028830caff9ee44b42d32ed"},"breadcrumb":{"@id":"https:\/\/portaltela.pt\/noticias\/2026\/04\/02\/joao-cancelo-faz-declaracao-emotiva-apos-morte-da-mae-e-depressao-do-pai\/#breadcrumb"},"inLanguage":"pt-PT","potentialAction":[{"@type":"ReadAction","target":["https:\/\/portaltela.pt\/noticias\/2026\/04\/02\/joao-cancelo-faz-declaracao-emotiva-apos-morte-da-mae-e-depressao-do-pai\/"]}]},{"@type":"ImageObject","inLanguage":"pt-PT","@id":"https:\/\/portaltela.pt\/noticias\/2026\/04\/02\/joao-cancelo-faz-declaracao-emotiva-apos-morte-da-mae-e-depressao-do-pai\/#primaryimage","url":"https:\/\/portaltela.pt\/s.01k8rhncp4jt1\/2026\/04\/img_1500x1000uu2026-04-02-11-42-06-2276210-im-639107269585257874.jpg","contentUrl":"https:\/\/portaltela.pt\/s.01k8rhncp4jt1\/2026\/04\/img_1500x1000uu2026-04-02-11-42-06-2276210-im-639107269585257874.jpg","width":796,"height":448,"caption":"Jo\u00e3o Cancelo"},{"@type":"BreadcrumbList","@id":"https:\/\/portaltela.pt\/noticias\/2026\/04\/02\/joao-cancelo-faz-declaracao-emotiva-apos-morte-da-mae-e-depressao-do-pai\/#breadcrumb","itemListElement":[{"@type":"ListItem","position":1,"name":"In\u00edcio","item":"https:\/\/portaltela.pt\/"},{"@type":"ListItem","position":2,"name":"Jo\u00e3o Cancelo faz declara\u00e7\u00e3o emotiva ap\u00f3s morte da m\u00e3e e depress\u00e3o do pai"}]},{"@type":"WebSite","@id":"https:\/\/portaltela.pt\/#website","url":"https:\/\/portaltela.pt\/","name":"Portal Tela Portugal","description":"","potentialAction":[{"@type":"SearchAction","target":{"@type":"EntryPoint","urlTemplate":"https:\/\/portaltela.pt\/?s={search_term_string}"},"query-input":{"@type":"PropertyValueSpecification","valueRequired":true,"valueName":"search_term_string"}}],"inLanguage":"pt-PT"},{"@type":"Person","@id":"https:\/\/portaltela.pt\/#\/schema\/person\/c4278d4a6028830caff9ee44b42d32ed","name":"Telinha","image":{"@type":"ImageObject","inLanguage":"pt-PT","@id":"https:\/\/portaltela.pt\/s.01k8rhncp4jt1\/2025\/11\/talking-bot-125x125.png","url":"https:\/\/portaltela.pt\/s.01k8rhncp4jt1\/2025\/11\/talking-bot-125x125.png","contentUrl":"https:\/\/portaltela.pt\/s.01k8rhncp4jt1\/2025\/11\/talking-bot-125x125.png","caption":"Telinha"},"sameAs":["https:\/\/portaltela.pt\/"],"url":"https:\/\/portaltela.pt\/por\/367410592786\/"}]}},"_links":{"self":[{"href":"https:\/\/portaltela.pt\/api\/wp\/v2\/posts\/430274","targetHints":{"allow":["GET"]}}],"collection":[{"href":"https:\/\/portaltela.pt\/api\/wp\/v2\/posts"}],"about":[{"href":"https:\/\/portaltela.pt\/api\/wp\/v2\/types\/post"}],"author":[{"embeddable":true,"href":"https:\/\/portaltela.pt\/api\/wp\/v2\/users\/2"}],"replies":[{"embeddable":true,"href":"https:\/\/portaltela.pt\/api\/wp\/v2\/comments?post=430274"}],"version-history":[{"count":0,"href":"https:\/\/portaltela.pt\/api\/wp\/v2\/posts\/430274\/revisions"}],"wp:featuredmedia":[{"embeddable":true,"href":"https:\/\/portaltela.pt\/api\/wp\/v2\/media\/430277"}],"wp:attachment":[{"href":"https:\/\/portaltela.pt\/api\/wp\/v2\/media?parent=430274"}],"wp:term":[{"taxonomy":"category","embeddable":true,"href":"https:\/\/portaltela.pt\/api\/wp\/v2\/categories?post=430274"},{"taxonomy":"post_tag","embeddable":true,"href":"https:\/\/portaltela.pt\/api\/wp\/v2\/tags?post=430274"}],"curies":[{"name":"wp","href":"https:\/\/api.w.org\/{rel}","templated":true}]}}