{"id":430239,"date":"2026-04-02T08:17:08","date_gmt":"2026-04-02T11:17:08","guid":{"rendered":"https:\/\/portaltela.pt\/noticias\/2026\/04\/02\/parlamento-aprova-alteracoes-a-lei-da-nacionalidade\/"},"modified":"2026-04-02T08:17:08","modified_gmt":"2026-04-02T11:17:08","slug":"parlamento-aprova-alteracoes-a-lei-da-nacionalidade","status":"publish","type":"post","link":"https:\/\/portaltela.pt\/noticias\/2026\/04\/02\/parlamento-aprova-alteracoes-a-lei-da-nacionalidade\/","title":{"rendered":"Parlamento aprova altera\u00e7\u00f5es \u00e0 lei da nacionalidade"},"content":{"rendered":"<p>O Parlamento aprovou altera\u00e7\u00f5es \u00e0 lei da nacionalidade. A decis\u00e3o foi anunciada no dia 2 de abril de 2026, em Lisboa, ap\u00f3s vota\u00e7\u00e3o marcada pela participa\u00e7\u00e3o de v\u00e1rias bancadas. A medida visa alterar norma de cidadania vigente, sem entrar em detalhes adicionais nesta edi\u00e7\u00e3o.<\/p>\n<p>A proposta obteve apoio dos blocos PSD, Chega, IL e CDS, segundo o registo oficial de vota\u00e7\u00e3o. N\u00e3o foram divulgadas informa\u00e7\u00f5es sobre o envolvimento de outras forma\u00e7\u00f5es ou sobre votos contr\u00e1rios ou de absten\u00e7\u00e3o nesse primeiro levantamento.<\/p>\n<h3>Contexto e pr\u00f3ximos passos<\/h3>\n<p>As altera\u00e7\u00f5es aprovadas passam a integrar o diploma em vigor, com entrada em vigor a definir por normas regulat\u00f3rias. O governo dever\u00e1 apresentar a regulamenta\u00e7\u00e3o necess\u00e1ria para operacionalizar as mudan\u00e7as, incluindo prazos e condi\u00e7\u00f5es aplic\u00e1veis.<\/p>\n<h3>Repercuss\u00e3o e impactos previstos<\/h3>\n<p>Analistas apontam que as altera\u00e7\u00f5es podem influenciar pedidos de nacionalidade e prazos de processamento. O parlamento dever\u00e1 acompanhar a aplica\u00e7\u00e3o pr\u00e1tica do texto, com eventuais ajustes por via de legisla\u00e7\u00e3o complementar.<\/p>\n","protected":false},"excerpt":{"rendered":"<ul>\n<li>O parlamento aprovou altera\u00e7\u00f5es \u00e0 lei da nacionalidade.<\/li>\n<li>A proposta recebeu votos a favor dos partidos PSD (Partido Social Democrata), Chega, Iniciativa Liberal (IL) e CDS (Centro Democr\u00e1tico e Social).<\/li>\n<li>A vota\u00e7\u00e3o teve lugar a 2 de abril de 2026, \u00e0s 12:08.<\/li>\n<li>A decis\u00e3o altera as regras relativas \u00e0 aquisi\u00e7\u00e3o da nacionalidade.<\/li>\n<\/ul>\n","protected":false},"author":2,"featured_media":430240,"comment_status":"closed","ping_status":"closed","sticky":false,"template":"","format":"standard","meta":{"footnotes":""},"categories":[6815,1],"tags":[6337,34,5539,43,2435,2832],"class_list":["post-430239","post","type-post","status-publish","format-standard","has-post-thumbnail","hentry","category-justica","category-noticias","tag-direito","tag-governo","tag-lei","tag-leis","tag-nacionalidade","tag-politica"],"yoast_head":"<!-- This site is optimized with the Yoast SEO plugin v27.2 - https:\/\/yoast.com\/product\/yoast-seo-wordpress\/ -->\n<title>Parlamento aprova altera\u00e7\u00f5es \u00e0 lei da nacionalidade - Portal Tela Portugal<\/title>\n<meta name=\"robots\" content=\"index, follow, max-snippet:-1, max-image-preview:large, max-video-preview:-1\" \/>\n<meta property=\"og:locale\" content=\"pt_PT\" \/>\n<meta property=\"og:type\" content=\"article\" \/>\n<meta property=\"og:title\" content=\"Parlamento aprova altera\u00e7\u00f5es \u00e0 lei da nacionalidade - Portal Tela Portugal\" \/>\n<meta property=\"og:description\" content=\"O parlamento aprovou altera\u00e7\u00f5es \u00e0 lei da nacionalidade. A proposta recebeu votos a favor dos partidos PSD (Partido Social Democrata), Chega, Iniciativa Liberal (IL) e CDS (Centro Democr\u00e1tico e Social). A vota\u00e7\u00e3o teve lugar a 2 de abril de 2026, \u00e0s 12:08. A decis\u00e3o altera as regras relativas \u00e0 aquisi\u00e7\u00e3o da nacionalidade.\" \/>\n<meta property=\"og:url\" content=\"https:\/\/portaltela.pt\/noticias\/2026\/04\/02\/parlamento-aprova-alteracoes-a-lei-da-nacionalidade\/\" \/>\n<meta property=\"og:site_name\" content=\"Portal Tela Portugal\" \/>\n<meta property=\"article:published_time\" content=\"2026-04-02T11:17:08+00:00\" \/>\n<meta name=\"author\" content=\"Telinha\" \/>\n<meta name=\"twitter:card\" content=\"summary_large_image\" \/>\n<meta name=\"twitter:label1\" content=\"Escrito por\" \/>\n\t<meta name=\"twitter:data1\" content=\"Telinha\" \/>\n\t<meta name=\"twitter:label2\" content=\"Tempo estimado de leitura\" \/>\n\t<meta name=\"twitter:data2\" content=\"1 minuto\" \/>\n<script type=\"application\/ld+json\" class=\"yoast-schema-graph\">{\"@context\":\"https:\/\/schema.org\",\"@graph\":[{\"@type\":\"Article\",\"@id\":\"https:\/\/portaltela.pt\/noticias\/2026\/04\/02\/parlamento-aprova-alteracoes-a-lei-da-nacionalidade\/#article\",\"isPartOf\":{\"@id\":\"https:\/\/portaltela.pt\/noticias\/2026\/04\/02\/parlamento-aprova-alteracoes-a-lei-da-nacionalidade\/\"},\"author\":{\"name\":\"Telinha\",\"@id\":\"https:\/\/portaltela.pt\/#\/schema\/person\/c4278d4a6028830caff9ee44b42d32ed\"},\"headline\":\"Parlamento aprova altera\u00e7\u00f5es \u00e0 lei da nacionalidade\",\"datePublished\":\"2026-04-02T11:17:08+00:00\",\"mainEntityOfPage\":{\"@id\":\"https:\/\/portaltela.pt\/noticias\/2026\/04\/02\/parlamento-aprova-alteracoes-a-lei-da-nacionalidade\/\"},\"wordCount\":185,\"image\":{\"@id\":\"https:\/\/portaltela.pt\/noticias\/2026\/04\/02\/parlamento-aprova-alteracoes-a-lei-da-nacionalidade\/#primaryimage\"},\"thumbnailUrl\":\"https:\/\/portaltela.pt\/s.01k8rhncp4jt1\/2026\/04\/img_1280x722uu2022-05-20-00-22-50-1151244.jpg\",\"keywords\":[\"direito\",\"governo\",\"lei\",\"leis\",\"nacionalidade\",\"pol\u00edtica\"],\"articleSection\":[\"Justi\u00e7a\",\"Not\u00edcias\"],\"inLanguage\":\"pt-PT\"},{\"@type\":\"WebPage\",\"@id\":\"https:\/\/portaltela.pt\/noticias\/2026\/04\/02\/parlamento-aprova-alteracoes-a-lei-da-nacionalidade\/\",\"url\":\"https:\/\/portaltela.pt\/noticias\/2026\/04\/02\/parlamento-aprova-alteracoes-a-lei-da-nacionalidade\/\",\"name\":\"Parlamento aprova altera\u00e7\u00f5es \u00e0 lei da nacionalidade - Portal Tela Portugal\",\"isPartOf\":{\"@id\":\"https:\/\/portaltela.pt\/#website\"},\"primaryImageOfPage\":{\"@id\":\"https:\/\/portaltela.pt\/noticias\/2026\/04\/02\/parlamento-aprova-alteracoes-a-lei-da-nacionalidade\/#primaryimage\"},\"image\":{\"@id\":\"https:\/\/portaltela.pt\/noticias\/2026\/04\/02\/parlamento-aprova-alteracoes-a-lei-da-nacionalidade\/#primaryimage\"},\"thumbnailUrl\":\"https:\/\/portaltela.pt\/s.01k8rhncp4jt1\/2026\/04\/img_1280x722uu2022-05-20-00-22-50-1151244.jpg\",\"datePublished\":\"2026-04-02T11:17:08+00:00\",\"author\":{\"@id\":\"https:\/\/portaltela.pt\/#\/schema\/person\/c4278d4a6028830caff9ee44b42d32ed\"},\"breadcrumb\":{\"@id\":\"https:\/\/portaltela.pt\/noticias\/2026\/04\/02\/parlamento-aprova-alteracoes-a-lei-da-nacionalidade\/#breadcrumb\"},\"inLanguage\":\"pt-PT\",\"potentialAction\":[{\"@type\":\"ReadAction\",\"target\":[\"https:\/\/portaltela.pt\/noticias\/2026\/04\/02\/parlamento-aprova-alteracoes-a-lei-da-nacionalidade\/\"]}]},{\"@type\":\"ImageObject\",\"inLanguage\":\"pt-PT\",\"@id\":\"https:\/\/portaltela.pt\/noticias\/2026\/04\/02\/parlamento-aprova-alteracoes-a-lei-da-nacionalidade\/#primaryimage\",\"url\":\"https:\/\/portaltela.pt\/s.01k8rhncp4jt1\/2026\/04\/img_1280x722uu2022-05-20-00-22-50-1151244.jpg\",\"contentUrl\":\"https:\/\/portaltela.pt\/s.01k8rhncp4jt1\/2026\/04\/img_1280x722uu2022-05-20-00-22-50-1151244.jpg\",\"width\":796,\"height\":448,\"caption\":\"Photo\"},{\"@type\":\"BreadcrumbList\",\"@id\":\"https:\/\/portaltela.pt\/noticias\/2026\/04\/02\/parlamento-aprova-alteracoes-a-lei-da-nacionalidade\/#breadcrumb\",\"itemListElement\":[{\"@type\":\"ListItem\",\"position\":1,\"name\":\"In\u00edcio\",\"item\":\"https:\/\/portaltela.pt\/\"},{\"@type\":\"ListItem\",\"position\":2,\"name\":\"Parlamento aprova altera\u00e7\u00f5es \u00e0 lei da nacionalidade\"}]},{\"@type\":\"WebSite\",\"@id\":\"https:\/\/portaltela.pt\/#website\",\"url\":\"https:\/\/portaltela.pt\/\",\"name\":\"Portal Tela Portugal\",\"description\":\"\",\"potentialAction\":[{\"@type\":\"SearchAction\",\"target\":{\"@type\":\"EntryPoint\",\"urlTemplate\":\"https:\/\/portaltela.pt\/?s={search_term_string}\"},\"query-input\":{\"@type\":\"PropertyValueSpecification\",\"valueRequired\":true,\"valueName\":\"search_term_string\"}}],\"inLanguage\":\"pt-PT\"},{\"@type\":\"Person\",\"@id\":\"https:\/\/portaltela.pt\/#\/schema\/person\/c4278d4a6028830caff9ee44b42d32ed\",\"name\":\"Telinha\",\"image\":{\"@type\":\"ImageObject\",\"inLanguage\":\"pt-PT\",\"@id\":\"https:\/\/portaltela.pt\/s.01k8rhncp4jt1\/2025\/11\/talking-bot-125x125.png\",\"url\":\"https:\/\/portaltela.pt\/s.01k8rhncp4jt1\/2025\/11\/talking-bot-125x125.png\",\"contentUrl\":\"https:\/\/portaltela.pt\/s.01k8rhncp4jt1\/2025\/11\/talking-bot-125x125.png\",\"caption\":\"Telinha\"},\"sameAs\":[\"https:\/\/portaltela.pt\/\"],\"url\":\"https:\/\/portaltela.pt\/por\/367410592786\/\"}]}<\/script>\n<!-- \/ Yoast SEO plugin. -->","yoast_head_json":{"title":"Parlamento aprova altera\u00e7\u00f5es \u00e0 lei da nacionalidade - Portal Tela Portugal","robots":{"index":"index","follow":"follow","max-snippet":"max-snippet:-1","max-image-preview":"max-image-preview:large","max-video-preview":"max-video-preview:-1"},"og_locale":"pt_PT","og_type":"article","og_title":"Parlamento aprova altera\u00e7\u00f5es \u00e0 lei da nacionalidade - Portal Tela Portugal","og_description":"O parlamento aprovou altera\u00e7\u00f5es \u00e0 lei da nacionalidade. A proposta recebeu votos a favor dos partidos PSD (Partido Social Democrata), Chega, Iniciativa Liberal (IL) e CDS (Centro Democr\u00e1tico e Social). A vota\u00e7\u00e3o teve lugar a 2 de abril de 2026, \u00e0s 12:08. A decis\u00e3o altera as regras relativas \u00e0 aquisi\u00e7\u00e3o da nacionalidade.","og_url":"https:\/\/portaltela.pt\/noticias\/2026\/04\/02\/parlamento-aprova-alteracoes-a-lei-da-nacionalidade\/","og_site_name":"Portal Tela Portugal","article_published_time":"2026-04-02T11:17:08+00:00","author":"Telinha","twitter_card":"summary_large_image","twitter_misc":{"Escrito por":"Telinha","Tempo estimado de leitura":"1 minuto"},"schema":{"@context":"https:\/\/schema.org","@graph":[{"@type":"Article","@id":"https:\/\/portaltela.pt\/noticias\/2026\/04\/02\/parlamento-aprova-alteracoes-a-lei-da-nacionalidade\/#article","isPartOf":{"@id":"https:\/\/portaltela.pt\/noticias\/2026\/04\/02\/parlamento-aprova-alteracoes-a-lei-da-nacionalidade\/"},"author":{"name":"Telinha","@id":"https:\/\/portaltela.pt\/#\/schema\/person\/c4278d4a6028830caff9ee44b42d32ed"},"headline":"Parlamento aprova altera\u00e7\u00f5es \u00e0 lei da nacionalidade","datePublished":"2026-04-02T11:17:08+00:00","mainEntityOfPage":{"@id":"https:\/\/portaltela.pt\/noticias\/2026\/04\/02\/parlamento-aprova-alteracoes-a-lei-da-nacionalidade\/"},"wordCount":185,"image":{"@id":"https:\/\/portaltela.pt\/noticias\/2026\/04\/02\/parlamento-aprova-alteracoes-a-lei-da-nacionalidade\/#primaryimage"},"thumbnailUrl":"https:\/\/portaltela.pt\/s.01k8rhncp4jt1\/2026\/04\/img_1280x722uu2022-05-20-00-22-50-1151244.jpg","keywords":["direito","governo","lei","leis","nacionalidade","pol\u00edtica"],"articleSection":["Justi\u00e7a","Not\u00edcias"],"inLanguage":"pt-PT"},{"@type":"WebPage","@id":"https:\/\/portaltela.pt\/noticias\/2026\/04\/02\/parlamento-aprova-alteracoes-a-lei-da-nacionalidade\/","url":"https:\/\/portaltela.pt\/noticias\/2026\/04\/02\/parlamento-aprova-alteracoes-a-lei-da-nacionalidade\/","name":"Parlamento aprova altera\u00e7\u00f5es \u00e0 lei da nacionalidade - Portal Tela Portugal","isPartOf":{"@id":"https:\/\/portaltela.pt\/#website"},"primaryImageOfPage":{"@id":"https:\/\/portaltela.pt\/noticias\/2026\/04\/02\/parlamento-aprova-alteracoes-a-lei-da-nacionalidade\/#primaryimage"},"image":{"@id":"https:\/\/portaltela.pt\/noticias\/2026\/04\/02\/parlamento-aprova-alteracoes-a-lei-da-nacionalidade\/#primaryimage"},"thumbnailUrl":"https:\/\/portaltela.pt\/s.01k8rhncp4jt1\/2026\/04\/img_1280x722uu2022-05-20-00-22-50-1151244.jpg","datePublished":"2026-04-02T11:17:08+00:00","author":{"@id":"https:\/\/portaltela.pt\/#\/schema\/person\/c4278d4a6028830caff9ee44b42d32ed"},"breadcrumb":{"@id":"https:\/\/portaltela.pt\/noticias\/2026\/04\/02\/parlamento-aprova-alteracoes-a-lei-da-nacionalidade\/#breadcrumb"},"inLanguage":"pt-PT","potentialAction":[{"@type":"ReadAction","target":["https:\/\/portaltela.pt\/noticias\/2026\/04\/02\/parlamento-aprova-alteracoes-a-lei-da-nacionalidade\/"]}]},{"@type":"ImageObject","inLanguage":"pt-PT","@id":"https:\/\/portaltela.pt\/noticias\/2026\/04\/02\/parlamento-aprova-alteracoes-a-lei-da-nacionalidade\/#primaryimage","url":"https:\/\/portaltela.pt\/s.01k8rhncp4jt1\/2026\/04\/img_1280x722uu2022-05-20-00-22-50-1151244.jpg","contentUrl":"https:\/\/portaltela.pt\/s.01k8rhncp4jt1\/2026\/04\/img_1280x722uu2022-05-20-00-22-50-1151244.jpg","width":796,"height":448,"caption":"Photo"},{"@type":"BreadcrumbList","@id":"https:\/\/portaltela.pt\/noticias\/2026\/04\/02\/parlamento-aprova-alteracoes-a-lei-da-nacionalidade\/#breadcrumb","itemListElement":[{"@type":"ListItem","position":1,"name":"In\u00edcio","item":"https:\/\/portaltela.pt\/"},{"@type":"ListItem","position":2,"name":"Parlamento aprova altera\u00e7\u00f5es \u00e0 lei da nacionalidade"}]},{"@type":"WebSite","@id":"https:\/\/portaltela.pt\/#website","url":"https:\/\/portaltela.pt\/","name":"Portal Tela Portugal","description":"","potentialAction":[{"@type":"SearchAction","target":{"@type":"EntryPoint","urlTemplate":"https:\/\/portaltela.pt\/?s={search_term_string}"},"query-input":{"@type":"PropertyValueSpecification","valueRequired":true,"valueName":"search_term_string"}}],"inLanguage":"pt-PT"},{"@type":"Person","@id":"https:\/\/portaltela.pt\/#\/schema\/person\/c4278d4a6028830caff9ee44b42d32ed","name":"Telinha","image":{"@type":"ImageObject","inLanguage":"pt-PT","@id":"https:\/\/portaltela.pt\/s.01k8rhncp4jt1\/2025\/11\/talking-bot-125x125.png","url":"https:\/\/portaltela.pt\/s.01k8rhncp4jt1\/2025\/11\/talking-bot-125x125.png","contentUrl":"https:\/\/portaltela.pt\/s.01k8rhncp4jt1\/2025\/11\/talking-bot-125x125.png","caption":"Telinha"},"sameAs":["https:\/\/portaltela.pt\/"],"url":"https:\/\/portaltela.pt\/por\/367410592786\/"}]}},"_links":{"self":[{"href":"https:\/\/portaltela.pt\/api\/wp\/v2\/posts\/430239","targetHints":{"allow":["GET"]}}],"collection":[{"href":"https:\/\/portaltela.pt\/api\/wp\/v2\/posts"}],"about":[{"href":"https:\/\/portaltela.pt\/api\/wp\/v2\/types\/post"}],"author":[{"embeddable":true,"href":"https:\/\/portaltela.pt\/api\/wp\/v2\/users\/2"}],"replies":[{"embeddable":true,"href":"https:\/\/portaltela.pt\/api\/wp\/v2\/comments?post=430239"}],"version-history":[{"count":0,"href":"https:\/\/portaltela.pt\/api\/wp\/v2\/posts\/430239\/revisions"}],"wp:featuredmedia":[{"embeddable":true,"href":"https:\/\/portaltela.pt\/api\/wp\/v2\/media\/430240"}],"wp:attachment":[{"href":"https:\/\/portaltela.pt\/api\/wp\/v2\/media?parent=430239"}],"wp:term":[{"taxonomy":"category","embeddable":true,"href":"https:\/\/portaltela.pt\/api\/wp\/v2\/categories?post=430239"},{"taxonomy":"post_tag","embeddable":true,"href":"https:\/\/portaltela.pt\/api\/wp\/v2\/tags?post=430239"}],"curies":[{"name":"wp","href":"https:\/\/api.w.org\/{rel}","templated":true}]}}