{"id":430235,"date":"2026-04-02T08:02:43","date_gmt":"2026-04-02T11:02:43","guid":{"rendered":"https:\/\/portaltela.pt\/noticias\/2026\/04\/02\/dia-internacional-da-verificacao-de-factos-aborda-desinformacao-criada-por-ia\/"},"modified":"2026-04-02T08:02:43","modified_gmt":"2026-04-02T11:02:43","slug":"dia-internacional-da-verificacao-de-factos-aborda-desinformacao-criada-por-ia","status":"publish","type":"post","link":"https:\/\/portaltela.pt\/tecnologia\/2026\/04\/02\/dia-internacional-da-verificacao-de-factos-aborda-desinformacao-criada-por-ia\/","title":{"rendered":"Dia Internacional da Verifica\u00e7\u00e3o de Factos aborda desinforma\u00e7\u00e3o criada por IA"},"content":{"rendered":"<p>No d\u00e9cimo Dia Internacional da Verifica\u00e7\u00e3o de Factos, organiza\u00e7\u00f5es e investigadores alertam para a crescente desinforma\u00e7\u00e3o gerada por IA. O objetivo \u00e9 distinguir conte\u00fados aut\u00eanticos de imagens ou v\u00eddeos produzidos por algoritmos, especialmente em per\u00edodos de conflitos ou elei\u00e7\u00f5es.<\/p>\n<p>Estudos indicam que muitas pessoas n\u00e3o conseguem distinguir entre material criado por humanos e por IA. Em um inqu\u00e9rito com 27 mil pessoas de 27 pa\u00edses da UE, quase metade classificou manchetes criadas por IA como realistas. A percep\u00e7\u00e3o de veracidade influencia a partilha dessas informa\u00e7\u00f5es.<\/p>\n<p>Para identificar conte\u00fados manipulados, recomenda-se procurar pistas visuais em v\u00eddeos e imagens. Sinais como objetos distorcidos, dedos a mais ou ilumina\u00e7\u00e3o excessiva podem indicar gera\u00e7\u00e3o por IA, ainda que evolu\u00edram com o tempo.<\/p>\n<h3>Procedimentos de verifica\u00e7\u00e3o<\/h3>\n<p>Oi\u00e7a-se a verifica\u00e7\u00e3o t\u00e9cnica atrav\u00e9s de uma busca inversa de imagens, usando motores como Google ou TinEye, para encontrar a origem e o momento de publica\u00e7\u00e3o. Metadados ou marcas de \u00e1gua podem ajudar, embora nem sempre sejam confi\u00e1veis.<\/p>\n<p>Solu\u00e7\u00f5es t\u00e9cnicas surgem para sinalizar conte\u00fados gerados por IA. Por exemplo, algumas ferramentas podem detectar assinaturas digitais escondidas ou marcas de \u00e1gua vis\u00edveis, mas a aus\u00eancia de marcas n\u00e3o \u00e9 prova de autenticidade.<\/p>\n<h3>Fontes e refer\u00eancias<\/h3>\n<p>Organiza\u00e7\u00f5es europeias de verifica\u00e7\u00e3o, como EFCSN, EDMO e EUvsDisinfo, publicam tend\u00eancias e desmentidos sobre desinforma\u00e7\u00e3o gerada por IA. Base de dados de \u201cKnown Fakes\u201d agrega verifica\u00e7\u00f5es realizadas por jornalistas e fact-checkers.<\/p>\n<p>Algumas plataformas indicam que conte\u00fados gerados por IA podem incorporar marcas espec\u00edficas, como o SynthID em determinadas imagens criadas com IA da Google. Existem ainda bases p\u00fablicas com orienta\u00e7\u00f5es sobre conte\u00fados desmentidos.<\/p>\n<h3>Recomenda\u00e7\u00f5es para utilizadores<\/h3>\n<p>Especialistas aconselham confirmar o conte\u00fado antes de partilhar, consultar v\u00e1rias fontes e verificar se o tema \u00e9 discutido por entidades reconhecidas. Interlocutores na \u00e1rea destacam a necessidade de manter o ceticismo ante conte\u00fados de alto impacto emocional.<\/p>\n<p>A recomenda\u00e7\u00e3o \u00e9 manter a calma, analisar contexto e evitar decis\u00f5es r\u00e1pidas de partilha. A desinforma\u00e7\u00e3o gerada por IA continua a exigir ferramentas e h\u00e1bitos de verifica\u00e7\u00e3o mais robustos.<\/p>\n","protected":false},"excerpt":{"rendered":"<ul>\n<li>No Dia Internacional da Verifica\u00e7\u00e3o de Factos, enfatiza-se a identifica\u00e7\u00e3o de desinforma\u00e7\u00e3o gerada por IA.<\/li>\n<li>Um estudo na revista PNAS Nexus, com 27 mil pessoas de 27 pa\u00edses da UE, avaliou oito t\u00edtulos, entre humanos e IA, medindo verosimilhan\u00e7a.<\/li>\n<li>Quase metade das manchetes criadas por IA foi considerada real na avalia\u00e7\u00e3o dos inquiridos, em contraste com 44% das escritas por humanos.<\/li>\n<li>As pessoas mostraram maior propens\u00e3o a partilhar ou confiar numa not\u00edcia gerada por IA, se conectada a um acontecimento real, mas recusaram partilhar se fosse falsa.<\/li>\n<li>Regras pr\u00e1ticas incluem procurar pistas visuais e investigar o conte\u00fado via pesquisa inversa, ferramentas de metadados, marcas de \u00e1gua e fontes de verifica\u00e7\u00e3o de factos na Europa (EFCSN, EDMO, EUvsDisinfo) e bases como a Database of Known Fakes.<\/li>\n<\/ul>\n","protected":false},"author":2,"featured_media":430236,"comment_status":"closed","ping_status":"closed","sticky":false,"template":"","format":"standard","meta":{"footnotes":""},"categories":[6716],"tags":[5534,1469,5563,51,5707],"class_list":["post-430235","post","type-post","status-publish","format-standard","has-post-thumbnail","hentry","category-tecnologia","tag-comunicacao-publica","tag-desinformacao","tag-informacao-publica","tag-inteligencia-artificial","tag-jornalistas"],"yoast_head":"<!-- This site is optimized with the Yoast SEO plugin v27.2 - https:\/\/yoast.com\/product\/yoast-seo-wordpress\/ -->\n<title>Dia Internacional da Verifica\u00e7\u00e3o de Factos aborda desinforma\u00e7\u00e3o criada por IA - Portal Tela Portugal<\/title>\n<meta name=\"robots\" content=\"index, follow, max-snippet:-1, max-image-preview:large, max-video-preview:-1\" \/>\n<meta property=\"og:locale\" content=\"pt_PT\" \/>\n<meta property=\"og:type\" content=\"article\" \/>\n<meta property=\"og:title\" content=\"Dia Internacional da Verifica\u00e7\u00e3o de Factos aborda desinforma\u00e7\u00e3o criada por IA - Portal Tela Portugal\" \/>\n<meta property=\"og:description\" content=\"No Dia Internacional da Verifica\u00e7\u00e3o de Factos, enfatiza-se a identifica\u00e7\u00e3o de desinforma\u00e7\u00e3o gerada por IA. Um estudo na revista PNAS Nexus, com 27 mil pessoas de 27 pa\u00edses da UE, avaliou oito t\u00edtulos, entre humanos e IA, medindo verosimilhan\u00e7a. Quase metade das manchetes criadas por IA foi considerada real na avalia\u00e7\u00e3o dos inquiridos, em contraste com 44% das escritas por humanos. As pessoas mostraram maior propens\u00e3o a partilhar ou confiar numa not\u00edcia gerada por IA, se conectada a um acontecimento real, mas recusaram partilhar se fosse falsa. Regras pr\u00e1ticas incluem procurar pistas visuais e investigar o conte\u00fado via pesquisa inversa, ferramentas de metadados, marcas de \u00e1gua e fontes de verifica\u00e7\u00e3o de factos na Europa (EFCSN, EDMO, EUvsDisinfo) e bases como a Database of Known Fakes.\" \/>\n<meta property=\"og:url\" content=\"https:\/\/portaltela.pt\/noticias\/2026\/04\/02\/dia-internacional-da-verificacao-de-factos-aborda-desinformacao-criada-por-ia\/\" \/>\n<meta property=\"og:site_name\" content=\"Portal Tela Portugal\" \/>\n<meta property=\"article:published_time\" content=\"2026-04-02T11:02:43+00:00\" \/>\n<meta name=\"author\" content=\"Telinha\" \/>\n<meta name=\"twitter:card\" content=\"summary_large_image\" \/>\n<meta name=\"twitter:label1\" content=\"Escrito por\" \/>\n\t<meta name=\"twitter:data1\" content=\"Telinha\" \/>\n\t<meta name=\"twitter:label2\" content=\"Tempo estimado de leitura\" \/>\n\t<meta name=\"twitter:data2\" content=\"2 minutos\" \/>\n<script type=\"application\/ld+json\" class=\"yoast-schema-graph\">{\"@context\":\"https:\/\/schema.org\",\"@graph\":[{\"@type\":\"Article\",\"@id\":\"https:\/\/portaltela.pt\/noticias\/2026\/04\/02\/dia-internacional-da-verificacao-de-factos-aborda-desinformacao-criada-por-ia\/#article\",\"isPartOf\":{\"@id\":\"https:\/\/portaltela.pt\/noticias\/2026\/04\/02\/dia-internacional-da-verificacao-de-factos-aborda-desinformacao-criada-por-ia\/\"},\"author\":{\"name\":\"Telinha\",\"@id\":\"https:\/\/portaltela.pt\/#\/schema\/person\/c4278d4a6028830caff9ee44b42d32ed\"},\"headline\":\"Dia Internacional da Verifica\u00e7\u00e3o de Factos aborda desinforma\u00e7\u00e3o criada por IA\",\"datePublished\":\"2026-04-02T11:02:43+00:00\",\"mainEntityOfPage\":{\"@id\":\"https:\/\/portaltela.pt\/noticias\/2026\/04\/02\/dia-internacional-da-verificacao-de-factos-aborda-desinformacao-criada-por-ia\/\"},\"wordCount\":387,\"image\":{\"@id\":\"https:\/\/portaltela.pt\/noticias\/2026\/04\/02\/dia-internacional-da-verificacao-de-factos-aborda-desinformacao-criada-por-ia\/#primaryimage\"},\"thumbnailUrl\":\"https:\/\/portaltela.pt\/s.01k8rhncp4jt1\/2026\/04\/1536x864_cmsv2_a8bdfaf2-6e5e-5816-bb55-a7f785392db2-9707743.jpg\",\"keywords\":[\"comunica\u00e7\u00e3o p\u00fablica\",\"desinforma\u00e7\u00e3o\",\"informa\u00e7\u00e3o p\u00fablica\",\"intelig\u00eancia artificial\",\"jornalistas\"],\"articleSection\":[\"Tecnologia\"],\"inLanguage\":\"pt-PT\"},{\"@type\":\"WebPage\",\"@id\":\"https:\/\/portaltela.pt\/noticias\/2026\/04\/02\/dia-internacional-da-verificacao-de-factos-aborda-desinformacao-criada-por-ia\/\",\"url\":\"https:\/\/portaltela.pt\/noticias\/2026\/04\/02\/dia-internacional-da-verificacao-de-factos-aborda-desinformacao-criada-por-ia\/\",\"name\":\"Dia Internacional da Verifica\u00e7\u00e3o de Factos aborda desinforma\u00e7\u00e3o criada por IA - Portal Tela Portugal\",\"isPartOf\":{\"@id\":\"https:\/\/portaltela.pt\/#website\"},\"primaryImageOfPage\":{\"@id\":\"https:\/\/portaltela.pt\/noticias\/2026\/04\/02\/dia-internacional-da-verificacao-de-factos-aborda-desinformacao-criada-por-ia\/#primaryimage\"},\"image\":{\"@id\":\"https:\/\/portaltela.pt\/noticias\/2026\/04\/02\/dia-internacional-da-verificacao-de-factos-aborda-desinformacao-criada-por-ia\/#primaryimage\"},\"thumbnailUrl\":\"https:\/\/portaltela.pt\/s.01k8rhncp4jt1\/2026\/04\/1536x864_cmsv2_a8bdfaf2-6e5e-5816-bb55-a7f785392db2-9707743.jpg\",\"datePublished\":\"2026-04-02T11:02:43+00:00\",\"author\":{\"@id\":\"https:\/\/portaltela.pt\/#\/schema\/person\/c4278d4a6028830caff9ee44b42d32ed\"},\"breadcrumb\":{\"@id\":\"https:\/\/portaltela.pt\/noticias\/2026\/04\/02\/dia-internacional-da-verificacao-de-factos-aborda-desinformacao-criada-por-ia\/#breadcrumb\"},\"inLanguage\":\"pt-PT\",\"potentialAction\":[{\"@type\":\"ReadAction\",\"target\":[\"https:\/\/portaltela.pt\/noticias\/2026\/04\/02\/dia-internacional-da-verificacao-de-factos-aborda-desinformacao-criada-por-ia\/\"]}]},{\"@type\":\"ImageObject\",\"inLanguage\":\"pt-PT\",\"@id\":\"https:\/\/portaltela.pt\/noticias\/2026\/04\/02\/dia-internacional-da-verificacao-de-factos-aborda-desinformacao-criada-por-ia\/#primaryimage\",\"url\":\"https:\/\/portaltela.pt\/s.01k8rhncp4jt1\/2026\/04\/1536x864_cmsv2_a8bdfaf2-6e5e-5816-bb55-a7f785392db2-9707743.jpg\",\"contentUrl\":\"https:\/\/portaltela.pt\/s.01k8rhncp4jt1\/2026\/04\/1536x864_cmsv2_a8bdfaf2-6e5e-5816-bb55-a7f785392db2-9707743.jpg\",\"width\":796,\"height\":448,\"caption\":\"Para identificar imagens ou v\u00eddeos gerados por IA, fa\u00e7a pesquisa independente, procure ind\u00edcios e ou\u00e7a especialistas em verifica\u00e7\u00e3o de factos\"},{\"@type\":\"BreadcrumbList\",\"@id\":\"https:\/\/portaltela.pt\/noticias\/2026\/04\/02\/dia-internacional-da-verificacao-de-factos-aborda-desinformacao-criada-por-ia\/#breadcrumb\",\"itemListElement\":[{\"@type\":\"ListItem\",\"position\":1,\"name\":\"In\u00edcio\",\"item\":\"https:\/\/portaltela.pt\/\"},{\"@type\":\"ListItem\",\"position\":2,\"name\":\"Dia Internacional da Verifica\u00e7\u00e3o de Factos aborda desinforma\u00e7\u00e3o criada por IA\"}]},{\"@type\":\"WebSite\",\"@id\":\"https:\/\/portaltela.pt\/#website\",\"url\":\"https:\/\/portaltela.pt\/\",\"name\":\"Portal Tela Portugal\",\"description\":\"\",\"potentialAction\":[{\"@type\":\"SearchAction\",\"target\":{\"@type\":\"EntryPoint\",\"urlTemplate\":\"https:\/\/portaltela.pt\/?s={search_term_string}\"},\"query-input\":{\"@type\":\"PropertyValueSpecification\",\"valueRequired\":true,\"valueName\":\"search_term_string\"}}],\"inLanguage\":\"pt-PT\"},{\"@type\":\"Person\",\"@id\":\"https:\/\/portaltela.pt\/#\/schema\/person\/c4278d4a6028830caff9ee44b42d32ed\",\"name\":\"Telinha\",\"image\":{\"@type\":\"ImageObject\",\"inLanguage\":\"pt-PT\",\"@id\":\"https:\/\/portaltela.pt\/s.01k8rhncp4jt1\/2025\/11\/talking-bot-125x125.png\",\"url\":\"https:\/\/portaltela.pt\/s.01k8rhncp4jt1\/2025\/11\/talking-bot-125x125.png\",\"contentUrl\":\"https:\/\/portaltela.pt\/s.01k8rhncp4jt1\/2025\/11\/talking-bot-125x125.png\",\"caption\":\"Telinha\"},\"sameAs\":[\"https:\/\/portaltela.pt\/\"],\"url\":\"https:\/\/portaltela.pt\/por\/367410592786\/\"}]}<\/script>\n<!-- \/ Yoast SEO plugin. -->","yoast_head_json":{"title":"Dia Internacional da Verifica\u00e7\u00e3o de Factos aborda desinforma\u00e7\u00e3o criada por IA - Portal Tela Portugal","robots":{"index":"index","follow":"follow","max-snippet":"max-snippet:-1","max-image-preview":"max-image-preview:large","max-video-preview":"max-video-preview:-1"},"og_locale":"pt_PT","og_type":"article","og_title":"Dia Internacional da Verifica\u00e7\u00e3o de Factos aborda desinforma\u00e7\u00e3o criada por IA - Portal Tela Portugal","og_description":"No Dia Internacional da Verifica\u00e7\u00e3o de Factos, enfatiza-se a identifica\u00e7\u00e3o de desinforma\u00e7\u00e3o gerada por IA. Um estudo na revista PNAS Nexus, com 27 mil pessoas de 27 pa\u00edses da UE, avaliou oito t\u00edtulos, entre humanos e IA, medindo verosimilhan\u00e7a. Quase metade das manchetes criadas por IA foi considerada real na avalia\u00e7\u00e3o dos inquiridos, em contraste com 44% das escritas por humanos. As pessoas mostraram maior propens\u00e3o a partilhar ou confiar numa not\u00edcia gerada por IA, se conectada a um acontecimento real, mas recusaram partilhar se fosse falsa. Regras pr\u00e1ticas incluem procurar pistas visuais e investigar o conte\u00fado via pesquisa inversa, ferramentas de metadados, marcas de \u00e1gua e fontes de verifica\u00e7\u00e3o de factos na Europa (EFCSN, EDMO, EUvsDisinfo) e bases como a Database of Known Fakes.","og_url":"https:\/\/portaltela.pt\/noticias\/2026\/04\/02\/dia-internacional-da-verificacao-de-factos-aborda-desinformacao-criada-por-ia\/","og_site_name":"Portal Tela Portugal","article_published_time":"2026-04-02T11:02:43+00:00","author":"Telinha","twitter_card":"summary_large_image","twitter_misc":{"Escrito por":"Telinha","Tempo estimado de leitura":"2 minutos"},"schema":{"@context":"https:\/\/schema.org","@graph":[{"@type":"Article","@id":"https:\/\/portaltela.pt\/noticias\/2026\/04\/02\/dia-internacional-da-verificacao-de-factos-aborda-desinformacao-criada-por-ia\/#article","isPartOf":{"@id":"https:\/\/portaltela.pt\/noticias\/2026\/04\/02\/dia-internacional-da-verificacao-de-factos-aborda-desinformacao-criada-por-ia\/"},"author":{"name":"Telinha","@id":"https:\/\/portaltela.pt\/#\/schema\/person\/c4278d4a6028830caff9ee44b42d32ed"},"headline":"Dia Internacional da Verifica\u00e7\u00e3o de Factos aborda desinforma\u00e7\u00e3o criada por IA","datePublished":"2026-04-02T11:02:43+00:00","mainEntityOfPage":{"@id":"https:\/\/portaltela.pt\/noticias\/2026\/04\/02\/dia-internacional-da-verificacao-de-factos-aborda-desinformacao-criada-por-ia\/"},"wordCount":387,"image":{"@id":"https:\/\/portaltela.pt\/noticias\/2026\/04\/02\/dia-internacional-da-verificacao-de-factos-aborda-desinformacao-criada-por-ia\/#primaryimage"},"thumbnailUrl":"https:\/\/portaltela.pt\/s.01k8rhncp4jt1\/2026\/04\/1536x864_cmsv2_a8bdfaf2-6e5e-5816-bb55-a7f785392db2-9707743.jpg","keywords":["comunica\u00e7\u00e3o p\u00fablica","desinforma\u00e7\u00e3o","informa\u00e7\u00e3o p\u00fablica","intelig\u00eancia artificial","jornalistas"],"articleSection":["Tecnologia"],"inLanguage":"pt-PT"},{"@type":"WebPage","@id":"https:\/\/portaltela.pt\/noticias\/2026\/04\/02\/dia-internacional-da-verificacao-de-factos-aborda-desinformacao-criada-por-ia\/","url":"https:\/\/portaltela.pt\/noticias\/2026\/04\/02\/dia-internacional-da-verificacao-de-factos-aborda-desinformacao-criada-por-ia\/","name":"Dia Internacional da Verifica\u00e7\u00e3o de Factos aborda desinforma\u00e7\u00e3o criada por IA - Portal Tela Portugal","isPartOf":{"@id":"https:\/\/portaltela.pt\/#website"},"primaryImageOfPage":{"@id":"https:\/\/portaltela.pt\/noticias\/2026\/04\/02\/dia-internacional-da-verificacao-de-factos-aborda-desinformacao-criada-por-ia\/#primaryimage"},"image":{"@id":"https:\/\/portaltela.pt\/noticias\/2026\/04\/02\/dia-internacional-da-verificacao-de-factos-aborda-desinformacao-criada-por-ia\/#primaryimage"},"thumbnailUrl":"https:\/\/portaltela.pt\/s.01k8rhncp4jt1\/2026\/04\/1536x864_cmsv2_a8bdfaf2-6e5e-5816-bb55-a7f785392db2-9707743.jpg","datePublished":"2026-04-02T11:02:43+00:00","author":{"@id":"https:\/\/portaltela.pt\/#\/schema\/person\/c4278d4a6028830caff9ee44b42d32ed"},"breadcrumb":{"@id":"https:\/\/portaltela.pt\/noticias\/2026\/04\/02\/dia-internacional-da-verificacao-de-factos-aborda-desinformacao-criada-por-ia\/#breadcrumb"},"inLanguage":"pt-PT","potentialAction":[{"@type":"ReadAction","target":["https:\/\/portaltela.pt\/noticias\/2026\/04\/02\/dia-internacional-da-verificacao-de-factos-aborda-desinformacao-criada-por-ia\/"]}]},{"@type":"ImageObject","inLanguage":"pt-PT","@id":"https:\/\/portaltela.pt\/noticias\/2026\/04\/02\/dia-internacional-da-verificacao-de-factos-aborda-desinformacao-criada-por-ia\/#primaryimage","url":"https:\/\/portaltela.pt\/s.01k8rhncp4jt1\/2026\/04\/1536x864_cmsv2_a8bdfaf2-6e5e-5816-bb55-a7f785392db2-9707743.jpg","contentUrl":"https:\/\/portaltela.pt\/s.01k8rhncp4jt1\/2026\/04\/1536x864_cmsv2_a8bdfaf2-6e5e-5816-bb55-a7f785392db2-9707743.jpg","width":796,"height":448,"caption":"Para identificar imagens ou v\u00eddeos gerados por IA, fa\u00e7a pesquisa independente, procure ind\u00edcios e ou\u00e7a especialistas em verifica\u00e7\u00e3o de factos"},{"@type":"BreadcrumbList","@id":"https:\/\/portaltela.pt\/noticias\/2026\/04\/02\/dia-internacional-da-verificacao-de-factos-aborda-desinformacao-criada-por-ia\/#breadcrumb","itemListElement":[{"@type":"ListItem","position":1,"name":"In\u00edcio","item":"https:\/\/portaltela.pt\/"},{"@type":"ListItem","position":2,"name":"Dia Internacional da Verifica\u00e7\u00e3o de Factos aborda desinforma\u00e7\u00e3o criada por IA"}]},{"@type":"WebSite","@id":"https:\/\/portaltela.pt\/#website","url":"https:\/\/portaltela.pt\/","name":"Portal Tela Portugal","description":"","potentialAction":[{"@type":"SearchAction","target":{"@type":"EntryPoint","urlTemplate":"https:\/\/portaltela.pt\/?s={search_term_string}"},"query-input":{"@type":"PropertyValueSpecification","valueRequired":true,"valueName":"search_term_string"}}],"inLanguage":"pt-PT"},{"@type":"Person","@id":"https:\/\/portaltela.pt\/#\/schema\/person\/c4278d4a6028830caff9ee44b42d32ed","name":"Telinha","image":{"@type":"ImageObject","inLanguage":"pt-PT","@id":"https:\/\/portaltela.pt\/s.01k8rhncp4jt1\/2025\/11\/talking-bot-125x125.png","url":"https:\/\/portaltela.pt\/s.01k8rhncp4jt1\/2025\/11\/talking-bot-125x125.png","contentUrl":"https:\/\/portaltela.pt\/s.01k8rhncp4jt1\/2025\/11\/talking-bot-125x125.png","caption":"Telinha"},"sameAs":["https:\/\/portaltela.pt\/"],"url":"https:\/\/portaltela.pt\/por\/367410592786\/"}]}},"_links":{"self":[{"href":"https:\/\/portaltela.pt\/api\/wp\/v2\/posts\/430235","targetHints":{"allow":["GET"]}}],"collection":[{"href":"https:\/\/portaltela.pt\/api\/wp\/v2\/posts"}],"about":[{"href":"https:\/\/portaltela.pt\/api\/wp\/v2\/types\/post"}],"author":[{"embeddable":true,"href":"https:\/\/portaltela.pt\/api\/wp\/v2\/users\/2"}],"replies":[{"embeddable":true,"href":"https:\/\/portaltela.pt\/api\/wp\/v2\/comments?post=430235"}],"version-history":[{"count":0,"href":"https:\/\/portaltela.pt\/api\/wp\/v2\/posts\/430235\/revisions"}],"wp:featuredmedia":[{"embeddable":true,"href":"https:\/\/portaltela.pt\/api\/wp\/v2\/media\/430236"}],"wp:attachment":[{"href":"https:\/\/portaltela.pt\/api\/wp\/v2\/media?parent=430235"}],"wp:term":[{"taxonomy":"category","embeddable":true,"href":"https:\/\/portaltela.pt\/api\/wp\/v2\/categories?post=430235"},{"taxonomy":"post_tag","embeddable":true,"href":"https:\/\/portaltela.pt\/api\/wp\/v2\/tags?post=430235"}],"curies":[{"name":"wp","href":"https:\/\/api.w.org\/{rel}","templated":true}]}}