{"id":430223,"date":"2026-04-02T08:02:31","date_gmt":"2026-04-02T11:02:31","guid":{"rendered":"https:\/\/portaltela.pt\/noticias\/2026\/04\/02\/il-e-cds-defendem-melhorias-na-constituicao-esquerda-rejeita-revisoes\/"},"modified":"2026-04-02T08:02:31","modified_gmt":"2026-04-02T11:02:31","slug":"il-e-cds-defendem-melhorias-na-constituicao-esquerda-rejeita-revisoes","status":"publish","type":"post","link":"https:\/\/portaltela.pt\/noticias\/politica\/2026\/04\/02\/il-e-cds-defendem-melhorias-na-constituicao-esquerda-rejeita-revisoes\/","title":{"rendered":"IL e CDS defendem melhorias na Constitui\u00e7\u00e3o; Esquerda rejeita revis\u00f5es"},"content":{"rendered":"<p>A sess\u00e3o solene, realizada no Parlamento para comemorar os 50 anos da Constitui\u00e7\u00e3o da Rep\u00fablica Portuguesa, colocou frente a frente posi\u00e7\u00f5es da direita liberal e do CDS com o n\u00facleo da esquerda. IL e CDS defenderam que a CRP, aprovada h\u00e1 meio s\u00e9culo, n\u00e3o \u00e9 intoc\u00e1vel e podem ser alvo de melhorias, enquanto a Esquerda rejeitou a ideia de rever a lei fundamental.<\/p>\n<p>Mariana Leit\u00e3o, presidente da Iniciativa Liberal, sublinhou que as sete revis\u00f5es constitucionais j\u00e1 realizadas permitiram mudan\u00e7as no pa\u00eds. A l\u00edder liberal destacou que a Constitui\u00e7\u00e3o n\u00e3o tem donos, \u00e9 viva e exige atualiza\u00e7\u00f5es para funcionar plenamente.<\/p>\n<p>Momentos antes, o CDS-PP recordou a posi\u00e7\u00e3o hist\u00f3rica do partido, que em 1976 votou contra a Constitui\u00e7\u00e3o, defendendo que Portugal merecia um caminho diferente. O partido afirmou estar dispon\u00edvel para futuras melhorias, mantendo o respeito pela hist\u00f3ria nacional.<\/p>\n<h3>Ponto de vista da esquerda<\/h3>\n<p>Do lado esquerdo, o Livre afirmou que o pa\u00eds enfrenta problemas graves \u2014 habita\u00e7\u00e3o, sa\u00fade e interior urbano \u2014 mas que n\u00e3o justificam altera\u00e7\u00f5es profundas \u00e0 CRP. O deputado ressaltou que o conte\u00fado b\u00e1sico n\u00e3o deve ceder a perfeccionismos pol\u00edticos.<\/p>\n<p>O PCP real\u00e7ou a import\u00e2ncia da CRP como refer\u00eancia hist\u00f3rica, destacando que o texto acompanhou o processo democr\u00e1tico apesar de cr\u00edticas e tentativas de altera\u00e7\u00f5es. O parlamentar alertou para o risco de retrocesso caso se avance com mudan\u00e7as constitucionais.<\/p>\n<p>O BE enalteceu a abrang\u00eancia alcan\u00e7ada pela Constitui\u00e7\u00e3o, enfatizando que n\u00e3o pertence a um \u00fanico partido, mas \u00e0 conviv\u00eancia democr\u00e1tica. J\u00e1 o PAN admitiu melhorias, desde que n\u00e3o haja c\u00e1lculos pol\u00edticos que visem destruir o atual contrato social.<\/p>\n<p>O JPP defendeu manter a CRP como marco da democracia, acrescentando que o texto deve ser honrado com a promo\u00e7\u00e3o dos direitos sociais, dos servi\u00e7os p\u00fablicos e do reconhecimento de autonomias regionais.<\/p>\n","protected":false},"excerpt":{"rendered":"<ul>\n<li>IL e CDS defenderam que a Constitui\u00e7\u00e3o da Rep\u00fablica Portuguesa, aprovada h\u00e1 50 anos, n\u00e3o \u00e9 intoc\u00e1vel e devem ocorrer melhorias no texto.<\/li>\n<li>A presidente da Iniciativa Liberal, Mariana Leit\u00e3o, destacou que a CRP \u00e9 um documento vivo que precisa de atualiza\u00e7\u00e3o e envolvimento c\u00edvico.<\/li>\n<li>O Chega informou que vai apresentar um novo processo de revis\u00e3o; CDS afirmou estar dispon\u00edvel para melhorar a Constitui\u00e7\u00e3o, mantendo o respeito pela sua hist\u00f3ria.<\/li>\n<li>Do lado da esquerda, o Livre rejeitou a ideia de que os problemas do pa\u00eds se resolvem com altera\u00e7\u00f5es constitucionais; PCP, BE, PAN e JPP enfatizaram a defesa da atual carta constitucional com foco em direitos e servi\u00e7os p\u00fablicos.<\/li>\n<li>PCP descreveu a CRP como vit\u00f3ria da coragem; BE elogiou a amplitude conquistada; PAN admitiu melhorias sem destruir o contrato social; JPP destacou a prote\u00e7\u00e3o de direitos sociais e das autonomias regionais.<\/li>\n<\/ul>\n","protected":false},"author":2,"featured_media":430227,"comment_status":"closed","ping_status":"closed","sticky":false,"template":"","format":"standard","meta":{"footnotes":""},"categories":[1,5],"tags":[7711,4057,2633,4408,2832,1014],"class_list":["post-430223","post","type-post","status-publish","format-standard","has-post-thumbnail","hentry","category-noticias","category-politica","tag-autonomias-regionais","tag-constituicao","tag-direitos-humanos","tag-direitos-sociais","tag-politica","tag-portugal"],"yoast_head":"<!-- This site is optimized with the Yoast SEO plugin v27.2 - https:\/\/yoast.com\/product\/yoast-seo-wordpress\/ -->\n<title>IL e CDS defendem melhorias na Constitui\u00e7\u00e3o; Esquerda rejeita revis\u00f5es - Portal Tela Portugal<\/title>\n<meta name=\"robots\" content=\"index, follow, max-snippet:-1, max-image-preview:large, max-video-preview:-1\" \/>\n<meta property=\"og:locale\" content=\"pt_PT\" \/>\n<meta property=\"og:type\" content=\"article\" \/>\n<meta property=\"og:title\" content=\"IL e CDS defendem melhorias na Constitui\u00e7\u00e3o; Esquerda rejeita revis\u00f5es - Portal Tela Portugal\" \/>\n<meta property=\"og:description\" content=\"IL e CDS defenderam que a Constitui\u00e7\u00e3o da Rep\u00fablica Portuguesa, aprovada h\u00e1 50 anos, n\u00e3o \u00e9 intoc\u00e1vel e devem ocorrer melhorias no texto. A presidente da Iniciativa Liberal, Mariana Leit\u00e3o, destacou que a CRP \u00e9 um documento vivo que precisa de atualiza\u00e7\u00e3o e envolvimento c\u00edvico. O Chega informou que vai apresentar um novo processo de revis\u00e3o; CDS afirmou estar dispon\u00edvel para melhorar a Constitui\u00e7\u00e3o, mantendo o respeito pela sua hist\u00f3ria. Do lado da esquerda, o Livre rejeitou a ideia de que os problemas do pa\u00eds se resolvem com altera\u00e7\u00f5es constitucionais; PCP, BE, PAN e JPP enfatizaram a defesa da atual carta constitucional com foco em direitos e servi\u00e7os p\u00fablicos. PCP descreveu a CRP como vit\u00f3ria da coragem; BE elogiou a amplitude conquistada; PAN admitiu melhorias sem destruir o contrato social; JPP destacou a prote\u00e7\u00e3o de direitos sociais e das autonomias regionais.\" \/>\n<meta property=\"og:url\" content=\"https:\/\/portaltela.pt\/noticias\/2026\/04\/02\/il-e-cds-defendem-melhorias-na-constituicao-esquerda-rejeita-revisoes\/\" \/>\n<meta property=\"og:site_name\" content=\"Portal Tela Portugal\" \/>\n<meta property=\"article:published_time\" content=\"2026-04-02T11:02:31+00:00\" \/>\n<meta name=\"author\" content=\"Telinha\" \/>\n<meta name=\"twitter:card\" content=\"summary_large_image\" \/>\n<meta name=\"twitter:label1\" content=\"Escrito por\" \/>\n\t<meta name=\"twitter:data1\" content=\"Telinha\" \/>\n\t<meta name=\"twitter:label2\" content=\"Tempo estimado de leitura\" \/>\n\t<meta name=\"twitter:data2\" content=\"2 minutos\" \/>\n<script type=\"application\/ld+json\" class=\"yoast-schema-graph\">{\"@context\":\"https:\/\/schema.org\",\"@graph\":[{\"@type\":\"Article\",\"@id\":\"https:\/\/portaltela.pt\/noticias\/2026\/04\/02\/il-e-cds-defendem-melhorias-na-constituicao-esquerda-rejeita-revisoes\/#article\",\"isPartOf\":{\"@id\":\"https:\/\/portaltela.pt\/noticias\/2026\/04\/02\/il-e-cds-defendem-melhorias-na-constituicao-esquerda-rejeita-revisoes\/\"},\"author\":{\"name\":\"Telinha\",\"@id\":\"https:\/\/portaltela.pt\/#\/schema\/person\/c4278d4a6028830caff9ee44b42d32ed\"},\"headline\":\"IL e CDS defendem melhorias na Constitui\u00e7\u00e3o; Esquerda rejeita revis\u00f5es\",\"datePublished\":\"2026-04-02T11:02:31+00:00\",\"mainEntityOfPage\":{\"@id\":\"https:\/\/portaltela.pt\/noticias\/2026\/04\/02\/il-e-cds-defendem-melhorias-na-constituicao-esquerda-rejeita-revisoes\/\"},\"wordCount\":345,\"image\":{\"@id\":\"https:\/\/portaltela.pt\/noticias\/2026\/04\/02\/il-e-cds-defendem-melhorias-na-constituicao-esquerda-rejeita-revisoes\/#primaryimage\"},\"thumbnailUrl\":\"https:\/\/portaltela.pt\/s.01k8rhncp4jt1\/2026\/04\/image-81.jpg\",\"keywords\":[\"autonomias regionais\",\"constitui\u00e7\u00e3o\",\"direitos humanos\",\"direitos sociais\",\"pol\u00edtica\",\"Portugal\"],\"articleSection\":[\"Not\u00edcias\",\"Pol\u00edtica\"],\"inLanguage\":\"pt-PT\"},{\"@type\":\"WebPage\",\"@id\":\"https:\/\/portaltela.pt\/noticias\/2026\/04\/02\/il-e-cds-defendem-melhorias-na-constituicao-esquerda-rejeita-revisoes\/\",\"url\":\"https:\/\/portaltela.pt\/noticias\/2026\/04\/02\/il-e-cds-defendem-melhorias-na-constituicao-esquerda-rejeita-revisoes\/\",\"name\":\"IL e CDS defendem melhorias na Constitui\u00e7\u00e3o; Esquerda rejeita revis\u00f5es - Portal Tela Portugal\",\"isPartOf\":{\"@id\":\"https:\/\/portaltela.pt\/#website\"},\"primaryImageOfPage\":{\"@id\":\"https:\/\/portaltela.pt\/noticias\/2026\/04\/02\/il-e-cds-defendem-melhorias-na-constituicao-esquerda-rejeita-revisoes\/#primaryimage\"},\"image\":{\"@id\":\"https:\/\/portaltela.pt\/noticias\/2026\/04\/02\/il-e-cds-defendem-melhorias-na-constituicao-esquerda-rejeita-revisoes\/#primaryimage\"},\"thumbnailUrl\":\"https:\/\/portaltela.pt\/s.01k8rhncp4jt1\/2026\/04\/image-81.jpg\",\"datePublished\":\"2026-04-02T11:02:31+00:00\",\"author\":{\"@id\":\"https:\/\/portaltela.pt\/#\/schema\/person\/c4278d4a6028830caff9ee44b42d32ed\"},\"breadcrumb\":{\"@id\":\"https:\/\/portaltela.pt\/noticias\/2026\/04\/02\/il-e-cds-defendem-melhorias-na-constituicao-esquerda-rejeita-revisoes\/#breadcrumb\"},\"inLanguage\":\"pt-PT\",\"potentialAction\":[{\"@type\":\"ReadAction\",\"target\":[\"https:\/\/portaltela.pt\/noticias\/2026\/04\/02\/il-e-cds-defendem-melhorias-na-constituicao-esquerda-rejeita-revisoes\/\"]}]},{\"@type\":\"ImageObject\",\"inLanguage\":\"pt-PT\",\"@id\":\"https:\/\/portaltela.pt\/noticias\/2026\/04\/02\/il-e-cds-defendem-melhorias-na-constituicao-esquerda-rejeita-revisoes\/#primaryimage\",\"url\":\"https:\/\/portaltela.pt\/s.01k8rhncp4jt1\/2026\/04\/image-81.jpg\",\"contentUrl\":\"https:\/\/portaltela.pt\/s.01k8rhncp4jt1\/2026\/04\/image-81.jpg\",\"width\":796,\"height\":448,\"caption\":\"A presidente da Iniciativa Liberal, Mariana Leit\u00e3o\"},{\"@type\":\"BreadcrumbList\",\"@id\":\"https:\/\/portaltela.pt\/noticias\/2026\/04\/02\/il-e-cds-defendem-melhorias-na-constituicao-esquerda-rejeita-revisoes\/#breadcrumb\",\"itemListElement\":[{\"@type\":\"ListItem\",\"position\":1,\"name\":\"In\u00edcio\",\"item\":\"https:\/\/portaltela.pt\/\"},{\"@type\":\"ListItem\",\"position\":2,\"name\":\"IL e CDS defendem melhorias na Constitui\u00e7\u00e3o; Esquerda rejeita revis\u00f5es\"}]},{\"@type\":\"WebSite\",\"@id\":\"https:\/\/portaltela.pt\/#website\",\"url\":\"https:\/\/portaltela.pt\/\",\"name\":\"Portal Tela Portugal\",\"description\":\"\",\"potentialAction\":[{\"@type\":\"SearchAction\",\"target\":{\"@type\":\"EntryPoint\",\"urlTemplate\":\"https:\/\/portaltela.pt\/?s={search_term_string}\"},\"query-input\":{\"@type\":\"PropertyValueSpecification\",\"valueRequired\":true,\"valueName\":\"search_term_string\"}}],\"inLanguage\":\"pt-PT\"},{\"@type\":\"Person\",\"@id\":\"https:\/\/portaltela.pt\/#\/schema\/person\/c4278d4a6028830caff9ee44b42d32ed\",\"name\":\"Telinha\",\"image\":{\"@type\":\"ImageObject\",\"inLanguage\":\"pt-PT\",\"@id\":\"https:\/\/portaltela.pt\/s.01k8rhncp4jt1\/2025\/11\/talking-bot-125x125.png\",\"url\":\"https:\/\/portaltela.pt\/s.01k8rhncp4jt1\/2025\/11\/talking-bot-125x125.png\",\"contentUrl\":\"https:\/\/portaltela.pt\/s.01k8rhncp4jt1\/2025\/11\/talking-bot-125x125.png\",\"caption\":\"Telinha\"},\"sameAs\":[\"https:\/\/portaltela.pt\/\"],\"url\":\"https:\/\/portaltela.pt\/por\/367410592786\/\"}]}<\/script>\n<!-- \/ Yoast SEO plugin. -->","yoast_head_json":{"title":"IL e CDS defendem melhorias na Constitui\u00e7\u00e3o; Esquerda rejeita revis\u00f5es - Portal Tela Portugal","robots":{"index":"index","follow":"follow","max-snippet":"max-snippet:-1","max-image-preview":"max-image-preview:large","max-video-preview":"max-video-preview:-1"},"og_locale":"pt_PT","og_type":"article","og_title":"IL e CDS defendem melhorias na Constitui\u00e7\u00e3o; Esquerda rejeita revis\u00f5es - Portal Tela Portugal","og_description":"IL e CDS defenderam que a Constitui\u00e7\u00e3o da Rep\u00fablica Portuguesa, aprovada h\u00e1 50 anos, n\u00e3o \u00e9 intoc\u00e1vel e devem ocorrer melhorias no texto. A presidente da Iniciativa Liberal, Mariana Leit\u00e3o, destacou que a CRP \u00e9 um documento vivo que precisa de atualiza\u00e7\u00e3o e envolvimento c\u00edvico. O Chega informou que vai apresentar um novo processo de revis\u00e3o; CDS afirmou estar dispon\u00edvel para melhorar a Constitui\u00e7\u00e3o, mantendo o respeito pela sua hist\u00f3ria. Do lado da esquerda, o Livre rejeitou a ideia de que os problemas do pa\u00eds se resolvem com altera\u00e7\u00f5es constitucionais; PCP, BE, PAN e JPP enfatizaram a defesa da atual carta constitucional com foco em direitos e servi\u00e7os p\u00fablicos. PCP descreveu a CRP como vit\u00f3ria da coragem; BE elogiou a amplitude conquistada; PAN admitiu melhorias sem destruir o contrato social; JPP destacou a prote\u00e7\u00e3o de direitos sociais e das autonomias regionais.","og_url":"https:\/\/portaltela.pt\/noticias\/2026\/04\/02\/il-e-cds-defendem-melhorias-na-constituicao-esquerda-rejeita-revisoes\/","og_site_name":"Portal Tela Portugal","article_published_time":"2026-04-02T11:02:31+00:00","author":"Telinha","twitter_card":"summary_large_image","twitter_misc":{"Escrito por":"Telinha","Tempo estimado de leitura":"2 minutos"},"schema":{"@context":"https:\/\/schema.org","@graph":[{"@type":"Article","@id":"https:\/\/portaltela.pt\/noticias\/2026\/04\/02\/il-e-cds-defendem-melhorias-na-constituicao-esquerda-rejeita-revisoes\/#article","isPartOf":{"@id":"https:\/\/portaltela.pt\/noticias\/2026\/04\/02\/il-e-cds-defendem-melhorias-na-constituicao-esquerda-rejeita-revisoes\/"},"author":{"name":"Telinha","@id":"https:\/\/portaltela.pt\/#\/schema\/person\/c4278d4a6028830caff9ee44b42d32ed"},"headline":"IL e CDS defendem melhorias na Constitui\u00e7\u00e3o; Esquerda rejeita revis\u00f5es","datePublished":"2026-04-02T11:02:31+00:00","mainEntityOfPage":{"@id":"https:\/\/portaltela.pt\/noticias\/2026\/04\/02\/il-e-cds-defendem-melhorias-na-constituicao-esquerda-rejeita-revisoes\/"},"wordCount":345,"image":{"@id":"https:\/\/portaltela.pt\/noticias\/2026\/04\/02\/il-e-cds-defendem-melhorias-na-constituicao-esquerda-rejeita-revisoes\/#primaryimage"},"thumbnailUrl":"https:\/\/portaltela.pt\/s.01k8rhncp4jt1\/2026\/04\/image-81.jpg","keywords":["autonomias regionais","constitui\u00e7\u00e3o","direitos humanos","direitos sociais","pol\u00edtica","Portugal"],"articleSection":["Not\u00edcias","Pol\u00edtica"],"inLanguage":"pt-PT"},{"@type":"WebPage","@id":"https:\/\/portaltela.pt\/noticias\/2026\/04\/02\/il-e-cds-defendem-melhorias-na-constituicao-esquerda-rejeita-revisoes\/","url":"https:\/\/portaltela.pt\/noticias\/2026\/04\/02\/il-e-cds-defendem-melhorias-na-constituicao-esquerda-rejeita-revisoes\/","name":"IL e CDS defendem melhorias na Constitui\u00e7\u00e3o; Esquerda rejeita revis\u00f5es - Portal Tela Portugal","isPartOf":{"@id":"https:\/\/portaltela.pt\/#website"},"primaryImageOfPage":{"@id":"https:\/\/portaltela.pt\/noticias\/2026\/04\/02\/il-e-cds-defendem-melhorias-na-constituicao-esquerda-rejeita-revisoes\/#primaryimage"},"image":{"@id":"https:\/\/portaltela.pt\/noticias\/2026\/04\/02\/il-e-cds-defendem-melhorias-na-constituicao-esquerda-rejeita-revisoes\/#primaryimage"},"thumbnailUrl":"https:\/\/portaltela.pt\/s.01k8rhncp4jt1\/2026\/04\/image-81.jpg","datePublished":"2026-04-02T11:02:31+00:00","author":{"@id":"https:\/\/portaltela.pt\/#\/schema\/person\/c4278d4a6028830caff9ee44b42d32ed"},"breadcrumb":{"@id":"https:\/\/portaltela.pt\/noticias\/2026\/04\/02\/il-e-cds-defendem-melhorias-na-constituicao-esquerda-rejeita-revisoes\/#breadcrumb"},"inLanguage":"pt-PT","potentialAction":[{"@type":"ReadAction","target":["https:\/\/portaltela.pt\/noticias\/2026\/04\/02\/il-e-cds-defendem-melhorias-na-constituicao-esquerda-rejeita-revisoes\/"]}]},{"@type":"ImageObject","inLanguage":"pt-PT","@id":"https:\/\/portaltela.pt\/noticias\/2026\/04\/02\/il-e-cds-defendem-melhorias-na-constituicao-esquerda-rejeita-revisoes\/#primaryimage","url":"https:\/\/portaltela.pt\/s.01k8rhncp4jt1\/2026\/04\/image-81.jpg","contentUrl":"https:\/\/portaltela.pt\/s.01k8rhncp4jt1\/2026\/04\/image-81.jpg","width":796,"height":448,"caption":"A presidente da Iniciativa Liberal, Mariana Leit\u00e3o"},{"@type":"BreadcrumbList","@id":"https:\/\/portaltela.pt\/noticias\/2026\/04\/02\/il-e-cds-defendem-melhorias-na-constituicao-esquerda-rejeita-revisoes\/#breadcrumb","itemListElement":[{"@type":"ListItem","position":1,"name":"In\u00edcio","item":"https:\/\/portaltela.pt\/"},{"@type":"ListItem","position":2,"name":"IL e CDS defendem melhorias na Constitui\u00e7\u00e3o; Esquerda rejeita revis\u00f5es"}]},{"@type":"WebSite","@id":"https:\/\/portaltela.pt\/#website","url":"https:\/\/portaltela.pt\/","name":"Portal Tela Portugal","description":"","potentialAction":[{"@type":"SearchAction","target":{"@type":"EntryPoint","urlTemplate":"https:\/\/portaltela.pt\/?s={search_term_string}"},"query-input":{"@type":"PropertyValueSpecification","valueRequired":true,"valueName":"search_term_string"}}],"inLanguage":"pt-PT"},{"@type":"Person","@id":"https:\/\/portaltela.pt\/#\/schema\/person\/c4278d4a6028830caff9ee44b42d32ed","name":"Telinha","image":{"@type":"ImageObject","inLanguage":"pt-PT","@id":"https:\/\/portaltela.pt\/s.01k8rhncp4jt1\/2025\/11\/talking-bot-125x125.png","url":"https:\/\/portaltela.pt\/s.01k8rhncp4jt1\/2025\/11\/talking-bot-125x125.png","contentUrl":"https:\/\/portaltela.pt\/s.01k8rhncp4jt1\/2025\/11\/talking-bot-125x125.png","caption":"Telinha"},"sameAs":["https:\/\/portaltela.pt\/"],"url":"https:\/\/portaltela.pt\/por\/367410592786\/"}]}},"_links":{"self":[{"href":"https:\/\/portaltela.pt\/api\/wp\/v2\/posts\/430223","targetHints":{"allow":["GET"]}}],"collection":[{"href":"https:\/\/portaltela.pt\/api\/wp\/v2\/posts"}],"about":[{"href":"https:\/\/portaltela.pt\/api\/wp\/v2\/types\/post"}],"author":[{"embeddable":true,"href":"https:\/\/portaltela.pt\/api\/wp\/v2\/users\/2"}],"replies":[{"embeddable":true,"href":"https:\/\/portaltela.pt\/api\/wp\/v2\/comments?post=430223"}],"version-history":[{"count":0,"href":"https:\/\/portaltela.pt\/api\/wp\/v2\/posts\/430223\/revisions"}],"wp:featuredmedia":[{"embeddable":true,"href":"https:\/\/portaltela.pt\/api\/wp\/v2\/media\/430227"}],"wp:attachment":[{"href":"https:\/\/portaltela.pt\/api\/wp\/v2\/media?parent=430223"}],"wp:term":[{"taxonomy":"category","embeddable":true,"href":"https:\/\/portaltela.pt\/api\/wp\/v2\/categories?post=430223"},{"taxonomy":"post_tag","embeddable":true,"href":"https:\/\/portaltela.pt\/api\/wp\/v2\/tags?post=430223"}],"curies":[{"name":"wp","href":"https:\/\/api.w.org\/{rel}","templated":true}]}}