{"id":430221,"date":"2026-04-02T08:02:30","date_gmt":"2026-04-02T11:02:30","guid":{"rendered":"https:\/\/portaltela.pt\/noticias\/2026\/04\/02\/benfica-tenta-contratar-guerreiro-juventus-atravessa-o-caminho\/"},"modified":"2026-04-02T08:02:30","modified_gmt":"2026-04-02T11:02:30","slug":"benfica-tenta-contratar-guerreiro-juventus-atravessa-o-caminho","status":"publish","type":"post","link":"https:\/\/portaltela.pt\/desporto\/futebol\/2026\/04\/02\/benfica-tenta-contratar-guerreiro-juventus-atravessa-o-caminho\/","title":{"rendered":"Benfica tenta contratar Guerreiro, Juventus atravessa o caminho"},"content":{"rendered":"<p>Rapha\u00ebl Guerreiro voltou a estar em foco na imprensa italiana nesta semana, ap\u00f3s o an\u00fancio de que deixar\u00e1 o Bayern de Munique no final da \u00e9poca. A Juventus, que j\u00e1 mostrou interesse no jogador, ter\u00e1 apresentado uma proposta de 3 milh\u00f5es de euros para assegurar os servi\u00e7os do lateral portugu\u00eas, que aufere cerca de 4,2 milh\u00f5es de euros l\u00edquidos por temporada em Munique.<\/p>\n<p>O interesse do jogador tamb\u00e9m envolve o Benfica. De acordo com informa\u00e7\u00f5es j\u00e1 avan\u00e7adas pelo Record, Guerreiro encara com bons olhos uma poss\u00edvel mudan\u00e7a para a Luz no pr\u00f3ximo ver\u00e3o. O jogador, nascido em Fran\u00e7a, tem uma liga\u00e7\u00e3o especial ao clube lisboeta e gostaria de atuar no futebol portugu\u00eas no futuro, desde que a transfer\u00eancia se materialize em moldes vi\u00e1veis para ambas as partes.<\/p>\n<h3>Juventus avan\u00e7a na negocia\u00e7\u00e3o<\/h3>\n<p>Segundo o jornal italiano Tuttosport, a Juve intensificou as conversas para contratar Guerreiro, aproveitando o final de contrato com o Bayern. A inten\u00e7\u00e3o \u00e9 refor\u00e7ar o leque de op\u00e7\u00f5es do lado esquerdo, onde o elenco bianconero procura melhorias para a pr\u00f3xima \u00e9poca.<\/p>\n<h3>Benfica na equa\u00e7\u00e3o<\/h3>\n<p>O interesse encabe\u00e7ado pela massa adepta encarnada surge como uma poss\u00edvel op\u00e7\u00e3o, dependendo de como se desenrolarem as conversas entre Guerreiro, o Benfica e os seus representantes. Rui Costa, diretor desportivo, e Jos\u00e9 Mourinho, treinador da equipa, est\u00e3o a mapear o plantel para a temporada seguinte, avaliando cen\u00e1rios e custos.<\/p>\n","protected":false},"excerpt":{"rendered":"<ul>\n<li>A Juventus voltou a demonstrar interesse em contratar Rapha\u00ebl Guerreiro, oferecendo 3 milh\u00f5es de euros, numa altura em que o jogador vai deixar o Bayern de Munique no final da \u00e9poca.<\/li>\n<li>Segundo o Tuttosport, Guerreiro recebe 4,2 milh\u00f5es de euros l\u00edquidos por \u00e9poca no Bayern.<\/li>\n<li>Existe tamb\u00e9m interesse do Benfica; o jogador v\u00ea com bons olhos uma poss\u00edvel mudan\u00e7a para a Luz no ver\u00e3o.<\/li>\n<li>Guerreiro tem prefer\u00eancia por jogar em Portugal e nutre simpatia pelo Benfica, ap\u00f3s passagens pela sele\u00e7\u00e3o nacional.<\/li>\n<li>A concretiza\u00e7\u00e3o depende de Rui Costa e de Jos\u00e9 Mourinho, que est\u00e3o a planear o plantel para a pr\u00f3xima temporada.<\/li>\n<\/ul>\n","protected":false},"author":2,"featured_media":430224,"comment_status":"closed","ping_status":"closed","sticky":false,"template":"","format":"standard","meta":{"footnotes":""},"categories":[21,24],"tags":[1720,1946,32,1983,50,7684],"class_list":["post-430221","post","type-post","status-publish","format-standard","has-post-thumbnail","hentry","category-desporto","category-futebol","tag-bayern-munique","tag-benfica","tag-futebol","tag-juventus","tag-mercado-da-bola","tag-raphael-guerreiro"],"yoast_head":"<!-- This site is optimized with the Yoast SEO plugin v27.2 - https:\/\/yoast.com\/product\/yoast-seo-wordpress\/ -->\n<title>Benfica tenta contratar Guerreiro, Juventus atravessa o caminho - Portal Tela Portugal<\/title>\n<meta name=\"robots\" content=\"index, follow, max-snippet:-1, max-image-preview:large, max-video-preview:-1\" \/>\n<meta property=\"og:locale\" content=\"pt_PT\" \/>\n<meta property=\"og:type\" content=\"article\" \/>\n<meta property=\"og:title\" content=\"Benfica tenta contratar Guerreiro, Juventus atravessa o caminho - Portal Tela Portugal\" \/>\n<meta property=\"og:description\" content=\"A Juventus voltou a demonstrar interesse em contratar Rapha\u00ebl Guerreiro, oferecendo 3 milh\u00f5es de euros, numa altura em que o jogador vai deixar o Bayern de Munique no final da \u00e9poca. Segundo o Tuttosport, Guerreiro recebe 4,2 milh\u00f5es de euros l\u00edquidos por \u00e9poca no Bayern. Existe tamb\u00e9m interesse do Benfica; o jogador v\u00ea com bons olhos uma poss\u00edvel mudan\u00e7a para a Luz no ver\u00e3o. Guerreiro tem prefer\u00eancia por jogar em Portugal e nutre simpatia pelo Benfica, ap\u00f3s passagens pela sele\u00e7\u00e3o nacional. A concretiza\u00e7\u00e3o depende de Rui Costa e de Jos\u00e9 Mourinho, que est\u00e3o a planear o plantel para a pr\u00f3xima temporada.\" \/>\n<meta property=\"og:url\" content=\"https:\/\/portaltela.pt\/noticias\/2026\/04\/02\/benfica-tenta-contratar-guerreiro-juventus-atravessa-o-caminho\/\" \/>\n<meta property=\"og:site_name\" content=\"Portal Tela Portugal\" \/>\n<meta property=\"article:published_time\" content=\"2026-04-02T11:02:30+00:00\" \/>\n<meta name=\"author\" content=\"Telinha\" \/>\n<meta name=\"twitter:card\" content=\"summary_large_image\" \/>\n<meta name=\"twitter:label1\" content=\"Escrito por\" \/>\n\t<meta name=\"twitter:data1\" content=\"Telinha\" \/>\n\t<meta name=\"twitter:label2\" content=\"Tempo estimado de leitura\" \/>\n\t<meta name=\"twitter:data2\" content=\"1 minuto\" \/>\n<script type=\"application\/ld+json\" class=\"yoast-schema-graph\">{\"@context\":\"https:\/\/schema.org\",\"@graph\":[{\"@type\":\"Article\",\"@id\":\"https:\/\/portaltela.pt\/noticias\/2026\/04\/02\/benfica-tenta-contratar-guerreiro-juventus-atravessa-o-caminho\/#article\",\"isPartOf\":{\"@id\":\"https:\/\/portaltela.pt\/noticias\/2026\/04\/02\/benfica-tenta-contratar-guerreiro-juventus-atravessa-o-caminho\/\"},\"author\":{\"name\":\"Telinha\",\"@id\":\"https:\/\/portaltela.pt\/#\/schema\/person\/c4278d4a6028830caff9ee44b42d32ed\"},\"headline\":\"Benfica tenta contratar Guerreiro, Juventus atravessa o caminho\",\"datePublished\":\"2026-04-02T11:02:30+00:00\",\"mainEntityOfPage\":{\"@id\":\"https:\/\/portaltela.pt\/noticias\/2026\/04\/02\/benfica-tenta-contratar-guerreiro-juventus-atravessa-o-caminho\/\"},\"wordCount\":263,\"image\":{\"@id\":\"https:\/\/portaltela.pt\/noticias\/2026\/04\/02\/benfica-tenta-contratar-guerreiro-juventus-atravessa-o-caminho\/#primaryimage\"},\"thumbnailUrl\":\"https:\/\/portaltela.pt\/s.01k8rhncp4jt1\/2026\/04\/img_920x518uu2026-04-02-11-56-57-2430661-im-639107278304676806.jpg\",\"keywords\":[\"Bayern Munique\",\"Benfica\",\"futebol\",\"Juventus\",\"mercado da bola\",\"Rapha\u00ebl Guerreiro\"],\"articleSection\":[\"Desporto\",\"Futebol\"],\"inLanguage\":\"pt-PT\"},{\"@type\":\"WebPage\",\"@id\":\"https:\/\/portaltela.pt\/noticias\/2026\/04\/02\/benfica-tenta-contratar-guerreiro-juventus-atravessa-o-caminho\/\",\"url\":\"https:\/\/portaltela.pt\/noticias\/2026\/04\/02\/benfica-tenta-contratar-guerreiro-juventus-atravessa-o-caminho\/\",\"name\":\"Benfica tenta contratar Guerreiro, Juventus atravessa o caminho - Portal Tela Portugal\",\"isPartOf\":{\"@id\":\"https:\/\/portaltela.pt\/#website\"},\"primaryImageOfPage\":{\"@id\":\"https:\/\/portaltela.pt\/noticias\/2026\/04\/02\/benfica-tenta-contratar-guerreiro-juventus-atravessa-o-caminho\/#primaryimage\"},\"image\":{\"@id\":\"https:\/\/portaltela.pt\/noticias\/2026\/04\/02\/benfica-tenta-contratar-guerreiro-juventus-atravessa-o-caminho\/#primaryimage\"},\"thumbnailUrl\":\"https:\/\/portaltela.pt\/s.01k8rhncp4jt1\/2026\/04\/img_920x518uu2026-04-02-11-56-57-2430661-im-639107278304676806.jpg\",\"datePublished\":\"2026-04-02T11:02:30+00:00\",\"author\":{\"@id\":\"https:\/\/portaltela.pt\/#\/schema\/person\/c4278d4a6028830caff9ee44b42d32ed\"},\"breadcrumb\":{\"@id\":\"https:\/\/portaltela.pt\/noticias\/2026\/04\/02\/benfica-tenta-contratar-guerreiro-juventus-atravessa-o-caminho\/#breadcrumb\"},\"inLanguage\":\"pt-PT\",\"potentialAction\":[{\"@type\":\"ReadAction\",\"target\":[\"https:\/\/portaltela.pt\/noticias\/2026\/04\/02\/benfica-tenta-contratar-guerreiro-juventus-atravessa-o-caminho\/\"]}]},{\"@type\":\"ImageObject\",\"inLanguage\":\"pt-PT\",\"@id\":\"https:\/\/portaltela.pt\/noticias\/2026\/04\/02\/benfica-tenta-contratar-guerreiro-juventus-atravessa-o-caminho\/#primaryimage\",\"url\":\"https:\/\/portaltela.pt\/s.01k8rhncp4jt1\/2026\/04\/img_920x518uu2026-04-02-11-56-57-2430661-im-639107278304676806.jpg\",\"contentUrl\":\"https:\/\/portaltela.pt\/s.01k8rhncp4jt1\/2026\/04\/img_920x518uu2026-04-02-11-56-57-2430661-im-639107278304676806.jpg\",\"width\":796,\"height\":448,\"caption\":\"Rapha\u00ebl Guerreiro\"},{\"@type\":\"BreadcrumbList\",\"@id\":\"https:\/\/portaltela.pt\/noticias\/2026\/04\/02\/benfica-tenta-contratar-guerreiro-juventus-atravessa-o-caminho\/#breadcrumb\",\"itemListElement\":[{\"@type\":\"ListItem\",\"position\":1,\"name\":\"In\u00edcio\",\"item\":\"https:\/\/portaltela.pt\/\"},{\"@type\":\"ListItem\",\"position\":2,\"name\":\"Benfica tenta contratar Guerreiro, Juventus atravessa o caminho\"}]},{\"@type\":\"WebSite\",\"@id\":\"https:\/\/portaltela.pt\/#website\",\"url\":\"https:\/\/portaltela.pt\/\",\"name\":\"Portal Tela Portugal\",\"description\":\"\",\"potentialAction\":[{\"@type\":\"SearchAction\",\"target\":{\"@type\":\"EntryPoint\",\"urlTemplate\":\"https:\/\/portaltela.pt\/?s={search_term_string}\"},\"query-input\":{\"@type\":\"PropertyValueSpecification\",\"valueRequired\":true,\"valueName\":\"search_term_string\"}}],\"inLanguage\":\"pt-PT\"},{\"@type\":\"Person\",\"@id\":\"https:\/\/portaltela.pt\/#\/schema\/person\/c4278d4a6028830caff9ee44b42d32ed\",\"name\":\"Telinha\",\"image\":{\"@type\":\"ImageObject\",\"inLanguage\":\"pt-PT\",\"@id\":\"https:\/\/portaltela.pt\/s.01k8rhncp4jt1\/2025\/11\/talking-bot-125x125.png\",\"url\":\"https:\/\/portaltela.pt\/s.01k8rhncp4jt1\/2025\/11\/talking-bot-125x125.png\",\"contentUrl\":\"https:\/\/portaltela.pt\/s.01k8rhncp4jt1\/2025\/11\/talking-bot-125x125.png\",\"caption\":\"Telinha\"},\"sameAs\":[\"https:\/\/portaltela.pt\/\"],\"url\":\"https:\/\/portaltela.pt\/por\/367410592786\/\"}]}<\/script>\n<!-- \/ Yoast SEO plugin. -->","yoast_head_json":{"title":"Benfica tenta contratar Guerreiro, Juventus atravessa o caminho - Portal Tela Portugal","robots":{"index":"index","follow":"follow","max-snippet":"max-snippet:-1","max-image-preview":"max-image-preview:large","max-video-preview":"max-video-preview:-1"},"og_locale":"pt_PT","og_type":"article","og_title":"Benfica tenta contratar Guerreiro, Juventus atravessa o caminho - Portal Tela Portugal","og_description":"A Juventus voltou a demonstrar interesse em contratar Rapha\u00ebl Guerreiro, oferecendo 3 milh\u00f5es de euros, numa altura em que o jogador vai deixar o Bayern de Munique no final da \u00e9poca. Segundo o Tuttosport, Guerreiro recebe 4,2 milh\u00f5es de euros l\u00edquidos por \u00e9poca no Bayern. Existe tamb\u00e9m interesse do Benfica; o jogador v\u00ea com bons olhos uma poss\u00edvel mudan\u00e7a para a Luz no ver\u00e3o. Guerreiro tem prefer\u00eancia por jogar em Portugal e nutre simpatia pelo Benfica, ap\u00f3s passagens pela sele\u00e7\u00e3o nacional. A concretiza\u00e7\u00e3o depende de Rui Costa e de Jos\u00e9 Mourinho, que est\u00e3o a planear o plantel para a pr\u00f3xima temporada.","og_url":"https:\/\/portaltela.pt\/noticias\/2026\/04\/02\/benfica-tenta-contratar-guerreiro-juventus-atravessa-o-caminho\/","og_site_name":"Portal Tela Portugal","article_published_time":"2026-04-02T11:02:30+00:00","author":"Telinha","twitter_card":"summary_large_image","twitter_misc":{"Escrito por":"Telinha","Tempo estimado de leitura":"1 minuto"},"schema":{"@context":"https:\/\/schema.org","@graph":[{"@type":"Article","@id":"https:\/\/portaltela.pt\/noticias\/2026\/04\/02\/benfica-tenta-contratar-guerreiro-juventus-atravessa-o-caminho\/#article","isPartOf":{"@id":"https:\/\/portaltela.pt\/noticias\/2026\/04\/02\/benfica-tenta-contratar-guerreiro-juventus-atravessa-o-caminho\/"},"author":{"name":"Telinha","@id":"https:\/\/portaltela.pt\/#\/schema\/person\/c4278d4a6028830caff9ee44b42d32ed"},"headline":"Benfica tenta contratar Guerreiro, Juventus atravessa o caminho","datePublished":"2026-04-02T11:02:30+00:00","mainEntityOfPage":{"@id":"https:\/\/portaltela.pt\/noticias\/2026\/04\/02\/benfica-tenta-contratar-guerreiro-juventus-atravessa-o-caminho\/"},"wordCount":263,"image":{"@id":"https:\/\/portaltela.pt\/noticias\/2026\/04\/02\/benfica-tenta-contratar-guerreiro-juventus-atravessa-o-caminho\/#primaryimage"},"thumbnailUrl":"https:\/\/portaltela.pt\/s.01k8rhncp4jt1\/2026\/04\/img_920x518uu2026-04-02-11-56-57-2430661-im-639107278304676806.jpg","keywords":["Bayern Munique","Benfica","futebol","Juventus","mercado da bola","Rapha\u00ebl Guerreiro"],"articleSection":["Desporto","Futebol"],"inLanguage":"pt-PT"},{"@type":"WebPage","@id":"https:\/\/portaltela.pt\/noticias\/2026\/04\/02\/benfica-tenta-contratar-guerreiro-juventus-atravessa-o-caminho\/","url":"https:\/\/portaltela.pt\/noticias\/2026\/04\/02\/benfica-tenta-contratar-guerreiro-juventus-atravessa-o-caminho\/","name":"Benfica tenta contratar Guerreiro, Juventus atravessa o caminho - Portal Tela Portugal","isPartOf":{"@id":"https:\/\/portaltela.pt\/#website"},"primaryImageOfPage":{"@id":"https:\/\/portaltela.pt\/noticias\/2026\/04\/02\/benfica-tenta-contratar-guerreiro-juventus-atravessa-o-caminho\/#primaryimage"},"image":{"@id":"https:\/\/portaltela.pt\/noticias\/2026\/04\/02\/benfica-tenta-contratar-guerreiro-juventus-atravessa-o-caminho\/#primaryimage"},"thumbnailUrl":"https:\/\/portaltela.pt\/s.01k8rhncp4jt1\/2026\/04\/img_920x518uu2026-04-02-11-56-57-2430661-im-639107278304676806.jpg","datePublished":"2026-04-02T11:02:30+00:00","author":{"@id":"https:\/\/portaltela.pt\/#\/schema\/person\/c4278d4a6028830caff9ee44b42d32ed"},"breadcrumb":{"@id":"https:\/\/portaltela.pt\/noticias\/2026\/04\/02\/benfica-tenta-contratar-guerreiro-juventus-atravessa-o-caminho\/#breadcrumb"},"inLanguage":"pt-PT","potentialAction":[{"@type":"ReadAction","target":["https:\/\/portaltela.pt\/noticias\/2026\/04\/02\/benfica-tenta-contratar-guerreiro-juventus-atravessa-o-caminho\/"]}]},{"@type":"ImageObject","inLanguage":"pt-PT","@id":"https:\/\/portaltela.pt\/noticias\/2026\/04\/02\/benfica-tenta-contratar-guerreiro-juventus-atravessa-o-caminho\/#primaryimage","url":"https:\/\/portaltela.pt\/s.01k8rhncp4jt1\/2026\/04\/img_920x518uu2026-04-02-11-56-57-2430661-im-639107278304676806.jpg","contentUrl":"https:\/\/portaltela.pt\/s.01k8rhncp4jt1\/2026\/04\/img_920x518uu2026-04-02-11-56-57-2430661-im-639107278304676806.jpg","width":796,"height":448,"caption":"Rapha\u00ebl Guerreiro"},{"@type":"BreadcrumbList","@id":"https:\/\/portaltela.pt\/noticias\/2026\/04\/02\/benfica-tenta-contratar-guerreiro-juventus-atravessa-o-caminho\/#breadcrumb","itemListElement":[{"@type":"ListItem","position":1,"name":"In\u00edcio","item":"https:\/\/portaltela.pt\/"},{"@type":"ListItem","position":2,"name":"Benfica tenta contratar Guerreiro, Juventus atravessa o caminho"}]},{"@type":"WebSite","@id":"https:\/\/portaltela.pt\/#website","url":"https:\/\/portaltela.pt\/","name":"Portal Tela Portugal","description":"","potentialAction":[{"@type":"SearchAction","target":{"@type":"EntryPoint","urlTemplate":"https:\/\/portaltela.pt\/?s={search_term_string}"},"query-input":{"@type":"PropertyValueSpecification","valueRequired":true,"valueName":"search_term_string"}}],"inLanguage":"pt-PT"},{"@type":"Person","@id":"https:\/\/portaltela.pt\/#\/schema\/person\/c4278d4a6028830caff9ee44b42d32ed","name":"Telinha","image":{"@type":"ImageObject","inLanguage":"pt-PT","@id":"https:\/\/portaltela.pt\/s.01k8rhncp4jt1\/2025\/11\/talking-bot-125x125.png","url":"https:\/\/portaltela.pt\/s.01k8rhncp4jt1\/2025\/11\/talking-bot-125x125.png","contentUrl":"https:\/\/portaltela.pt\/s.01k8rhncp4jt1\/2025\/11\/talking-bot-125x125.png","caption":"Telinha"},"sameAs":["https:\/\/portaltela.pt\/"],"url":"https:\/\/portaltela.pt\/por\/367410592786\/"}]}},"_links":{"self":[{"href":"https:\/\/portaltela.pt\/api\/wp\/v2\/posts\/430221","targetHints":{"allow":["GET"]}}],"collection":[{"href":"https:\/\/portaltela.pt\/api\/wp\/v2\/posts"}],"about":[{"href":"https:\/\/portaltela.pt\/api\/wp\/v2\/types\/post"}],"author":[{"embeddable":true,"href":"https:\/\/portaltela.pt\/api\/wp\/v2\/users\/2"}],"replies":[{"embeddable":true,"href":"https:\/\/portaltela.pt\/api\/wp\/v2\/comments?post=430221"}],"version-history":[{"count":0,"href":"https:\/\/portaltela.pt\/api\/wp\/v2\/posts\/430221\/revisions"}],"wp:featuredmedia":[{"embeddable":true,"href":"https:\/\/portaltela.pt\/api\/wp\/v2\/media\/430224"}],"wp:attachment":[{"href":"https:\/\/portaltela.pt\/api\/wp\/v2\/media?parent=430221"}],"wp:term":[{"taxonomy":"category","embeddable":true,"href":"https:\/\/portaltela.pt\/api\/wp\/v2\/categories?post=430221"},{"taxonomy":"post_tag","embeddable":true,"href":"https:\/\/portaltela.pt\/api\/wp\/v2\/tags?post=430221"}],"curies":[{"name":"wp","href":"https:\/\/api.w.org\/{rel}","templated":true}]}}