{"id":430219,"date":"2026-04-02T08:02:28","date_gmt":"2026-04-02T11:02:28","guid":{"rendered":"https:\/\/portaltela.pt\/noticias\/2026\/04\/02\/aguiar-branco-diz-que-a-constituicao-nao-e-intocavel-e-reve-la-nao-e-traicao\/"},"modified":"2026-04-02T08:02:28","modified_gmt":"2026-04-02T11:02:28","slug":"aguiar-branco-diz-que-a-constituicao-nao-e-intocavel-e-reve-la-nao-e-traicao","status":"publish","type":"post","link":"https:\/\/portaltela.pt\/noticias\/politica\/2026\/04\/02\/aguiar-branco-diz-que-a-constituicao-nao-e-intocavel-e-reve-la-nao-e-traicao\/","title":{"rendered":"Aguiar Branco diz que a Constitui\u00e7\u00e3o n\u00e3o \u00e9 intoc\u00e1vel e rev\u00ea-la n\u00e3o \u00e9 trai\u00e7\u00e3o"},"content":{"rendered":"<p>O presidente da Assembleia da Rep\u00fablica, Jos\u00e9 Pedro Aguiar-Branco, afirmou que a revis\u00e3o constitucional \u00e9 uma possibilidade e n\u00e3o um drama nem uma trai\u00e7\u00e3o. A Constitui\u00e7\u00e3o n\u00e3o \u00e9 intoc\u00e1vel e, para durar, n\u00e3o pode ser imut\u00e1vel.<\/p>\n<p>O governante pronunciou este posicionamento durante a sess\u00e3o solene dos 50 anos da Constitui\u00e7\u00e3o da Rep\u00fablica Portuguesa, aprovava a 2 de abril de 1976. A interven\u00e7\u00e3o procurou enquadrar a revis\u00e3o como instrumento pol\u00edtico gospodar, n\u00e3o como obriga\u00e7\u00e3o.<\/p>\n<p>Aguiar-Branco acrescentou que qualquer leitura da Constitui\u00e7\u00e3o pode sofrer leituras adicionais, sem que haja segunda leitura literal. Assinalou ainda que a CRP \u00e9 mais do que um conjunto de palavras, servindo como pedra angular do sistema democr\u00e1tico.<\/p>\n<p>Afirmou que a Constitui\u00e7\u00e3o resistiu ao passar dos tempos gra\u00e7as \u00e0 sua flexibilidade e abrang\u00eancia, capaz de se adaptar aos contextos. Definiu a revis\u00e3o como um conjunto de regras e limites que pode ser previsto no tempo.<\/p>\n<p>O presidente do Parlamento lembrou que os deputados da Constituinte reconheceram a dinamicidade do mundo ao inclu\u00edrem a possibilidade de rever o texto. Enfatizou que a revis\u00e3o \u00e9 uma op\u00e7\u00e3o livre ao alcance do Parlamento e n\u00e3o um imperativo.<\/p>\n","protected":false},"excerpt":{"rendered":"<ul>\n<li>O presidente da Assembleia da Rep\u00fablica, Jos\u00e9 Pedro Aguiar-Branco, disse que a revis\u00e3o constitucional \u00e9 uma possibilidade, n\u00e3o um drama nem uma trai\u00e7\u00e3o, e que a Constitui\u00e7\u00e3o \u201cn\u00e3o \u00e9 intoc\u00e1vel\u201d para durar deve ser adapt\u00e1vel.<\/li>\n<li>Reiterou a ideia numa interven\u00e7\u00e3o na sess\u00e3o solene dos 50 anos da Constitui\u00e7\u00e3o da Rep\u00fablica Portuguesa, aprovada a 2 de abril de 1976.<\/li>\n<li>Definiu a revis\u00e3o como um exerc\u00edcio exigente, reconhecendo que qualquer leitura sobre a Constitui\u00e7\u00e3o pode ter segundas leituras pol\u00edticas, mas destacou que existem apenas leituras literais.<\/li>\n<li>Afirmou que a Constitui\u00e7\u00e3o \u00e9 mais do que um texto, sendo a base da democracia e do sistema pol\u00edtico, sobrevivendo 50 anos devido \u00e0 sua flexibilidade e abrang\u00eancia.<\/li>\n<li>Recordou que j\u00e1 houve sete revis\u00f5es e que nenhuma delas impediu que a Constitui\u00e7\u00e3o seja celebrada hoje, destacando que a possibilidade de revis\u00e3o est\u00e1 ao alcance do Parlamento.<\/li>\n<\/ul>\n","protected":false},"author":2,"featured_media":430220,"comment_status":"closed","ping_status":"closed","sticky":false,"template":"","format":"standard","meta":{"footnotes":""},"categories":[1,5],"tags":[4211,3254,4057,2795,2832],"class_list":["post-430219","post","type-post","status-publish","format-standard","has-post-thumbnail","hentry","category-noticias","category-politica","tag-assembleia-nacional","tag-constitucionalistas","tag-constituicao","tag-democracia","tag-politica"],"yoast_head":"<!-- This site is optimized with the Yoast SEO plugin v27.2 - https:\/\/yoast.com\/product\/yoast-seo-wordpress\/ -->\n<title>Aguiar Branco diz que a Constitui\u00e7\u00e3o n\u00e3o \u00e9 intoc\u00e1vel e rev\u00ea-la n\u00e3o \u00e9 trai\u00e7\u00e3o - Portal Tela Portugal<\/title>\n<meta name=\"robots\" content=\"index, follow, max-snippet:-1, max-image-preview:large, max-video-preview:-1\" \/>\n<meta property=\"og:locale\" content=\"pt_PT\" \/>\n<meta property=\"og:type\" content=\"article\" \/>\n<meta property=\"og:title\" content=\"Aguiar Branco diz que a Constitui\u00e7\u00e3o n\u00e3o \u00e9 intoc\u00e1vel e rev\u00ea-la n\u00e3o \u00e9 trai\u00e7\u00e3o - Portal Tela Portugal\" \/>\n<meta property=\"og:description\" content=\"O presidente da Assembleia da Rep\u00fablica, Jos\u00e9 Pedro Aguiar-Branco, disse que a revis\u00e3o constitucional \u00e9 uma possibilidade, n\u00e3o um drama nem uma trai\u00e7\u00e3o, e que a Constitui\u00e7\u00e3o \u201cn\u00e3o \u00e9 intoc\u00e1vel\u201d para durar deve ser adapt\u00e1vel. Reiterou a ideia numa interven\u00e7\u00e3o na sess\u00e3o solene dos 50 anos da Constitui\u00e7\u00e3o da Rep\u00fablica Portuguesa, aprovada a 2 de abril de 1976. Definiu a revis\u00e3o como um exerc\u00edcio exigente, reconhecendo que qualquer leitura sobre a Constitui\u00e7\u00e3o pode ter segundas leituras pol\u00edticas, mas destacou que existem apenas leituras literais. Afirmou que a Constitui\u00e7\u00e3o \u00e9 mais do que um texto, sendo a base da democracia e do sistema pol\u00edtico, sobrevivendo 50 anos devido \u00e0 sua flexibilidade e abrang\u00eancia. Recordou que j\u00e1 houve sete revis\u00f5es e que nenhuma delas impediu que a Constitui\u00e7\u00e3o seja celebrada hoje, destacando que a possibilidade de revis\u00e3o est\u00e1 ao alcance do Parlamento.\" \/>\n<meta property=\"og:url\" content=\"https:\/\/portaltela.pt\/noticias\/2026\/04\/02\/aguiar-branco-diz-que-a-constituicao-nao-e-intocavel-e-reve-la-nao-e-traicao\/\" \/>\n<meta property=\"og:site_name\" content=\"Portal Tela Portugal\" \/>\n<meta property=\"article:published_time\" content=\"2026-04-02T11:02:28+00:00\" \/>\n<meta name=\"author\" content=\"Telinha\" \/>\n<meta name=\"twitter:card\" content=\"summary_large_image\" \/>\n<meta name=\"twitter:label1\" content=\"Escrito por\" \/>\n\t<meta name=\"twitter:data1\" content=\"Telinha\" \/>\n\t<meta name=\"twitter:label2\" content=\"Tempo estimado de leitura\" \/>\n\t<meta name=\"twitter:data2\" content=\"1 minuto\" \/>\n<script type=\"application\/ld+json\" class=\"yoast-schema-graph\">{\"@context\":\"https:\/\/schema.org\",\"@graph\":[{\"@type\":\"Article\",\"@id\":\"https:\/\/portaltela.pt\/noticias\/2026\/04\/02\/aguiar-branco-diz-que-a-constituicao-nao-e-intocavel-e-reve-la-nao-e-traicao\/#article\",\"isPartOf\":{\"@id\":\"https:\/\/portaltela.pt\/noticias\/2026\/04\/02\/aguiar-branco-diz-que-a-constituicao-nao-e-intocavel-e-reve-la-nao-e-traicao\/\"},\"author\":{\"name\":\"Telinha\",\"@id\":\"https:\/\/portaltela.pt\/#\/schema\/person\/c4278d4a6028830caff9ee44b42d32ed\"},\"headline\":\"Aguiar Branco diz que a Constitui\u00e7\u00e3o n\u00e3o \u00e9 intoc\u00e1vel e rev\u00ea-la n\u00e3o \u00e9 trai\u00e7\u00e3o\",\"datePublished\":\"2026-04-02T11:02:28+00:00\",\"mainEntityOfPage\":{\"@id\":\"https:\/\/portaltela.pt\/noticias\/2026\/04\/02\/aguiar-branco-diz-que-a-constituicao-nao-e-intocavel-e-reve-la-nao-e-traicao\/\"},\"wordCount\":223,\"image\":{\"@id\":\"https:\/\/portaltela.pt\/noticias\/2026\/04\/02\/aguiar-branco-diz-que-a-constituicao-nao-e-intocavel-e-reve-la-nao-e-traicao\/#primaryimage\"},\"thumbnailUrl\":\"https:\/\/portaltela.pt\/s.01k8rhncp4jt1\/2026\/04\/image-80.jpg\",\"keywords\":[\"Assembleia Nacional\",\"Constitucionalistas\",\"constitui\u00e7\u00e3o\",\"democracia\",\"pol\u00edtica\"],\"articleSection\":[\"Not\u00edcias\",\"Pol\u00edtica\"],\"inLanguage\":\"pt-PT\"},{\"@type\":\"WebPage\",\"@id\":\"https:\/\/portaltela.pt\/noticias\/2026\/04\/02\/aguiar-branco-diz-que-a-constituicao-nao-e-intocavel-e-reve-la-nao-e-traicao\/\",\"url\":\"https:\/\/portaltela.pt\/noticias\/2026\/04\/02\/aguiar-branco-diz-que-a-constituicao-nao-e-intocavel-e-reve-la-nao-e-traicao\/\",\"name\":\"Aguiar Branco diz que a Constitui\u00e7\u00e3o n\u00e3o \u00e9 intoc\u00e1vel e rev\u00ea-la n\u00e3o \u00e9 trai\u00e7\u00e3o - Portal Tela Portugal\",\"isPartOf\":{\"@id\":\"https:\/\/portaltela.pt\/#website\"},\"primaryImageOfPage\":{\"@id\":\"https:\/\/portaltela.pt\/noticias\/2026\/04\/02\/aguiar-branco-diz-que-a-constituicao-nao-e-intocavel-e-reve-la-nao-e-traicao\/#primaryimage\"},\"image\":{\"@id\":\"https:\/\/portaltela.pt\/noticias\/2026\/04\/02\/aguiar-branco-diz-que-a-constituicao-nao-e-intocavel-e-reve-la-nao-e-traicao\/#primaryimage\"},\"thumbnailUrl\":\"https:\/\/portaltela.pt\/s.01k8rhncp4jt1\/2026\/04\/image-80.jpg\",\"datePublished\":\"2026-04-02T11:02:28+00:00\",\"author\":{\"@id\":\"https:\/\/portaltela.pt\/#\/schema\/person\/c4278d4a6028830caff9ee44b42d32ed\"},\"breadcrumb\":{\"@id\":\"https:\/\/portaltela.pt\/noticias\/2026\/04\/02\/aguiar-branco-diz-que-a-constituicao-nao-e-intocavel-e-reve-la-nao-e-traicao\/#breadcrumb\"},\"inLanguage\":\"pt-PT\",\"potentialAction\":[{\"@type\":\"ReadAction\",\"target\":[\"https:\/\/portaltela.pt\/noticias\/2026\/04\/02\/aguiar-branco-diz-que-a-constituicao-nao-e-intocavel-e-reve-la-nao-e-traicao\/\"]}]},{\"@type\":\"ImageObject\",\"inLanguage\":\"pt-PT\",\"@id\":\"https:\/\/portaltela.pt\/noticias\/2026\/04\/02\/aguiar-branco-diz-que-a-constituicao-nao-e-intocavel-e-reve-la-nao-e-traicao\/#primaryimage\",\"url\":\"https:\/\/portaltela.pt\/s.01k8rhncp4jt1\/2026\/04\/image-80.jpg\",\"contentUrl\":\"https:\/\/portaltela.pt\/s.01k8rhncp4jt1\/2026\/04\/image-80.jpg\",\"width\":796,\"height\":448,\"caption\":\"O presidente do Parlamento sublinhou que, por saberem que o mundo n\u00e3o \u00e9 est\u00e1tico, os deputados da Constituinte \\\"fizeram da revis\u00e3o constitucional uma possibilidade\\\"\"},{\"@type\":\"BreadcrumbList\",\"@id\":\"https:\/\/portaltela.pt\/noticias\/2026\/04\/02\/aguiar-branco-diz-que-a-constituicao-nao-e-intocavel-e-reve-la-nao-e-traicao\/#breadcrumb\",\"itemListElement\":[{\"@type\":\"ListItem\",\"position\":1,\"name\":\"In\u00edcio\",\"item\":\"https:\/\/portaltela.pt\/\"},{\"@type\":\"ListItem\",\"position\":2,\"name\":\"Aguiar Branco diz que a Constitui\u00e7\u00e3o n\u00e3o \u00e9 intoc\u00e1vel e rev\u00ea-la n\u00e3o \u00e9 trai\u00e7\u00e3o\"}]},{\"@type\":\"WebSite\",\"@id\":\"https:\/\/portaltela.pt\/#website\",\"url\":\"https:\/\/portaltela.pt\/\",\"name\":\"Portal Tela Portugal\",\"description\":\"\",\"potentialAction\":[{\"@type\":\"SearchAction\",\"target\":{\"@type\":\"EntryPoint\",\"urlTemplate\":\"https:\/\/portaltela.pt\/?s={search_term_string}\"},\"query-input\":{\"@type\":\"PropertyValueSpecification\",\"valueRequired\":true,\"valueName\":\"search_term_string\"}}],\"inLanguage\":\"pt-PT\"},{\"@type\":\"Person\",\"@id\":\"https:\/\/portaltela.pt\/#\/schema\/person\/c4278d4a6028830caff9ee44b42d32ed\",\"name\":\"Telinha\",\"image\":{\"@type\":\"ImageObject\",\"inLanguage\":\"pt-PT\",\"@id\":\"https:\/\/portaltela.pt\/s.01k8rhncp4jt1\/2025\/11\/talking-bot-125x125.png\",\"url\":\"https:\/\/portaltela.pt\/s.01k8rhncp4jt1\/2025\/11\/talking-bot-125x125.png\",\"contentUrl\":\"https:\/\/portaltela.pt\/s.01k8rhncp4jt1\/2025\/11\/talking-bot-125x125.png\",\"caption\":\"Telinha\"},\"sameAs\":[\"https:\/\/portaltela.pt\/\"],\"url\":\"https:\/\/portaltela.pt\/por\/367410592786\/\"}]}<\/script>\n<!-- \/ Yoast SEO plugin. -->","yoast_head_json":{"title":"Aguiar Branco diz que a Constitui\u00e7\u00e3o n\u00e3o \u00e9 intoc\u00e1vel e rev\u00ea-la n\u00e3o \u00e9 trai\u00e7\u00e3o - Portal Tela Portugal","robots":{"index":"index","follow":"follow","max-snippet":"max-snippet:-1","max-image-preview":"max-image-preview:large","max-video-preview":"max-video-preview:-1"},"og_locale":"pt_PT","og_type":"article","og_title":"Aguiar Branco diz que a Constitui\u00e7\u00e3o n\u00e3o \u00e9 intoc\u00e1vel e rev\u00ea-la n\u00e3o \u00e9 trai\u00e7\u00e3o - Portal Tela Portugal","og_description":"O presidente da Assembleia da Rep\u00fablica, Jos\u00e9 Pedro Aguiar-Branco, disse que a revis\u00e3o constitucional \u00e9 uma possibilidade, n\u00e3o um drama nem uma trai\u00e7\u00e3o, e que a Constitui\u00e7\u00e3o \u201cn\u00e3o \u00e9 intoc\u00e1vel\u201d para durar deve ser adapt\u00e1vel. Reiterou a ideia numa interven\u00e7\u00e3o na sess\u00e3o solene dos 50 anos da Constitui\u00e7\u00e3o da Rep\u00fablica Portuguesa, aprovada a 2 de abril de 1976. Definiu a revis\u00e3o como um exerc\u00edcio exigente, reconhecendo que qualquer leitura sobre a Constitui\u00e7\u00e3o pode ter segundas leituras pol\u00edticas, mas destacou que existem apenas leituras literais. Afirmou que a Constitui\u00e7\u00e3o \u00e9 mais do que um texto, sendo a base da democracia e do sistema pol\u00edtico, sobrevivendo 50 anos devido \u00e0 sua flexibilidade e abrang\u00eancia. Recordou que j\u00e1 houve sete revis\u00f5es e que nenhuma delas impediu que a Constitui\u00e7\u00e3o seja celebrada hoje, destacando que a possibilidade de revis\u00e3o est\u00e1 ao alcance do Parlamento.","og_url":"https:\/\/portaltela.pt\/noticias\/2026\/04\/02\/aguiar-branco-diz-que-a-constituicao-nao-e-intocavel-e-reve-la-nao-e-traicao\/","og_site_name":"Portal Tela Portugal","article_published_time":"2026-04-02T11:02:28+00:00","author":"Telinha","twitter_card":"summary_large_image","twitter_misc":{"Escrito por":"Telinha","Tempo estimado de leitura":"1 minuto"},"schema":{"@context":"https:\/\/schema.org","@graph":[{"@type":"Article","@id":"https:\/\/portaltela.pt\/noticias\/2026\/04\/02\/aguiar-branco-diz-que-a-constituicao-nao-e-intocavel-e-reve-la-nao-e-traicao\/#article","isPartOf":{"@id":"https:\/\/portaltela.pt\/noticias\/2026\/04\/02\/aguiar-branco-diz-que-a-constituicao-nao-e-intocavel-e-reve-la-nao-e-traicao\/"},"author":{"name":"Telinha","@id":"https:\/\/portaltela.pt\/#\/schema\/person\/c4278d4a6028830caff9ee44b42d32ed"},"headline":"Aguiar Branco diz que a Constitui\u00e7\u00e3o n\u00e3o \u00e9 intoc\u00e1vel e rev\u00ea-la n\u00e3o \u00e9 trai\u00e7\u00e3o","datePublished":"2026-04-02T11:02:28+00:00","mainEntityOfPage":{"@id":"https:\/\/portaltela.pt\/noticias\/2026\/04\/02\/aguiar-branco-diz-que-a-constituicao-nao-e-intocavel-e-reve-la-nao-e-traicao\/"},"wordCount":223,"image":{"@id":"https:\/\/portaltela.pt\/noticias\/2026\/04\/02\/aguiar-branco-diz-que-a-constituicao-nao-e-intocavel-e-reve-la-nao-e-traicao\/#primaryimage"},"thumbnailUrl":"https:\/\/portaltela.pt\/s.01k8rhncp4jt1\/2026\/04\/image-80.jpg","keywords":["Assembleia Nacional","Constitucionalistas","constitui\u00e7\u00e3o","democracia","pol\u00edtica"],"articleSection":["Not\u00edcias","Pol\u00edtica"],"inLanguage":"pt-PT"},{"@type":"WebPage","@id":"https:\/\/portaltela.pt\/noticias\/2026\/04\/02\/aguiar-branco-diz-que-a-constituicao-nao-e-intocavel-e-reve-la-nao-e-traicao\/","url":"https:\/\/portaltela.pt\/noticias\/2026\/04\/02\/aguiar-branco-diz-que-a-constituicao-nao-e-intocavel-e-reve-la-nao-e-traicao\/","name":"Aguiar Branco diz que a Constitui\u00e7\u00e3o n\u00e3o \u00e9 intoc\u00e1vel e rev\u00ea-la n\u00e3o \u00e9 trai\u00e7\u00e3o - Portal Tela Portugal","isPartOf":{"@id":"https:\/\/portaltela.pt\/#website"},"primaryImageOfPage":{"@id":"https:\/\/portaltela.pt\/noticias\/2026\/04\/02\/aguiar-branco-diz-que-a-constituicao-nao-e-intocavel-e-reve-la-nao-e-traicao\/#primaryimage"},"image":{"@id":"https:\/\/portaltela.pt\/noticias\/2026\/04\/02\/aguiar-branco-diz-que-a-constituicao-nao-e-intocavel-e-reve-la-nao-e-traicao\/#primaryimage"},"thumbnailUrl":"https:\/\/portaltela.pt\/s.01k8rhncp4jt1\/2026\/04\/image-80.jpg","datePublished":"2026-04-02T11:02:28+00:00","author":{"@id":"https:\/\/portaltela.pt\/#\/schema\/person\/c4278d4a6028830caff9ee44b42d32ed"},"breadcrumb":{"@id":"https:\/\/portaltela.pt\/noticias\/2026\/04\/02\/aguiar-branco-diz-que-a-constituicao-nao-e-intocavel-e-reve-la-nao-e-traicao\/#breadcrumb"},"inLanguage":"pt-PT","potentialAction":[{"@type":"ReadAction","target":["https:\/\/portaltela.pt\/noticias\/2026\/04\/02\/aguiar-branco-diz-que-a-constituicao-nao-e-intocavel-e-reve-la-nao-e-traicao\/"]}]},{"@type":"ImageObject","inLanguage":"pt-PT","@id":"https:\/\/portaltela.pt\/noticias\/2026\/04\/02\/aguiar-branco-diz-que-a-constituicao-nao-e-intocavel-e-reve-la-nao-e-traicao\/#primaryimage","url":"https:\/\/portaltela.pt\/s.01k8rhncp4jt1\/2026\/04\/image-80.jpg","contentUrl":"https:\/\/portaltela.pt\/s.01k8rhncp4jt1\/2026\/04\/image-80.jpg","width":796,"height":448,"caption":"O presidente do Parlamento sublinhou que, por saberem que o mundo n\u00e3o \u00e9 est\u00e1tico, os deputados da Constituinte \"fizeram da revis\u00e3o constitucional uma possibilidade\""},{"@type":"BreadcrumbList","@id":"https:\/\/portaltela.pt\/noticias\/2026\/04\/02\/aguiar-branco-diz-que-a-constituicao-nao-e-intocavel-e-reve-la-nao-e-traicao\/#breadcrumb","itemListElement":[{"@type":"ListItem","position":1,"name":"In\u00edcio","item":"https:\/\/portaltela.pt\/"},{"@type":"ListItem","position":2,"name":"Aguiar Branco diz que a Constitui\u00e7\u00e3o n\u00e3o \u00e9 intoc\u00e1vel e rev\u00ea-la n\u00e3o \u00e9 trai\u00e7\u00e3o"}]},{"@type":"WebSite","@id":"https:\/\/portaltela.pt\/#website","url":"https:\/\/portaltela.pt\/","name":"Portal Tela Portugal","description":"","potentialAction":[{"@type":"SearchAction","target":{"@type":"EntryPoint","urlTemplate":"https:\/\/portaltela.pt\/?s={search_term_string}"},"query-input":{"@type":"PropertyValueSpecification","valueRequired":true,"valueName":"search_term_string"}}],"inLanguage":"pt-PT"},{"@type":"Person","@id":"https:\/\/portaltela.pt\/#\/schema\/person\/c4278d4a6028830caff9ee44b42d32ed","name":"Telinha","image":{"@type":"ImageObject","inLanguage":"pt-PT","@id":"https:\/\/portaltela.pt\/s.01k8rhncp4jt1\/2025\/11\/talking-bot-125x125.png","url":"https:\/\/portaltela.pt\/s.01k8rhncp4jt1\/2025\/11\/talking-bot-125x125.png","contentUrl":"https:\/\/portaltela.pt\/s.01k8rhncp4jt1\/2025\/11\/talking-bot-125x125.png","caption":"Telinha"},"sameAs":["https:\/\/portaltela.pt\/"],"url":"https:\/\/portaltela.pt\/por\/367410592786\/"}]}},"_links":{"self":[{"href":"https:\/\/portaltela.pt\/api\/wp\/v2\/posts\/430219","targetHints":{"allow":["GET"]}}],"collection":[{"href":"https:\/\/portaltela.pt\/api\/wp\/v2\/posts"}],"about":[{"href":"https:\/\/portaltela.pt\/api\/wp\/v2\/types\/post"}],"author":[{"embeddable":true,"href":"https:\/\/portaltela.pt\/api\/wp\/v2\/users\/2"}],"replies":[{"embeddable":true,"href":"https:\/\/portaltela.pt\/api\/wp\/v2\/comments?post=430219"}],"version-history":[{"count":0,"href":"https:\/\/portaltela.pt\/api\/wp\/v2\/posts\/430219\/revisions"}],"wp:featuredmedia":[{"embeddable":true,"href":"https:\/\/portaltela.pt\/api\/wp\/v2\/media\/430220"}],"wp:attachment":[{"href":"https:\/\/portaltela.pt\/api\/wp\/v2\/media?parent=430219"}],"wp:term":[{"taxonomy":"category","embeddable":true,"href":"https:\/\/portaltela.pt\/api\/wp\/v2\/categories?post=430219"},{"taxonomy":"post_tag","embeddable":true,"href":"https:\/\/portaltela.pt\/api\/wp\/v2\/tags?post=430219"}],"curies":[{"name":"wp","href":"https:\/\/api.w.org\/{rel}","templated":true}]}}