{"id":430201,"date":"2026-04-02T07:47:06","date_gmt":"2026-04-02T10:47:06","guid":{"rendered":"https:\/\/portaltela.pt\/noticias\/2026\/04\/02\/ideas-of-africa-no-moma-revela-retrato-da-politica-africana\/"},"modified":"2026-04-02T07:47:06","modified_gmt":"2026-04-02T10:47:06","slug":"ideas-of-africa-no-moma-revela-retrato-da-politica-africana","status":"publish","type":"post","link":"https:\/\/portaltela.pt\/noticias\/2026\/04\/02\/ideas-of-africa-no-moma-revela-retrato-da-politica-africana\/","title":{"rendered":"Ideas of Africa no MoMA revela retrato da pol\u00edtica africana"},"content":{"rendered":"<p>O MoMA, em Nova Iorque, recebe a exposi\u00e7\u00e3o Ideas of Africa: Portraiture and Political Imagination. A mostra analisa a fotografia n\u00e3o apenas como registo, mas como ferramenta de constru\u00e7\u00e3o de narrativas pol\u00edticas, culturais e sociais.<\/p>\n<p>No centro da exposi\u00e7\u00e3o est\u00e1 a ideia de retrato como ve\u00edculo de imagina\u00e7\u00e3o pol\u00edtica. A curadoria explora como a imagem fotogr\u00e1fica pode questionar preconceitos sobre o continente africano e ao mesmo tempo refletir din\u00e2micas de poder, identidade e hist\u00f3ria.<\/p>\n<p>A mostra surge num momento de intenso debate sobre identidade, fronteiras e solidariedade nos Estados Unidos. O foco \u00e9 mostrar que a arte do retrato pode contribuir para debates p\u00fablicos com base em perspetivas hist\u00f3ricas e contempor\u00e2neas.<\/p>\n<h3>O que mostra<\/h3>\n<p>Ideas of Africa re\u00fane obras que problematizam leituras est\u00e1ticas da \u00c1frica. A curadoria prop\u00f5e uma leitura cr\u00edtica do retrato, em que a identidade coletiva \u00e9 contestada e reconfigurada atrav\u00e9s de narrativas visuais.<\/p>\n<p>Este foco permite comparar diferentes geografias, \u00e9pocas e estilos fotogr\u00e1ficos. A exposi\u00e7\u00e3o enfatiza o papel da imagem na constru\u00e7\u00e3o de mem\u00f3ria e na avalia\u00e7\u00e3o de rela\u00e7\u00f5es de poder.<\/p>\n<h3>Contexto e alcance<\/h3>\n<p>Ao situar a fotografia africana no centro de debates globais, a mostra pretende ampliar o entendimento sobre a produ\u00e7\u00e3o art\u00edstica do continente. O MoMA oferece, assim, um espa\u00e7o para reflex\u00e3o sobre representa\u00e7\u00f5es e pol\u00edticas de inclus\u00e3o.<\/p>\n","protected":false},"excerpt":{"rendered":"<ul>\n<li>A exposi\u00e7\u00e3o Ideas of Africa: Portraiture and Political Imagination, no Museum of Modern Art (MoMA), em Nova Iorque, analisa a fotografia como constru\u00e7\u00e3o de narrativas pol\u00edticas, culturais e sociais, para l\u00e1 do registo documental.<\/li>\n<li>Questiona preconceitos sobre a \u00c1frica e refor\u00e7a a import\u00e2ncia da arte africana no panorama global.<\/li>\n<li>Explora a fotografia de retrato como ferramenta pol\u00edtica, abordando poder, identidade e hist\u00f3ria.<\/li>\n<li>Enquadra o contexto pol\u00edtico atual dos Estados Unidos, com debates sobre identidade, fronteiras e solidariedade.<\/li>\n<li>Prop\u00f5e uma leitura cr\u00edtica da fotografia e da arte do retrato no espa\u00e7o p\u00fablico e institucional.<\/li>\n<\/ul>\n","protected":false},"author":2,"featured_media":430203,"comment_status":"closed","ping_status":"closed","sticky":false,"template":"","format":"standard","meta":{"footnotes":""},"categories":[7375,1],"tags":[5227,70,145,6708,247,2832],"class_list":["post-430201","post","type-post","status-publish","format-standard","has-post-thumbnail","hentry","category-cultura","category-noticias","tag-africa","tag-arte","tag-cultura","tag-exposicao","tag-fotografia","tag-politica"],"yoast_head":"<!-- This site is optimized with the Yoast SEO plugin v27.2 - https:\/\/yoast.com\/product\/yoast-seo-wordpress\/ -->\n<title>Ideas of Africa no MoMA revela retrato da pol\u00edtica africana - Portal Tela Portugal<\/title>\n<meta name=\"robots\" content=\"index, follow, max-snippet:-1, max-image-preview:large, max-video-preview:-1\" \/>\n<meta property=\"og:locale\" content=\"pt_PT\" \/>\n<meta property=\"og:type\" content=\"article\" \/>\n<meta property=\"og:title\" content=\"Ideas of Africa no MoMA revela retrato da pol\u00edtica africana - Portal Tela Portugal\" \/>\n<meta property=\"og:description\" content=\"A exposi\u00e7\u00e3o Ideas of Africa: Portraiture and Political Imagination, no Museum of Modern Art (MoMA), em Nova Iorque, analisa a fotografia como constru\u00e7\u00e3o de narrativas pol\u00edticas, culturais e sociais, para l\u00e1 do registo documental. Questiona preconceitos sobre a \u00c1frica e refor\u00e7a a import\u00e2ncia da arte africana no panorama global. Explora a fotografia de retrato como ferramenta pol\u00edtica, abordando poder, identidade e hist\u00f3ria. Enquadra o contexto pol\u00edtico atual dos Estados Unidos, com debates sobre identidade, fronteiras e solidariedade. Prop\u00f5e uma leitura cr\u00edtica da fotografia e da arte do retrato no espa\u00e7o p\u00fablico e institucional.\" \/>\n<meta property=\"og:url\" content=\"https:\/\/portaltela.pt\/noticias\/2026\/04\/02\/ideas-of-africa-no-moma-revela-retrato-da-politica-africana\/\" \/>\n<meta property=\"og:site_name\" content=\"Portal Tela Portugal\" \/>\n<meta property=\"article:published_time\" content=\"2026-04-02T10:47:06+00:00\" \/>\n<meta name=\"author\" content=\"Telinha\" \/>\n<meta name=\"twitter:card\" content=\"summary_large_image\" \/>\n<meta name=\"twitter:label1\" content=\"Escrito por\" \/>\n\t<meta name=\"twitter:data1\" content=\"Telinha\" \/>\n\t<meta name=\"twitter:label2\" content=\"Tempo estimado de leitura\" \/>\n\t<meta name=\"twitter:data2\" content=\"1 minuto\" \/>\n<script type=\"application\/ld+json\" class=\"yoast-schema-graph\">{\"@context\":\"https:\/\/schema.org\",\"@graph\":[{\"@type\":\"Article\",\"@id\":\"https:\/\/portaltela.pt\/noticias\/2026\/04\/02\/ideas-of-africa-no-moma-revela-retrato-da-politica-africana\/#article\",\"isPartOf\":{\"@id\":\"https:\/\/portaltela.pt\/noticias\/2026\/04\/02\/ideas-of-africa-no-moma-revela-retrato-da-politica-africana\/\"},\"author\":{\"name\":\"Telinha\",\"@id\":\"https:\/\/portaltela.pt\/#\/schema\/person\/c4278d4a6028830caff9ee44b42d32ed\"},\"headline\":\"Ideas of Africa no MoMA revela retrato da pol\u00edtica africana\",\"datePublished\":\"2026-04-02T10:47:06+00:00\",\"mainEntityOfPage\":{\"@id\":\"https:\/\/portaltela.pt\/noticias\/2026\/04\/02\/ideas-of-africa-no-moma-revela-retrato-da-politica-africana\/\"},\"wordCount\":254,\"image\":{\"@id\":\"https:\/\/portaltela.pt\/noticias\/2026\/04\/02\/ideas-of-africa-no-moma-revela-retrato-da-politica-africana\/#primaryimage\"},\"thumbnailUrl\":\"https:\/\/portaltela.pt\/s.01k8rhncp4jt1\/2026\/04\/2078408.jpg\",\"keywords\":[\"\u00c1frica\",\"arte\",\"cultura\",\"exposi\u00e7\u00e3o\",\"fotografia\",\"pol\u00edtica\"],\"articleSection\":[\"Cultura\",\"Not\u00edcias\"],\"inLanguage\":\"pt-PT\"},{\"@type\":\"WebPage\",\"@id\":\"https:\/\/portaltela.pt\/noticias\/2026\/04\/02\/ideas-of-africa-no-moma-revela-retrato-da-politica-africana\/\",\"url\":\"https:\/\/portaltela.pt\/noticias\/2026\/04\/02\/ideas-of-africa-no-moma-revela-retrato-da-politica-africana\/\",\"name\":\"Ideas of Africa no MoMA revela retrato da pol\u00edtica africana - Portal Tela Portugal\",\"isPartOf\":{\"@id\":\"https:\/\/portaltela.pt\/#website\"},\"primaryImageOfPage\":{\"@id\":\"https:\/\/portaltela.pt\/noticias\/2026\/04\/02\/ideas-of-africa-no-moma-revela-retrato-da-politica-africana\/#primaryimage\"},\"image\":{\"@id\":\"https:\/\/portaltela.pt\/noticias\/2026\/04\/02\/ideas-of-africa-no-moma-revela-retrato-da-politica-africana\/#primaryimage\"},\"thumbnailUrl\":\"https:\/\/portaltela.pt\/s.01k8rhncp4jt1\/2026\/04\/2078408.jpg\",\"datePublished\":\"2026-04-02T10:47:06+00:00\",\"author\":{\"@id\":\"https:\/\/portaltela.pt\/#\/schema\/person\/c4278d4a6028830caff9ee44b42d32ed\"},\"breadcrumb\":{\"@id\":\"https:\/\/portaltela.pt\/noticias\/2026\/04\/02\/ideas-of-africa-no-moma-revela-retrato-da-politica-africana\/#breadcrumb\"},\"inLanguage\":\"pt-PT\",\"potentialAction\":[{\"@type\":\"ReadAction\",\"target\":[\"https:\/\/portaltela.pt\/noticias\/2026\/04\/02\/ideas-of-africa-no-moma-revela-retrato-da-politica-africana\/\"]}]},{\"@type\":\"ImageObject\",\"inLanguage\":\"pt-PT\",\"@id\":\"https:\/\/portaltela.pt\/noticias\/2026\/04\/02\/ideas-of-africa-no-moma-revela-retrato-da-politica-africana\/#primaryimage\",\"url\":\"https:\/\/portaltela.pt\/s.01k8rhncp4jt1\/2026\/04\/2078408.jpg\",\"contentUrl\":\"https:\/\/portaltela.pt\/s.01k8rhncp4jt1\/2026\/04\/2078408.jpg\",\"width\":796,\"height\":448,\"caption\":\"Photo\"},{\"@type\":\"BreadcrumbList\",\"@id\":\"https:\/\/portaltela.pt\/noticias\/2026\/04\/02\/ideas-of-africa-no-moma-revela-retrato-da-politica-africana\/#breadcrumb\",\"itemListElement\":[{\"@type\":\"ListItem\",\"position\":1,\"name\":\"In\u00edcio\",\"item\":\"https:\/\/portaltela.pt\/\"},{\"@type\":\"ListItem\",\"position\":2,\"name\":\"Ideas of Africa no MoMA revela retrato da pol\u00edtica africana\"}]},{\"@type\":\"WebSite\",\"@id\":\"https:\/\/portaltela.pt\/#website\",\"url\":\"https:\/\/portaltela.pt\/\",\"name\":\"Portal Tela Portugal\",\"description\":\"\",\"potentialAction\":[{\"@type\":\"SearchAction\",\"target\":{\"@type\":\"EntryPoint\",\"urlTemplate\":\"https:\/\/portaltela.pt\/?s={search_term_string}\"},\"query-input\":{\"@type\":\"PropertyValueSpecification\",\"valueRequired\":true,\"valueName\":\"search_term_string\"}}],\"inLanguage\":\"pt-PT\"},{\"@type\":\"Person\",\"@id\":\"https:\/\/portaltela.pt\/#\/schema\/person\/c4278d4a6028830caff9ee44b42d32ed\",\"name\":\"Telinha\",\"image\":{\"@type\":\"ImageObject\",\"inLanguage\":\"pt-PT\",\"@id\":\"https:\/\/portaltela.pt\/s.01k8rhncp4jt1\/2025\/11\/talking-bot-125x125.png\",\"url\":\"https:\/\/portaltela.pt\/s.01k8rhncp4jt1\/2025\/11\/talking-bot-125x125.png\",\"contentUrl\":\"https:\/\/portaltela.pt\/s.01k8rhncp4jt1\/2025\/11\/talking-bot-125x125.png\",\"caption\":\"Telinha\"},\"sameAs\":[\"https:\/\/portaltela.pt\/\"],\"url\":\"https:\/\/portaltela.pt\/por\/367410592786\/\"}]}<\/script>\n<!-- \/ Yoast SEO plugin. -->","yoast_head_json":{"title":"Ideas of Africa no MoMA revela retrato da pol\u00edtica africana - Portal Tela Portugal","robots":{"index":"index","follow":"follow","max-snippet":"max-snippet:-1","max-image-preview":"max-image-preview:large","max-video-preview":"max-video-preview:-1"},"og_locale":"pt_PT","og_type":"article","og_title":"Ideas of Africa no MoMA revela retrato da pol\u00edtica africana - Portal Tela Portugal","og_description":"A exposi\u00e7\u00e3o Ideas of Africa: Portraiture and Political Imagination, no Museum of Modern Art (MoMA), em Nova Iorque, analisa a fotografia como constru\u00e7\u00e3o de narrativas pol\u00edticas, culturais e sociais, para l\u00e1 do registo documental. Questiona preconceitos sobre a \u00c1frica e refor\u00e7a a import\u00e2ncia da arte africana no panorama global. Explora a fotografia de retrato como ferramenta pol\u00edtica, abordando poder, identidade e hist\u00f3ria. Enquadra o contexto pol\u00edtico atual dos Estados Unidos, com debates sobre identidade, fronteiras e solidariedade. Prop\u00f5e uma leitura cr\u00edtica da fotografia e da arte do retrato no espa\u00e7o p\u00fablico e institucional.","og_url":"https:\/\/portaltela.pt\/noticias\/2026\/04\/02\/ideas-of-africa-no-moma-revela-retrato-da-politica-africana\/","og_site_name":"Portal Tela Portugal","article_published_time":"2026-04-02T10:47:06+00:00","author":"Telinha","twitter_card":"summary_large_image","twitter_misc":{"Escrito por":"Telinha","Tempo estimado de leitura":"1 minuto"},"schema":{"@context":"https:\/\/schema.org","@graph":[{"@type":"Article","@id":"https:\/\/portaltela.pt\/noticias\/2026\/04\/02\/ideas-of-africa-no-moma-revela-retrato-da-politica-africana\/#article","isPartOf":{"@id":"https:\/\/portaltela.pt\/noticias\/2026\/04\/02\/ideas-of-africa-no-moma-revela-retrato-da-politica-africana\/"},"author":{"name":"Telinha","@id":"https:\/\/portaltela.pt\/#\/schema\/person\/c4278d4a6028830caff9ee44b42d32ed"},"headline":"Ideas of Africa no MoMA revela retrato da pol\u00edtica africana","datePublished":"2026-04-02T10:47:06+00:00","mainEntityOfPage":{"@id":"https:\/\/portaltela.pt\/noticias\/2026\/04\/02\/ideas-of-africa-no-moma-revela-retrato-da-politica-africana\/"},"wordCount":254,"image":{"@id":"https:\/\/portaltela.pt\/noticias\/2026\/04\/02\/ideas-of-africa-no-moma-revela-retrato-da-politica-africana\/#primaryimage"},"thumbnailUrl":"https:\/\/portaltela.pt\/s.01k8rhncp4jt1\/2026\/04\/2078408.jpg","keywords":["\u00c1frica","arte","cultura","exposi\u00e7\u00e3o","fotografia","pol\u00edtica"],"articleSection":["Cultura","Not\u00edcias"],"inLanguage":"pt-PT"},{"@type":"WebPage","@id":"https:\/\/portaltela.pt\/noticias\/2026\/04\/02\/ideas-of-africa-no-moma-revela-retrato-da-politica-africana\/","url":"https:\/\/portaltela.pt\/noticias\/2026\/04\/02\/ideas-of-africa-no-moma-revela-retrato-da-politica-africana\/","name":"Ideas of Africa no MoMA revela retrato da pol\u00edtica africana - Portal Tela Portugal","isPartOf":{"@id":"https:\/\/portaltela.pt\/#website"},"primaryImageOfPage":{"@id":"https:\/\/portaltela.pt\/noticias\/2026\/04\/02\/ideas-of-africa-no-moma-revela-retrato-da-politica-africana\/#primaryimage"},"image":{"@id":"https:\/\/portaltela.pt\/noticias\/2026\/04\/02\/ideas-of-africa-no-moma-revela-retrato-da-politica-africana\/#primaryimage"},"thumbnailUrl":"https:\/\/portaltela.pt\/s.01k8rhncp4jt1\/2026\/04\/2078408.jpg","datePublished":"2026-04-02T10:47:06+00:00","author":{"@id":"https:\/\/portaltela.pt\/#\/schema\/person\/c4278d4a6028830caff9ee44b42d32ed"},"breadcrumb":{"@id":"https:\/\/portaltela.pt\/noticias\/2026\/04\/02\/ideas-of-africa-no-moma-revela-retrato-da-politica-africana\/#breadcrumb"},"inLanguage":"pt-PT","potentialAction":[{"@type":"ReadAction","target":["https:\/\/portaltela.pt\/noticias\/2026\/04\/02\/ideas-of-africa-no-moma-revela-retrato-da-politica-africana\/"]}]},{"@type":"ImageObject","inLanguage":"pt-PT","@id":"https:\/\/portaltela.pt\/noticias\/2026\/04\/02\/ideas-of-africa-no-moma-revela-retrato-da-politica-africana\/#primaryimage","url":"https:\/\/portaltela.pt\/s.01k8rhncp4jt1\/2026\/04\/2078408.jpg","contentUrl":"https:\/\/portaltela.pt\/s.01k8rhncp4jt1\/2026\/04\/2078408.jpg","width":796,"height":448,"caption":"Photo"},{"@type":"BreadcrumbList","@id":"https:\/\/portaltela.pt\/noticias\/2026\/04\/02\/ideas-of-africa-no-moma-revela-retrato-da-politica-africana\/#breadcrumb","itemListElement":[{"@type":"ListItem","position":1,"name":"In\u00edcio","item":"https:\/\/portaltela.pt\/"},{"@type":"ListItem","position":2,"name":"Ideas of Africa no MoMA revela retrato da pol\u00edtica africana"}]},{"@type":"WebSite","@id":"https:\/\/portaltela.pt\/#website","url":"https:\/\/portaltela.pt\/","name":"Portal Tela Portugal","description":"","potentialAction":[{"@type":"SearchAction","target":{"@type":"EntryPoint","urlTemplate":"https:\/\/portaltela.pt\/?s={search_term_string}"},"query-input":{"@type":"PropertyValueSpecification","valueRequired":true,"valueName":"search_term_string"}}],"inLanguage":"pt-PT"},{"@type":"Person","@id":"https:\/\/portaltela.pt\/#\/schema\/person\/c4278d4a6028830caff9ee44b42d32ed","name":"Telinha","image":{"@type":"ImageObject","inLanguage":"pt-PT","@id":"https:\/\/portaltela.pt\/s.01k8rhncp4jt1\/2025\/11\/talking-bot-125x125.png","url":"https:\/\/portaltela.pt\/s.01k8rhncp4jt1\/2025\/11\/talking-bot-125x125.png","contentUrl":"https:\/\/portaltela.pt\/s.01k8rhncp4jt1\/2025\/11\/talking-bot-125x125.png","caption":"Telinha"},"sameAs":["https:\/\/portaltela.pt\/"],"url":"https:\/\/portaltela.pt\/por\/367410592786\/"}]}},"_links":{"self":[{"href":"https:\/\/portaltela.pt\/api\/wp\/v2\/posts\/430201","targetHints":{"allow":["GET"]}}],"collection":[{"href":"https:\/\/portaltela.pt\/api\/wp\/v2\/posts"}],"about":[{"href":"https:\/\/portaltela.pt\/api\/wp\/v2\/types\/post"}],"author":[{"embeddable":true,"href":"https:\/\/portaltela.pt\/api\/wp\/v2\/users\/2"}],"replies":[{"embeddable":true,"href":"https:\/\/portaltela.pt\/api\/wp\/v2\/comments?post=430201"}],"version-history":[{"count":0,"href":"https:\/\/portaltela.pt\/api\/wp\/v2\/posts\/430201\/revisions"}],"wp:featuredmedia":[{"embeddable":true,"href":"https:\/\/portaltela.pt\/api\/wp\/v2\/media\/430203"}],"wp:attachment":[{"href":"https:\/\/portaltela.pt\/api\/wp\/v2\/media?parent=430201"}],"wp:term":[{"taxonomy":"category","embeddable":true,"href":"https:\/\/portaltela.pt\/api\/wp\/v2\/categories?post=430201"},{"taxonomy":"post_tag","embeddable":true,"href":"https:\/\/portaltela.pt\/api\/wp\/v2\/tags?post=430201"}],"curies":[{"name":"wp","href":"https:\/\/api.w.org\/{rel}","templated":true}]}}