{"id":430197,"date":"2026-04-02T07:46:58","date_gmt":"2026-04-02T10:46:58","guid":{"rendered":"https:\/\/portaltela.pt\/noticias\/2026\/04\/02\/constituicao-de-50-anos-texto-nao-e-intocavel-revisao-nao-e-traicao\/"},"modified":"2026-04-02T07:46:58","modified_gmt":"2026-04-02T10:46:58","slug":"constituicao-de-50-anos-texto-nao-e-intocavel-revisao-nao-e-traicao","status":"publish","type":"post","link":"https:\/\/portaltela.pt\/noticias\/2026\/04\/02\/constituicao-de-50-anos-texto-nao-e-intocavel-revisao-nao-e-traicao\/","title":{"rendered":"Constitui\u00e7\u00e3o de 50 anos: texto n\u00e3o \u00e9 intoc\u00e1vel; revis\u00e3o n\u00e3o \u00e9 trai\u00e7\u00e3o"},"content":{"rendered":"<p>O tema dos 50 anos da Constitui\u00e7\u00e3o volta \u00e0 sua discuss\u00e3o p\u00fablica com declara\u00e7\u00f5es de Aguiar-Branco. O ex-ministro afirmou que o texto constitucional \u201cn\u00e3o \u00e9 intoc\u00e1vel\u201d e que uma revis\u00e3o n\u00e3o \u00e9 drama nem trai\u00e7\u00e3o. A posi\u00e7\u00e3o integra o debate sobre o futuro da carta magna.<\/p>\n<p>Segundo o conte\u00fado dispon\u00edvel, o n\u00facleo da interven\u00e7\u00e3o centra-se na abertura para altera\u00e7\u00f5es como parte do amadurecimento democr\u00e1tico. N\u00e3o houve indica\u00e7\u00e3o de propostas espec\u00edficas ou calend\u00e1rio para qualquer revis\u00e3o.<\/p>\n<p>Quem est\u00e1 envolvido: o encontro mant\u00e9m Aguiar-Branco como figura central. Quando ocorreu: as declara\u00e7\u00f5es foram feitas recentemente, alinhadas com a celebra\u00e7\u00e3o do meio s\u00e9culo da Constitui\u00e7\u00e3o. Onde aconteceu: n\u00e3o foram especificados detalhes de localiza\u00e7\u00e3o.<\/p>\n<p>Porqu\u00ea: o objetivo \u00e9 clarificar que mudan\u00e7as s\u00e3o parte do processo democr\u00e1tico, longe de atribuir inten\u00e7\u00f5es radicais ou confrontos. O artigo completo encontra-se acess\u00edvel apenas para subscritores.<\/p>\n","protected":false},"excerpt":{"rendered":"<ul>\n<li>O texto de Aguiar-Branco defende que a Constitui\u00e7\u00e3o de 50 anos n\u00e3o \u00e9 intoc\u00e1vel.<\/li>\n<li>Sugerem que rev\u00ea-la n\u00e3o \u00e9 drama nem trai\u00e7\u00e3o.<\/li>\n<li>O tema aborda a vig\u00eancia constitucional ao longo de meio s\u00e9culo.<\/li>\n<li>O foco est\u00e1 no debate p\u00fablico sobre a possibilidade de atualiza\u00e7\u00e3o ou revis\u00e3o.<\/li>\n<li>O conte\u00fado completo est\u00e1 dispon\u00edvel apenas para subscritores.<\/li>\n<\/ul>\n","protected":false},"author":2,"featured_media":430198,"comment_status":"closed","ping_status":"closed","sticky":false,"template":"","format":"standard","meta":{"footnotes":""},"categories":[6815,1],"tags":[6178,4057,2795,41,2832],"class_list":["post-430197","post","type-post","status-publish","format-standard","has-post-thumbnail","hentry","category-justica","category-noticias","tag-assuntos-constitucionais","tag-constituicao","tag-democracia","tag-noticia","tag-politica"],"yoast_head":"<!-- This site is optimized with the Yoast SEO plugin v27.2 - https:\/\/yoast.com\/product\/yoast-seo-wordpress\/ -->\n<title>Constitui\u00e7\u00e3o de 50 anos: texto n\u00e3o \u00e9 intoc\u00e1vel; revis\u00e3o n\u00e3o \u00e9 trai\u00e7\u00e3o - Portal Tela Portugal<\/title>\n<meta name=\"robots\" content=\"index, follow, max-snippet:-1, max-image-preview:large, max-video-preview:-1\" \/>\n<meta property=\"og:locale\" content=\"pt_PT\" \/>\n<meta property=\"og:type\" content=\"article\" \/>\n<meta property=\"og:title\" content=\"Constitui\u00e7\u00e3o de 50 anos: texto n\u00e3o \u00e9 intoc\u00e1vel; revis\u00e3o n\u00e3o \u00e9 trai\u00e7\u00e3o - Portal Tela Portugal\" \/>\n<meta property=\"og:description\" content=\"O texto de Aguiar-Branco defende que a Constitui\u00e7\u00e3o de 50 anos n\u00e3o \u00e9 intoc\u00e1vel. Sugerem que rev\u00ea-la n\u00e3o \u00e9 drama nem trai\u00e7\u00e3o. O tema aborda a vig\u00eancia constitucional ao longo de meio s\u00e9culo. O foco est\u00e1 no debate p\u00fablico sobre a possibilidade de atualiza\u00e7\u00e3o ou revis\u00e3o. O conte\u00fado completo est\u00e1 dispon\u00edvel apenas para subscritores.\" \/>\n<meta property=\"og:url\" content=\"https:\/\/portaltela.pt\/noticias\/2026\/04\/02\/constituicao-de-50-anos-texto-nao-e-intocavel-revisao-nao-e-traicao\/\" \/>\n<meta property=\"og:site_name\" content=\"Portal Tela Portugal\" \/>\n<meta property=\"article:published_time\" content=\"2026-04-02T10:46:58+00:00\" \/>\n<meta name=\"author\" content=\"Telinha\" \/>\n<meta name=\"twitter:card\" content=\"summary_large_image\" \/>\n<meta name=\"twitter:label1\" content=\"Escrito por\" \/>\n\t<meta name=\"twitter:data1\" content=\"Telinha\" \/>\n\t<meta name=\"twitter:label2\" content=\"Tempo estimado de leitura\" \/>\n\t<meta name=\"twitter:data2\" content=\"1 minuto\" \/>\n<script type=\"application\/ld+json\" class=\"yoast-schema-graph\">{\"@context\":\"https:\/\/schema.org\",\"@graph\":[{\"@type\":\"Article\",\"@id\":\"https:\/\/portaltela.pt\/noticias\/2026\/04\/02\/constituicao-de-50-anos-texto-nao-e-intocavel-revisao-nao-e-traicao\/#article\",\"isPartOf\":{\"@id\":\"https:\/\/portaltela.pt\/noticias\/2026\/04\/02\/constituicao-de-50-anos-texto-nao-e-intocavel-revisao-nao-e-traicao\/\"},\"author\":{\"name\":\"Telinha\",\"@id\":\"https:\/\/portaltela.pt\/#\/schema\/person\/c4278d4a6028830caff9ee44b42d32ed\"},\"headline\":\"Constitui\u00e7\u00e3o de 50 anos: texto n\u00e3o \u00e9 intoc\u00e1vel; revis\u00e3o n\u00e3o \u00e9 trai\u00e7\u00e3o\",\"datePublished\":\"2026-04-02T10:46:58+00:00\",\"mainEntityOfPage\":{\"@id\":\"https:\/\/portaltela.pt\/noticias\/2026\/04\/02\/constituicao-de-50-anos-texto-nao-e-intocavel-revisao-nao-e-traicao\/\"},\"wordCount\":179,\"image\":{\"@id\":\"https:\/\/portaltela.pt\/noticias\/2026\/04\/02\/constituicao-de-50-anos-texto-nao-e-intocavel-revisao-nao-e-traicao\/#primaryimage\"},\"thumbnailUrl\":\"https:\/\/portaltela.pt\/s.01k8rhncp4jt1\/2026\/04\/CACHE_780X1200_ANALOG_WATERMARKED_46867245_5397314_02042026114119.jpg\",\"keywords\":[\"Assuntos Constitucionais\",\"constitui\u00e7\u00e3o\",\"democracia\",\"not\u00edcia\",\"pol\u00edtica\"],\"articleSection\":[\"Justi\u00e7a\",\"Not\u00edcias\"],\"inLanguage\":\"pt-PT\"},{\"@type\":\"WebPage\",\"@id\":\"https:\/\/portaltela.pt\/noticias\/2026\/04\/02\/constituicao-de-50-anos-texto-nao-e-intocavel-revisao-nao-e-traicao\/\",\"url\":\"https:\/\/portaltela.pt\/noticias\/2026\/04\/02\/constituicao-de-50-anos-texto-nao-e-intocavel-revisao-nao-e-traicao\/\",\"name\":\"Constitui\u00e7\u00e3o de 50 anos: texto n\u00e3o \u00e9 intoc\u00e1vel; revis\u00e3o n\u00e3o \u00e9 trai\u00e7\u00e3o - Portal Tela Portugal\",\"isPartOf\":{\"@id\":\"https:\/\/portaltela.pt\/#website\"},\"primaryImageOfPage\":{\"@id\":\"https:\/\/portaltela.pt\/noticias\/2026\/04\/02\/constituicao-de-50-anos-texto-nao-e-intocavel-revisao-nao-e-traicao\/#primaryimage\"},\"image\":{\"@id\":\"https:\/\/portaltela.pt\/noticias\/2026\/04\/02\/constituicao-de-50-anos-texto-nao-e-intocavel-revisao-nao-e-traicao\/#primaryimage\"},\"thumbnailUrl\":\"https:\/\/portaltela.pt\/s.01k8rhncp4jt1\/2026\/04\/CACHE_780X1200_ANALOG_WATERMARKED_46867245_5397314_02042026114119.jpg\",\"datePublished\":\"2026-04-02T10:46:58+00:00\",\"author\":{\"@id\":\"https:\/\/portaltela.pt\/#\/schema\/person\/c4278d4a6028830caff9ee44b42d32ed\"},\"breadcrumb\":{\"@id\":\"https:\/\/portaltela.pt\/noticias\/2026\/04\/02\/constituicao-de-50-anos-texto-nao-e-intocavel-revisao-nao-e-traicao\/#breadcrumb\"},\"inLanguage\":\"pt-PT\",\"potentialAction\":[{\"@type\":\"ReadAction\",\"target\":[\"https:\/\/portaltela.pt\/noticias\/2026\/04\/02\/constituicao-de-50-anos-texto-nao-e-intocavel-revisao-nao-e-traicao\/\"]}]},{\"@type\":\"ImageObject\",\"inLanguage\":\"pt-PT\",\"@id\":\"https:\/\/portaltela.pt\/noticias\/2026\/04\/02\/constituicao-de-50-anos-texto-nao-e-intocavel-revisao-nao-e-traicao\/#primaryimage\",\"url\":\"https:\/\/portaltela.pt\/s.01k8rhncp4jt1\/2026\/04\/CACHE_780X1200_ANALOG_WATERMARKED_46867245_5397314_02042026114119.jpg\",\"contentUrl\":\"https:\/\/portaltela.pt\/s.01k8rhncp4jt1\/2026\/04\/CACHE_780X1200_ANALOG_WATERMARKED_46867245_5397314_02042026114119.jpg\",\"width\":796,\"height\":448,\"caption\":\"Constitui\u00e7\u00e3o\/50 anos: Texto \u201cn\u00e3o \u00e9 intoc\u00e1vel\u201d e rev\u00ea-lo n\u00e3o \u00e9 um drama ou uma trai\u00e7\u00e3o - Aguiar-Branco\"},{\"@type\":\"BreadcrumbList\",\"@id\":\"https:\/\/portaltela.pt\/noticias\/2026\/04\/02\/constituicao-de-50-anos-texto-nao-e-intocavel-revisao-nao-e-traicao\/#breadcrumb\",\"itemListElement\":[{\"@type\":\"ListItem\",\"position\":1,\"name\":\"In\u00edcio\",\"item\":\"https:\/\/portaltela.pt\/\"},{\"@type\":\"ListItem\",\"position\":2,\"name\":\"Constitui\u00e7\u00e3o de 50 anos: texto n\u00e3o \u00e9 intoc\u00e1vel; revis\u00e3o n\u00e3o \u00e9 trai\u00e7\u00e3o\"}]},{\"@type\":\"WebSite\",\"@id\":\"https:\/\/portaltela.pt\/#website\",\"url\":\"https:\/\/portaltela.pt\/\",\"name\":\"Portal Tela Portugal\",\"description\":\"\",\"potentialAction\":[{\"@type\":\"SearchAction\",\"target\":{\"@type\":\"EntryPoint\",\"urlTemplate\":\"https:\/\/portaltela.pt\/?s={search_term_string}\"},\"query-input\":{\"@type\":\"PropertyValueSpecification\",\"valueRequired\":true,\"valueName\":\"search_term_string\"}}],\"inLanguage\":\"pt-PT\"},{\"@type\":\"Person\",\"@id\":\"https:\/\/portaltela.pt\/#\/schema\/person\/c4278d4a6028830caff9ee44b42d32ed\",\"name\":\"Telinha\",\"image\":{\"@type\":\"ImageObject\",\"inLanguage\":\"pt-PT\",\"@id\":\"https:\/\/portaltela.pt\/s.01k8rhncp4jt1\/2025\/11\/talking-bot-125x125.png\",\"url\":\"https:\/\/portaltela.pt\/s.01k8rhncp4jt1\/2025\/11\/talking-bot-125x125.png\",\"contentUrl\":\"https:\/\/portaltela.pt\/s.01k8rhncp4jt1\/2025\/11\/talking-bot-125x125.png\",\"caption\":\"Telinha\"},\"sameAs\":[\"https:\/\/portaltela.pt\/\"],\"url\":\"https:\/\/portaltela.pt\/por\/367410592786\/\"}]}<\/script>\n<!-- \/ Yoast SEO plugin. -->","yoast_head_json":{"title":"Constitui\u00e7\u00e3o de 50 anos: texto n\u00e3o \u00e9 intoc\u00e1vel; revis\u00e3o n\u00e3o \u00e9 trai\u00e7\u00e3o - Portal Tela Portugal","robots":{"index":"index","follow":"follow","max-snippet":"max-snippet:-1","max-image-preview":"max-image-preview:large","max-video-preview":"max-video-preview:-1"},"og_locale":"pt_PT","og_type":"article","og_title":"Constitui\u00e7\u00e3o de 50 anos: texto n\u00e3o \u00e9 intoc\u00e1vel; revis\u00e3o n\u00e3o \u00e9 trai\u00e7\u00e3o - Portal Tela Portugal","og_description":"O texto de Aguiar-Branco defende que a Constitui\u00e7\u00e3o de 50 anos n\u00e3o \u00e9 intoc\u00e1vel. Sugerem que rev\u00ea-la n\u00e3o \u00e9 drama nem trai\u00e7\u00e3o. O tema aborda a vig\u00eancia constitucional ao longo de meio s\u00e9culo. O foco est\u00e1 no debate p\u00fablico sobre a possibilidade de atualiza\u00e7\u00e3o ou revis\u00e3o. O conte\u00fado completo est\u00e1 dispon\u00edvel apenas para subscritores.","og_url":"https:\/\/portaltela.pt\/noticias\/2026\/04\/02\/constituicao-de-50-anos-texto-nao-e-intocavel-revisao-nao-e-traicao\/","og_site_name":"Portal Tela Portugal","article_published_time":"2026-04-02T10:46:58+00:00","author":"Telinha","twitter_card":"summary_large_image","twitter_misc":{"Escrito por":"Telinha","Tempo estimado de leitura":"1 minuto"},"schema":{"@context":"https:\/\/schema.org","@graph":[{"@type":"Article","@id":"https:\/\/portaltela.pt\/noticias\/2026\/04\/02\/constituicao-de-50-anos-texto-nao-e-intocavel-revisao-nao-e-traicao\/#article","isPartOf":{"@id":"https:\/\/portaltela.pt\/noticias\/2026\/04\/02\/constituicao-de-50-anos-texto-nao-e-intocavel-revisao-nao-e-traicao\/"},"author":{"name":"Telinha","@id":"https:\/\/portaltela.pt\/#\/schema\/person\/c4278d4a6028830caff9ee44b42d32ed"},"headline":"Constitui\u00e7\u00e3o de 50 anos: texto n\u00e3o \u00e9 intoc\u00e1vel; revis\u00e3o n\u00e3o \u00e9 trai\u00e7\u00e3o","datePublished":"2026-04-02T10:46:58+00:00","mainEntityOfPage":{"@id":"https:\/\/portaltela.pt\/noticias\/2026\/04\/02\/constituicao-de-50-anos-texto-nao-e-intocavel-revisao-nao-e-traicao\/"},"wordCount":179,"image":{"@id":"https:\/\/portaltela.pt\/noticias\/2026\/04\/02\/constituicao-de-50-anos-texto-nao-e-intocavel-revisao-nao-e-traicao\/#primaryimage"},"thumbnailUrl":"https:\/\/portaltela.pt\/s.01k8rhncp4jt1\/2026\/04\/CACHE_780X1200_ANALOG_WATERMARKED_46867245_5397314_02042026114119.jpg","keywords":["Assuntos Constitucionais","constitui\u00e7\u00e3o","democracia","not\u00edcia","pol\u00edtica"],"articleSection":["Justi\u00e7a","Not\u00edcias"],"inLanguage":"pt-PT"},{"@type":"WebPage","@id":"https:\/\/portaltela.pt\/noticias\/2026\/04\/02\/constituicao-de-50-anos-texto-nao-e-intocavel-revisao-nao-e-traicao\/","url":"https:\/\/portaltela.pt\/noticias\/2026\/04\/02\/constituicao-de-50-anos-texto-nao-e-intocavel-revisao-nao-e-traicao\/","name":"Constitui\u00e7\u00e3o de 50 anos: texto n\u00e3o \u00e9 intoc\u00e1vel; revis\u00e3o n\u00e3o \u00e9 trai\u00e7\u00e3o - Portal Tela Portugal","isPartOf":{"@id":"https:\/\/portaltela.pt\/#website"},"primaryImageOfPage":{"@id":"https:\/\/portaltela.pt\/noticias\/2026\/04\/02\/constituicao-de-50-anos-texto-nao-e-intocavel-revisao-nao-e-traicao\/#primaryimage"},"image":{"@id":"https:\/\/portaltela.pt\/noticias\/2026\/04\/02\/constituicao-de-50-anos-texto-nao-e-intocavel-revisao-nao-e-traicao\/#primaryimage"},"thumbnailUrl":"https:\/\/portaltela.pt\/s.01k8rhncp4jt1\/2026\/04\/CACHE_780X1200_ANALOG_WATERMARKED_46867245_5397314_02042026114119.jpg","datePublished":"2026-04-02T10:46:58+00:00","author":{"@id":"https:\/\/portaltela.pt\/#\/schema\/person\/c4278d4a6028830caff9ee44b42d32ed"},"breadcrumb":{"@id":"https:\/\/portaltela.pt\/noticias\/2026\/04\/02\/constituicao-de-50-anos-texto-nao-e-intocavel-revisao-nao-e-traicao\/#breadcrumb"},"inLanguage":"pt-PT","potentialAction":[{"@type":"ReadAction","target":["https:\/\/portaltela.pt\/noticias\/2026\/04\/02\/constituicao-de-50-anos-texto-nao-e-intocavel-revisao-nao-e-traicao\/"]}]},{"@type":"ImageObject","inLanguage":"pt-PT","@id":"https:\/\/portaltela.pt\/noticias\/2026\/04\/02\/constituicao-de-50-anos-texto-nao-e-intocavel-revisao-nao-e-traicao\/#primaryimage","url":"https:\/\/portaltela.pt\/s.01k8rhncp4jt1\/2026\/04\/CACHE_780X1200_ANALOG_WATERMARKED_46867245_5397314_02042026114119.jpg","contentUrl":"https:\/\/portaltela.pt\/s.01k8rhncp4jt1\/2026\/04\/CACHE_780X1200_ANALOG_WATERMARKED_46867245_5397314_02042026114119.jpg","width":796,"height":448,"caption":"Constitui\u00e7\u00e3o\/50 anos: Texto \u201cn\u00e3o \u00e9 intoc\u00e1vel\u201d e rev\u00ea-lo n\u00e3o \u00e9 um drama ou uma trai\u00e7\u00e3o - Aguiar-Branco"},{"@type":"BreadcrumbList","@id":"https:\/\/portaltela.pt\/noticias\/2026\/04\/02\/constituicao-de-50-anos-texto-nao-e-intocavel-revisao-nao-e-traicao\/#breadcrumb","itemListElement":[{"@type":"ListItem","position":1,"name":"In\u00edcio","item":"https:\/\/portaltela.pt\/"},{"@type":"ListItem","position":2,"name":"Constitui\u00e7\u00e3o de 50 anos: texto n\u00e3o \u00e9 intoc\u00e1vel; revis\u00e3o n\u00e3o \u00e9 trai\u00e7\u00e3o"}]},{"@type":"WebSite","@id":"https:\/\/portaltela.pt\/#website","url":"https:\/\/portaltela.pt\/","name":"Portal Tela Portugal","description":"","potentialAction":[{"@type":"SearchAction","target":{"@type":"EntryPoint","urlTemplate":"https:\/\/portaltela.pt\/?s={search_term_string}"},"query-input":{"@type":"PropertyValueSpecification","valueRequired":true,"valueName":"search_term_string"}}],"inLanguage":"pt-PT"},{"@type":"Person","@id":"https:\/\/portaltela.pt\/#\/schema\/person\/c4278d4a6028830caff9ee44b42d32ed","name":"Telinha","image":{"@type":"ImageObject","inLanguage":"pt-PT","@id":"https:\/\/portaltela.pt\/s.01k8rhncp4jt1\/2025\/11\/talking-bot-125x125.png","url":"https:\/\/portaltela.pt\/s.01k8rhncp4jt1\/2025\/11\/talking-bot-125x125.png","contentUrl":"https:\/\/portaltela.pt\/s.01k8rhncp4jt1\/2025\/11\/talking-bot-125x125.png","caption":"Telinha"},"sameAs":["https:\/\/portaltela.pt\/"],"url":"https:\/\/portaltela.pt\/por\/367410592786\/"}]}},"_links":{"self":[{"href":"https:\/\/portaltela.pt\/api\/wp\/v2\/posts\/430197","targetHints":{"allow":["GET"]}}],"collection":[{"href":"https:\/\/portaltela.pt\/api\/wp\/v2\/posts"}],"about":[{"href":"https:\/\/portaltela.pt\/api\/wp\/v2\/types\/post"}],"author":[{"embeddable":true,"href":"https:\/\/portaltela.pt\/api\/wp\/v2\/users\/2"}],"replies":[{"embeddable":true,"href":"https:\/\/portaltela.pt\/api\/wp\/v2\/comments?post=430197"}],"version-history":[{"count":0,"href":"https:\/\/portaltela.pt\/api\/wp\/v2\/posts\/430197\/revisions"}],"wp:featuredmedia":[{"embeddable":true,"href":"https:\/\/portaltela.pt\/api\/wp\/v2\/media\/430198"}],"wp:attachment":[{"href":"https:\/\/portaltela.pt\/api\/wp\/v2\/media?parent=430197"}],"wp:term":[{"taxonomy":"category","embeddable":true,"href":"https:\/\/portaltela.pt\/api\/wp\/v2\/categories?post=430197"},{"taxonomy":"post_tag","embeddable":true,"href":"https:\/\/portaltela.pt\/api\/wp\/v2\/tags?post=430197"}],"curies":[{"name":"wp","href":"https:\/\/api.w.org\/{rel}","templated":true}]}}