{"id":430181,"date":"2026-04-02T07:32:19","date_gmt":"2026-04-02T10:32:19","guid":{"rendered":"https:\/\/portaltela.pt\/noticias\/2026\/04\/02\/verao-no-algarve-praias-atraem-turistas-mas-existem-perigos-no-mar\/"},"modified":"2026-04-02T07:32:19","modified_gmt":"2026-04-02T10:32:19","slug":"verao-no-algarve-praias-atraem-turistas-mas-existem-perigos-no-mar","status":"publish","type":"post","link":"https:\/\/portaltela.pt\/acidentes\/2026\/04\/02\/verao-no-algarve-praias-atraem-turistas-mas-existem-perigos-no-mar\/","title":{"rendered":"Ver\u00e3o no Algarve: praias atraem turistas, mas existem perigos no mar"},"content":{"rendered":"<p>As praias algarvias continuam sem vigil\u00e2ncia de nadadores-salvadores, porque as concess\u00f5es ainda n\u00e3o abriram. Em Tavira, uma adolescente de 14 anos esteve em risco de afogamento e foi resgatada.<\/p>\n<p>O incidente ocorreu neste ver\u00e3o numa zona costeira de Tavira, com a interven\u00e7\u00e3o de meios de emerg\u00eancia locais.<\/p>\n<p>N\u00e3o foram divulgados detalhes adicionais sobre o estado da rec\u00e9m-resgatada ou sobre o tipo de assist\u00eancia prestada no local.<\/p>\n<p>Autoridades locais lembram que a vigil\u00e2ncia dependia da abertura das concess\u00f5es para assegurar nadadores-salvadores durante o per\u00edodo balnear.<\/p>\n","protected":false},"excerpt":{"rendered":"<ul>\n<li>As praias do Algarve ainda n\u00e3o contam com vigil\u00e2ncia de nadadores-salvadores, porque as concess\u00f5es ainda n\u00e3o abriram.<\/li>\n<li>O atraso na abertura das concess\u00f5es deixa as praias sem esse servi\u00e7o durante o ver\u00e3o.<\/li>\n<li>Uma adolescente de 14 anos esteve em risco de afogamento e teve de ser resgatada em Tavira.<\/li>\n<li>O incidente evidencia os perigos em praias sem vigil\u00e2ncia nesta altura do ano.<\/li>\n<\/ul>\n","protected":false},"author":2,"featured_media":430184,"comment_status":"closed","ping_status":"closed","sticky":false,"template":"","format":"standard","meta":{"footnotes":""},"categories":[6849],"tags":[928,7698,320,5974,250,2687],"class_list":["post-430181","post","type-post","status-publish","format-standard","has-post-thumbnail","hentry","category-acidentes","tag-algarve","tag-nadadores-salvadores","tag-protecao-civil","tag-salvamento-maritimo","tag-seguranca-publica","tag-tavira"],"yoast_head":"<!-- This site is optimized with the Yoast SEO plugin v27.2 - https:\/\/yoast.com\/product\/yoast-seo-wordpress\/ -->\n<title>Ver\u00e3o no Algarve: praias atraem turistas, mas existem perigos no mar - Portal Tela Portugal<\/title>\n<meta name=\"robots\" content=\"index, follow, max-snippet:-1, max-image-preview:large, max-video-preview:-1\" \/>\n<meta property=\"og:locale\" content=\"pt_PT\" \/>\n<meta property=\"og:type\" content=\"article\" \/>\n<meta property=\"og:title\" content=\"Ver\u00e3o no Algarve: praias atraem turistas, mas existem perigos no mar - Portal Tela Portugal\" \/>\n<meta property=\"og:description\" content=\"As praias do Algarve ainda n\u00e3o contam com vigil\u00e2ncia de nadadores-salvadores, porque as concess\u00f5es ainda n\u00e3o abriram. O atraso na abertura das concess\u00f5es deixa as praias sem esse servi\u00e7o durante o ver\u00e3o. Uma adolescente de 14 anos esteve em risco de afogamento e teve de ser resgatada em Tavira. O incidente evidencia os perigos em praias sem vigil\u00e2ncia nesta altura do ano.\" \/>\n<meta property=\"og:url\" content=\"https:\/\/portaltela.pt\/noticias\/2026\/04\/02\/verao-no-algarve-praias-atraem-turistas-mas-existem-perigos-no-mar\/\" \/>\n<meta property=\"og:site_name\" content=\"Portal Tela Portugal\" \/>\n<meta property=\"article:published_time\" content=\"2026-04-02T10:32:19+00:00\" \/>\n<meta name=\"author\" content=\"Telinha\" \/>\n<meta name=\"twitter:card\" content=\"summary_large_image\" \/>\n<meta name=\"twitter:label1\" content=\"Escrito por\" \/>\n\t<meta name=\"twitter:data1\" content=\"Telinha\" \/>\n<script type=\"application\/ld+json\" class=\"yoast-schema-graph\">{\"@context\":\"https:\/\/schema.org\",\"@graph\":[{\"@type\":\"Article\",\"@id\":\"https:\/\/portaltela.pt\/noticias\/2026\/04\/02\/verao-no-algarve-praias-atraem-turistas-mas-existem-perigos-no-mar\/#article\",\"isPartOf\":{\"@id\":\"https:\/\/portaltela.pt\/noticias\/2026\/04\/02\/verao-no-algarve-praias-atraem-turistas-mas-existem-perigos-no-mar\/\"},\"author\":{\"name\":\"Telinha\",\"@id\":\"https:\/\/portaltela.pt\/#\/schema\/person\/c4278d4a6028830caff9ee44b42d32ed\"},\"headline\":\"Ver\u00e3o no Algarve: praias atraem turistas, mas existem perigos no mar\",\"datePublished\":\"2026-04-02T10:32:19+00:00\",\"mainEntityOfPage\":{\"@id\":\"https:\/\/portaltela.pt\/noticias\/2026\/04\/02\/verao-no-algarve-praias-atraem-turistas-mas-existem-perigos-no-mar\/\"},\"wordCount\":107,\"image\":{\"@id\":\"https:\/\/portaltela.pt\/noticias\/2026\/04\/02\/verao-no-algarve-praias-atraem-turistas-mas-existem-perigos-no-mar\/#primaryimage\"},\"thumbnailUrl\":\"https:\/\/portaltela.pt\/s.01k8rhncp4jt1\/2026\/04\/img_1280x722uu2026-04-01-17-51-29-2276086.jpg\",\"keywords\":[\"Algarve\",\"nadadores-salvadores\",\"prote\u00e7\u00e3o civil\",\"Salvamento Mar\u00edtimo\",\"seguran\u00e7a p\u00fablica\",\"Tavira\"],\"articleSection\":[\"Acidentes\"],\"inLanguage\":\"pt-PT\"},{\"@type\":\"WebPage\",\"@id\":\"https:\/\/portaltela.pt\/noticias\/2026\/04\/02\/verao-no-algarve-praias-atraem-turistas-mas-existem-perigos-no-mar\/\",\"url\":\"https:\/\/portaltela.pt\/noticias\/2026\/04\/02\/verao-no-algarve-praias-atraem-turistas-mas-existem-perigos-no-mar\/\",\"name\":\"Ver\u00e3o no Algarve: praias atraem turistas, mas existem perigos no mar - Portal Tela Portugal\",\"isPartOf\":{\"@id\":\"https:\/\/portaltela.pt\/#website\"},\"primaryImageOfPage\":{\"@id\":\"https:\/\/portaltela.pt\/noticias\/2026\/04\/02\/verao-no-algarve-praias-atraem-turistas-mas-existem-perigos-no-mar\/#primaryimage\"},\"image\":{\"@id\":\"https:\/\/portaltela.pt\/noticias\/2026\/04\/02\/verao-no-algarve-praias-atraem-turistas-mas-existem-perigos-no-mar\/#primaryimage\"},\"thumbnailUrl\":\"https:\/\/portaltela.pt\/s.01k8rhncp4jt1\/2026\/04\/img_1280x722uu2026-04-01-17-51-29-2276086.jpg\",\"datePublished\":\"2026-04-02T10:32:19+00:00\",\"author\":{\"@id\":\"https:\/\/portaltela.pt\/#\/schema\/person\/c4278d4a6028830caff9ee44b42d32ed\"},\"breadcrumb\":{\"@id\":\"https:\/\/portaltela.pt\/noticias\/2026\/04\/02\/verao-no-algarve-praias-atraem-turistas-mas-existem-perigos-no-mar\/#breadcrumb\"},\"inLanguage\":\"pt-PT\",\"potentialAction\":[{\"@type\":\"ReadAction\",\"target\":[\"https:\/\/portaltela.pt\/noticias\/2026\/04\/02\/verao-no-algarve-praias-atraem-turistas-mas-existem-perigos-no-mar\/\"]}]},{\"@type\":\"ImageObject\",\"inLanguage\":\"pt-PT\",\"@id\":\"https:\/\/portaltela.pt\/noticias\/2026\/04\/02\/verao-no-algarve-praias-atraem-turistas-mas-existem-perigos-no-mar\/#primaryimage\",\"url\":\"https:\/\/portaltela.pt\/s.01k8rhncp4jt1\/2026\/04\/img_1280x722uu2026-04-01-17-51-29-2276086.jpg\",\"contentUrl\":\"https:\/\/portaltela.pt\/s.01k8rhncp4jt1\/2026\/04\/img_1280x722uu2026-04-01-17-51-29-2276086.jpg\",\"width\":796,\"height\":448,\"caption\":\"Photo\"},{\"@type\":\"BreadcrumbList\",\"@id\":\"https:\/\/portaltela.pt\/noticias\/2026\/04\/02\/verao-no-algarve-praias-atraem-turistas-mas-existem-perigos-no-mar\/#breadcrumb\",\"itemListElement\":[{\"@type\":\"ListItem\",\"position\":1,\"name\":\"In\u00edcio\",\"item\":\"https:\/\/portaltela.pt\/\"},{\"@type\":\"ListItem\",\"position\":2,\"name\":\"Ver\u00e3o no Algarve: praias atraem turistas, mas existem perigos no mar\"}]},{\"@type\":\"WebSite\",\"@id\":\"https:\/\/portaltela.pt\/#website\",\"url\":\"https:\/\/portaltela.pt\/\",\"name\":\"Portal Tela Portugal\",\"description\":\"\",\"potentialAction\":[{\"@type\":\"SearchAction\",\"target\":{\"@type\":\"EntryPoint\",\"urlTemplate\":\"https:\/\/portaltela.pt\/?s={search_term_string}\"},\"query-input\":{\"@type\":\"PropertyValueSpecification\",\"valueRequired\":true,\"valueName\":\"search_term_string\"}}],\"inLanguage\":\"pt-PT\"},{\"@type\":\"Person\",\"@id\":\"https:\/\/portaltela.pt\/#\/schema\/person\/c4278d4a6028830caff9ee44b42d32ed\",\"name\":\"Telinha\",\"image\":{\"@type\":\"ImageObject\",\"inLanguage\":\"pt-PT\",\"@id\":\"https:\/\/portaltela.pt\/s.01k8rhncp4jt1\/2025\/11\/talking-bot-125x125.png\",\"url\":\"https:\/\/portaltela.pt\/s.01k8rhncp4jt1\/2025\/11\/talking-bot-125x125.png\",\"contentUrl\":\"https:\/\/portaltela.pt\/s.01k8rhncp4jt1\/2025\/11\/talking-bot-125x125.png\",\"caption\":\"Telinha\"},\"sameAs\":[\"https:\/\/portaltela.pt\/\"],\"url\":\"https:\/\/portaltela.pt\/por\/367410592786\/\"}]}<\/script>\n<!-- \/ Yoast SEO plugin. -->","yoast_head_json":{"title":"Ver\u00e3o no Algarve: praias atraem turistas, mas existem perigos no mar - Portal Tela Portugal","robots":{"index":"index","follow":"follow","max-snippet":"max-snippet:-1","max-image-preview":"max-image-preview:large","max-video-preview":"max-video-preview:-1"},"og_locale":"pt_PT","og_type":"article","og_title":"Ver\u00e3o no Algarve: praias atraem turistas, mas existem perigos no mar - Portal Tela Portugal","og_description":"As praias do Algarve ainda n\u00e3o contam com vigil\u00e2ncia de nadadores-salvadores, porque as concess\u00f5es ainda n\u00e3o abriram. O atraso na abertura das concess\u00f5es deixa as praias sem esse servi\u00e7o durante o ver\u00e3o. Uma adolescente de 14 anos esteve em risco de afogamento e teve de ser resgatada em Tavira. O incidente evidencia os perigos em praias sem vigil\u00e2ncia nesta altura do ano.","og_url":"https:\/\/portaltela.pt\/noticias\/2026\/04\/02\/verao-no-algarve-praias-atraem-turistas-mas-existem-perigos-no-mar\/","og_site_name":"Portal Tela Portugal","article_published_time":"2026-04-02T10:32:19+00:00","author":"Telinha","twitter_card":"summary_large_image","twitter_misc":{"Escrito por":"Telinha"},"schema":{"@context":"https:\/\/schema.org","@graph":[{"@type":"Article","@id":"https:\/\/portaltela.pt\/noticias\/2026\/04\/02\/verao-no-algarve-praias-atraem-turistas-mas-existem-perigos-no-mar\/#article","isPartOf":{"@id":"https:\/\/portaltela.pt\/noticias\/2026\/04\/02\/verao-no-algarve-praias-atraem-turistas-mas-existem-perigos-no-mar\/"},"author":{"name":"Telinha","@id":"https:\/\/portaltela.pt\/#\/schema\/person\/c4278d4a6028830caff9ee44b42d32ed"},"headline":"Ver\u00e3o no Algarve: praias atraem turistas, mas existem perigos no mar","datePublished":"2026-04-02T10:32:19+00:00","mainEntityOfPage":{"@id":"https:\/\/portaltela.pt\/noticias\/2026\/04\/02\/verao-no-algarve-praias-atraem-turistas-mas-existem-perigos-no-mar\/"},"wordCount":107,"image":{"@id":"https:\/\/portaltela.pt\/noticias\/2026\/04\/02\/verao-no-algarve-praias-atraem-turistas-mas-existem-perigos-no-mar\/#primaryimage"},"thumbnailUrl":"https:\/\/portaltela.pt\/s.01k8rhncp4jt1\/2026\/04\/img_1280x722uu2026-04-01-17-51-29-2276086.jpg","keywords":["Algarve","nadadores-salvadores","prote\u00e7\u00e3o civil","Salvamento Mar\u00edtimo","seguran\u00e7a p\u00fablica","Tavira"],"articleSection":["Acidentes"],"inLanguage":"pt-PT"},{"@type":"WebPage","@id":"https:\/\/portaltela.pt\/noticias\/2026\/04\/02\/verao-no-algarve-praias-atraem-turistas-mas-existem-perigos-no-mar\/","url":"https:\/\/portaltela.pt\/noticias\/2026\/04\/02\/verao-no-algarve-praias-atraem-turistas-mas-existem-perigos-no-mar\/","name":"Ver\u00e3o no Algarve: praias atraem turistas, mas existem perigos no mar - Portal Tela Portugal","isPartOf":{"@id":"https:\/\/portaltela.pt\/#website"},"primaryImageOfPage":{"@id":"https:\/\/portaltela.pt\/noticias\/2026\/04\/02\/verao-no-algarve-praias-atraem-turistas-mas-existem-perigos-no-mar\/#primaryimage"},"image":{"@id":"https:\/\/portaltela.pt\/noticias\/2026\/04\/02\/verao-no-algarve-praias-atraem-turistas-mas-existem-perigos-no-mar\/#primaryimage"},"thumbnailUrl":"https:\/\/portaltela.pt\/s.01k8rhncp4jt1\/2026\/04\/img_1280x722uu2026-04-01-17-51-29-2276086.jpg","datePublished":"2026-04-02T10:32:19+00:00","author":{"@id":"https:\/\/portaltela.pt\/#\/schema\/person\/c4278d4a6028830caff9ee44b42d32ed"},"breadcrumb":{"@id":"https:\/\/portaltela.pt\/noticias\/2026\/04\/02\/verao-no-algarve-praias-atraem-turistas-mas-existem-perigos-no-mar\/#breadcrumb"},"inLanguage":"pt-PT","potentialAction":[{"@type":"ReadAction","target":["https:\/\/portaltela.pt\/noticias\/2026\/04\/02\/verao-no-algarve-praias-atraem-turistas-mas-existem-perigos-no-mar\/"]}]},{"@type":"ImageObject","inLanguage":"pt-PT","@id":"https:\/\/portaltela.pt\/noticias\/2026\/04\/02\/verao-no-algarve-praias-atraem-turistas-mas-existem-perigos-no-mar\/#primaryimage","url":"https:\/\/portaltela.pt\/s.01k8rhncp4jt1\/2026\/04\/img_1280x722uu2026-04-01-17-51-29-2276086.jpg","contentUrl":"https:\/\/portaltela.pt\/s.01k8rhncp4jt1\/2026\/04\/img_1280x722uu2026-04-01-17-51-29-2276086.jpg","width":796,"height":448,"caption":"Photo"},{"@type":"BreadcrumbList","@id":"https:\/\/portaltela.pt\/noticias\/2026\/04\/02\/verao-no-algarve-praias-atraem-turistas-mas-existem-perigos-no-mar\/#breadcrumb","itemListElement":[{"@type":"ListItem","position":1,"name":"In\u00edcio","item":"https:\/\/portaltela.pt\/"},{"@type":"ListItem","position":2,"name":"Ver\u00e3o no Algarve: praias atraem turistas, mas existem perigos no mar"}]},{"@type":"WebSite","@id":"https:\/\/portaltela.pt\/#website","url":"https:\/\/portaltela.pt\/","name":"Portal Tela Portugal","description":"","potentialAction":[{"@type":"SearchAction","target":{"@type":"EntryPoint","urlTemplate":"https:\/\/portaltela.pt\/?s={search_term_string}"},"query-input":{"@type":"PropertyValueSpecification","valueRequired":true,"valueName":"search_term_string"}}],"inLanguage":"pt-PT"},{"@type":"Person","@id":"https:\/\/portaltela.pt\/#\/schema\/person\/c4278d4a6028830caff9ee44b42d32ed","name":"Telinha","image":{"@type":"ImageObject","inLanguage":"pt-PT","@id":"https:\/\/portaltela.pt\/s.01k8rhncp4jt1\/2025\/11\/talking-bot-125x125.png","url":"https:\/\/portaltela.pt\/s.01k8rhncp4jt1\/2025\/11\/talking-bot-125x125.png","contentUrl":"https:\/\/portaltela.pt\/s.01k8rhncp4jt1\/2025\/11\/talking-bot-125x125.png","caption":"Telinha"},"sameAs":["https:\/\/portaltela.pt\/"],"url":"https:\/\/portaltela.pt\/por\/367410592786\/"}]}},"_links":{"self":[{"href":"https:\/\/portaltela.pt\/api\/wp\/v2\/posts\/430181","targetHints":{"allow":["GET"]}}],"collection":[{"href":"https:\/\/portaltela.pt\/api\/wp\/v2\/posts"}],"about":[{"href":"https:\/\/portaltela.pt\/api\/wp\/v2\/types\/post"}],"author":[{"embeddable":true,"href":"https:\/\/portaltela.pt\/api\/wp\/v2\/users\/2"}],"replies":[{"embeddable":true,"href":"https:\/\/portaltela.pt\/api\/wp\/v2\/comments?post=430181"}],"version-history":[{"count":0,"href":"https:\/\/portaltela.pt\/api\/wp\/v2\/posts\/430181\/revisions"}],"wp:featuredmedia":[{"embeddable":true,"href":"https:\/\/portaltela.pt\/api\/wp\/v2\/media\/430184"}],"wp:attachment":[{"href":"https:\/\/portaltela.pt\/api\/wp\/v2\/media?parent=430181"}],"wp:term":[{"taxonomy":"category","embeddable":true,"href":"https:\/\/portaltela.pt\/api\/wp\/v2\/categories?post=430181"},{"taxonomy":"post_tag","embeddable":true,"href":"https:\/\/portaltela.pt\/api\/wp\/v2\/tags?post=430181"}],"curies":[{"name":"wp","href":"https:\/\/api.w.org\/{rel}","templated":true}]}}