{"id":430174,"date":"2026-04-02T07:32:09","date_gmt":"2026-04-02T10:32:09","guid":{"rendered":"https:\/\/portaltela.pt\/noticias\/2026\/04\/02\/deputados-constituintes-abandonam-o-parlamento-durante-discurso-de-ventura\/"},"modified":"2026-04-02T07:32:09","modified_gmt":"2026-04-02T10:32:09","slug":"deputados-constituintes-abandonam-o-parlamento-durante-discurso-de-ventura","status":"publish","type":"post","link":"https:\/\/portaltela.pt\/noticias\/politica\/2026\/04\/02\/deputados-constituintes-abandonam-o-parlamento-durante-discurso-de-ventura\/","title":{"rendered":"Deputados constituintes abandonam o Parlamento durante discurso de Ventura"},"content":{"rendered":"<p>Durante a sess\u00e3o solene dos 50 anos da Constitui\u00e7\u00e3o da Rep\u00fablica Portuguesa, deputados constituintes abandonaram a Assembleia da Rep\u00fablica durante o discurso de Andr\u00e9 Ventura. O incidente ocorreu no Parlamento durante a cerim\u00f3nia institucional.<\/p>\n<p>Aguiar Branco foi obrigado a intervir, assegurando a ordem entre o p\u00fablico presente e o plen\u00e1rio. Pouco depois, a palavra foi devolvida a Andr\u00e9 Ventura para prosseguir o debate na cerim\u00f3nia.<\/p>\n<p>O epis\u00f3dio ocorreu na Assembleia da Rep\u00fablica e envolve os deputados constituintes, o orador Andr\u00e9 Ventura e o presidente da sess\u00e3o, que pediu a interven\u00e7\u00e3o para retomar o normal andamento da cerim\u00f3nia.<\/p>\n","protected":false},"excerpt":{"rendered":"<ul>\n<li>Deputados constituintes sa\u00edram da Assembleia da Rep\u00fablica durante o discurso de Andr\u00e9 Ventura, na sess\u00e3o solene dos 50 anos da Constitui\u00e7\u00e3o da Rep\u00fablica Portuguesa.<\/li>\n<li>Aguiar Branco foi obrigado a intervir e devolveu a palavra a Andr\u00e9 Ventura.<\/li>\n<li>O incidente ocorreu no contexto da cerim\u00f3nia de comemora\u00e7\u00e3o da carta constitucional.<\/li>\n<li>O texto n\u00e3o detalha outras consequ\u00eancias ou declara\u00e7\u00f5es adicionais.<\/li>\n<\/ul>\n","protected":false},"author":2,"featured_media":430175,"comment_status":"closed","ping_status":"closed","sticky":false,"template":"","format":"standard","meta":{"footnotes":""},"categories":[1,5],"tags":[2453,4211,4057,2832],"class_list":["post-430174","post","type-post","status-publish","format-standard","has-post-thumbnail","hentry","category-noticias","category-politica","tag-andre-ventura","tag-assembleia-nacional","tag-constituicao","tag-politica"],"yoast_head":"<!-- This site is optimized with the Yoast SEO plugin v27.2 - https:\/\/yoast.com\/product\/yoast-seo-wordpress\/ -->\n<title>Deputados constituintes abandonam o Parlamento durante discurso de Ventura - Portal Tela Portugal<\/title>\n<meta name=\"robots\" content=\"index, follow, max-snippet:-1, max-image-preview:large, max-video-preview:-1\" \/>\n<meta property=\"og:locale\" content=\"pt_PT\" \/>\n<meta property=\"og:type\" content=\"article\" \/>\n<meta property=\"og:title\" content=\"Deputados constituintes abandonam o Parlamento durante discurso de Ventura - Portal Tela Portugal\" \/>\n<meta property=\"og:description\" content=\"Deputados constituintes sa\u00edram da Assembleia da Rep\u00fablica durante o discurso de Andr\u00e9 Ventura, na sess\u00e3o solene dos 50 anos da Constitui\u00e7\u00e3o da Rep\u00fablica Portuguesa. Aguiar Branco foi obrigado a intervir e devolveu a palavra a Andr\u00e9 Ventura. O incidente ocorreu no contexto da cerim\u00f3nia de comemora\u00e7\u00e3o da carta constitucional. O texto n\u00e3o detalha outras consequ\u00eancias ou declara\u00e7\u00f5es adicionais.\" \/>\n<meta property=\"og:url\" content=\"https:\/\/portaltela.pt\/noticias\/2026\/04\/02\/deputados-constituintes-abandonam-o-parlamento-durante-discurso-de-ventura\/\" \/>\n<meta property=\"og:site_name\" content=\"Portal Tela Portugal\" \/>\n<meta property=\"article:published_time\" content=\"2026-04-02T10:32:09+00:00\" \/>\n<meta name=\"author\" content=\"Telinha\" \/>\n<meta name=\"twitter:card\" content=\"summary_large_image\" \/>\n<meta name=\"twitter:label1\" content=\"Escrito por\" \/>\n\t<meta name=\"twitter:data1\" content=\"Telinha\" \/>\n\t<meta name=\"twitter:label2\" content=\"Tempo estimado de leitura\" \/>\n\t<meta name=\"twitter:data2\" content=\"1 minuto\" \/>\n<script type=\"application\/ld+json\" class=\"yoast-schema-graph\">{\"@context\":\"https:\/\/schema.org\",\"@graph\":[{\"@type\":\"Article\",\"@id\":\"https:\/\/portaltela.pt\/noticias\/2026\/04\/02\/deputados-constituintes-abandonam-o-parlamento-durante-discurso-de-ventura\/#article\",\"isPartOf\":{\"@id\":\"https:\/\/portaltela.pt\/noticias\/2026\/04\/02\/deputados-constituintes-abandonam-o-parlamento-durante-discurso-de-ventura\/\"},\"author\":{\"name\":\"Telinha\",\"@id\":\"https:\/\/portaltela.pt\/#\/schema\/person\/c4278d4a6028830caff9ee44b42d32ed\"},\"headline\":\"Deputados constituintes abandonam o Parlamento durante discurso de Ventura\",\"datePublished\":\"2026-04-02T10:32:09+00:00\",\"mainEntityOfPage\":{\"@id\":\"https:\/\/portaltela.pt\/noticias\/2026\/04\/02\/deputados-constituintes-abandonam-o-parlamento-durante-discurso-de-ventura\/\"},\"wordCount\":118,\"image\":{\"@id\":\"https:\/\/portaltela.pt\/noticias\/2026\/04\/02\/deputados-constituintes-abandonam-o-parlamento-durante-discurso-de-ventura\/#primaryimage\"},\"thumbnailUrl\":\"https:\/\/portaltela.pt\/s.01k8rhncp4jt1\/2026\/04\/img_1280x722uu2026-04-02-11-27-39-2276193.jpg\",\"keywords\":[\"Andr\u00e9 Ventura\",\"Assembleia Nacional\",\"constitui\u00e7\u00e3o\",\"pol\u00edtica\"],\"articleSection\":[\"Not\u00edcias\",\"Pol\u00edtica\"],\"inLanguage\":\"pt-PT\"},{\"@type\":\"WebPage\",\"@id\":\"https:\/\/portaltela.pt\/noticias\/2026\/04\/02\/deputados-constituintes-abandonam-o-parlamento-durante-discurso-de-ventura\/\",\"url\":\"https:\/\/portaltela.pt\/noticias\/2026\/04\/02\/deputados-constituintes-abandonam-o-parlamento-durante-discurso-de-ventura\/\",\"name\":\"Deputados constituintes abandonam o Parlamento durante discurso de Ventura - Portal Tela Portugal\",\"isPartOf\":{\"@id\":\"https:\/\/portaltela.pt\/#website\"},\"primaryImageOfPage\":{\"@id\":\"https:\/\/portaltela.pt\/noticias\/2026\/04\/02\/deputados-constituintes-abandonam-o-parlamento-durante-discurso-de-ventura\/#primaryimage\"},\"image\":{\"@id\":\"https:\/\/portaltela.pt\/noticias\/2026\/04\/02\/deputados-constituintes-abandonam-o-parlamento-durante-discurso-de-ventura\/#primaryimage\"},\"thumbnailUrl\":\"https:\/\/portaltela.pt\/s.01k8rhncp4jt1\/2026\/04\/img_1280x722uu2026-04-02-11-27-39-2276193.jpg\",\"datePublished\":\"2026-04-02T10:32:09+00:00\",\"author\":{\"@id\":\"https:\/\/portaltela.pt\/#\/schema\/person\/c4278d4a6028830caff9ee44b42d32ed\"},\"breadcrumb\":{\"@id\":\"https:\/\/portaltela.pt\/noticias\/2026\/04\/02\/deputados-constituintes-abandonam-o-parlamento-durante-discurso-de-ventura\/#breadcrumb\"},\"inLanguage\":\"pt-PT\",\"potentialAction\":[{\"@type\":\"ReadAction\",\"target\":[\"https:\/\/portaltela.pt\/noticias\/2026\/04\/02\/deputados-constituintes-abandonam-o-parlamento-durante-discurso-de-ventura\/\"]}]},{\"@type\":\"ImageObject\",\"inLanguage\":\"pt-PT\",\"@id\":\"https:\/\/portaltela.pt\/noticias\/2026\/04\/02\/deputados-constituintes-abandonam-o-parlamento-durante-discurso-de-ventura\/#primaryimage\",\"url\":\"https:\/\/portaltela.pt\/s.01k8rhncp4jt1\/2026\/04\/img_1280x722uu2026-04-02-11-27-39-2276193.jpg\",\"contentUrl\":\"https:\/\/portaltela.pt\/s.01k8rhncp4jt1\/2026\/04\/img_1280x722uu2026-04-02-11-27-39-2276193.jpg\",\"width\":796,\"height\":448,\"caption\":\"Photo\"},{\"@type\":\"BreadcrumbList\",\"@id\":\"https:\/\/portaltela.pt\/noticias\/2026\/04\/02\/deputados-constituintes-abandonam-o-parlamento-durante-discurso-de-ventura\/#breadcrumb\",\"itemListElement\":[{\"@type\":\"ListItem\",\"position\":1,\"name\":\"In\u00edcio\",\"item\":\"https:\/\/portaltela.pt\/\"},{\"@type\":\"ListItem\",\"position\":2,\"name\":\"Deputados constituintes abandonam o Parlamento durante discurso de Ventura\"}]},{\"@type\":\"WebSite\",\"@id\":\"https:\/\/portaltela.pt\/#website\",\"url\":\"https:\/\/portaltela.pt\/\",\"name\":\"Portal Tela Portugal\",\"description\":\"\",\"potentialAction\":[{\"@type\":\"SearchAction\",\"target\":{\"@type\":\"EntryPoint\",\"urlTemplate\":\"https:\/\/portaltela.pt\/?s={search_term_string}\"},\"query-input\":{\"@type\":\"PropertyValueSpecification\",\"valueRequired\":true,\"valueName\":\"search_term_string\"}}],\"inLanguage\":\"pt-PT\"},{\"@type\":\"Person\",\"@id\":\"https:\/\/portaltela.pt\/#\/schema\/person\/c4278d4a6028830caff9ee44b42d32ed\",\"name\":\"Telinha\",\"image\":{\"@type\":\"ImageObject\",\"inLanguage\":\"pt-PT\",\"@id\":\"https:\/\/portaltela.pt\/s.01k8rhncp4jt1\/2025\/11\/talking-bot-125x125.png\",\"url\":\"https:\/\/portaltela.pt\/s.01k8rhncp4jt1\/2025\/11\/talking-bot-125x125.png\",\"contentUrl\":\"https:\/\/portaltela.pt\/s.01k8rhncp4jt1\/2025\/11\/talking-bot-125x125.png\",\"caption\":\"Telinha\"},\"sameAs\":[\"https:\/\/portaltela.pt\/\"],\"url\":\"https:\/\/portaltela.pt\/por\/367410592786\/\"}]}<\/script>\n<!-- \/ Yoast SEO plugin. -->","yoast_head_json":{"title":"Deputados constituintes abandonam o Parlamento durante discurso de Ventura - Portal Tela Portugal","robots":{"index":"index","follow":"follow","max-snippet":"max-snippet:-1","max-image-preview":"max-image-preview:large","max-video-preview":"max-video-preview:-1"},"og_locale":"pt_PT","og_type":"article","og_title":"Deputados constituintes abandonam o Parlamento durante discurso de Ventura - Portal Tela Portugal","og_description":"Deputados constituintes sa\u00edram da Assembleia da Rep\u00fablica durante o discurso de Andr\u00e9 Ventura, na sess\u00e3o solene dos 50 anos da Constitui\u00e7\u00e3o da Rep\u00fablica Portuguesa. Aguiar Branco foi obrigado a intervir e devolveu a palavra a Andr\u00e9 Ventura. O incidente ocorreu no contexto da cerim\u00f3nia de comemora\u00e7\u00e3o da carta constitucional. O texto n\u00e3o detalha outras consequ\u00eancias ou declara\u00e7\u00f5es adicionais.","og_url":"https:\/\/portaltela.pt\/noticias\/2026\/04\/02\/deputados-constituintes-abandonam-o-parlamento-durante-discurso-de-ventura\/","og_site_name":"Portal Tela Portugal","article_published_time":"2026-04-02T10:32:09+00:00","author":"Telinha","twitter_card":"summary_large_image","twitter_misc":{"Escrito por":"Telinha","Tempo estimado de leitura":"1 minuto"},"schema":{"@context":"https:\/\/schema.org","@graph":[{"@type":"Article","@id":"https:\/\/portaltela.pt\/noticias\/2026\/04\/02\/deputados-constituintes-abandonam-o-parlamento-durante-discurso-de-ventura\/#article","isPartOf":{"@id":"https:\/\/portaltela.pt\/noticias\/2026\/04\/02\/deputados-constituintes-abandonam-o-parlamento-durante-discurso-de-ventura\/"},"author":{"name":"Telinha","@id":"https:\/\/portaltela.pt\/#\/schema\/person\/c4278d4a6028830caff9ee44b42d32ed"},"headline":"Deputados constituintes abandonam o Parlamento durante discurso de Ventura","datePublished":"2026-04-02T10:32:09+00:00","mainEntityOfPage":{"@id":"https:\/\/portaltela.pt\/noticias\/2026\/04\/02\/deputados-constituintes-abandonam-o-parlamento-durante-discurso-de-ventura\/"},"wordCount":118,"image":{"@id":"https:\/\/portaltela.pt\/noticias\/2026\/04\/02\/deputados-constituintes-abandonam-o-parlamento-durante-discurso-de-ventura\/#primaryimage"},"thumbnailUrl":"https:\/\/portaltela.pt\/s.01k8rhncp4jt1\/2026\/04\/img_1280x722uu2026-04-02-11-27-39-2276193.jpg","keywords":["Andr\u00e9 Ventura","Assembleia Nacional","constitui\u00e7\u00e3o","pol\u00edtica"],"articleSection":["Not\u00edcias","Pol\u00edtica"],"inLanguage":"pt-PT"},{"@type":"WebPage","@id":"https:\/\/portaltela.pt\/noticias\/2026\/04\/02\/deputados-constituintes-abandonam-o-parlamento-durante-discurso-de-ventura\/","url":"https:\/\/portaltela.pt\/noticias\/2026\/04\/02\/deputados-constituintes-abandonam-o-parlamento-durante-discurso-de-ventura\/","name":"Deputados constituintes abandonam o Parlamento durante discurso de Ventura - Portal Tela Portugal","isPartOf":{"@id":"https:\/\/portaltela.pt\/#website"},"primaryImageOfPage":{"@id":"https:\/\/portaltela.pt\/noticias\/2026\/04\/02\/deputados-constituintes-abandonam-o-parlamento-durante-discurso-de-ventura\/#primaryimage"},"image":{"@id":"https:\/\/portaltela.pt\/noticias\/2026\/04\/02\/deputados-constituintes-abandonam-o-parlamento-durante-discurso-de-ventura\/#primaryimage"},"thumbnailUrl":"https:\/\/portaltela.pt\/s.01k8rhncp4jt1\/2026\/04\/img_1280x722uu2026-04-02-11-27-39-2276193.jpg","datePublished":"2026-04-02T10:32:09+00:00","author":{"@id":"https:\/\/portaltela.pt\/#\/schema\/person\/c4278d4a6028830caff9ee44b42d32ed"},"breadcrumb":{"@id":"https:\/\/portaltela.pt\/noticias\/2026\/04\/02\/deputados-constituintes-abandonam-o-parlamento-durante-discurso-de-ventura\/#breadcrumb"},"inLanguage":"pt-PT","potentialAction":[{"@type":"ReadAction","target":["https:\/\/portaltela.pt\/noticias\/2026\/04\/02\/deputados-constituintes-abandonam-o-parlamento-durante-discurso-de-ventura\/"]}]},{"@type":"ImageObject","inLanguage":"pt-PT","@id":"https:\/\/portaltela.pt\/noticias\/2026\/04\/02\/deputados-constituintes-abandonam-o-parlamento-durante-discurso-de-ventura\/#primaryimage","url":"https:\/\/portaltela.pt\/s.01k8rhncp4jt1\/2026\/04\/img_1280x722uu2026-04-02-11-27-39-2276193.jpg","contentUrl":"https:\/\/portaltela.pt\/s.01k8rhncp4jt1\/2026\/04\/img_1280x722uu2026-04-02-11-27-39-2276193.jpg","width":796,"height":448,"caption":"Photo"},{"@type":"BreadcrumbList","@id":"https:\/\/portaltela.pt\/noticias\/2026\/04\/02\/deputados-constituintes-abandonam-o-parlamento-durante-discurso-de-ventura\/#breadcrumb","itemListElement":[{"@type":"ListItem","position":1,"name":"In\u00edcio","item":"https:\/\/portaltela.pt\/"},{"@type":"ListItem","position":2,"name":"Deputados constituintes abandonam o Parlamento durante discurso de Ventura"}]},{"@type":"WebSite","@id":"https:\/\/portaltela.pt\/#website","url":"https:\/\/portaltela.pt\/","name":"Portal Tela Portugal","description":"","potentialAction":[{"@type":"SearchAction","target":{"@type":"EntryPoint","urlTemplate":"https:\/\/portaltela.pt\/?s={search_term_string}"},"query-input":{"@type":"PropertyValueSpecification","valueRequired":true,"valueName":"search_term_string"}}],"inLanguage":"pt-PT"},{"@type":"Person","@id":"https:\/\/portaltela.pt\/#\/schema\/person\/c4278d4a6028830caff9ee44b42d32ed","name":"Telinha","image":{"@type":"ImageObject","inLanguage":"pt-PT","@id":"https:\/\/portaltela.pt\/s.01k8rhncp4jt1\/2025\/11\/talking-bot-125x125.png","url":"https:\/\/portaltela.pt\/s.01k8rhncp4jt1\/2025\/11\/talking-bot-125x125.png","contentUrl":"https:\/\/portaltela.pt\/s.01k8rhncp4jt1\/2025\/11\/talking-bot-125x125.png","caption":"Telinha"},"sameAs":["https:\/\/portaltela.pt\/"],"url":"https:\/\/portaltela.pt\/por\/367410592786\/"}]}},"_links":{"self":[{"href":"https:\/\/portaltela.pt\/api\/wp\/v2\/posts\/430174","targetHints":{"allow":["GET"]}}],"collection":[{"href":"https:\/\/portaltela.pt\/api\/wp\/v2\/posts"}],"about":[{"href":"https:\/\/portaltela.pt\/api\/wp\/v2\/types\/post"}],"author":[{"embeddable":true,"href":"https:\/\/portaltela.pt\/api\/wp\/v2\/users\/2"}],"replies":[{"embeddable":true,"href":"https:\/\/portaltela.pt\/api\/wp\/v2\/comments?post=430174"}],"version-history":[{"count":0,"href":"https:\/\/portaltela.pt\/api\/wp\/v2\/posts\/430174\/revisions"}],"wp:featuredmedia":[{"embeddable":true,"href":"https:\/\/portaltela.pt\/api\/wp\/v2\/media\/430175"}],"wp:attachment":[{"href":"https:\/\/portaltela.pt\/api\/wp\/v2\/media?parent=430174"}],"wp:term":[{"taxonomy":"category","embeddable":true,"href":"https:\/\/portaltela.pt\/api\/wp\/v2\/categories?post=430174"},{"taxonomy":"post_tag","embeddable":true,"href":"https:\/\/portaltela.pt\/api\/wp\/v2\/tags?post=430174"}],"curies":[{"name":"wp","href":"https:\/\/api.w.org\/{rel}","templated":true}]}}