{"id":430145,"date":"2026-04-02T07:03:06","date_gmt":"2026-04-02T10:03:06","guid":{"rendered":"https:\/\/portaltela.pt\/noticias\/2026\/04\/02\/poeira-do-saara-tinge-de-vermelho-os-ceus-de-creta-mostra-video\/"},"modified":"2026-04-02T07:03:06","modified_gmt":"2026-04-02T10:03:06","slug":"poeira-do-saara-tinge-de-vermelho-os-ceus-de-creta-mostra-video","status":"publish","type":"post","link":"https:\/\/portaltela.pt\/tempo\/2026\/04\/02\/poeira-do-saara-tinge-de-vermelho-os-ceus-de-creta-mostra-video\/","title":{"rendered":"Poeira do Saara tinge de vermelho os c\u00e9us de Creta, mostra v\u00eddeo"},"content":{"rendered":"<p>Ventos fortes deslocaram poeira do Saara para o Mediterr\u00e2neo, tingindo de vermelho e amarelo o c\u00e9u de Creta. O fen\u00f3meno reduziu a luminosidade do sol, criando um ambiente quase marciano.<\/p>\n<p>A chegada da poeira ocorreu ao longo de 2 de abril de 2026, conforme registo de observadores locais. Part\u00edculas suspensas no ar comp\u00f5em o tra\u00e7o avermelhado observado sobre a ilha grega.<\/p>\n<p>Fot\u00f3grafos e residentes reportaram o espet\u00e1culo, que se manteve por v\u00e1rias horas, com o ar notoriamente mais quente e seco. O efeito visual chamou a aten\u00e7\u00e3o de turistas e moradores.<\/p>\n<p>Meteorologistas indicam que este tipo de poeira pode deslocar-se do Norte de \u00c1frica at\u00e9 ao Mediterr\u00e2neo, aumentando a visibilidade reduzida e, por vezes, irrita\u00e7\u00e3o respirat\u00f3ria leve. N\u00e3o houve informa\u00e7\u00e3o sobre danos.<\/p>\n","protected":false},"excerpt":{"rendered":"<ul>\n<li>Ventos fortes arrastaram poeira do Saara sobre o Mediterr\u00e2neo e chegaram a Creta.<\/li>\n<li>Os c\u00e9us da ilha ficaram vermelhos e amarelos, com o sol ofuscado pela poeira.<\/li>\n<li>O fen\u00f3meno criou um ambiente estranho, quase marciano.<\/li>\n<li>\u00daltimas not\u00edcias: 02\/04\/2026 \u2013 11:30 GMT+2.<\/li>\n<\/ul>\n","protected":false},"author":2,"featured_media":430147,"comment_status":"closed","ping_status":"closed","sticky":false,"template":"","format":"standard","meta":{"footnotes":""},"categories":[7380,7365],"tags":[167,5224,4665,45,3750],"class_list":["post-430145","post","type-post","status-publish","format-standard","has-post-thumbnail","hentry","category-clima","category-tempo","tag-ambiente","tag-clima","tag-fenomenos-climaticos-adversos","tag-meio-ambiente","tag-poluicao-ambiental"],"yoast_head":"<!-- This site is optimized with the Yoast SEO plugin v27.2 - https:\/\/yoast.com\/product\/yoast-seo-wordpress\/ -->\n<title>Poeira do Saara tinge de vermelho os c\u00e9us de Creta, mostra v\u00eddeo - Portal Tela Portugal<\/title>\n<meta name=\"robots\" content=\"index, follow, max-snippet:-1, max-image-preview:large, max-video-preview:-1\" \/>\n<meta property=\"og:locale\" content=\"pt_PT\" \/>\n<meta property=\"og:type\" content=\"article\" \/>\n<meta property=\"og:title\" content=\"Poeira do Saara tinge de vermelho os c\u00e9us de Creta, mostra v\u00eddeo - Portal Tela Portugal\" \/>\n<meta property=\"og:description\" content=\"Ventos fortes arrastaram poeira do Saara sobre o Mediterr\u00e2neo e chegaram a Creta. Os c\u00e9us da ilha ficaram vermelhos e amarelos, com o sol ofuscado pela poeira. O fen\u00f3meno criou um ambiente estranho, quase marciano. \u00daltimas not\u00edcias: 02\/04\/2026 \u2013 11:30 GMT+2.\" \/>\n<meta property=\"og:url\" content=\"https:\/\/portaltela.pt\/noticias\/2026\/04\/02\/poeira-do-saara-tinge-de-vermelho-os-ceus-de-creta-mostra-video\/\" \/>\n<meta property=\"og:site_name\" content=\"Portal Tela Portugal\" \/>\n<meta property=\"article:published_time\" content=\"2026-04-02T10:03:06+00:00\" \/>\n<meta name=\"author\" content=\"Telinha\" \/>\n<meta name=\"twitter:card\" content=\"summary_large_image\" \/>\n<meta name=\"twitter:label1\" content=\"Escrito por\" \/>\n\t<meta name=\"twitter:data1\" content=\"Telinha\" \/>\n\t<meta name=\"twitter:label2\" content=\"Tempo estimado de leitura\" \/>\n\t<meta name=\"twitter:data2\" content=\"1 minuto\" \/>\n<script type=\"application\/ld+json\" class=\"yoast-schema-graph\">{\"@context\":\"https:\/\/schema.org\",\"@graph\":[{\"@type\":\"Article\",\"@id\":\"https:\/\/portaltela.pt\/noticias\/2026\/04\/02\/poeira-do-saara-tinge-de-vermelho-os-ceus-de-creta-mostra-video\/#article\",\"isPartOf\":{\"@id\":\"https:\/\/portaltela.pt\/noticias\/2026\/04\/02\/poeira-do-saara-tinge-de-vermelho-os-ceus-de-creta-mostra-video\/\"},\"author\":{\"name\":\"Telinha\",\"@id\":\"https:\/\/portaltela.pt\/#\/schema\/person\/c4278d4a6028830caff9ee44b42d32ed\"},\"headline\":\"Poeira do Saara tinge de vermelho os c\u00e9us de Creta, mostra v\u00eddeo\",\"datePublished\":\"2026-04-02T10:03:06+00:00\",\"mainEntityOfPage\":{\"@id\":\"https:\/\/portaltela.pt\/noticias\/2026\/04\/02\/poeira-do-saara-tinge-de-vermelho-os-ceus-de-creta-mostra-video\/\"},\"wordCount\":149,\"image\":{\"@id\":\"https:\/\/portaltela.pt\/noticias\/2026\/04\/02\/poeira-do-saara-tinge-de-vermelho-os-ceus-de-creta-mostra-video\/#primaryimage\"},\"thumbnailUrl\":\"https:\/\/portaltela.pt\/s.01k8rhncp4jt1\/2026\/04\/1536x864_cmsv2_72d066a3-84b0-5aca-8a11-ea1edb05ab72-9707878.jpg\",\"keywords\":[\"ambiente\",\"clima\",\"fen\u00f3menos clim\u00e1ticos adversos\",\"meio-ambiente\",\"polui\u00e7\u00e3o ambiental\"],\"articleSection\":[\"Clima\",\"Tempo\"],\"inLanguage\":\"pt-PT\"},{\"@type\":\"WebPage\",\"@id\":\"https:\/\/portaltela.pt\/noticias\/2026\/04\/02\/poeira-do-saara-tinge-de-vermelho-os-ceus-de-creta-mostra-video\/\",\"url\":\"https:\/\/portaltela.pt\/noticias\/2026\/04\/02\/poeira-do-saara-tinge-de-vermelho-os-ceus-de-creta-mostra-video\/\",\"name\":\"Poeira do Saara tinge de vermelho os c\u00e9us de Creta, mostra v\u00eddeo - Portal Tela Portugal\",\"isPartOf\":{\"@id\":\"https:\/\/portaltela.pt\/#website\"},\"primaryImageOfPage\":{\"@id\":\"https:\/\/portaltela.pt\/noticias\/2026\/04\/02\/poeira-do-saara-tinge-de-vermelho-os-ceus-de-creta-mostra-video\/#primaryimage\"},\"image\":{\"@id\":\"https:\/\/portaltela.pt\/noticias\/2026\/04\/02\/poeira-do-saara-tinge-de-vermelho-os-ceus-de-creta-mostra-video\/#primaryimage\"},\"thumbnailUrl\":\"https:\/\/portaltela.pt\/s.01k8rhncp4jt1\/2026\/04\/1536x864_cmsv2_72d066a3-84b0-5aca-8a11-ea1edb05ab72-9707878.jpg\",\"datePublished\":\"2026-04-02T10:03:06+00:00\",\"author\":{\"@id\":\"https:\/\/portaltela.pt\/#\/schema\/person\/c4278d4a6028830caff9ee44b42d32ed\"},\"breadcrumb\":{\"@id\":\"https:\/\/portaltela.pt\/noticias\/2026\/04\/02\/poeira-do-saara-tinge-de-vermelho-os-ceus-de-creta-mostra-video\/#breadcrumb\"},\"inLanguage\":\"pt-PT\",\"potentialAction\":[{\"@type\":\"ReadAction\",\"target\":[\"https:\/\/portaltela.pt\/noticias\/2026\/04\/02\/poeira-do-saara-tinge-de-vermelho-os-ceus-de-creta-mostra-video\/\"]}]},{\"@type\":\"ImageObject\",\"inLanguage\":\"pt-PT\",\"@id\":\"https:\/\/portaltela.pt\/noticias\/2026\/04\/02\/poeira-do-saara-tinge-de-vermelho-os-ceus-de-creta-mostra-video\/#primaryimage\",\"url\":\"https:\/\/portaltela.pt\/s.01k8rhncp4jt1\/2026\/04\/1536x864_cmsv2_72d066a3-84b0-5aca-8a11-ea1edb05ab72-9707878.jpg\",\"contentUrl\":\"https:\/\/portaltela.pt\/s.01k8rhncp4jt1\/2026\/04\/1536x864_cmsv2_72d066a3-84b0-5aca-8a11-ea1edb05ab72-9707878.jpg\",\"width\":796,\"height\":448,\"caption\":\"Poeira do Saara deixa c\u00e9us de Creta vermelhos\"},{\"@type\":\"BreadcrumbList\",\"@id\":\"https:\/\/portaltela.pt\/noticias\/2026\/04\/02\/poeira-do-saara-tinge-de-vermelho-os-ceus-de-creta-mostra-video\/#breadcrumb\",\"itemListElement\":[{\"@type\":\"ListItem\",\"position\":1,\"name\":\"In\u00edcio\",\"item\":\"https:\/\/portaltela.pt\/\"},{\"@type\":\"ListItem\",\"position\":2,\"name\":\"Poeira do Saara tinge de vermelho os c\u00e9us de Creta, mostra v\u00eddeo\"}]},{\"@type\":\"WebSite\",\"@id\":\"https:\/\/portaltela.pt\/#website\",\"url\":\"https:\/\/portaltela.pt\/\",\"name\":\"Portal Tela Portugal\",\"description\":\"\",\"potentialAction\":[{\"@type\":\"SearchAction\",\"target\":{\"@type\":\"EntryPoint\",\"urlTemplate\":\"https:\/\/portaltela.pt\/?s={search_term_string}\"},\"query-input\":{\"@type\":\"PropertyValueSpecification\",\"valueRequired\":true,\"valueName\":\"search_term_string\"}}],\"inLanguage\":\"pt-PT\"},{\"@type\":\"Person\",\"@id\":\"https:\/\/portaltela.pt\/#\/schema\/person\/c4278d4a6028830caff9ee44b42d32ed\",\"name\":\"Telinha\",\"image\":{\"@type\":\"ImageObject\",\"inLanguage\":\"pt-PT\",\"@id\":\"https:\/\/portaltela.pt\/s.01k8rhncp4jt1\/2025\/11\/talking-bot-125x125.png\",\"url\":\"https:\/\/portaltela.pt\/s.01k8rhncp4jt1\/2025\/11\/talking-bot-125x125.png\",\"contentUrl\":\"https:\/\/portaltela.pt\/s.01k8rhncp4jt1\/2025\/11\/talking-bot-125x125.png\",\"caption\":\"Telinha\"},\"sameAs\":[\"https:\/\/portaltela.pt\/\"],\"url\":\"https:\/\/portaltela.pt\/por\/367410592786\/\"}]}<\/script>\n<!-- \/ Yoast SEO plugin. -->","yoast_head_json":{"title":"Poeira do Saara tinge de vermelho os c\u00e9us de Creta, mostra v\u00eddeo - Portal Tela Portugal","robots":{"index":"index","follow":"follow","max-snippet":"max-snippet:-1","max-image-preview":"max-image-preview:large","max-video-preview":"max-video-preview:-1"},"og_locale":"pt_PT","og_type":"article","og_title":"Poeira do Saara tinge de vermelho os c\u00e9us de Creta, mostra v\u00eddeo - Portal Tela Portugal","og_description":"Ventos fortes arrastaram poeira do Saara sobre o Mediterr\u00e2neo e chegaram a Creta. Os c\u00e9us da ilha ficaram vermelhos e amarelos, com o sol ofuscado pela poeira. O fen\u00f3meno criou um ambiente estranho, quase marciano. \u00daltimas not\u00edcias: 02\/04\/2026 \u2013 11:30 GMT+2.","og_url":"https:\/\/portaltela.pt\/noticias\/2026\/04\/02\/poeira-do-saara-tinge-de-vermelho-os-ceus-de-creta-mostra-video\/","og_site_name":"Portal Tela Portugal","article_published_time":"2026-04-02T10:03:06+00:00","author":"Telinha","twitter_card":"summary_large_image","twitter_misc":{"Escrito por":"Telinha","Tempo estimado de leitura":"1 minuto"},"schema":{"@context":"https:\/\/schema.org","@graph":[{"@type":"Article","@id":"https:\/\/portaltela.pt\/noticias\/2026\/04\/02\/poeira-do-saara-tinge-de-vermelho-os-ceus-de-creta-mostra-video\/#article","isPartOf":{"@id":"https:\/\/portaltela.pt\/noticias\/2026\/04\/02\/poeira-do-saara-tinge-de-vermelho-os-ceus-de-creta-mostra-video\/"},"author":{"name":"Telinha","@id":"https:\/\/portaltela.pt\/#\/schema\/person\/c4278d4a6028830caff9ee44b42d32ed"},"headline":"Poeira do Saara tinge de vermelho os c\u00e9us de Creta, mostra v\u00eddeo","datePublished":"2026-04-02T10:03:06+00:00","mainEntityOfPage":{"@id":"https:\/\/portaltela.pt\/noticias\/2026\/04\/02\/poeira-do-saara-tinge-de-vermelho-os-ceus-de-creta-mostra-video\/"},"wordCount":149,"image":{"@id":"https:\/\/portaltela.pt\/noticias\/2026\/04\/02\/poeira-do-saara-tinge-de-vermelho-os-ceus-de-creta-mostra-video\/#primaryimage"},"thumbnailUrl":"https:\/\/portaltela.pt\/s.01k8rhncp4jt1\/2026\/04\/1536x864_cmsv2_72d066a3-84b0-5aca-8a11-ea1edb05ab72-9707878.jpg","keywords":["ambiente","clima","fen\u00f3menos clim\u00e1ticos adversos","meio-ambiente","polui\u00e7\u00e3o ambiental"],"articleSection":["Clima","Tempo"],"inLanguage":"pt-PT"},{"@type":"WebPage","@id":"https:\/\/portaltela.pt\/noticias\/2026\/04\/02\/poeira-do-saara-tinge-de-vermelho-os-ceus-de-creta-mostra-video\/","url":"https:\/\/portaltela.pt\/noticias\/2026\/04\/02\/poeira-do-saara-tinge-de-vermelho-os-ceus-de-creta-mostra-video\/","name":"Poeira do Saara tinge de vermelho os c\u00e9us de Creta, mostra v\u00eddeo - Portal Tela Portugal","isPartOf":{"@id":"https:\/\/portaltela.pt\/#website"},"primaryImageOfPage":{"@id":"https:\/\/portaltela.pt\/noticias\/2026\/04\/02\/poeira-do-saara-tinge-de-vermelho-os-ceus-de-creta-mostra-video\/#primaryimage"},"image":{"@id":"https:\/\/portaltela.pt\/noticias\/2026\/04\/02\/poeira-do-saara-tinge-de-vermelho-os-ceus-de-creta-mostra-video\/#primaryimage"},"thumbnailUrl":"https:\/\/portaltela.pt\/s.01k8rhncp4jt1\/2026\/04\/1536x864_cmsv2_72d066a3-84b0-5aca-8a11-ea1edb05ab72-9707878.jpg","datePublished":"2026-04-02T10:03:06+00:00","author":{"@id":"https:\/\/portaltela.pt\/#\/schema\/person\/c4278d4a6028830caff9ee44b42d32ed"},"breadcrumb":{"@id":"https:\/\/portaltela.pt\/noticias\/2026\/04\/02\/poeira-do-saara-tinge-de-vermelho-os-ceus-de-creta-mostra-video\/#breadcrumb"},"inLanguage":"pt-PT","potentialAction":[{"@type":"ReadAction","target":["https:\/\/portaltela.pt\/noticias\/2026\/04\/02\/poeira-do-saara-tinge-de-vermelho-os-ceus-de-creta-mostra-video\/"]}]},{"@type":"ImageObject","inLanguage":"pt-PT","@id":"https:\/\/portaltela.pt\/noticias\/2026\/04\/02\/poeira-do-saara-tinge-de-vermelho-os-ceus-de-creta-mostra-video\/#primaryimage","url":"https:\/\/portaltela.pt\/s.01k8rhncp4jt1\/2026\/04\/1536x864_cmsv2_72d066a3-84b0-5aca-8a11-ea1edb05ab72-9707878.jpg","contentUrl":"https:\/\/portaltela.pt\/s.01k8rhncp4jt1\/2026\/04\/1536x864_cmsv2_72d066a3-84b0-5aca-8a11-ea1edb05ab72-9707878.jpg","width":796,"height":448,"caption":"Poeira do Saara deixa c\u00e9us de Creta vermelhos"},{"@type":"BreadcrumbList","@id":"https:\/\/portaltela.pt\/noticias\/2026\/04\/02\/poeira-do-saara-tinge-de-vermelho-os-ceus-de-creta-mostra-video\/#breadcrumb","itemListElement":[{"@type":"ListItem","position":1,"name":"In\u00edcio","item":"https:\/\/portaltela.pt\/"},{"@type":"ListItem","position":2,"name":"Poeira do Saara tinge de vermelho os c\u00e9us de Creta, mostra v\u00eddeo"}]},{"@type":"WebSite","@id":"https:\/\/portaltela.pt\/#website","url":"https:\/\/portaltela.pt\/","name":"Portal Tela Portugal","description":"","potentialAction":[{"@type":"SearchAction","target":{"@type":"EntryPoint","urlTemplate":"https:\/\/portaltela.pt\/?s={search_term_string}"},"query-input":{"@type":"PropertyValueSpecification","valueRequired":true,"valueName":"search_term_string"}}],"inLanguage":"pt-PT"},{"@type":"Person","@id":"https:\/\/portaltela.pt\/#\/schema\/person\/c4278d4a6028830caff9ee44b42d32ed","name":"Telinha","image":{"@type":"ImageObject","inLanguage":"pt-PT","@id":"https:\/\/portaltela.pt\/s.01k8rhncp4jt1\/2025\/11\/talking-bot-125x125.png","url":"https:\/\/portaltela.pt\/s.01k8rhncp4jt1\/2025\/11\/talking-bot-125x125.png","contentUrl":"https:\/\/portaltela.pt\/s.01k8rhncp4jt1\/2025\/11\/talking-bot-125x125.png","caption":"Telinha"},"sameAs":["https:\/\/portaltela.pt\/"],"url":"https:\/\/portaltela.pt\/por\/367410592786\/"}]}},"_links":{"self":[{"href":"https:\/\/portaltela.pt\/api\/wp\/v2\/posts\/430145","targetHints":{"allow":["GET"]}}],"collection":[{"href":"https:\/\/portaltela.pt\/api\/wp\/v2\/posts"}],"about":[{"href":"https:\/\/portaltela.pt\/api\/wp\/v2\/types\/post"}],"author":[{"embeddable":true,"href":"https:\/\/portaltela.pt\/api\/wp\/v2\/users\/2"}],"replies":[{"embeddable":true,"href":"https:\/\/portaltela.pt\/api\/wp\/v2\/comments?post=430145"}],"version-history":[{"count":0,"href":"https:\/\/portaltela.pt\/api\/wp\/v2\/posts\/430145\/revisions"}],"wp:featuredmedia":[{"embeddable":true,"href":"https:\/\/portaltela.pt\/api\/wp\/v2\/media\/430147"}],"wp:attachment":[{"href":"https:\/\/portaltela.pt\/api\/wp\/v2\/media?parent=430145"}],"wp:term":[{"taxonomy":"category","embeddable":true,"href":"https:\/\/portaltela.pt\/api\/wp\/v2\/categories?post=430145"},{"taxonomy":"post_tag","embeddable":true,"href":"https:\/\/portaltela.pt\/api\/wp\/v2\/tags?post=430145"}],"curies":[{"name":"wp","href":"https:\/\/api.w.org\/{rel}","templated":true}]}}