{"id":430142,"date":"2026-04-02T07:03:03","date_gmt":"2026-04-02T10:03:03","guid":{"rendered":"https:\/\/portaltela.pt\/noticias\/2026\/04\/02\/ministra-do-ambiente-nao-comparece-a-conferencia-sobre-fim-dos-combustiveis\/"},"modified":"2026-04-02T07:03:03","modified_gmt":"2026-04-02T10:03:03","slug":"ministra-do-ambiente-nao-comparece-a-conferencia-sobre-fim-dos-combustiveis","status":"publish","type":"post","link":"https:\/\/portaltela.pt\/meio-ambiente\/2026\/04\/02\/ministra-do-ambiente-nao-comparece-a-conferencia-sobre-fim-dos-combustiveis\/","title":{"rendered":"Ministra do Ambiente n\u00e3o comparece \u00e0 confer\u00eancia sobre fim dos combust\u00edveis"},"content":{"rendered":"<p>Portugal n\u00e3o estar\u00e1 representado pela ministra do Ambiente na primeira Confer\u00eancia Internacional sobre a Transi\u00e7\u00e3o Justa para o Fim dos Combust\u00edveis F\u00f3sseis, que decorre de 24 a 29 de Abril em Santa Marta, Col\u00f4mbia. A presen\u00e7a ficar\u00e1 a cargo da Ag\u00eancia para o Clima. A decis\u00e3o baseia se na natureza do evento e na necessidade de poupar dinheiro p\u00fablico.<\/p>\n<p>O Minist\u00e9rio do Ambiente e Energia justifica a aus\u00eancia dizendo que n\u00e3o se trata de um processo de negocia\u00e7\u00e3o oficial das Na\u00e7\u00f5es Unidas. Acrescenta que as desloca\u00e7\u00f5es internacionais devem ser escolhidas de forma criteriosa para evitar emiss\u00f5es desnecess\u00e1rias e gasto de combust\u00edveis f\u00f3sseis.<\/p>\n<p>A associa\u00e7\u00e3o ambiental Zero aponta que a aus\u00eancia de representantes pol\u00edticos envia um sinal negativo para a posi\u00e7\u00e3o de Portugal e da Uni\u00e3o Europeia. Espanha e Fran\u00e7a j\u00e1 confirmaram presen\u00e7a ministerial, algo considerado relevante para fortalecer a linha europeia sobre a transi\u00e7\u00e3o energ\u00e9tica.<\/p>\n<h3>Representa\u00e7\u00e3o de Portugal e contexto institucional<\/h3>\n<p>A confer\u00eancia, organizada pela Col\u00f4mbia e pelos Pa\u00edses Baixos, realiza se em Santa Marta. Segundo o Governo colombiano, j\u00e1 est\u00e3o confirmados 45 pa\u00edses e mais de 2500 organiza\u00e7\u00f5es. Portugal ser\u00e1 representado pela Ag\u00eancia para o Clima, criada no in\u00edcio do ano passado.<\/p>\n<p>O Maen afirma que a confer\u00eancia decorre paralelamente aos processos em negocia\u00e7\u00e3o oficial nas Na\u00e7\u00f5es Unidas, onde Portugal costuma ser representado ao mais alto n\u00edvel. A prioridade de presen\u00e7a mant\u00e9m se nos conselhos europeus e nas reuni\u00f5es da COP.<\/p>\n<h3>Custos e objetivos da desloca\u00e7\u00e3o<\/h3>\n<p>O gabinete da ministra destaca que se pretende evitar emiss\u00f5es de gases com efeito de estufa e reduzir gastos p\u00fablicos com viagens. A decis\u00e3o vem num momento de recupera\u00e7\u00e3o p\u00f3s tempestades no territ\u00f3rio nacional e de gest\u00e3o da crise energ\u00e9tica.<\/p>\n<p>A Zero sustenta que a participa\u00e7\u00e3o de altos respons\u00e1veis \u00e9 essencial para definir o rumo global da elimina\u00e7\u00e3o progressiva dos combust\u00edveis f\u00f3sseis. A associa\u00e7\u00e3o tamb\u00e9m refor\u00e7a a import\u00e2ncia de uma representa\u00e7\u00e3o ministerial por Portugal, alinhada com Espanha e Fran\u00e7a.<\/p>\n","protected":false},"excerpt":{"rendered":"<ul>\n<li>A ministra do Ambiente e Energia, Maria da Gra\u00e7a Carvalho, n\u00e3o marcar\u00e1 presen\u00e7a na primeira Confer\u00eancia Internacional sobre a Transi\u00e7\u00e3o Justa para o Fim dos Combust\u00edveis F\u00f3sseis, que decorre de 24 a 29 de abril, em Santa Marta, Col\u00f4mbia.<\/li>\n<li>Portugal ser\u00e1 representado pela Ag\u00eancia para o Clima, n\u00e3o pela ministra, em linha com a escolha de desloca\u00e7\u00f5es \u201ccriteriosas\u201d para poupar dinheiro p\u00fablico e evitar emiss\u00f5es.<\/li>\n<li>A Comiss\u00e3o Europeia ainda n\u00e3o definiu o n\u00edvel de representa\u00e7\u00e3o, o que explica a aus\u00eancia de participa\u00e7\u00e3o ministerial portuguesa. Espanha e Fran\u00e7a j\u00e1 confirmaram presen\u00e7a de ministros.<\/li>\n<li>A associa\u00e7\u00e3o ambientalista Zero critica a aus\u00eancia pol\u00edtica, dizendo que enfraquece a posi\u00e7\u00e3o nacional e a ambi\u00e7\u00e3o da Uni\u00e3o Europeia na mat\u00e9ria.<\/li>\n<li>A confer\u00eancia ocorre paralelamente a processos oficiais das Na\u00e7\u00f5es Unidas e j\u00e1 conta com a confirma\u00e7\u00e3o de 45 pa\u00edses e de mais de 2.500 organiza\u00e7\u00f5es e comunidades.<\/li>\n<\/ul>\n","protected":false},"author":2,"featured_media":430144,"comment_status":"closed","ping_status":"closed","sticky":false,"template":"","format":"standard","meta":{"footnotes":""},"categories":[7380,6725],"tags":[4802,942,3603,45,1014,5156],"class_list":["post-430142","post","type-post","status-publish","format-standard","has-post-thumbnail","hentry","category-clima","category-meio-ambiente","tag-agencia-portuguesa-do-ambiente","tag-emissoes-de-gases-de-efeito-de-estufa","tag-energias-renovaveis","tag-meio-ambiente","tag-portugal","tag-transicao-climatica"],"yoast_head":"<!-- This site is optimized with the Yoast SEO plugin v27.2 - https:\/\/yoast.com\/product\/yoast-seo-wordpress\/ -->\n<title>Ministra do Ambiente n\u00e3o comparece \u00e0 confer\u00eancia sobre fim dos combust\u00edveis - Portal Tela Portugal<\/title>\n<meta name=\"robots\" content=\"index, follow, max-snippet:-1, max-image-preview:large, max-video-preview:-1\" \/>\n<meta property=\"og:locale\" content=\"pt_PT\" \/>\n<meta property=\"og:type\" content=\"article\" \/>\n<meta property=\"og:title\" content=\"Ministra do Ambiente n\u00e3o comparece \u00e0 confer\u00eancia sobre fim dos combust\u00edveis - Portal Tela Portugal\" \/>\n<meta property=\"og:description\" content=\"A ministra do Ambiente e Energia, Maria da Gra\u00e7a Carvalho, n\u00e3o marcar\u00e1 presen\u00e7a na primeira Confer\u00eancia Internacional sobre a Transi\u00e7\u00e3o Justa para o Fim dos Combust\u00edveis F\u00f3sseis, que decorre de 24 a 29 de abril, em Santa Marta, Col\u00f4mbia. Portugal ser\u00e1 representado pela Ag\u00eancia para o Clima, n\u00e3o pela ministra, em linha com a escolha de desloca\u00e7\u00f5es \u201ccriteriosas\u201d para poupar dinheiro p\u00fablico e evitar emiss\u00f5es. A Comiss\u00e3o Europeia ainda n\u00e3o definiu o n\u00edvel de representa\u00e7\u00e3o, o que explica a aus\u00eancia de participa\u00e7\u00e3o ministerial portuguesa. Espanha e Fran\u00e7a j\u00e1 confirmaram presen\u00e7a de ministros. A associa\u00e7\u00e3o ambientalista Zero critica a aus\u00eancia pol\u00edtica, dizendo que enfraquece a posi\u00e7\u00e3o nacional e a ambi\u00e7\u00e3o da Uni\u00e3o Europeia na mat\u00e9ria. A confer\u00eancia ocorre paralelamente a processos oficiais das Na\u00e7\u00f5es Unidas e j\u00e1 conta com a confirma\u00e7\u00e3o de 45 pa\u00edses e de mais de 2.500 organiza\u00e7\u00f5es e comunidades.\" \/>\n<meta property=\"og:url\" content=\"https:\/\/portaltela.pt\/noticias\/2026\/04\/02\/ministra-do-ambiente-nao-comparece-a-conferencia-sobre-fim-dos-combustiveis\/\" \/>\n<meta property=\"og:site_name\" content=\"Portal Tela Portugal\" \/>\n<meta property=\"article:published_time\" content=\"2026-04-02T10:03:03+00:00\" \/>\n<meta name=\"author\" content=\"Telinha\" \/>\n<meta name=\"twitter:card\" content=\"summary_large_image\" \/>\n<meta name=\"twitter:label1\" content=\"Escrito por\" \/>\n\t<meta name=\"twitter:data1\" content=\"Telinha\" \/>\n\t<meta name=\"twitter:label2\" content=\"Tempo estimado de leitura\" \/>\n\t<meta name=\"twitter:data2\" content=\"2 minutos\" \/>\n<script type=\"application\/ld+json\" class=\"yoast-schema-graph\">{\"@context\":\"https:\/\/schema.org\",\"@graph\":[{\"@type\":\"Article\",\"@id\":\"https:\/\/portaltela.pt\/noticias\/2026\/04\/02\/ministra-do-ambiente-nao-comparece-a-conferencia-sobre-fim-dos-combustiveis\/#article\",\"isPartOf\":{\"@id\":\"https:\/\/portaltela.pt\/noticias\/2026\/04\/02\/ministra-do-ambiente-nao-comparece-a-conferencia-sobre-fim-dos-combustiveis\/\"},\"author\":{\"name\":\"Telinha\",\"@id\":\"https:\/\/portaltela.pt\/#\/schema\/person\/c4278d4a6028830caff9ee44b42d32ed\"},\"headline\":\"Ministra do Ambiente n\u00e3o comparece \u00e0 confer\u00eancia sobre fim dos combust\u00edveis\",\"datePublished\":\"2026-04-02T10:03:03+00:00\",\"mainEntityOfPage\":{\"@id\":\"https:\/\/portaltela.pt\/noticias\/2026\/04\/02\/ministra-do-ambiente-nao-comparece-a-conferencia-sobre-fim-dos-combustiveis\/\"},\"wordCount\":389,\"image\":{\"@id\":\"https:\/\/portaltela.pt\/noticias\/2026\/04\/02\/ministra-do-ambiente-nao-comparece-a-conferencia-sobre-fim-dos-combustiveis\/#primaryimage\"},\"thumbnailUrl\":\"https:\/\/portaltela.pt\/s.01k8rhncp4jt1\/2026\/04\/2078787.jpg\",\"keywords\":[\"Ag\u00eancia Portuguesa do Ambiente\",\"Emiss\u00f5es de Gases de Efeito de Estufa\",\"energias renov\u00e1veis\",\"meio-ambiente\",\"Portugal\",\"Transi\u00e7\u00e3o Clim\u00e1tica\"],\"articleSection\":[\"Clima\",\"Meio Ambiente\"],\"inLanguage\":\"pt-PT\"},{\"@type\":\"WebPage\",\"@id\":\"https:\/\/portaltela.pt\/noticias\/2026\/04\/02\/ministra-do-ambiente-nao-comparece-a-conferencia-sobre-fim-dos-combustiveis\/\",\"url\":\"https:\/\/portaltela.pt\/noticias\/2026\/04\/02\/ministra-do-ambiente-nao-comparece-a-conferencia-sobre-fim-dos-combustiveis\/\",\"name\":\"Ministra do Ambiente n\u00e3o comparece \u00e0 confer\u00eancia sobre fim dos combust\u00edveis - Portal Tela Portugal\",\"isPartOf\":{\"@id\":\"https:\/\/portaltela.pt\/#website\"},\"primaryImageOfPage\":{\"@id\":\"https:\/\/portaltela.pt\/noticias\/2026\/04\/02\/ministra-do-ambiente-nao-comparece-a-conferencia-sobre-fim-dos-combustiveis\/#primaryimage\"},\"image\":{\"@id\":\"https:\/\/portaltela.pt\/noticias\/2026\/04\/02\/ministra-do-ambiente-nao-comparece-a-conferencia-sobre-fim-dos-combustiveis\/#primaryimage\"},\"thumbnailUrl\":\"https:\/\/portaltela.pt\/s.01k8rhncp4jt1\/2026\/04\/2078787.jpg\",\"datePublished\":\"2026-04-02T10:03:03+00:00\",\"author\":{\"@id\":\"https:\/\/portaltela.pt\/#\/schema\/person\/c4278d4a6028830caff9ee44b42d32ed\"},\"breadcrumb\":{\"@id\":\"https:\/\/portaltela.pt\/noticias\/2026\/04\/02\/ministra-do-ambiente-nao-comparece-a-conferencia-sobre-fim-dos-combustiveis\/#breadcrumb\"},\"inLanguage\":\"pt-PT\",\"potentialAction\":[{\"@type\":\"ReadAction\",\"target\":[\"https:\/\/portaltela.pt\/noticias\/2026\/04\/02\/ministra-do-ambiente-nao-comparece-a-conferencia-sobre-fim-dos-combustiveis\/\"]}]},{\"@type\":\"ImageObject\",\"inLanguage\":\"pt-PT\",\"@id\":\"https:\/\/portaltela.pt\/noticias\/2026\/04\/02\/ministra-do-ambiente-nao-comparece-a-conferencia-sobre-fim-dos-combustiveis\/#primaryimage\",\"url\":\"https:\/\/portaltela.pt\/s.01k8rhncp4jt1\/2026\/04\/2078787.jpg\",\"contentUrl\":\"https:\/\/portaltela.pt\/s.01k8rhncp4jt1\/2026\/04\/2078787.jpg\",\"width\":796,\"height\":448,\"caption\":\"A ministra do Ambiente e Energia, Maria da Gra\u00e7a Carvalho\"},{\"@type\":\"BreadcrumbList\",\"@id\":\"https:\/\/portaltela.pt\/noticias\/2026\/04\/02\/ministra-do-ambiente-nao-comparece-a-conferencia-sobre-fim-dos-combustiveis\/#breadcrumb\",\"itemListElement\":[{\"@type\":\"ListItem\",\"position\":1,\"name\":\"In\u00edcio\",\"item\":\"https:\/\/portaltela.pt\/\"},{\"@type\":\"ListItem\",\"position\":2,\"name\":\"Ministra do Ambiente n\u00e3o comparece \u00e0 confer\u00eancia sobre fim dos combust\u00edveis\"}]},{\"@type\":\"WebSite\",\"@id\":\"https:\/\/portaltela.pt\/#website\",\"url\":\"https:\/\/portaltela.pt\/\",\"name\":\"Portal Tela Portugal\",\"description\":\"\",\"potentialAction\":[{\"@type\":\"SearchAction\",\"target\":{\"@type\":\"EntryPoint\",\"urlTemplate\":\"https:\/\/portaltela.pt\/?s={search_term_string}\"},\"query-input\":{\"@type\":\"PropertyValueSpecification\",\"valueRequired\":true,\"valueName\":\"search_term_string\"}}],\"inLanguage\":\"pt-PT\"},{\"@type\":\"Person\",\"@id\":\"https:\/\/portaltela.pt\/#\/schema\/person\/c4278d4a6028830caff9ee44b42d32ed\",\"name\":\"Telinha\",\"image\":{\"@type\":\"ImageObject\",\"inLanguage\":\"pt-PT\",\"@id\":\"https:\/\/portaltela.pt\/s.01k8rhncp4jt1\/2025\/11\/talking-bot-125x125.png\",\"url\":\"https:\/\/portaltela.pt\/s.01k8rhncp4jt1\/2025\/11\/talking-bot-125x125.png\",\"contentUrl\":\"https:\/\/portaltela.pt\/s.01k8rhncp4jt1\/2025\/11\/talking-bot-125x125.png\",\"caption\":\"Telinha\"},\"sameAs\":[\"https:\/\/portaltela.pt\/\"],\"url\":\"https:\/\/portaltela.pt\/por\/367410592786\/\"}]}<\/script>\n<!-- \/ Yoast SEO plugin. -->","yoast_head_json":{"title":"Ministra do Ambiente n\u00e3o comparece \u00e0 confer\u00eancia sobre fim dos combust\u00edveis - Portal Tela Portugal","robots":{"index":"index","follow":"follow","max-snippet":"max-snippet:-1","max-image-preview":"max-image-preview:large","max-video-preview":"max-video-preview:-1"},"og_locale":"pt_PT","og_type":"article","og_title":"Ministra do Ambiente n\u00e3o comparece \u00e0 confer\u00eancia sobre fim dos combust\u00edveis - Portal Tela Portugal","og_description":"A ministra do Ambiente e Energia, Maria da Gra\u00e7a Carvalho, n\u00e3o marcar\u00e1 presen\u00e7a na primeira Confer\u00eancia Internacional sobre a Transi\u00e7\u00e3o Justa para o Fim dos Combust\u00edveis F\u00f3sseis, que decorre de 24 a 29 de abril, em Santa Marta, Col\u00f4mbia. Portugal ser\u00e1 representado pela Ag\u00eancia para o Clima, n\u00e3o pela ministra, em linha com a escolha de desloca\u00e7\u00f5es \u201ccriteriosas\u201d para poupar dinheiro p\u00fablico e evitar emiss\u00f5es. A Comiss\u00e3o Europeia ainda n\u00e3o definiu o n\u00edvel de representa\u00e7\u00e3o, o que explica a aus\u00eancia de participa\u00e7\u00e3o ministerial portuguesa. Espanha e Fran\u00e7a j\u00e1 confirmaram presen\u00e7a de ministros. A associa\u00e7\u00e3o ambientalista Zero critica a aus\u00eancia pol\u00edtica, dizendo que enfraquece a posi\u00e7\u00e3o nacional e a ambi\u00e7\u00e3o da Uni\u00e3o Europeia na mat\u00e9ria. A confer\u00eancia ocorre paralelamente a processos oficiais das Na\u00e7\u00f5es Unidas e j\u00e1 conta com a confirma\u00e7\u00e3o de 45 pa\u00edses e de mais de 2.500 organiza\u00e7\u00f5es e comunidades.","og_url":"https:\/\/portaltela.pt\/noticias\/2026\/04\/02\/ministra-do-ambiente-nao-comparece-a-conferencia-sobre-fim-dos-combustiveis\/","og_site_name":"Portal Tela Portugal","article_published_time":"2026-04-02T10:03:03+00:00","author":"Telinha","twitter_card":"summary_large_image","twitter_misc":{"Escrito por":"Telinha","Tempo estimado de leitura":"2 minutos"},"schema":{"@context":"https:\/\/schema.org","@graph":[{"@type":"Article","@id":"https:\/\/portaltela.pt\/noticias\/2026\/04\/02\/ministra-do-ambiente-nao-comparece-a-conferencia-sobre-fim-dos-combustiveis\/#article","isPartOf":{"@id":"https:\/\/portaltela.pt\/noticias\/2026\/04\/02\/ministra-do-ambiente-nao-comparece-a-conferencia-sobre-fim-dos-combustiveis\/"},"author":{"name":"Telinha","@id":"https:\/\/portaltela.pt\/#\/schema\/person\/c4278d4a6028830caff9ee44b42d32ed"},"headline":"Ministra do Ambiente n\u00e3o comparece \u00e0 confer\u00eancia sobre fim dos combust\u00edveis","datePublished":"2026-04-02T10:03:03+00:00","mainEntityOfPage":{"@id":"https:\/\/portaltela.pt\/noticias\/2026\/04\/02\/ministra-do-ambiente-nao-comparece-a-conferencia-sobre-fim-dos-combustiveis\/"},"wordCount":389,"image":{"@id":"https:\/\/portaltela.pt\/noticias\/2026\/04\/02\/ministra-do-ambiente-nao-comparece-a-conferencia-sobre-fim-dos-combustiveis\/#primaryimage"},"thumbnailUrl":"https:\/\/portaltela.pt\/s.01k8rhncp4jt1\/2026\/04\/2078787.jpg","keywords":["Ag\u00eancia Portuguesa do Ambiente","Emiss\u00f5es de Gases de Efeito de Estufa","energias renov\u00e1veis","meio-ambiente","Portugal","Transi\u00e7\u00e3o Clim\u00e1tica"],"articleSection":["Clima","Meio Ambiente"],"inLanguage":"pt-PT"},{"@type":"WebPage","@id":"https:\/\/portaltela.pt\/noticias\/2026\/04\/02\/ministra-do-ambiente-nao-comparece-a-conferencia-sobre-fim-dos-combustiveis\/","url":"https:\/\/portaltela.pt\/noticias\/2026\/04\/02\/ministra-do-ambiente-nao-comparece-a-conferencia-sobre-fim-dos-combustiveis\/","name":"Ministra do Ambiente n\u00e3o comparece \u00e0 confer\u00eancia sobre fim dos combust\u00edveis - Portal Tela Portugal","isPartOf":{"@id":"https:\/\/portaltela.pt\/#website"},"primaryImageOfPage":{"@id":"https:\/\/portaltela.pt\/noticias\/2026\/04\/02\/ministra-do-ambiente-nao-comparece-a-conferencia-sobre-fim-dos-combustiveis\/#primaryimage"},"image":{"@id":"https:\/\/portaltela.pt\/noticias\/2026\/04\/02\/ministra-do-ambiente-nao-comparece-a-conferencia-sobre-fim-dos-combustiveis\/#primaryimage"},"thumbnailUrl":"https:\/\/portaltela.pt\/s.01k8rhncp4jt1\/2026\/04\/2078787.jpg","datePublished":"2026-04-02T10:03:03+00:00","author":{"@id":"https:\/\/portaltela.pt\/#\/schema\/person\/c4278d4a6028830caff9ee44b42d32ed"},"breadcrumb":{"@id":"https:\/\/portaltela.pt\/noticias\/2026\/04\/02\/ministra-do-ambiente-nao-comparece-a-conferencia-sobre-fim-dos-combustiveis\/#breadcrumb"},"inLanguage":"pt-PT","potentialAction":[{"@type":"ReadAction","target":["https:\/\/portaltela.pt\/noticias\/2026\/04\/02\/ministra-do-ambiente-nao-comparece-a-conferencia-sobre-fim-dos-combustiveis\/"]}]},{"@type":"ImageObject","inLanguage":"pt-PT","@id":"https:\/\/portaltela.pt\/noticias\/2026\/04\/02\/ministra-do-ambiente-nao-comparece-a-conferencia-sobre-fim-dos-combustiveis\/#primaryimage","url":"https:\/\/portaltela.pt\/s.01k8rhncp4jt1\/2026\/04\/2078787.jpg","contentUrl":"https:\/\/portaltela.pt\/s.01k8rhncp4jt1\/2026\/04\/2078787.jpg","width":796,"height":448,"caption":"A ministra do Ambiente e Energia, Maria da Gra\u00e7a Carvalho"},{"@type":"BreadcrumbList","@id":"https:\/\/portaltela.pt\/noticias\/2026\/04\/02\/ministra-do-ambiente-nao-comparece-a-conferencia-sobre-fim-dos-combustiveis\/#breadcrumb","itemListElement":[{"@type":"ListItem","position":1,"name":"In\u00edcio","item":"https:\/\/portaltela.pt\/"},{"@type":"ListItem","position":2,"name":"Ministra do Ambiente n\u00e3o comparece \u00e0 confer\u00eancia sobre fim dos combust\u00edveis"}]},{"@type":"WebSite","@id":"https:\/\/portaltela.pt\/#website","url":"https:\/\/portaltela.pt\/","name":"Portal Tela Portugal","description":"","potentialAction":[{"@type":"SearchAction","target":{"@type":"EntryPoint","urlTemplate":"https:\/\/portaltela.pt\/?s={search_term_string}"},"query-input":{"@type":"PropertyValueSpecification","valueRequired":true,"valueName":"search_term_string"}}],"inLanguage":"pt-PT"},{"@type":"Person","@id":"https:\/\/portaltela.pt\/#\/schema\/person\/c4278d4a6028830caff9ee44b42d32ed","name":"Telinha","image":{"@type":"ImageObject","inLanguage":"pt-PT","@id":"https:\/\/portaltela.pt\/s.01k8rhncp4jt1\/2025\/11\/talking-bot-125x125.png","url":"https:\/\/portaltela.pt\/s.01k8rhncp4jt1\/2025\/11\/talking-bot-125x125.png","contentUrl":"https:\/\/portaltela.pt\/s.01k8rhncp4jt1\/2025\/11\/talking-bot-125x125.png","caption":"Telinha"},"sameAs":["https:\/\/portaltela.pt\/"],"url":"https:\/\/portaltela.pt\/por\/367410592786\/"}]}},"_links":{"self":[{"href":"https:\/\/portaltela.pt\/api\/wp\/v2\/posts\/430142","targetHints":{"allow":["GET"]}}],"collection":[{"href":"https:\/\/portaltela.pt\/api\/wp\/v2\/posts"}],"about":[{"href":"https:\/\/portaltela.pt\/api\/wp\/v2\/types\/post"}],"author":[{"embeddable":true,"href":"https:\/\/portaltela.pt\/api\/wp\/v2\/users\/2"}],"replies":[{"embeddable":true,"href":"https:\/\/portaltela.pt\/api\/wp\/v2\/comments?post=430142"}],"version-history":[{"count":0,"href":"https:\/\/portaltela.pt\/api\/wp\/v2\/posts\/430142\/revisions"}],"wp:featuredmedia":[{"embeddable":true,"href":"https:\/\/portaltela.pt\/api\/wp\/v2\/media\/430144"}],"wp:attachment":[{"href":"https:\/\/portaltela.pt\/api\/wp\/v2\/media?parent=430142"}],"wp:term":[{"taxonomy":"category","embeddable":true,"href":"https:\/\/portaltela.pt\/api\/wp\/v2\/categories?post=430142"},{"taxonomy":"post_tag","embeddable":true,"href":"https:\/\/portaltela.pt\/api\/wp\/v2\/tags?post=430142"}],"curies":[{"name":"wp","href":"https:\/\/api.w.org\/{rel}","templated":true}]}}